{"id":10091,"date":"2016-09-06T14:18:45","date_gmt":"2016-09-06T13:18:45","guid":{"rendered":"http:\/\/der-goldene-fisch.de\/ping\/?p=10091"},"modified":"2016-09-06T14:18:45","modified_gmt":"2016-09-06T13:18:45","slug":"realismus-und-herbst","status":"publish","type":"post","link":"https:\/\/der-goldene-fisch.de\/ping\/realismus-und-herbst\/","title":{"rendered":"Realismus und Herbst"},"content":{"rendered":"<p>Sprache f\u00e4llt immer weiter aufs Land.<br \/>\nF\u00e4llt wie Eichkatzen aus den B\u00e4umen.<br \/>\nIm Ge\u00e4st leuchten alternde Pflaumen,<br \/>\nabends ruht alles, auch der Verstand.<\/p>\n<p>Die Kinder waren Phrasen erlegen<br \/>\nin der Stadt beim Museum der Ideologien.<br \/>\nM\u00fcde R\u00fcckkehr, gesammelte Kastanien.<br \/>\nFast h\u00e4tte ich mich Fakten ergeben.<\/p>\n","protected":false},"excerpt":{"rendered":"<p>Sprache f\u00e4llt immer weiter aufs Land. F\u00e4llt wie Eichkatzen aus den B\u00e4umen. Im Ge\u00e4st leuchten alternde Pflaumen, abends ruht alles, auch der Verstand. Die Kinder waren Phrasen erlegen in der Stadt beim Museum der Ideologien. M\u00fcde R\u00fcckkehr, gesammelte Kastanien. Fast h\u00e4tte ich mich Fakten ergeben.<\/p>\n","protected":false},"author":18,"featured_media":0,"comment_status":"open","ping_status":"open","sticky":false,"template":"","format":"standard","meta":{"jetpack_post_was_ever_published":false,"_jetpack_newsletter_access":"","_jetpack_dont_email_post_to_subs":false,"_jetpack_newsletter_tier_id":0,"_jetpack_memberships_contains_paywalled_content":false,"_jetpack_memberships_contains_paid_content":false,"footnotes":"","jetpack_publicize_message":"","jetpack_publicize_feature_enabled":true,"jetpack_social_post_already_shared":false,"jetpack_social_options":{"image_generator_settings":{"template":"highway","enabled":false},"version":2}},"categories":[85],"tags":[],"class_list":["post-10091","post","type-post","status-publish","format-standard","hentry","category-a"],"jetpack_publicize_connections":[],"yoast_head":"<!-- This site is optimized with the Yoast SEO plugin v24.0 - https:\/\/yoast.com\/wordpress\/plugins\/seo\/ -->\n<title>Realismus und Herbst - der goldene fisch<\/title>\n<meta name=\"robots\" content=\"index, follow, max-snippet:-1, max-image-preview:large, max-video-preview:-1\" \/>\n<link rel=\"canonical\" href=\"https:\/\/der-goldene-fisch.de\/ping\/realismus-und-herbst\/\" \/>\n<meta property=\"og:locale\" content=\"de_DE\" \/>\n<meta property=\"og:type\" content=\"article\" \/>\n<meta property=\"og:title\" content=\"Realismus und Herbst - der goldene fisch\" \/>\n<meta property=\"og:description\" content=\"Sprache f\u00e4llt immer weiter aufs Land. F\u00e4llt wie Eichkatzen aus den B\u00e4umen. Im Ge\u00e4st leuchten alternde Pflaumen, abends ruht alles, auch der Verstand. Die Kinder waren Phrasen erlegen in der Stadt beim Museum der Ideologien. M\u00fcde R\u00fcckkehr, gesammelte Kastanien. Fast h\u00e4tte ich mich Fakten ergeben.\" \/>\n<meta property=\"og:url\" content=\"https:\/\/der-goldene-fisch.de\/ping\/realismus-und-herbst\/\" \/>\n<meta property=\"og:site_name\" content=\"der goldene fisch\" \/>\n<meta property=\"article:published_time\" content=\"2016-09-06T13:18:45+00:00\" \/>\n<meta name=\"author\" content=\"Hendrik Rost\" \/>\n<meta name=\"twitter:card\" content=\"summary_large_image\" \/>\n<meta name=\"twitter:label1\" content=\"Verfasst von\" \/>\n\t<meta name=\"twitter:data1\" content=\"Hendrik Rost\" \/>\n<script type=\"application\/ld+json\" class=\"yoast-schema-graph\">{\"@context\":\"https:\/\/schema.org\",\"@graph\":[{\"@type\":\"Article\",\"@id\":\"https:\/\/der-goldene-fisch.de\/ping\/realismus-und-herbst\/#article\",\"isPartOf\":{\"@id\":\"https:\/\/der-goldene-fisch.de\/ping\/realismus-und-herbst\/\"},\"author\":{\"name\":\"Hendrik Rost\",\"@id\":\"https:\/\/der-goldene-fisch.de\/ping\/#\/schema\/person\/98b2c9edf23d22652eb4b2a0a9a758dd\"},\"headline\":\"Realismus und Herbst\",\"datePublished\":\"2016-09-06T13:18:45+00:00\",\"dateModified\":\"2016-09-06T13:18:45+00:00\",\"mainEntityOfPage\":{\"@id\":\"https:\/\/der-goldene-fisch.de\/ping\/realismus-und-herbst\/\"},\"wordCount\":55,\"commentCount\":0,\"publisher\":{\"@id\":\"https:\/\/der-goldene-fisch.de\/ping\/#\/schema\/person\/c415140d7348926844a49b29cc105aa4\"},\"articleSection\":[\"a\"],\"inLanguage\":\"de\",\"potentialAction\":[{\"@type\":\"CommentAction\",\"name\":\"Comment\",\"target\":[\"https:\/\/der-goldene-fisch.de\/ping\/realismus-und-herbst\/#respond\"]}]},{\"@type\":\"WebPage\",\"@id\":\"https:\/\/der-goldene-fisch.de\/ping\/realismus-und-herbst\/\",\"url\":\"https:\/\/der-goldene-fisch.de\/ping\/realismus-und-herbst\/\",\"name\":\"Realismus und Herbst - der goldene fisch\",\"isPartOf\":{\"@id\":\"https:\/\/der-goldene-fisch.de\/ping\/#website\"},\"datePublished\":\"2016-09-06T13:18:45+00:00\",\"dateModified\":\"2016-09-06T13:18:45+00:00\",\"breadcrumb\":{\"@id\":\"https:\/\/der-goldene-fisch.de\/ping\/realismus-und-herbst\/#breadcrumb\"},\"inLanguage\":\"de\",\"potentialAction\":[{\"@type\":\"ReadAction\",\"target\":[\"https:\/\/der-goldene-fisch.de\/ping\/realismus-und-herbst\/\"]}]},{\"@type\":\"BreadcrumbList\",\"@id\":\"https:\/\/der-goldene-fisch.de\/ping\/realismus-und-herbst\/#breadcrumb\",\"itemListElement\":[{\"@type\":\"ListItem\",\"position\":1,\"name\":\"Startseite\",\"item\":\"https:\/\/der-goldene-fisch.de\/ping\/\"},{\"@type\":\"ListItem\",\"position\":2,\"name\":\"Realismus und Herbst\"}]},{\"@type\":\"WebSite\",\"@id\":\"https:\/\/der-goldene-fisch.de\/ping\/#website\",\"url\":\"https:\/\/der-goldene-fisch.de\/ping\/\",\"name\":\"der goldene fisch\",\"description\":\"\",\"publisher\":{\"@id\":\"https:\/\/der-goldene-fisch.de\/ping\/#\/schema\/person\/c415140d7348926844a49b29cc105aa4\"},\"potentialAction\":[{\"@type\":\"SearchAction\",\"target\":{\"@type\":\"EntryPoint\",\"urlTemplate\":\"https:\/\/der-goldene-fisch.de\/ping\/?s={search_term_string}\"},\"query-input\":{\"@type\":\"PropertyValueSpecification\",\"valueRequired\":true,\"valueName\":\"search_term_string\"}}],\"inLanguage\":\"de\"},{\"@type\":[\"Person\",\"Organization\"],\"@id\":\"https:\/\/der-goldene-fisch.de\/ping\/#\/schema\/person\/c415140d7348926844a49b29cc105aa4\",\"name\":\"Andreas Louis Seyerlein\",\"image\":{\"@type\":\"ImageObject\",\"inLanguage\":\"de\",\"@id\":\"https:\/\/der-goldene-fisch.de\/ping\/#\/schema\/person\/image\/\",\"url\":\"https:\/\/secure.gravatar.com\/avatar\/d233a6eb5d99a83abb911b2d89ddf42e?s=96&d=mm&r=g\",\"contentUrl\":\"https:\/\/secure.gravatar.com\/avatar\/d233a6eb5d99a83abb911b2d89ddf42e?s=96&d=mm&r=g\",\"caption\":\"Andreas Louis Seyerlein\"},\"logo\":{\"@id\":\"https:\/\/der-goldene-fisch.de\/ping\/#\/schema\/person\/image\/\"},\"sameAs\":[\"http:\/\/\"]},{\"@type\":\"Person\",\"@id\":\"https:\/\/der-goldene-fisch.de\/ping\/#\/schema\/person\/98b2c9edf23d22652eb4b2a0a9a758dd\",\"name\":\"Hendrik Rost\",\"image\":{\"@type\":\"ImageObject\",\"inLanguage\":\"de\",\"@id\":\"https:\/\/der-goldene-fisch.de\/ping\/#\/schema\/person\/image\/\",\"url\":\"https:\/\/secure.gravatar.com\/avatar\/494c3ef1389ba6e021d9cac11e0c4e81?s=96&d=mm&r=g\",\"contentUrl\":\"https:\/\/secure.gravatar.com\/avatar\/494c3ef1389ba6e021d9cac11e0c4e81?s=96&d=mm&r=g\",\"caption\":\"Hendrik Rost\"},\"description\":\"Im M\u00e4rz 2016 erschien \u201eDas Liebesleben der Stimmen\u201c, Gedichte, im Wallstein Verlag, G\u00f6ttingen. Im August 2013 erschien sein Gedichtband \u201eLicht f\u00fcr andere Augen\u201c ebendort. Lebt mit seiner Familie als Autor, Lektor und \u00dcbersetzer in Hamburg.\",\"url\":\"https:\/\/der-goldene-fisch.de\/ping\/author\/hendrik776\/\"}]}<\/script>\n<!-- \/ Yoast SEO plugin. -->","yoast_head_json":{"title":"Realismus und Herbst - der goldene fisch","robots":{"index":"index","follow":"follow","max-snippet":"max-snippet:-1","max-image-preview":"max-image-preview:large","max-video-preview":"max-video-preview:-1"},"canonical":"https:\/\/der-goldene-fisch.de\/ping\/realismus-und-herbst\/","og_locale":"de_DE","og_type":"article","og_title":"Realismus und Herbst - der goldene fisch","og_description":"Sprache f\u00e4llt immer weiter aufs Land. F\u00e4llt wie Eichkatzen aus den B\u00e4umen. Im Ge\u00e4st leuchten alternde Pflaumen, abends ruht alles, auch der Verstand. Die Kinder waren Phrasen erlegen in der Stadt beim Museum der Ideologien. M\u00fcde R\u00fcckkehr, gesammelte Kastanien. Fast h\u00e4tte ich mich Fakten ergeben.","og_url":"https:\/\/der-goldene-fisch.de\/ping\/realismus-und-herbst\/","og_site_name":"der goldene fisch","article_published_time":"2016-09-06T13:18:45+00:00","author":"Hendrik Rost","twitter_card":"summary_large_image","twitter_misc":{"Verfasst von":"Hendrik Rost"},"schema":{"@context":"https:\/\/schema.org","@graph":[{"@type":"Article","@id":"https:\/\/der-goldene-fisch.de\/ping\/realismus-und-herbst\/#article","isPartOf":{"@id":"https:\/\/der-goldene-fisch.de\/ping\/realismus-und-herbst\/"},"author":{"name":"Hendrik Rost","@id":"https:\/\/der-goldene-fisch.de\/ping\/#\/schema\/person\/98b2c9edf23d22652eb4b2a0a9a758dd"},"headline":"Realismus und Herbst","datePublished":"2016-09-06T13:18:45+00:00","dateModified":"2016-09-06T13:18:45+00:00","mainEntityOfPage":{"@id":"https:\/\/der-goldene-fisch.de\/ping\/realismus-und-herbst\/"},"wordCount":55,"commentCount":0,"publisher":{"@id":"https:\/\/der-goldene-fisch.de\/ping\/#\/schema\/person\/c415140d7348926844a49b29cc105aa4"},"articleSection":["a"],"inLanguage":"de","potentialAction":[{"@type":"CommentAction","name":"Comment","target":["https:\/\/der-goldene-fisch.de\/ping\/realismus-und-herbst\/#respond"]}]},{"@type":"WebPage","@id":"https:\/\/der-goldene-fisch.de\/ping\/realismus-und-herbst\/","url":"https:\/\/der-goldene-fisch.de\/ping\/realismus-und-herbst\/","name":"Realismus und Herbst - der goldene fisch","isPartOf":{"@id":"https:\/\/der-goldene-fisch.de\/ping\/#website"},"datePublished":"2016-09-06T13:18:45+00:00","dateModified":"2016-09-06T13:18:45+00:00","breadcrumb":{"@id":"https:\/\/der-goldene-fisch.de\/ping\/realismus-und-herbst\/#breadcrumb"},"inLanguage":"de","potentialAction":[{"@type":"ReadAction","target":["https:\/\/der-goldene-fisch.de\/ping\/realismus-und-herbst\/"]}]},{"@type":"BreadcrumbList","@id":"https:\/\/der-goldene-fisch.de\/ping\/realismus-und-herbst\/#breadcrumb","itemListElement":[{"@type":"ListItem","position":1,"name":"Startseite","item":"https:\/\/der-goldene-fisch.de\/ping\/"},{"@type":"ListItem","position":2,"name":"Realismus und Herbst"}]},{"@type":"WebSite","@id":"https:\/\/der-goldene-fisch.de\/ping\/#website","url":"https:\/\/der-goldene-fisch.de\/ping\/","name":"der goldene fisch","description":"","publisher":{"@id":"https:\/\/der-goldene-fisch.de\/ping\/#\/schema\/person\/c415140d7348926844a49b29cc105aa4"},"potentialAction":[{"@type":"SearchAction","target":{"@type":"EntryPoint","urlTemplate":"https:\/\/der-goldene-fisch.de\/ping\/?s={search_term_string}"},"query-input":{"@type":"PropertyValueSpecification","valueRequired":true,"valueName":"search_term_string"}}],"inLanguage":"de"},{"@type":["Person","Organization"],"@id":"https:\/\/der-goldene-fisch.de\/ping\/#\/schema\/person\/c415140d7348926844a49b29cc105aa4","name":"Andreas Louis Seyerlein","image":{"@type":"ImageObject","inLanguage":"de","@id":"https:\/\/der-goldene-fisch.de\/ping\/#\/schema\/person\/image\/","url":"https:\/\/secure.gravatar.com\/avatar\/d233a6eb5d99a83abb911b2d89ddf42e?s=96&d=mm&r=g","contentUrl":"https:\/\/secure.gravatar.com\/avatar\/d233a6eb5d99a83abb911b2d89ddf42e?s=96&d=mm&r=g","caption":"Andreas Louis Seyerlein"},"logo":{"@id":"https:\/\/der-goldene-fisch.de\/ping\/#\/schema\/person\/image\/"},"sameAs":["http:\/\/"]},{"@type":"Person","@id":"https:\/\/der-goldene-fisch.de\/ping\/#\/schema\/person\/98b2c9edf23d22652eb4b2a0a9a758dd","name":"Hendrik Rost","image":{"@type":"ImageObject","inLanguage":"de","@id":"https:\/\/der-goldene-fisch.de\/ping\/#\/schema\/person\/image\/","url":"https:\/\/secure.gravatar.com\/avatar\/494c3ef1389ba6e021d9cac11e0c4e81?s=96&d=mm&r=g","contentUrl":"https:\/\/secure.gravatar.com\/avatar\/494c3ef1389ba6e021d9cac11e0c4e81?s=96&d=mm&r=g","caption":"Hendrik Rost"},"description":"Im M\u00e4rz 2016 erschien \u201eDas Liebesleben der Stimmen\u201c, Gedichte, im Wallstein Verlag, G\u00f6ttingen. Im August 2013 erschien sein Gedichtband \u201eLicht f\u00fcr andere Augen\u201c ebendort. Lebt mit seiner Familie als Autor, Lektor und \u00dcbersetzer in Hamburg.","url":"https:\/\/der-goldene-fisch.de\/ping\/author\/hendrik776\/"}]}},"jetpack_featured_media_url":"","jetpack_sharing_enabled":true,"jetpack_shortlink":"https:\/\/wp.me\/pxsFY-2CL","_links":{"self":[{"href":"https:\/\/der-goldene-fisch.de\/ping\/wp-json\/wp\/v2\/posts\/10091","targetHints":{"allow":["GET"]}}],"collection":[{"href":"https:\/\/der-goldene-fisch.de\/ping\/wp-json\/wp\/v2\/posts"}],"about":[{"href":"https:\/\/der-goldene-fisch.de\/ping\/wp-json\/wp\/v2\/types\/post"}],"author":[{"embeddable":true,"href":"https:\/\/der-goldene-fisch.de\/ping\/wp-json\/wp\/v2\/users\/18"}],"replies":[{"embeddable":true,"href":"https:\/\/der-goldene-fisch.de\/ping\/wp-json\/wp\/v2\/comments?post=10091"}],"version-history":[{"count":0,"href":"https:\/\/der-goldene-fisch.de\/ping\/wp-json\/wp\/v2\/posts\/10091\/revisions"}],"wp:attachment":[{"href":"https:\/\/der-goldene-fisch.de\/ping\/wp-json\/wp\/v2\/media?parent=10091"}],"wp:term":[{"taxonomy":"category","embeddable":true,"href":"https:\/\/der-goldene-fisch.de\/ping\/wp-json\/wp\/v2\/categories?post=10091"},{"taxonomy":"post_tag","embeddable":true,"href":"https:\/\/der-goldene-fisch.de\/ping\/wp-json\/wp\/v2\/tags?post=10091"}],"curies":[{"name":"wp","href":"https:\/\/api.w.org\/{rel}","templated":true}]}}