{"id":10188,"date":"2016-09-29T08:48:30","date_gmt":"2016-09-29T07:48:30","guid":{"rendered":"http:\/\/der-goldene-fisch.de\/ping\/?p=10188"},"modified":"2016-09-29T08:48:30","modified_gmt":"2016-09-29T07:48:30","slug":"das-fuenfzigste-jahr-626364","status":"publish","type":"post","link":"https:\/\/der-goldene-fisch.de\/ping\/das-fuenfzigste-jahr-626364\/","title":{"rendered":"Das f\u00fcnfzigste Jahr (62\/63\/64)"},"content":{"rendered":"<p><em> <\/em><\/p>\n<p><strong>26. August 2015, ein Mittwoch<\/strong><\/p>\n<p>\u00dcber die Nagelflughkette vom Staufner-Haus nach Gunzesried. Das kl\u00e4nge im Norden nicht so malerisch. Obwohl &#8230; in den H\u00fcttener Bergen von Harzhof \u00fcber Hohenlieth, Hohenholm und Harfe nach Holtsee &#8211; das ginge auch. Dort gibt&#8217;s auch viel K\u00e4se, aber weniger Silberdisteln. Auch K\u00fche, aber weniger Glocken. Was f\u00fcr einen Krach die machen! Als Kuh w\u00fcrde ich wahnsinnig: Kaum senkt man das Maul zur Erde, wirft sich der Gl\u00f6ckner in die Seile.<\/p>\n<p>Ein Filzhuttr\u00e4ger mit w\u00fcllenem Backenbart wickelt einen Stacheldrahtzaun auf. &#8222;Das ist ja eine kratzige Sache&#8220;, sage ich. Darauf er: &#8222;Da hilft nur einsch: nit verkrampfe!&#8220; Anheimelndes Allg\u00e4u. Oben am Gipfel, im Hochgenuss des Rundumblicks, erwischt mich ein anonymer Telefonanruf, der Vorstand der Genossenschaft: eine 65qm-Wohnung zur Umsetzung sei schwierig, aber es g\u00e4be eine 40qm-Wohnung, das w\u00fcrde gehen.<\/p>\n<p><strong>27. August, ein Donnerstag<\/strong><\/p>\n<p>Dauerndes Verlaufen. H\u00e4nge hinauf und H\u00e4nge hernieder, Querfeldeinschlurfen \u00fcber triefende Wiesen und unter siebenden Tannen. Dann hurtig nach Oberstdorf, von dort noch hurtiger fort. G\u00e4be es nicht den Edeka-Supermarkt, g\u00e4be es f\u00fcr Oberstdorf keinerlei Rechtfertigung. Au\u00dfer jenen Butter-\/Milch-\/Buttermilch-Verk\u00e4ufer, der bestens K\u00fche kennt und daher wei\u00df (und mir nachweist), wie gl\u00fccklich sie mit ihren Glocken sind. \u00dcbernachtung &#8222;Beim Beck&#8220;, wo ich auf der Terrasse mit Fridolin Beck plaudere. Im Januar 1939 hat er zwei Skisprung-Meisterschaften gewonnen. Er ist 96.<\/p>\n<p>Dann endlich hinauf in die Alpen und oben unter die Dusche. Davon hat die Kemptener H\u00fctte 2. F\u00fcr 300 stinkschwei\u00dfige Wanderer. Befindlichkeit zwischen Sonnenstich und Ekel. Schlafen im sogenannten Lager, also eingezw\u00e4ngt zwischen lauter M\u00e4nnern mit Duschproblem: links der wei\u00dfb\u00e4rtige 60er schnarcht nat\u00fcrlich und verpustet w\u00fcrzigen Altm\u00e4nner-Atem, der Typ auf der rechten Seite furzt. Toiletten befinden sich zwei Treppen abw\u00e4rts.<\/p>\n<p><strong>28. August, ein Freitag<\/strong><\/p>\n<p>Am Leiterj\u00f6chl rasten Vater und Sohn. Sie schw\u00e4rmen von Steinb\u00f6cken, Gemsen, Murmeltieren &#8211; nichts davon habe ich gesehen. Einkehr im W\u00fcrttemberger Haus. Ein Paradies abseits der Haupt-Route, umgeben von Wasserfall, Naturdusche, Sonnenterrasse. Nuss-Schnaps bestellt, allein f\u00fcr mich. Nun also f\u00e4ngt das Alter an.<\/p>\n<p><em> <\/em><\/p>\n","protected":false},"excerpt":{"rendered":"<p>26. August 2015, ein Mittwoch \u00dcber die Nagelflughkette vom Staufner-Haus nach Gunzesried. Das kl\u00e4nge im Norden nicht so malerisch. Obwohl &#8230; in den H\u00fcttener Bergen von Harzhof \u00fcber Hohenlieth, Hohenholm und Harfe nach Holtsee &#8211; das ginge auch. Dort gibt&#8217;s auch viel K\u00e4se, aber weniger Silberdisteln. Auch K\u00fche, aber weniger Glocken. Was f\u00fcr einen Krach [&hellip;]<\/p>\n","protected":false},"author":10,"featured_media":0,"comment_status":"open","ping_status":"open","sticky":false,"template":"","format":"standard","meta":{"jetpack_post_was_ever_published":false,"_jetpack_newsletter_access":"","_jetpack_dont_email_post_to_subs":false,"_jetpack_newsletter_tier_id":0,"_jetpack_memberships_contains_paywalled_content":false,"_jetpack_memberships_contains_paid_content":false,"footnotes":"","jetpack_publicize_message":"","jetpack_publicize_feature_enabled":true,"jetpack_social_post_already_shared":false,"jetpack_social_options":{"image_generator_settings":{"template":"highway","enabled":false},"version":2}},"categories":[85],"tags":[],"class_list":["post-10188","post","type-post","status-publish","format-standard","hentry","category-a"],"jetpack_publicize_connections":[],"yoast_head":"<!-- This site is optimized with the Yoast SEO plugin v24.0 - https:\/\/yoast.com\/wordpress\/plugins\/seo\/ -->\n<title>Das f\u00fcnfzigste Jahr (62\/63\/64) - der goldene fisch<\/title>\n<meta name=\"robots\" content=\"index, follow, max-snippet:-1, max-image-preview:large, max-video-preview:-1\" \/>\n<link rel=\"canonical\" href=\"https:\/\/der-goldene-fisch.de\/ping\/das-fuenfzigste-jahr-626364\/\" \/>\n<meta property=\"og:locale\" content=\"de_DE\" \/>\n<meta property=\"og:type\" content=\"article\" \/>\n<meta property=\"og:title\" content=\"Das f\u00fcnfzigste Jahr (62\/63\/64) - der goldene fisch\" \/>\n<meta property=\"og:description\" content=\"26. August 2015, ein Mittwoch \u00dcber die Nagelflughkette vom Staufner-Haus nach Gunzesried. Das kl\u00e4nge im Norden nicht so malerisch. Obwohl &#8230; in den H\u00fcttener Bergen von Harzhof \u00fcber Hohenlieth, Hohenholm und Harfe nach Holtsee &#8211; das ginge auch. Dort gibt&#8217;s auch viel K\u00e4se, aber weniger Silberdisteln. Auch K\u00fche, aber weniger Glocken. Was f\u00fcr einen Krach [&hellip;]\" \/>\n<meta property=\"og:url\" content=\"https:\/\/der-goldene-fisch.de\/ping\/das-fuenfzigste-jahr-626364\/\" \/>\n<meta property=\"og:site_name\" content=\"der goldene fisch\" \/>\n<meta property=\"article:published_time\" content=\"2016-09-29T07:48:30+00:00\" \/>\n<meta name=\"author\" content=\"Gerald Koll\" \/>\n<meta name=\"twitter:card\" content=\"summary_large_image\" \/>\n<meta name=\"twitter:label1\" content=\"Verfasst von\" \/>\n\t<meta name=\"twitter:data1\" content=\"Gerald Koll\" \/>\n\t<meta name=\"twitter:label2\" content=\"Gesch\u00e4tzte Lesezeit\" \/>\n\t<meta name=\"twitter:data2\" content=\"2 Minuten\" \/>\n<script type=\"application\/ld+json\" class=\"yoast-schema-graph\">{\"@context\":\"https:\/\/schema.org\",\"@graph\":[{\"@type\":\"Article\",\"@id\":\"https:\/\/der-goldene-fisch.de\/ping\/das-fuenfzigste-jahr-626364\/#article\",\"isPartOf\":{\"@id\":\"https:\/\/der-goldene-fisch.de\/ping\/das-fuenfzigste-jahr-626364\/\"},\"author\":{\"name\":\"Gerald Koll\",\"@id\":\"https:\/\/der-goldene-fisch.de\/ping\/#\/schema\/person\/b4cb2b531063dfc4a80c1893365b7faf\"},\"headline\":\"Das f\u00fcnfzigste Jahr (62\/63\/64)\",\"datePublished\":\"2016-09-29T07:48:30+00:00\",\"dateModified\":\"2016-09-29T07:48:30+00:00\",\"mainEntityOfPage\":{\"@id\":\"https:\/\/der-goldene-fisch.de\/ping\/das-fuenfzigste-jahr-626364\/\"},\"wordCount\":357,\"commentCount\":0,\"publisher\":{\"@id\":\"https:\/\/der-goldene-fisch.de\/ping\/#\/schema\/person\/c415140d7348926844a49b29cc105aa4\"},\"articleSection\":[\"a\"],\"inLanguage\":\"de\",\"potentialAction\":[{\"@type\":\"CommentAction\",\"name\":\"Comment\",\"target\":[\"https:\/\/der-goldene-fisch.de\/ping\/das-fuenfzigste-jahr-626364\/#respond\"]}]},{\"@type\":\"WebPage\",\"@id\":\"https:\/\/der-goldene-fisch.de\/ping\/das-fuenfzigste-jahr-626364\/\",\"url\":\"https:\/\/der-goldene-fisch.de\/ping\/das-fuenfzigste-jahr-626364\/\",\"name\":\"Das f\u00fcnfzigste Jahr (62\/63\/64) - der goldene fisch\",\"isPartOf\":{\"@id\":\"https:\/\/der-goldene-fisch.de\/ping\/#website\"},\"datePublished\":\"2016-09-29T07:48:30+00:00\",\"dateModified\":\"2016-09-29T07:48:30+00:00\",\"breadcrumb\":{\"@id\":\"https:\/\/der-goldene-fisch.de\/ping\/das-fuenfzigste-jahr-626364\/#breadcrumb\"},\"inLanguage\":\"de\",\"potentialAction\":[{\"@type\":\"ReadAction\",\"target\":[\"https:\/\/der-goldene-fisch.de\/ping\/das-fuenfzigste-jahr-626364\/\"]}]},{\"@type\":\"BreadcrumbList\",\"@id\":\"https:\/\/der-goldene-fisch.de\/ping\/das-fuenfzigste-jahr-626364\/#breadcrumb\",\"itemListElement\":[{\"@type\":\"ListItem\",\"position\":1,\"name\":\"Startseite\",\"item\":\"https:\/\/der-goldene-fisch.de\/ping\/\"},{\"@type\":\"ListItem\",\"position\":2,\"name\":\"Das f\u00fcnfzigste Jahr (62\/63\/64)\"}]},{\"@type\":\"WebSite\",\"@id\":\"https:\/\/der-goldene-fisch.de\/ping\/#website\",\"url\":\"https:\/\/der-goldene-fisch.de\/ping\/\",\"name\":\"der goldene fisch\",\"description\":\"\",\"publisher\":{\"@id\":\"https:\/\/der-goldene-fisch.de\/ping\/#\/schema\/person\/c415140d7348926844a49b29cc105aa4\"},\"potentialAction\":[{\"@type\":\"SearchAction\",\"target\":{\"@type\":\"EntryPoint\",\"urlTemplate\":\"https:\/\/der-goldene-fisch.de\/ping\/?s={search_term_string}\"},\"query-input\":{\"@type\":\"PropertyValueSpecification\",\"valueRequired\":true,\"valueName\":\"search_term_string\"}}],\"inLanguage\":\"de\"},{\"@type\":[\"Person\",\"Organization\"],\"@id\":\"https:\/\/der-goldene-fisch.de\/ping\/#\/schema\/person\/c415140d7348926844a49b29cc105aa4\",\"name\":\"Andreas Louis Seyerlein\",\"image\":{\"@type\":\"ImageObject\",\"inLanguage\":\"de\",\"@id\":\"https:\/\/der-goldene-fisch.de\/ping\/#\/schema\/person\/image\/\",\"url\":\"https:\/\/secure.gravatar.com\/avatar\/d233a6eb5d99a83abb911b2d89ddf42e?s=96&d=mm&r=g\",\"contentUrl\":\"https:\/\/secure.gravatar.com\/avatar\/d233a6eb5d99a83abb911b2d89ddf42e?s=96&d=mm&r=g\",\"caption\":\"Andreas Louis Seyerlein\"},\"logo\":{\"@id\":\"https:\/\/der-goldene-fisch.de\/ping\/#\/schema\/person\/image\/\"},\"sameAs\":[\"http:\/\/\"]},{\"@type\":\"Person\",\"@id\":\"https:\/\/der-goldene-fisch.de\/ping\/#\/schema\/person\/b4cb2b531063dfc4a80c1893365b7faf\",\"name\":\"Gerald Koll\",\"image\":{\"@type\":\"ImageObject\",\"inLanguage\":\"de\",\"@id\":\"https:\/\/der-goldene-fisch.de\/ping\/#\/schema\/person\/image\/\",\"url\":\"https:\/\/secure.gravatar.com\/avatar\/494c3ef1389ba6e021d9cac11e0c4e81?s=96&d=mm&r=g\",\"contentUrl\":\"https:\/\/secure.gravatar.com\/avatar\/494c3ef1389ba6e021d9cac11e0c4e81?s=96&d=mm&r=g\",\"caption\":\"Gerald Koll\"},\"sameAs\":[\"http:\/\/www.geraldkoll.de\"],\"url\":\"https:\/\/der-goldene-fisch.de\/ping\/author\/gerald667\/\"}]}<\/script>\n<!-- \/ Yoast SEO plugin. -->","yoast_head_json":{"title":"Das f\u00fcnfzigste Jahr (62\/63\/64) - der goldene fisch","robots":{"index":"index","follow":"follow","max-snippet":"max-snippet:-1","max-image-preview":"max-image-preview:large","max-video-preview":"max-video-preview:-1"},"canonical":"https:\/\/der-goldene-fisch.de\/ping\/das-fuenfzigste-jahr-626364\/","og_locale":"de_DE","og_type":"article","og_title":"Das f\u00fcnfzigste Jahr (62\/63\/64) - der goldene fisch","og_description":"26. August 2015, ein Mittwoch \u00dcber die Nagelflughkette vom Staufner-Haus nach Gunzesried. Das kl\u00e4nge im Norden nicht so malerisch. Obwohl &#8230; in den H\u00fcttener Bergen von Harzhof \u00fcber Hohenlieth, Hohenholm und Harfe nach Holtsee &#8211; das ginge auch. Dort gibt&#8217;s auch viel K\u00e4se, aber weniger Silberdisteln. Auch K\u00fche, aber weniger Glocken. Was f\u00fcr einen Krach [&hellip;]","og_url":"https:\/\/der-goldene-fisch.de\/ping\/das-fuenfzigste-jahr-626364\/","og_site_name":"der goldene fisch","article_published_time":"2016-09-29T07:48:30+00:00","author":"Gerald Koll","twitter_card":"summary_large_image","twitter_misc":{"Verfasst von":"Gerald Koll","Gesch\u00e4tzte Lesezeit":"2 Minuten"},"schema":{"@context":"https:\/\/schema.org","@graph":[{"@type":"Article","@id":"https:\/\/der-goldene-fisch.de\/ping\/das-fuenfzigste-jahr-626364\/#article","isPartOf":{"@id":"https:\/\/der-goldene-fisch.de\/ping\/das-fuenfzigste-jahr-626364\/"},"author":{"name":"Gerald Koll","@id":"https:\/\/der-goldene-fisch.de\/ping\/#\/schema\/person\/b4cb2b531063dfc4a80c1893365b7faf"},"headline":"Das f\u00fcnfzigste Jahr (62\/63\/64)","datePublished":"2016-09-29T07:48:30+00:00","dateModified":"2016-09-29T07:48:30+00:00","mainEntityOfPage":{"@id":"https:\/\/der-goldene-fisch.de\/ping\/das-fuenfzigste-jahr-626364\/"},"wordCount":357,"commentCount":0,"publisher":{"@id":"https:\/\/der-goldene-fisch.de\/ping\/#\/schema\/person\/c415140d7348926844a49b29cc105aa4"},"articleSection":["a"],"inLanguage":"de","potentialAction":[{"@type":"CommentAction","name":"Comment","target":["https:\/\/der-goldene-fisch.de\/ping\/das-fuenfzigste-jahr-626364\/#respond"]}]},{"@type":"WebPage","@id":"https:\/\/der-goldene-fisch.de\/ping\/das-fuenfzigste-jahr-626364\/","url":"https:\/\/der-goldene-fisch.de\/ping\/das-fuenfzigste-jahr-626364\/","name":"Das f\u00fcnfzigste Jahr (62\/63\/64) - der goldene fisch","isPartOf":{"@id":"https:\/\/der-goldene-fisch.de\/ping\/#website"},"datePublished":"2016-09-29T07:48:30+00:00","dateModified":"2016-09-29T07:48:30+00:00","breadcrumb":{"@id":"https:\/\/der-goldene-fisch.de\/ping\/das-fuenfzigste-jahr-626364\/#breadcrumb"},"inLanguage":"de","potentialAction":[{"@type":"ReadAction","target":["https:\/\/der-goldene-fisch.de\/ping\/das-fuenfzigste-jahr-626364\/"]}]},{"@type":"BreadcrumbList","@id":"https:\/\/der-goldene-fisch.de\/ping\/das-fuenfzigste-jahr-626364\/#breadcrumb","itemListElement":[{"@type":"ListItem","position":1,"name":"Startseite","item":"https:\/\/der-goldene-fisch.de\/ping\/"},{"@type":"ListItem","position":2,"name":"Das f\u00fcnfzigste Jahr (62\/63\/64)"}]},{"@type":"WebSite","@id":"https:\/\/der-goldene-fisch.de\/ping\/#website","url":"https:\/\/der-goldene-fisch.de\/ping\/","name":"der goldene fisch","description":"","publisher":{"@id":"https:\/\/der-goldene-fisch.de\/ping\/#\/schema\/person\/c415140d7348926844a49b29cc105aa4"},"potentialAction":[{"@type":"SearchAction","target":{"@type":"EntryPoint","urlTemplate":"https:\/\/der-goldene-fisch.de\/ping\/?s={search_term_string}"},"query-input":{"@type":"PropertyValueSpecification","valueRequired":true,"valueName":"search_term_string"}}],"inLanguage":"de"},{"@type":["Person","Organization"],"@id":"https:\/\/der-goldene-fisch.de\/ping\/#\/schema\/person\/c415140d7348926844a49b29cc105aa4","name":"Andreas Louis Seyerlein","image":{"@type":"ImageObject","inLanguage":"de","@id":"https:\/\/der-goldene-fisch.de\/ping\/#\/schema\/person\/image\/","url":"https:\/\/secure.gravatar.com\/avatar\/d233a6eb5d99a83abb911b2d89ddf42e?s=96&d=mm&r=g","contentUrl":"https:\/\/secure.gravatar.com\/avatar\/d233a6eb5d99a83abb911b2d89ddf42e?s=96&d=mm&r=g","caption":"Andreas Louis Seyerlein"},"logo":{"@id":"https:\/\/der-goldene-fisch.de\/ping\/#\/schema\/person\/image\/"},"sameAs":["http:\/\/"]},{"@type":"Person","@id":"https:\/\/der-goldene-fisch.de\/ping\/#\/schema\/person\/b4cb2b531063dfc4a80c1893365b7faf","name":"Gerald Koll","image":{"@type":"ImageObject","inLanguage":"de","@id":"https:\/\/der-goldene-fisch.de\/ping\/#\/schema\/person\/image\/","url":"https:\/\/secure.gravatar.com\/avatar\/494c3ef1389ba6e021d9cac11e0c4e81?s=96&d=mm&r=g","contentUrl":"https:\/\/secure.gravatar.com\/avatar\/494c3ef1389ba6e021d9cac11e0c4e81?s=96&d=mm&r=g","caption":"Gerald Koll"},"sameAs":["http:\/\/www.geraldkoll.de"],"url":"https:\/\/der-goldene-fisch.de\/ping\/author\/gerald667\/"}]}},"jetpack_featured_media_url":"","jetpack_sharing_enabled":true,"jetpack_shortlink":"https:\/\/wp.me\/pxsFY-2Ek","_links":{"self":[{"href":"https:\/\/der-goldene-fisch.de\/ping\/wp-json\/wp\/v2\/posts\/10188","targetHints":{"allow":["GET"]}}],"collection":[{"href":"https:\/\/der-goldene-fisch.de\/ping\/wp-json\/wp\/v2\/posts"}],"about":[{"href":"https:\/\/der-goldene-fisch.de\/ping\/wp-json\/wp\/v2\/types\/post"}],"author":[{"embeddable":true,"href":"https:\/\/der-goldene-fisch.de\/ping\/wp-json\/wp\/v2\/users\/10"}],"replies":[{"embeddable":true,"href":"https:\/\/der-goldene-fisch.de\/ping\/wp-json\/wp\/v2\/comments?post=10188"}],"version-history":[{"count":0,"href":"https:\/\/der-goldene-fisch.de\/ping\/wp-json\/wp\/v2\/posts\/10188\/revisions"}],"wp:attachment":[{"href":"https:\/\/der-goldene-fisch.de\/ping\/wp-json\/wp\/v2\/media?parent=10188"}],"wp:term":[{"taxonomy":"category","embeddable":true,"href":"https:\/\/der-goldene-fisch.de\/ping\/wp-json\/wp\/v2\/categories?post=10188"},{"taxonomy":"post_tag","embeddable":true,"href":"https:\/\/der-goldene-fisch.de\/ping\/wp-json\/wp\/v2\/tags?post=10188"}],"curies":[{"name":"wp","href":"https:\/\/api.w.org\/{rel}","templated":true}]}}