{"id":10232,"date":"2016-10-04T13:10:38","date_gmt":"2016-10-04T12:10:38","guid":{"rendered":"http:\/\/der-goldene-fisch.de\/ping\/?p=10232"},"modified":"2016-10-04T13:10:38","modified_gmt":"2016-10-04T12:10:38","slug":"das-fuenfzigste-jahr-697071","status":"publish","type":"post","link":"https:\/\/der-goldene-fisch.de\/ping\/das-fuenfzigste-jahr-697071\/","title":{"rendered":"Das f\u00fcnfzigste Jahr (69\/70\/71)"},"content":{"rendered":"<p><strong>2. September 2015, <\/strong><strong>ein Mittwoch<\/strong><\/p>\n<p>K\u00f6stliche, trostreiche Wetteransage des Deutschen Alpenvereins: \u00dcber Nacht vom Sommer in den Herbst, die Wetterlage in Tirols Bergen stellt sich um. Eine Kaltfront bringt schlechte Sicht durch mehrschichtige Bew\u00f6lkung und Nebel in den Gipfelbereichen. Dazu immer wieder Regen bis zum Abend, Schnee f\u00e4llt im Hochgebirge ab knapp 3000m. An der Alpens\u00fcdseite sind die teils kr\u00e4ftigen Regenschauer auch von Gewittern begleitet. Temperatur in 2000m: 7 Grad. Temperatur in 3000m: 2 Grad. H\u00f6henwind: meist schwacher bis m\u00e4\u00dfiger Wind aus West bis S\u00fcdwest.<\/p>\n<p>In Berlin: 20 Grad, windloser, sternloser Stadtnachthimmel.\u00a0Eben sa\u00df ich unten vor dem Haus Sredzki 44 neben die Nachbarn H. und B., die wie immer einvernehmlich monologisierten. Sehr lauschig, geradezu ein Henscheid-Abend. Doch das t\u00e4uscht, denn B. ist bekennend j\u00e4hzornig und H. jederzeit bereit, zum Zweck der wohnlichen Eigennutzes mir eine Keule in den Kopf zu rammen. Ich spendiere ihnen Lebkuchen, der ist zur Zeit gerade frisch.<\/p>\n<p><strong>3. September, <\/strong><strong>ein Donnerstag<\/strong><\/p>\n<p>Das erste Training mit Schwarzgurt bei sendatsu T.B. Die Muskulatur steht noch v\u00f6llig im Bann der Wanderung, ich bin kaum kontakt-kompatibel. Hinterher ins Tire Bouchon mit T.B. und J.K. sowie als Damen K. und Frau S., mit der ich mich f\u00fcr Samstag ins Kino verabrede, ohne zu wissen, in welche Film es denn gehen soll. Nun, nun, was geschieht denn da? Jedenfalls ein barbarisch lustiger Abend, in dem &#8211; eine Novit\u00e4t &#8211; drei Runden Zwetschgen-Schnaps kreisten und jede Menge l\u00e4sterlicher Maliziosen ausgetauscht wurden &#8211; so ausgelassen waren wir lange nicht. Und so auf unser Profil bedacht.<\/p>\n<p>Schon zuvor die Wohnungsbesichtigung war gut: die Pistoriusstra\u00dfe 147 sieht h\u00fcbsch aus, auch wenn sie nach vorn raus etwas laut sein wird. Aber ich werde mich bewerben. Und dann mal sehen.<\/p>\n<p><strong>4. September, <\/strong><strong>ein Freitag<\/strong><\/p>\n<p>Ein Gl\u00fcckstag. Er beginnt mit einem argen Kopfweh nach dem gestrigen Zwetschgenschnaps. Kaum war an Aufstehen zu denken. Doch dann erledigte sich tats\u00e4chlich die z\u00fcgige Abgabe der Bewerbung auf die Wohnung in der Pistoriusstra\u00dfe, auf die ich einige Hoffnungen setze, nachdem die Mieterberatung ihre Finger ins Spiel bringt und sich geltend macht gegen die beharrlichen Widerst\u00e4nde und Blockaden der mir abspenstigen Baugenossenschaft \u2026 dann ein recht munteres Ausr\u00e4umen des Kellers und der Verklappung des Zeugs in den Container, wobei sogar nachbarschaftliche Hilfe mit den sosehrgeliebten Nachbarn D. und H. praktiziert wird \u2026 dann erfreuliches Allerlei am Computer &#8230;<\/p>\n<p>\u2026 und schlie\u00dflich der Augenblick beim ersten Training, als der sensei auf mich zeigt: &#8222;Ich habe einen Hakama f\u00fcr dich, brauchst du einen?&#8220; Ein Hakama vom sensei, das ist h\u00fcbsch, so eine Ehrung sitzt.<\/p>\n<p><em> <\/em><\/p>\n<p><em> <\/em><\/p>\n","protected":false},"excerpt":{"rendered":"<p>2. September 2015, ein Mittwoch K\u00f6stliche, trostreiche Wetteransage des Deutschen Alpenvereins: \u00dcber Nacht vom Sommer in den Herbst, die Wetterlage in Tirols Bergen stellt sich um. Eine Kaltfront bringt schlechte Sicht durch mehrschichtige Bew\u00f6lkung und Nebel in den Gipfelbereichen. Dazu immer wieder Regen bis zum Abend, Schnee f\u00e4llt im Hochgebirge ab knapp 3000m. An der [&hellip;]<\/p>\n","protected":false},"author":10,"featured_media":0,"comment_status":"open","ping_status":"open","sticky":false,"template":"","format":"standard","meta":{"jetpack_post_was_ever_published":false,"_jetpack_newsletter_access":"","_jetpack_dont_email_post_to_subs":false,"_jetpack_newsletter_tier_id":0,"_jetpack_memberships_contains_paywalled_content":false,"_jetpack_memberships_contains_paid_content":false,"footnotes":"","jetpack_publicize_message":"","jetpack_publicize_feature_enabled":true,"jetpack_social_post_already_shared":false,"jetpack_social_options":{"image_generator_settings":{"template":"highway","enabled":false},"version":2}},"categories":[85],"tags":[],"class_list":["post-10232","post","type-post","status-publish","format-standard","hentry","category-a"],"jetpack_publicize_connections":[],"yoast_head":"<!-- This site is optimized with the Yoast SEO plugin v24.0 - https:\/\/yoast.com\/wordpress\/plugins\/seo\/ -->\n<title>Das f\u00fcnfzigste Jahr (69\/70\/71) - der goldene fisch<\/title>\n<meta name=\"robots\" content=\"index, follow, max-snippet:-1, max-image-preview:large, max-video-preview:-1\" \/>\n<link rel=\"canonical\" href=\"https:\/\/der-goldene-fisch.de\/ping\/das-fuenfzigste-jahr-697071\/\" \/>\n<meta property=\"og:locale\" content=\"de_DE\" \/>\n<meta property=\"og:type\" content=\"article\" \/>\n<meta property=\"og:title\" content=\"Das f\u00fcnfzigste Jahr (69\/70\/71) - der goldene fisch\" \/>\n<meta property=\"og:description\" content=\"2. September 2015, ein Mittwoch K\u00f6stliche, trostreiche Wetteransage des Deutschen Alpenvereins: \u00dcber Nacht vom Sommer in den Herbst, die Wetterlage in Tirols Bergen stellt sich um. Eine Kaltfront bringt schlechte Sicht durch mehrschichtige Bew\u00f6lkung und Nebel in den Gipfelbereichen. Dazu immer wieder Regen bis zum Abend, Schnee f\u00e4llt im Hochgebirge ab knapp 3000m. An der [&hellip;]\" \/>\n<meta property=\"og:url\" content=\"https:\/\/der-goldene-fisch.de\/ping\/das-fuenfzigste-jahr-697071\/\" \/>\n<meta property=\"og:site_name\" content=\"der goldene fisch\" \/>\n<meta property=\"article:published_time\" content=\"2016-10-04T12:10:38+00:00\" \/>\n<meta name=\"author\" content=\"Gerald Koll\" \/>\n<meta name=\"twitter:card\" content=\"summary_large_image\" \/>\n<meta name=\"twitter:label1\" content=\"Verfasst von\" \/>\n\t<meta name=\"twitter:data1\" content=\"Gerald Koll\" \/>\n\t<meta name=\"twitter:label2\" content=\"Gesch\u00e4tzte Lesezeit\" \/>\n\t<meta name=\"twitter:data2\" content=\"2 Minuten\" \/>\n<script type=\"application\/ld+json\" class=\"yoast-schema-graph\">{\"@context\":\"https:\/\/schema.org\",\"@graph\":[{\"@type\":\"Article\",\"@id\":\"https:\/\/der-goldene-fisch.de\/ping\/das-fuenfzigste-jahr-697071\/#article\",\"isPartOf\":{\"@id\":\"https:\/\/der-goldene-fisch.de\/ping\/das-fuenfzigste-jahr-697071\/\"},\"author\":{\"name\":\"Gerald Koll\",\"@id\":\"https:\/\/der-goldene-fisch.de\/ping\/#\/schema\/person\/b4cb2b531063dfc4a80c1893365b7faf\"},\"headline\":\"Das f\u00fcnfzigste Jahr (69\/70\/71)\",\"datePublished\":\"2016-10-04T12:10:38+00:00\",\"dateModified\":\"2016-10-04T12:10:38+00:00\",\"mainEntityOfPage\":{\"@id\":\"https:\/\/der-goldene-fisch.de\/ping\/das-fuenfzigste-jahr-697071\/\"},\"wordCount\":438,\"commentCount\":0,\"publisher\":{\"@id\":\"https:\/\/der-goldene-fisch.de\/ping\/#\/schema\/person\/c415140d7348926844a49b29cc105aa4\"},\"articleSection\":[\"a\"],\"inLanguage\":\"de\",\"potentialAction\":[{\"@type\":\"CommentAction\",\"name\":\"Comment\",\"target\":[\"https:\/\/der-goldene-fisch.de\/ping\/das-fuenfzigste-jahr-697071\/#respond\"]}]},{\"@type\":\"WebPage\",\"@id\":\"https:\/\/der-goldene-fisch.de\/ping\/das-fuenfzigste-jahr-697071\/\",\"url\":\"https:\/\/der-goldene-fisch.de\/ping\/das-fuenfzigste-jahr-697071\/\",\"name\":\"Das f\u00fcnfzigste Jahr (69\/70\/71) - der goldene fisch\",\"isPartOf\":{\"@id\":\"https:\/\/der-goldene-fisch.de\/ping\/#website\"},\"datePublished\":\"2016-10-04T12:10:38+00:00\",\"dateModified\":\"2016-10-04T12:10:38+00:00\",\"breadcrumb\":{\"@id\":\"https:\/\/der-goldene-fisch.de\/ping\/das-fuenfzigste-jahr-697071\/#breadcrumb\"},\"inLanguage\":\"de\",\"potentialAction\":[{\"@type\":\"ReadAction\",\"target\":[\"https:\/\/der-goldene-fisch.de\/ping\/das-fuenfzigste-jahr-697071\/\"]}]},{\"@type\":\"BreadcrumbList\",\"@id\":\"https:\/\/der-goldene-fisch.de\/ping\/das-fuenfzigste-jahr-697071\/#breadcrumb\",\"itemListElement\":[{\"@type\":\"ListItem\",\"position\":1,\"name\":\"Startseite\",\"item\":\"https:\/\/der-goldene-fisch.de\/ping\/\"},{\"@type\":\"ListItem\",\"position\":2,\"name\":\"Das f\u00fcnfzigste Jahr (69\/70\/71)\"}]},{\"@type\":\"WebSite\",\"@id\":\"https:\/\/der-goldene-fisch.de\/ping\/#website\",\"url\":\"https:\/\/der-goldene-fisch.de\/ping\/\",\"name\":\"der goldene fisch\",\"description\":\"\",\"publisher\":{\"@id\":\"https:\/\/der-goldene-fisch.de\/ping\/#\/schema\/person\/c415140d7348926844a49b29cc105aa4\"},\"potentialAction\":[{\"@type\":\"SearchAction\",\"target\":{\"@type\":\"EntryPoint\",\"urlTemplate\":\"https:\/\/der-goldene-fisch.de\/ping\/?s={search_term_string}\"},\"query-input\":{\"@type\":\"PropertyValueSpecification\",\"valueRequired\":true,\"valueName\":\"search_term_string\"}}],\"inLanguage\":\"de\"},{\"@type\":[\"Person\",\"Organization\"],\"@id\":\"https:\/\/der-goldene-fisch.de\/ping\/#\/schema\/person\/c415140d7348926844a49b29cc105aa4\",\"name\":\"Andreas Louis Seyerlein\",\"image\":{\"@type\":\"ImageObject\",\"inLanguage\":\"de\",\"@id\":\"https:\/\/der-goldene-fisch.de\/ping\/#\/schema\/person\/image\/\",\"url\":\"https:\/\/secure.gravatar.com\/avatar\/d233a6eb5d99a83abb911b2d89ddf42e?s=96&d=mm&r=g\",\"contentUrl\":\"https:\/\/secure.gravatar.com\/avatar\/d233a6eb5d99a83abb911b2d89ddf42e?s=96&d=mm&r=g\",\"caption\":\"Andreas Louis Seyerlein\"},\"logo\":{\"@id\":\"https:\/\/der-goldene-fisch.de\/ping\/#\/schema\/person\/image\/\"},\"sameAs\":[\"http:\/\/\"]},{\"@type\":\"Person\",\"@id\":\"https:\/\/der-goldene-fisch.de\/ping\/#\/schema\/person\/b4cb2b531063dfc4a80c1893365b7faf\",\"name\":\"Gerald Koll\",\"image\":{\"@type\":\"ImageObject\",\"inLanguage\":\"de\",\"@id\":\"https:\/\/der-goldene-fisch.de\/ping\/#\/schema\/person\/image\/\",\"url\":\"https:\/\/secure.gravatar.com\/avatar\/494c3ef1389ba6e021d9cac11e0c4e81?s=96&d=mm&r=g\",\"contentUrl\":\"https:\/\/secure.gravatar.com\/avatar\/494c3ef1389ba6e021d9cac11e0c4e81?s=96&d=mm&r=g\",\"caption\":\"Gerald Koll\"},\"sameAs\":[\"http:\/\/www.geraldkoll.de\"],\"url\":\"https:\/\/der-goldene-fisch.de\/ping\/author\/gerald667\/\"}]}<\/script>\n<!-- \/ Yoast SEO plugin. -->","yoast_head_json":{"title":"Das f\u00fcnfzigste Jahr (69\/70\/71) - der goldene fisch","robots":{"index":"index","follow":"follow","max-snippet":"max-snippet:-1","max-image-preview":"max-image-preview:large","max-video-preview":"max-video-preview:-1"},"canonical":"https:\/\/der-goldene-fisch.de\/ping\/das-fuenfzigste-jahr-697071\/","og_locale":"de_DE","og_type":"article","og_title":"Das f\u00fcnfzigste Jahr (69\/70\/71) - der goldene fisch","og_description":"2. September 2015, ein Mittwoch K\u00f6stliche, trostreiche Wetteransage des Deutschen Alpenvereins: \u00dcber Nacht vom Sommer in den Herbst, die Wetterlage in Tirols Bergen stellt sich um. Eine Kaltfront bringt schlechte Sicht durch mehrschichtige Bew\u00f6lkung und Nebel in den Gipfelbereichen. Dazu immer wieder Regen bis zum Abend, Schnee f\u00e4llt im Hochgebirge ab knapp 3000m. An der [&hellip;]","og_url":"https:\/\/der-goldene-fisch.de\/ping\/das-fuenfzigste-jahr-697071\/","og_site_name":"der goldene fisch","article_published_time":"2016-10-04T12:10:38+00:00","author":"Gerald Koll","twitter_card":"summary_large_image","twitter_misc":{"Verfasst von":"Gerald Koll","Gesch\u00e4tzte Lesezeit":"2 Minuten"},"schema":{"@context":"https:\/\/schema.org","@graph":[{"@type":"Article","@id":"https:\/\/der-goldene-fisch.de\/ping\/das-fuenfzigste-jahr-697071\/#article","isPartOf":{"@id":"https:\/\/der-goldene-fisch.de\/ping\/das-fuenfzigste-jahr-697071\/"},"author":{"name":"Gerald Koll","@id":"https:\/\/der-goldene-fisch.de\/ping\/#\/schema\/person\/b4cb2b531063dfc4a80c1893365b7faf"},"headline":"Das f\u00fcnfzigste Jahr (69\/70\/71)","datePublished":"2016-10-04T12:10:38+00:00","dateModified":"2016-10-04T12:10:38+00:00","mainEntityOfPage":{"@id":"https:\/\/der-goldene-fisch.de\/ping\/das-fuenfzigste-jahr-697071\/"},"wordCount":438,"commentCount":0,"publisher":{"@id":"https:\/\/der-goldene-fisch.de\/ping\/#\/schema\/person\/c415140d7348926844a49b29cc105aa4"},"articleSection":["a"],"inLanguage":"de","potentialAction":[{"@type":"CommentAction","name":"Comment","target":["https:\/\/der-goldene-fisch.de\/ping\/das-fuenfzigste-jahr-697071\/#respond"]}]},{"@type":"WebPage","@id":"https:\/\/der-goldene-fisch.de\/ping\/das-fuenfzigste-jahr-697071\/","url":"https:\/\/der-goldene-fisch.de\/ping\/das-fuenfzigste-jahr-697071\/","name":"Das f\u00fcnfzigste Jahr (69\/70\/71) - der goldene fisch","isPartOf":{"@id":"https:\/\/der-goldene-fisch.de\/ping\/#website"},"datePublished":"2016-10-04T12:10:38+00:00","dateModified":"2016-10-04T12:10:38+00:00","breadcrumb":{"@id":"https:\/\/der-goldene-fisch.de\/ping\/das-fuenfzigste-jahr-697071\/#breadcrumb"},"inLanguage":"de","potentialAction":[{"@type":"ReadAction","target":["https:\/\/der-goldene-fisch.de\/ping\/das-fuenfzigste-jahr-697071\/"]}]},{"@type":"BreadcrumbList","@id":"https:\/\/der-goldene-fisch.de\/ping\/das-fuenfzigste-jahr-697071\/#breadcrumb","itemListElement":[{"@type":"ListItem","position":1,"name":"Startseite","item":"https:\/\/der-goldene-fisch.de\/ping\/"},{"@type":"ListItem","position":2,"name":"Das f\u00fcnfzigste Jahr (69\/70\/71)"}]},{"@type":"WebSite","@id":"https:\/\/der-goldene-fisch.de\/ping\/#website","url":"https:\/\/der-goldene-fisch.de\/ping\/","name":"der goldene fisch","description":"","publisher":{"@id":"https:\/\/der-goldene-fisch.de\/ping\/#\/schema\/person\/c415140d7348926844a49b29cc105aa4"},"potentialAction":[{"@type":"SearchAction","target":{"@type":"EntryPoint","urlTemplate":"https:\/\/der-goldene-fisch.de\/ping\/?s={search_term_string}"},"query-input":{"@type":"PropertyValueSpecification","valueRequired":true,"valueName":"search_term_string"}}],"inLanguage":"de"},{"@type":["Person","Organization"],"@id":"https:\/\/der-goldene-fisch.de\/ping\/#\/schema\/person\/c415140d7348926844a49b29cc105aa4","name":"Andreas Louis Seyerlein","image":{"@type":"ImageObject","inLanguage":"de","@id":"https:\/\/der-goldene-fisch.de\/ping\/#\/schema\/person\/image\/","url":"https:\/\/secure.gravatar.com\/avatar\/d233a6eb5d99a83abb911b2d89ddf42e?s=96&d=mm&r=g","contentUrl":"https:\/\/secure.gravatar.com\/avatar\/d233a6eb5d99a83abb911b2d89ddf42e?s=96&d=mm&r=g","caption":"Andreas Louis Seyerlein"},"logo":{"@id":"https:\/\/der-goldene-fisch.de\/ping\/#\/schema\/person\/image\/"},"sameAs":["http:\/\/"]},{"@type":"Person","@id":"https:\/\/der-goldene-fisch.de\/ping\/#\/schema\/person\/b4cb2b531063dfc4a80c1893365b7faf","name":"Gerald Koll","image":{"@type":"ImageObject","inLanguage":"de","@id":"https:\/\/der-goldene-fisch.de\/ping\/#\/schema\/person\/image\/","url":"https:\/\/secure.gravatar.com\/avatar\/494c3ef1389ba6e021d9cac11e0c4e81?s=96&d=mm&r=g","contentUrl":"https:\/\/secure.gravatar.com\/avatar\/494c3ef1389ba6e021d9cac11e0c4e81?s=96&d=mm&r=g","caption":"Gerald Koll"},"sameAs":["http:\/\/www.geraldkoll.de"],"url":"https:\/\/der-goldene-fisch.de\/ping\/author\/gerald667\/"}]}},"jetpack_featured_media_url":"","jetpack_sharing_enabled":true,"jetpack_shortlink":"https:\/\/wp.me\/pxsFY-2F2","_links":{"self":[{"href":"https:\/\/der-goldene-fisch.de\/ping\/wp-json\/wp\/v2\/posts\/10232","targetHints":{"allow":["GET"]}}],"collection":[{"href":"https:\/\/der-goldene-fisch.de\/ping\/wp-json\/wp\/v2\/posts"}],"about":[{"href":"https:\/\/der-goldene-fisch.de\/ping\/wp-json\/wp\/v2\/types\/post"}],"author":[{"embeddable":true,"href":"https:\/\/der-goldene-fisch.de\/ping\/wp-json\/wp\/v2\/users\/10"}],"replies":[{"embeddable":true,"href":"https:\/\/der-goldene-fisch.de\/ping\/wp-json\/wp\/v2\/comments?post=10232"}],"version-history":[{"count":0,"href":"https:\/\/der-goldene-fisch.de\/ping\/wp-json\/wp\/v2\/posts\/10232\/revisions"}],"wp:attachment":[{"href":"https:\/\/der-goldene-fisch.de\/ping\/wp-json\/wp\/v2\/media?parent=10232"}],"wp:term":[{"taxonomy":"category","embeddable":true,"href":"https:\/\/der-goldene-fisch.de\/ping\/wp-json\/wp\/v2\/categories?post=10232"},{"taxonomy":"post_tag","embeddable":true,"href":"https:\/\/der-goldene-fisch.de\/ping\/wp-json\/wp\/v2\/tags?post=10232"}],"curies":[{"name":"wp","href":"https:\/\/api.w.org\/{rel}","templated":true}]}}