{"id":10241,"date":"2016-10-05T10:02:23","date_gmt":"2016-10-05T09:02:23","guid":{"rendered":"http:\/\/der-goldene-fisch.de\/ping\/?p=10241"},"modified":"2016-10-05T10:02:23","modified_gmt":"2016-10-05T09:02:23","slug":"das-fuenfzigste-jahr-727374","status":"publish","type":"post","link":"https:\/\/der-goldene-fisch.de\/ping\/das-fuenfzigste-jahr-727374\/","title":{"rendered":"Das f\u00fcnfzigste Jahr (72\/73\/74)"},"content":{"rendered":"<p><strong>5. September 2015, <\/strong><strong>ein Sonnabend<\/strong><\/p>\n<p>Neues Aikido-Gef\u00fchl: so fest eingepackt um die H\u00fcfte, so allseits sichtbar graduiert, so elegant kaschiert.\u00a0Ich habe das Gl\u00fcck \u00fcber den Hakama so wenig fassen k\u00f6nnen, dass ich bis nach halb f\u00fcnf Uhr morgens nicht habe einschlafen k\u00f6nnen. Danach tr\u00e4umte ich, ich sei auf einer Party und s\u00e4\u00dfe auf einem Stuhl oder Sessel, und eine junge sch\u00f6ne Frau &#8211; zwar nicht Kitty, aber wohl \u00e4hnlich &#8211; setzte sich mir gegen\u00fcber auf eine h\u00f6her gelegene Kante, vielleicht auf ein Fensterbrett, jedenfalls so, dass ihr Fu\u00df zwischen meinen Beinen Platz fand, und, w\u00e4hrend sie sich unterhielt, ihren Fu\u00df bewegte und eine erquickende Pollution ausl\u00f6ste. Ich erwachte und blickte auf die Uhr. Es war zehn vor f\u00fcnf, keine f\u00fcnfzehn Minuten hatte ich geschlafen.<\/p>\n<p>Abends mit Frau S. in Fellinis erster eigener Regiearbeit <em>Der wei\u00dfe Scheich<\/em>. Diese Frau S.!<\/p>\n<p><strong>8. September, <\/strong><strong>ein Dienstag<\/strong><\/p>\n<p>Heute Hausversammlung: Zwecks Demonstration eigener Teamkompatibilit\u00e4t und Projektanpassung habe ich schonend sanft jenen Konflikt zwischen Genossenschafts-Vorstand und mir zur Sprache gebracht. Rundherum pikiertes und duldendes Schweigen der Liebk\u00fcsschen-Nachbarn. Der Vorstand revanchiert sich mit routinierter Leutseligkeit. Eigentlich ist das Ganze zum Schreien.<\/p>\n<p><em>Pedal the World<\/em> gesehen: eine Selbst-Dokumentation \u00fcber einen Radfahrer, der ein Jahr lang mit dem Rad die Welt erkundet hat. Er hat sie aber nicht &#8222;erkundet&#8220;. Der Filmemacher ist ein eitler Gockel, der kein anderes Wort als &#8222;geil&#8220; oder &#8222;schei\u00dfe&#8220; f\u00fcr Dinge findet, die ihm gefallen oder nicht. Schade. Ich hatte lange auf diesen Film hingefiebert.<\/p>\n<p><strong>12. September, <\/strong><strong>ein Sonnabend<\/strong><\/p>\n<p>Der Hauptmieter, der ja mein Vermieter ist, schickt mir immer wieder Mietvertr\u00e4ge zur Unterschrift, die lediglich die Mietkosten nach oben regulieren, aber keine Mietdauergarantie einr\u00e4umen, obwohl wir das telefonisch vereinbart haben. Meine Hinweise darauf ignoriert er. Er ist Jurist und macht sich einen juristischen Sport aus der Sache, indem er mich jetzt unter Druck setzen zu k\u00f6nnen glaubt, weil ich ohne seinen Vertrag keine Zwischenumsetzwohnung bekomme. Aber er wei\u00df nicht, dass ich bereits eine zugesichert bekommen habe.<\/p>\n<p>Sonnabendgl\u00fcck. Training, Fr\u00fchst\u00fcck, Ausstellung fr\u00fcher japanischer Fotografie, schlie\u00dflich noch chinesisch Essen mit Frau S., die sich ein wenig festkrallt, was mir Sorgen bereitet. Ach, was f\u00fcr ein Unsinn aber auch.<\/p>\n<p><em> <\/em><\/p>\n<p><em> <\/em><\/p>\n","protected":false},"excerpt":{"rendered":"<p>5. September 2015, ein Sonnabend Neues Aikido-Gef\u00fchl: so fest eingepackt um die H\u00fcfte, so allseits sichtbar graduiert, so elegant kaschiert.\u00a0Ich habe das Gl\u00fcck \u00fcber den Hakama so wenig fassen k\u00f6nnen, dass ich bis nach halb f\u00fcnf Uhr morgens nicht habe einschlafen k\u00f6nnen. Danach tr\u00e4umte ich, ich sei auf einer Party und s\u00e4\u00dfe auf einem Stuhl [&hellip;]<\/p>\n","protected":false},"author":10,"featured_media":0,"comment_status":"open","ping_status":"open","sticky":false,"template":"","format":"standard","meta":{"jetpack_post_was_ever_published":false,"_jetpack_newsletter_access":"","_jetpack_dont_email_post_to_subs":false,"_jetpack_newsletter_tier_id":0,"_jetpack_memberships_contains_paywalled_content":false,"_jetpack_memberships_contains_paid_content":false,"footnotes":"","jetpack_publicize_message":"","jetpack_publicize_feature_enabled":true,"jetpack_social_post_already_shared":false,"jetpack_social_options":{"image_generator_settings":{"template":"highway","enabled":false},"version":2}},"categories":[85],"tags":[],"class_list":["post-10241","post","type-post","status-publish","format-standard","hentry","category-a"],"jetpack_publicize_connections":[],"yoast_head":"<!-- This site is optimized with the Yoast SEO plugin v24.0 - https:\/\/yoast.com\/wordpress\/plugins\/seo\/ -->\n<title>Das f\u00fcnfzigste Jahr (72\/73\/74) - der goldene fisch<\/title>\n<meta name=\"robots\" content=\"index, follow, max-snippet:-1, max-image-preview:large, max-video-preview:-1\" \/>\n<link rel=\"canonical\" href=\"https:\/\/der-goldene-fisch.de\/ping\/das-fuenfzigste-jahr-727374\/\" \/>\n<meta property=\"og:locale\" content=\"de_DE\" \/>\n<meta property=\"og:type\" content=\"article\" \/>\n<meta property=\"og:title\" content=\"Das f\u00fcnfzigste Jahr (72\/73\/74) - der goldene fisch\" \/>\n<meta property=\"og:description\" content=\"5. September 2015, ein Sonnabend Neues Aikido-Gef\u00fchl: so fest eingepackt um die H\u00fcfte, so allseits sichtbar graduiert, so elegant kaschiert.\u00a0Ich habe das Gl\u00fcck \u00fcber den Hakama so wenig fassen k\u00f6nnen, dass ich bis nach halb f\u00fcnf Uhr morgens nicht habe einschlafen k\u00f6nnen. Danach tr\u00e4umte ich, ich sei auf einer Party und s\u00e4\u00dfe auf einem Stuhl [&hellip;]\" \/>\n<meta property=\"og:url\" content=\"https:\/\/der-goldene-fisch.de\/ping\/das-fuenfzigste-jahr-727374\/\" \/>\n<meta property=\"og:site_name\" content=\"der goldene fisch\" \/>\n<meta property=\"article:published_time\" content=\"2016-10-05T09:02:23+00:00\" \/>\n<meta name=\"author\" content=\"Gerald Koll\" \/>\n<meta name=\"twitter:card\" content=\"summary_large_image\" \/>\n<meta name=\"twitter:label1\" content=\"Verfasst von\" \/>\n\t<meta name=\"twitter:data1\" content=\"Gerald Koll\" \/>\n\t<meta name=\"twitter:label2\" content=\"Gesch\u00e4tzte Lesezeit\" \/>\n\t<meta name=\"twitter:data2\" content=\"2 Minuten\" \/>\n<script type=\"application\/ld+json\" class=\"yoast-schema-graph\">{\"@context\":\"https:\/\/schema.org\",\"@graph\":[{\"@type\":\"Article\",\"@id\":\"https:\/\/der-goldene-fisch.de\/ping\/das-fuenfzigste-jahr-727374\/#article\",\"isPartOf\":{\"@id\":\"https:\/\/der-goldene-fisch.de\/ping\/das-fuenfzigste-jahr-727374\/\"},\"author\":{\"name\":\"Gerald Koll\",\"@id\":\"https:\/\/der-goldene-fisch.de\/ping\/#\/schema\/person\/b4cb2b531063dfc4a80c1893365b7faf\"},\"headline\":\"Das f\u00fcnfzigste Jahr (72\/73\/74)\",\"datePublished\":\"2016-10-05T09:02:23+00:00\",\"dateModified\":\"2016-10-05T09:02:23+00:00\",\"mainEntityOfPage\":{\"@id\":\"https:\/\/der-goldene-fisch.de\/ping\/das-fuenfzigste-jahr-727374\/\"},\"wordCount\":381,\"commentCount\":0,\"publisher\":{\"@id\":\"https:\/\/der-goldene-fisch.de\/ping\/#\/schema\/person\/c415140d7348926844a49b29cc105aa4\"},\"articleSection\":[\"a\"],\"inLanguage\":\"de\",\"potentialAction\":[{\"@type\":\"CommentAction\",\"name\":\"Comment\",\"target\":[\"https:\/\/der-goldene-fisch.de\/ping\/das-fuenfzigste-jahr-727374\/#respond\"]}]},{\"@type\":\"WebPage\",\"@id\":\"https:\/\/der-goldene-fisch.de\/ping\/das-fuenfzigste-jahr-727374\/\",\"url\":\"https:\/\/der-goldene-fisch.de\/ping\/das-fuenfzigste-jahr-727374\/\",\"name\":\"Das f\u00fcnfzigste Jahr (72\/73\/74) - der goldene fisch\",\"isPartOf\":{\"@id\":\"https:\/\/der-goldene-fisch.de\/ping\/#website\"},\"datePublished\":\"2016-10-05T09:02:23+00:00\",\"dateModified\":\"2016-10-05T09:02:23+00:00\",\"breadcrumb\":{\"@id\":\"https:\/\/der-goldene-fisch.de\/ping\/das-fuenfzigste-jahr-727374\/#breadcrumb\"},\"inLanguage\":\"de\",\"potentialAction\":[{\"@type\":\"ReadAction\",\"target\":[\"https:\/\/der-goldene-fisch.de\/ping\/das-fuenfzigste-jahr-727374\/\"]}]},{\"@type\":\"BreadcrumbList\",\"@id\":\"https:\/\/der-goldene-fisch.de\/ping\/das-fuenfzigste-jahr-727374\/#breadcrumb\",\"itemListElement\":[{\"@type\":\"ListItem\",\"position\":1,\"name\":\"Startseite\",\"item\":\"https:\/\/der-goldene-fisch.de\/ping\/\"},{\"@type\":\"ListItem\",\"position\":2,\"name\":\"Das f\u00fcnfzigste Jahr (72\/73\/74)\"}]},{\"@type\":\"WebSite\",\"@id\":\"https:\/\/der-goldene-fisch.de\/ping\/#website\",\"url\":\"https:\/\/der-goldene-fisch.de\/ping\/\",\"name\":\"der goldene fisch\",\"description\":\"\",\"publisher\":{\"@id\":\"https:\/\/der-goldene-fisch.de\/ping\/#\/schema\/person\/c415140d7348926844a49b29cc105aa4\"},\"potentialAction\":[{\"@type\":\"SearchAction\",\"target\":{\"@type\":\"EntryPoint\",\"urlTemplate\":\"https:\/\/der-goldene-fisch.de\/ping\/?s={search_term_string}\"},\"query-input\":{\"@type\":\"PropertyValueSpecification\",\"valueRequired\":true,\"valueName\":\"search_term_string\"}}],\"inLanguage\":\"de\"},{\"@type\":[\"Person\",\"Organization\"],\"@id\":\"https:\/\/der-goldene-fisch.de\/ping\/#\/schema\/person\/c415140d7348926844a49b29cc105aa4\",\"name\":\"Andreas Louis Seyerlein\",\"image\":{\"@type\":\"ImageObject\",\"inLanguage\":\"de\",\"@id\":\"https:\/\/der-goldene-fisch.de\/ping\/#\/schema\/person\/image\/\",\"url\":\"https:\/\/secure.gravatar.com\/avatar\/d233a6eb5d99a83abb911b2d89ddf42e?s=96&d=mm&r=g\",\"contentUrl\":\"https:\/\/secure.gravatar.com\/avatar\/d233a6eb5d99a83abb911b2d89ddf42e?s=96&d=mm&r=g\",\"caption\":\"Andreas Louis Seyerlein\"},\"logo\":{\"@id\":\"https:\/\/der-goldene-fisch.de\/ping\/#\/schema\/person\/image\/\"},\"sameAs\":[\"http:\/\/\"]},{\"@type\":\"Person\",\"@id\":\"https:\/\/der-goldene-fisch.de\/ping\/#\/schema\/person\/b4cb2b531063dfc4a80c1893365b7faf\",\"name\":\"Gerald Koll\",\"image\":{\"@type\":\"ImageObject\",\"inLanguage\":\"de\",\"@id\":\"https:\/\/der-goldene-fisch.de\/ping\/#\/schema\/person\/image\/\",\"url\":\"https:\/\/secure.gravatar.com\/avatar\/494c3ef1389ba6e021d9cac11e0c4e81?s=96&d=mm&r=g\",\"contentUrl\":\"https:\/\/secure.gravatar.com\/avatar\/494c3ef1389ba6e021d9cac11e0c4e81?s=96&d=mm&r=g\",\"caption\":\"Gerald Koll\"},\"sameAs\":[\"http:\/\/www.geraldkoll.de\"],\"url\":\"https:\/\/der-goldene-fisch.de\/ping\/author\/gerald667\/\"}]}<\/script>\n<!-- \/ Yoast SEO plugin. -->","yoast_head_json":{"title":"Das f\u00fcnfzigste Jahr (72\/73\/74) - der goldene fisch","robots":{"index":"index","follow":"follow","max-snippet":"max-snippet:-1","max-image-preview":"max-image-preview:large","max-video-preview":"max-video-preview:-1"},"canonical":"https:\/\/der-goldene-fisch.de\/ping\/das-fuenfzigste-jahr-727374\/","og_locale":"de_DE","og_type":"article","og_title":"Das f\u00fcnfzigste Jahr (72\/73\/74) - der goldene fisch","og_description":"5. September 2015, ein Sonnabend Neues Aikido-Gef\u00fchl: so fest eingepackt um die H\u00fcfte, so allseits sichtbar graduiert, so elegant kaschiert.\u00a0Ich habe das Gl\u00fcck \u00fcber den Hakama so wenig fassen k\u00f6nnen, dass ich bis nach halb f\u00fcnf Uhr morgens nicht habe einschlafen k\u00f6nnen. Danach tr\u00e4umte ich, ich sei auf einer Party und s\u00e4\u00dfe auf einem Stuhl [&hellip;]","og_url":"https:\/\/der-goldene-fisch.de\/ping\/das-fuenfzigste-jahr-727374\/","og_site_name":"der goldene fisch","article_published_time":"2016-10-05T09:02:23+00:00","author":"Gerald Koll","twitter_card":"summary_large_image","twitter_misc":{"Verfasst von":"Gerald Koll","Gesch\u00e4tzte Lesezeit":"2 Minuten"},"schema":{"@context":"https:\/\/schema.org","@graph":[{"@type":"Article","@id":"https:\/\/der-goldene-fisch.de\/ping\/das-fuenfzigste-jahr-727374\/#article","isPartOf":{"@id":"https:\/\/der-goldene-fisch.de\/ping\/das-fuenfzigste-jahr-727374\/"},"author":{"name":"Gerald Koll","@id":"https:\/\/der-goldene-fisch.de\/ping\/#\/schema\/person\/b4cb2b531063dfc4a80c1893365b7faf"},"headline":"Das f\u00fcnfzigste Jahr (72\/73\/74)","datePublished":"2016-10-05T09:02:23+00:00","dateModified":"2016-10-05T09:02:23+00:00","mainEntityOfPage":{"@id":"https:\/\/der-goldene-fisch.de\/ping\/das-fuenfzigste-jahr-727374\/"},"wordCount":381,"commentCount":0,"publisher":{"@id":"https:\/\/der-goldene-fisch.de\/ping\/#\/schema\/person\/c415140d7348926844a49b29cc105aa4"},"articleSection":["a"],"inLanguage":"de","potentialAction":[{"@type":"CommentAction","name":"Comment","target":["https:\/\/der-goldene-fisch.de\/ping\/das-fuenfzigste-jahr-727374\/#respond"]}]},{"@type":"WebPage","@id":"https:\/\/der-goldene-fisch.de\/ping\/das-fuenfzigste-jahr-727374\/","url":"https:\/\/der-goldene-fisch.de\/ping\/das-fuenfzigste-jahr-727374\/","name":"Das f\u00fcnfzigste Jahr (72\/73\/74) - der goldene fisch","isPartOf":{"@id":"https:\/\/der-goldene-fisch.de\/ping\/#website"},"datePublished":"2016-10-05T09:02:23+00:00","dateModified":"2016-10-05T09:02:23+00:00","breadcrumb":{"@id":"https:\/\/der-goldene-fisch.de\/ping\/das-fuenfzigste-jahr-727374\/#breadcrumb"},"inLanguage":"de","potentialAction":[{"@type":"ReadAction","target":["https:\/\/der-goldene-fisch.de\/ping\/das-fuenfzigste-jahr-727374\/"]}]},{"@type":"BreadcrumbList","@id":"https:\/\/der-goldene-fisch.de\/ping\/das-fuenfzigste-jahr-727374\/#breadcrumb","itemListElement":[{"@type":"ListItem","position":1,"name":"Startseite","item":"https:\/\/der-goldene-fisch.de\/ping\/"},{"@type":"ListItem","position":2,"name":"Das f\u00fcnfzigste Jahr (72\/73\/74)"}]},{"@type":"WebSite","@id":"https:\/\/der-goldene-fisch.de\/ping\/#website","url":"https:\/\/der-goldene-fisch.de\/ping\/","name":"der goldene fisch","description":"","publisher":{"@id":"https:\/\/der-goldene-fisch.de\/ping\/#\/schema\/person\/c415140d7348926844a49b29cc105aa4"},"potentialAction":[{"@type":"SearchAction","target":{"@type":"EntryPoint","urlTemplate":"https:\/\/der-goldene-fisch.de\/ping\/?s={search_term_string}"},"query-input":{"@type":"PropertyValueSpecification","valueRequired":true,"valueName":"search_term_string"}}],"inLanguage":"de"},{"@type":["Person","Organization"],"@id":"https:\/\/der-goldene-fisch.de\/ping\/#\/schema\/person\/c415140d7348926844a49b29cc105aa4","name":"Andreas Louis Seyerlein","image":{"@type":"ImageObject","inLanguage":"de","@id":"https:\/\/der-goldene-fisch.de\/ping\/#\/schema\/person\/image\/","url":"https:\/\/secure.gravatar.com\/avatar\/d233a6eb5d99a83abb911b2d89ddf42e?s=96&d=mm&r=g","contentUrl":"https:\/\/secure.gravatar.com\/avatar\/d233a6eb5d99a83abb911b2d89ddf42e?s=96&d=mm&r=g","caption":"Andreas Louis Seyerlein"},"logo":{"@id":"https:\/\/der-goldene-fisch.de\/ping\/#\/schema\/person\/image\/"},"sameAs":["http:\/\/"]},{"@type":"Person","@id":"https:\/\/der-goldene-fisch.de\/ping\/#\/schema\/person\/b4cb2b531063dfc4a80c1893365b7faf","name":"Gerald Koll","image":{"@type":"ImageObject","inLanguage":"de","@id":"https:\/\/der-goldene-fisch.de\/ping\/#\/schema\/person\/image\/","url":"https:\/\/secure.gravatar.com\/avatar\/494c3ef1389ba6e021d9cac11e0c4e81?s=96&d=mm&r=g","contentUrl":"https:\/\/secure.gravatar.com\/avatar\/494c3ef1389ba6e021d9cac11e0c4e81?s=96&d=mm&r=g","caption":"Gerald Koll"},"sameAs":["http:\/\/www.geraldkoll.de"],"url":"https:\/\/der-goldene-fisch.de\/ping\/author\/gerald667\/"}]}},"jetpack_featured_media_url":"","jetpack_sharing_enabled":true,"jetpack_shortlink":"https:\/\/wp.me\/pxsFY-2Fb","_links":{"self":[{"href":"https:\/\/der-goldene-fisch.de\/ping\/wp-json\/wp\/v2\/posts\/10241","targetHints":{"allow":["GET"]}}],"collection":[{"href":"https:\/\/der-goldene-fisch.de\/ping\/wp-json\/wp\/v2\/posts"}],"about":[{"href":"https:\/\/der-goldene-fisch.de\/ping\/wp-json\/wp\/v2\/types\/post"}],"author":[{"embeddable":true,"href":"https:\/\/der-goldene-fisch.de\/ping\/wp-json\/wp\/v2\/users\/10"}],"replies":[{"embeddable":true,"href":"https:\/\/der-goldene-fisch.de\/ping\/wp-json\/wp\/v2\/comments?post=10241"}],"version-history":[{"count":0,"href":"https:\/\/der-goldene-fisch.de\/ping\/wp-json\/wp\/v2\/posts\/10241\/revisions"}],"wp:attachment":[{"href":"https:\/\/der-goldene-fisch.de\/ping\/wp-json\/wp\/v2\/media?parent=10241"}],"wp:term":[{"taxonomy":"category","embeddable":true,"href":"https:\/\/der-goldene-fisch.de\/ping\/wp-json\/wp\/v2\/categories?post=10241"},{"taxonomy":"post_tag","embeddable":true,"href":"https:\/\/der-goldene-fisch.de\/ping\/wp-json\/wp\/v2\/tags?post=10241"}],"curies":[{"name":"wp","href":"https:\/\/api.w.org\/{rel}","templated":true}]}}