{"id":10265,"date":"2016-10-06T12:51:07","date_gmt":"2016-10-06T11:51:07","guid":{"rendered":"http:\/\/der-goldene-fisch.de\/ping\/?p=10265"},"modified":"2016-10-06T12:51:07","modified_gmt":"2016-10-06T11:51:07","slug":"das-fuenfzigste-jahr-757677","status":"publish","type":"post","link":"https:\/\/der-goldene-fisch.de\/ping\/das-fuenfzigste-jahr-757677\/","title":{"rendered":"Das f\u00fcnfzigste Jahr (75\/76\/77)"},"content":{"rendered":"<p><strong>19. September 2015, <\/strong><strong>ein Sonnabend<\/strong><\/p>\n<p><em>Still Alice <\/em>hinterlie\u00df in mir eine satte Angst vor Krankheiten, die mich rettungslos verbl\u00f6den lassen. Reizvoll aber doch: als biologische Konsequenz sozialer Schwundstufe.<\/p>\n<p>Die Nachricht der Baugenossenschaft, ich m\u00f6ge bitte n\u00e4chsten Freitag den Untermietvertrag mitbringen, l\u00e4sst aufhorchen. Wenn sie wieder Steine in den Weg legen und der Umzug verschoben werden muss, ist die H\u00f6lle los. Mal sehen, was der Kungelverein da wieder ausheckt.<\/p>\n<p><strong>21. September, <\/strong><strong>ein Montag<\/strong><\/p>\n<p>In Ahrenshoop mit Mutti und Vati &#8211; schreibt man wohl besser &#8222;mit den Eltern&#8220;, wenn man 49 ist, obwohl man doch wei\u00df, dass man in deren Gegenwart immer Kind bleibt?<\/p>\n<p>Zwei Verluste, seltsam \u00e4hnlich gelagert und erstaunlich zeitgleich, n\u00e4mlich gerade heute wieder: Zu J.M. brach ich den Kontakt, seit er unsere kostbaren Musik-Funde der Universit\u00e4t zuschrieb, die sie f\u00e4lschlich f\u00fcr sich reklamierte. Ein Anderer, A.S., verschm\u00e4ht Kontakt zu mir, seit ich seinen Film nicht pr\u00e4sentierte. Beide F\u00e4lle sind \u00e4hnlich, der Vorwurf zielt auf Unterschlagung und Verrat. Beide F\u00e4lle sind mit Entschuldigungen nicht zu l\u00f6sen. Bedr\u00fcckend.<\/p>\n<p><strong>23. September, <\/strong><strong>ein Mittwoch<\/strong><\/p>\n<p>Immer noch in Ahrenshoop, im kurzen Eltern-Sohn-Urlaub. Man geht spazieren, man geht essen (Hafen-Restaurant), man spielt Karten (Canasta), durch den Daseinsnebel schimmern die Konturen der prek\u00e4ren Lage. Dann nehmen sie Gestalt an, als die Nachricht der Genossenschaft eintrifft: der Termin zur Unterzeichnung des Mietvertrags platze, der Umzugstermin sei zu verschieben, man bitte um Ber\u00fccksichtigung. Nun wird&#8217;s chaotisch, und die seltsam beg\u00fctigende Heiterkeit, die ich den Eltern vorgaukle, wird fadenscheinig. Wegen Anbieter-Wechsel habe ich derzeit keine funktionierende sim-card, empfange also keine Anrufe, w\u00e4hrend Anrufer dennoch gebeten werden, ihre Nachrichten auf Band zu sprechen &#8211; das ist alles sehr dumm und legt sich als Schatten auf diese kurzen Eltern-Tage.<\/p>\n<p>Telefonate mit der Mieterberatung ergeben, dass erstens die Baugenossenschaft mit mir keinen Mietvertrag schlie\u00dfen will und mich offenbar am langen Arm verhungern l\u00e4sst und dass zweitens die Mieterberatung ein Mandat f\u00fcr mich nur unter der Bedingung hat, dass ich Teil der Baugenossenschafts-Konstellation bin. Ich stecke in einer miserablen Mangel dieser Spie\u00dfgesellen. Emails und Telefonate absolviere ich in der Mittagspause (mit dem geliehenen Handy der Mutter!), w\u00e4hrend die Eltern Mittagschlaf halten, nachdem wir in einem zwanghaft sanierten Zingst auf dem Deich spazierten und bevor wir zu Abendessen und Canasta \u00fcbergehen.<\/p>\n<p>Doch ich werde gereizt. Gereizt, wenn sie durch lautes Kartenspielen die Pensionsg\u00e4ste aus dem Saal vertreiben, die dort lesen und entspannen m\u00f6chten; gereizt, wenn mein Vater bei einer Kellnerin, die eine m\u00e4nnliche Stimme hat, die Bestellung mit betont tiefem Bass aufgibt, weil er das humorvoll findet; gereizt, wenn in Gegenwart anderer Menschen Gefrotzel in Z\u00e4nkisches umschl\u00e4gt; gereizt, wenn der Vater bei offener T\u00fcr \u00e4u\u00dfert, er m\u00fcsse jetzt pupsen; irgendwie sind sie immer wieder \u00f6ffentlich peinlich, so dass ich mich frage, wie man mit solchen Eltern jemals gesellschaftsf\u00e4hig werden soll. Da ich sie und mich nicht vor ihnen sch\u00fctzen kann, bin ich mir dauernd selbst peinlich. Und da lese ich doch tats\u00e4chlich die in den Pensionsregalen ausliegende Biografie von Philipp Lahm.<\/p>\n","protected":false},"excerpt":{"rendered":"<p>19. September 2015, ein Sonnabend Still Alice hinterlie\u00df in mir eine satte Angst vor Krankheiten, die mich rettungslos verbl\u00f6den lassen. Reizvoll aber doch: als biologische Konsequenz sozialer Schwundstufe. Die Nachricht der Baugenossenschaft, ich m\u00f6ge bitte n\u00e4chsten Freitag den Untermietvertrag mitbringen, l\u00e4sst aufhorchen. Wenn sie wieder Steine in den Weg legen und der Umzug verschoben werden [&hellip;]<\/p>\n","protected":false},"author":10,"featured_media":0,"comment_status":"open","ping_status":"open","sticky":false,"template":"","format":"standard","meta":{"jetpack_post_was_ever_published":false,"_jetpack_newsletter_access":"","_jetpack_dont_email_post_to_subs":false,"_jetpack_newsletter_tier_id":0,"_jetpack_memberships_contains_paywalled_content":false,"_jetpack_memberships_contains_paid_content":false,"footnotes":"","jetpack_publicize_message":"","jetpack_publicize_feature_enabled":true,"jetpack_social_post_already_shared":false,"jetpack_social_options":{"image_generator_settings":{"template":"highway","enabled":false},"version":2}},"categories":[85],"tags":[],"class_list":["post-10265","post","type-post","status-publish","format-standard","hentry","category-a"],"jetpack_publicize_connections":[],"yoast_head":"<!-- This site is optimized with the Yoast SEO plugin v24.0 - https:\/\/yoast.com\/wordpress\/plugins\/seo\/ -->\n<title>Das f\u00fcnfzigste Jahr (75\/76\/77) - der goldene fisch<\/title>\n<meta name=\"robots\" content=\"index, follow, max-snippet:-1, max-image-preview:large, max-video-preview:-1\" \/>\n<link rel=\"canonical\" href=\"https:\/\/der-goldene-fisch.de\/ping\/das-fuenfzigste-jahr-757677\/\" \/>\n<meta property=\"og:locale\" content=\"de_DE\" \/>\n<meta property=\"og:type\" content=\"article\" \/>\n<meta property=\"og:title\" content=\"Das f\u00fcnfzigste Jahr (75\/76\/77) - der goldene fisch\" \/>\n<meta property=\"og:description\" content=\"19. September 2015, ein Sonnabend Still Alice hinterlie\u00df in mir eine satte Angst vor Krankheiten, die mich rettungslos verbl\u00f6den lassen. Reizvoll aber doch: als biologische Konsequenz sozialer Schwundstufe. Die Nachricht der Baugenossenschaft, ich m\u00f6ge bitte n\u00e4chsten Freitag den Untermietvertrag mitbringen, l\u00e4sst aufhorchen. Wenn sie wieder Steine in den Weg legen und der Umzug verschoben werden [&hellip;]\" \/>\n<meta property=\"og:url\" content=\"https:\/\/der-goldene-fisch.de\/ping\/das-fuenfzigste-jahr-757677\/\" \/>\n<meta property=\"og:site_name\" content=\"der goldene fisch\" \/>\n<meta property=\"article:published_time\" content=\"2016-10-06T11:51:07+00:00\" \/>\n<meta name=\"author\" content=\"Gerald Koll\" \/>\n<meta name=\"twitter:card\" content=\"summary_large_image\" \/>\n<meta name=\"twitter:label1\" content=\"Verfasst von\" \/>\n\t<meta name=\"twitter:data1\" content=\"Gerald Koll\" \/>\n\t<meta name=\"twitter:label2\" content=\"Gesch\u00e4tzte Lesezeit\" \/>\n\t<meta name=\"twitter:data2\" content=\"3 Minuten\" \/>\n<script type=\"application\/ld+json\" class=\"yoast-schema-graph\">{\"@context\":\"https:\/\/schema.org\",\"@graph\":[{\"@type\":\"Article\",\"@id\":\"https:\/\/der-goldene-fisch.de\/ping\/das-fuenfzigste-jahr-757677\/#article\",\"isPartOf\":{\"@id\":\"https:\/\/der-goldene-fisch.de\/ping\/das-fuenfzigste-jahr-757677\/\"},\"author\":{\"name\":\"Gerald Koll\",\"@id\":\"https:\/\/der-goldene-fisch.de\/ping\/#\/schema\/person\/b4cb2b531063dfc4a80c1893365b7faf\"},\"headline\":\"Das f\u00fcnfzigste Jahr (75\/76\/77)\",\"datePublished\":\"2016-10-06T11:51:07+00:00\",\"dateModified\":\"2016-10-06T11:51:07+00:00\",\"mainEntityOfPage\":{\"@id\":\"https:\/\/der-goldene-fisch.de\/ping\/das-fuenfzigste-jahr-757677\/\"},\"wordCount\":523,\"commentCount\":0,\"publisher\":{\"@id\":\"https:\/\/der-goldene-fisch.de\/ping\/#\/schema\/person\/c415140d7348926844a49b29cc105aa4\"},\"articleSection\":[\"a\"],\"inLanguage\":\"de\",\"potentialAction\":[{\"@type\":\"CommentAction\",\"name\":\"Comment\",\"target\":[\"https:\/\/der-goldene-fisch.de\/ping\/das-fuenfzigste-jahr-757677\/#respond\"]}]},{\"@type\":\"WebPage\",\"@id\":\"https:\/\/der-goldene-fisch.de\/ping\/das-fuenfzigste-jahr-757677\/\",\"url\":\"https:\/\/der-goldene-fisch.de\/ping\/das-fuenfzigste-jahr-757677\/\",\"name\":\"Das f\u00fcnfzigste Jahr (75\/76\/77) - der goldene fisch\",\"isPartOf\":{\"@id\":\"https:\/\/der-goldene-fisch.de\/ping\/#website\"},\"datePublished\":\"2016-10-06T11:51:07+00:00\",\"dateModified\":\"2016-10-06T11:51:07+00:00\",\"breadcrumb\":{\"@id\":\"https:\/\/der-goldene-fisch.de\/ping\/das-fuenfzigste-jahr-757677\/#breadcrumb\"},\"inLanguage\":\"de\",\"potentialAction\":[{\"@type\":\"ReadAction\",\"target\":[\"https:\/\/der-goldene-fisch.de\/ping\/das-fuenfzigste-jahr-757677\/\"]}]},{\"@type\":\"BreadcrumbList\",\"@id\":\"https:\/\/der-goldene-fisch.de\/ping\/das-fuenfzigste-jahr-757677\/#breadcrumb\",\"itemListElement\":[{\"@type\":\"ListItem\",\"position\":1,\"name\":\"Startseite\",\"item\":\"https:\/\/der-goldene-fisch.de\/ping\/\"},{\"@type\":\"ListItem\",\"position\":2,\"name\":\"Das f\u00fcnfzigste Jahr (75\/76\/77)\"}]},{\"@type\":\"WebSite\",\"@id\":\"https:\/\/der-goldene-fisch.de\/ping\/#website\",\"url\":\"https:\/\/der-goldene-fisch.de\/ping\/\",\"name\":\"der goldene fisch\",\"description\":\"\",\"publisher\":{\"@id\":\"https:\/\/der-goldene-fisch.de\/ping\/#\/schema\/person\/c415140d7348926844a49b29cc105aa4\"},\"potentialAction\":[{\"@type\":\"SearchAction\",\"target\":{\"@type\":\"EntryPoint\",\"urlTemplate\":\"https:\/\/der-goldene-fisch.de\/ping\/?s={search_term_string}\"},\"query-input\":{\"@type\":\"PropertyValueSpecification\",\"valueRequired\":true,\"valueName\":\"search_term_string\"}}],\"inLanguage\":\"de\"},{\"@type\":[\"Person\",\"Organization\"],\"@id\":\"https:\/\/der-goldene-fisch.de\/ping\/#\/schema\/person\/c415140d7348926844a49b29cc105aa4\",\"name\":\"Andreas Louis Seyerlein\",\"image\":{\"@type\":\"ImageObject\",\"inLanguage\":\"de\",\"@id\":\"https:\/\/der-goldene-fisch.de\/ping\/#\/schema\/person\/image\/\",\"url\":\"https:\/\/secure.gravatar.com\/avatar\/d233a6eb5d99a83abb911b2d89ddf42e?s=96&d=mm&r=g\",\"contentUrl\":\"https:\/\/secure.gravatar.com\/avatar\/d233a6eb5d99a83abb911b2d89ddf42e?s=96&d=mm&r=g\",\"caption\":\"Andreas Louis Seyerlein\"},\"logo\":{\"@id\":\"https:\/\/der-goldene-fisch.de\/ping\/#\/schema\/person\/image\/\"},\"sameAs\":[\"http:\/\/\"]},{\"@type\":\"Person\",\"@id\":\"https:\/\/der-goldene-fisch.de\/ping\/#\/schema\/person\/b4cb2b531063dfc4a80c1893365b7faf\",\"name\":\"Gerald Koll\",\"image\":{\"@type\":\"ImageObject\",\"inLanguage\":\"de\",\"@id\":\"https:\/\/der-goldene-fisch.de\/ping\/#\/schema\/person\/image\/\",\"url\":\"https:\/\/secure.gravatar.com\/avatar\/494c3ef1389ba6e021d9cac11e0c4e81?s=96&d=mm&r=g\",\"contentUrl\":\"https:\/\/secure.gravatar.com\/avatar\/494c3ef1389ba6e021d9cac11e0c4e81?s=96&d=mm&r=g\",\"caption\":\"Gerald Koll\"},\"sameAs\":[\"http:\/\/www.geraldkoll.de\"],\"url\":\"https:\/\/der-goldene-fisch.de\/ping\/author\/gerald667\/\"}]}<\/script>\n<!-- \/ Yoast SEO plugin. -->","yoast_head_json":{"title":"Das f\u00fcnfzigste Jahr (75\/76\/77) - der goldene fisch","robots":{"index":"index","follow":"follow","max-snippet":"max-snippet:-1","max-image-preview":"max-image-preview:large","max-video-preview":"max-video-preview:-1"},"canonical":"https:\/\/der-goldene-fisch.de\/ping\/das-fuenfzigste-jahr-757677\/","og_locale":"de_DE","og_type":"article","og_title":"Das f\u00fcnfzigste Jahr (75\/76\/77) - der goldene fisch","og_description":"19. September 2015, ein Sonnabend Still Alice hinterlie\u00df in mir eine satte Angst vor Krankheiten, die mich rettungslos verbl\u00f6den lassen. Reizvoll aber doch: als biologische Konsequenz sozialer Schwundstufe. Die Nachricht der Baugenossenschaft, ich m\u00f6ge bitte n\u00e4chsten Freitag den Untermietvertrag mitbringen, l\u00e4sst aufhorchen. Wenn sie wieder Steine in den Weg legen und der Umzug verschoben werden [&hellip;]","og_url":"https:\/\/der-goldene-fisch.de\/ping\/das-fuenfzigste-jahr-757677\/","og_site_name":"der goldene fisch","article_published_time":"2016-10-06T11:51:07+00:00","author":"Gerald Koll","twitter_card":"summary_large_image","twitter_misc":{"Verfasst von":"Gerald Koll","Gesch\u00e4tzte Lesezeit":"3 Minuten"},"schema":{"@context":"https:\/\/schema.org","@graph":[{"@type":"Article","@id":"https:\/\/der-goldene-fisch.de\/ping\/das-fuenfzigste-jahr-757677\/#article","isPartOf":{"@id":"https:\/\/der-goldene-fisch.de\/ping\/das-fuenfzigste-jahr-757677\/"},"author":{"name":"Gerald Koll","@id":"https:\/\/der-goldene-fisch.de\/ping\/#\/schema\/person\/b4cb2b531063dfc4a80c1893365b7faf"},"headline":"Das f\u00fcnfzigste Jahr (75\/76\/77)","datePublished":"2016-10-06T11:51:07+00:00","dateModified":"2016-10-06T11:51:07+00:00","mainEntityOfPage":{"@id":"https:\/\/der-goldene-fisch.de\/ping\/das-fuenfzigste-jahr-757677\/"},"wordCount":523,"commentCount":0,"publisher":{"@id":"https:\/\/der-goldene-fisch.de\/ping\/#\/schema\/person\/c415140d7348926844a49b29cc105aa4"},"articleSection":["a"],"inLanguage":"de","potentialAction":[{"@type":"CommentAction","name":"Comment","target":["https:\/\/der-goldene-fisch.de\/ping\/das-fuenfzigste-jahr-757677\/#respond"]}]},{"@type":"WebPage","@id":"https:\/\/der-goldene-fisch.de\/ping\/das-fuenfzigste-jahr-757677\/","url":"https:\/\/der-goldene-fisch.de\/ping\/das-fuenfzigste-jahr-757677\/","name":"Das f\u00fcnfzigste Jahr (75\/76\/77) - der goldene fisch","isPartOf":{"@id":"https:\/\/der-goldene-fisch.de\/ping\/#website"},"datePublished":"2016-10-06T11:51:07+00:00","dateModified":"2016-10-06T11:51:07+00:00","breadcrumb":{"@id":"https:\/\/der-goldene-fisch.de\/ping\/das-fuenfzigste-jahr-757677\/#breadcrumb"},"inLanguage":"de","potentialAction":[{"@type":"ReadAction","target":["https:\/\/der-goldene-fisch.de\/ping\/das-fuenfzigste-jahr-757677\/"]}]},{"@type":"BreadcrumbList","@id":"https:\/\/der-goldene-fisch.de\/ping\/das-fuenfzigste-jahr-757677\/#breadcrumb","itemListElement":[{"@type":"ListItem","position":1,"name":"Startseite","item":"https:\/\/der-goldene-fisch.de\/ping\/"},{"@type":"ListItem","position":2,"name":"Das f\u00fcnfzigste Jahr (75\/76\/77)"}]},{"@type":"WebSite","@id":"https:\/\/der-goldene-fisch.de\/ping\/#website","url":"https:\/\/der-goldene-fisch.de\/ping\/","name":"der goldene fisch","description":"","publisher":{"@id":"https:\/\/der-goldene-fisch.de\/ping\/#\/schema\/person\/c415140d7348926844a49b29cc105aa4"},"potentialAction":[{"@type":"SearchAction","target":{"@type":"EntryPoint","urlTemplate":"https:\/\/der-goldene-fisch.de\/ping\/?s={search_term_string}"},"query-input":{"@type":"PropertyValueSpecification","valueRequired":true,"valueName":"search_term_string"}}],"inLanguage":"de"},{"@type":["Person","Organization"],"@id":"https:\/\/der-goldene-fisch.de\/ping\/#\/schema\/person\/c415140d7348926844a49b29cc105aa4","name":"Andreas Louis Seyerlein","image":{"@type":"ImageObject","inLanguage":"de","@id":"https:\/\/der-goldene-fisch.de\/ping\/#\/schema\/person\/image\/","url":"https:\/\/secure.gravatar.com\/avatar\/d233a6eb5d99a83abb911b2d89ddf42e?s=96&d=mm&r=g","contentUrl":"https:\/\/secure.gravatar.com\/avatar\/d233a6eb5d99a83abb911b2d89ddf42e?s=96&d=mm&r=g","caption":"Andreas Louis Seyerlein"},"logo":{"@id":"https:\/\/der-goldene-fisch.de\/ping\/#\/schema\/person\/image\/"},"sameAs":["http:\/\/"]},{"@type":"Person","@id":"https:\/\/der-goldene-fisch.de\/ping\/#\/schema\/person\/b4cb2b531063dfc4a80c1893365b7faf","name":"Gerald Koll","image":{"@type":"ImageObject","inLanguage":"de","@id":"https:\/\/der-goldene-fisch.de\/ping\/#\/schema\/person\/image\/","url":"https:\/\/secure.gravatar.com\/avatar\/494c3ef1389ba6e021d9cac11e0c4e81?s=96&d=mm&r=g","contentUrl":"https:\/\/secure.gravatar.com\/avatar\/494c3ef1389ba6e021d9cac11e0c4e81?s=96&d=mm&r=g","caption":"Gerald Koll"},"sameAs":["http:\/\/www.geraldkoll.de"],"url":"https:\/\/der-goldene-fisch.de\/ping\/author\/gerald667\/"}]}},"jetpack_featured_media_url":"","jetpack_sharing_enabled":true,"jetpack_shortlink":"https:\/\/wp.me\/pxsFY-2Fz","_links":{"self":[{"href":"https:\/\/der-goldene-fisch.de\/ping\/wp-json\/wp\/v2\/posts\/10265","targetHints":{"allow":["GET"]}}],"collection":[{"href":"https:\/\/der-goldene-fisch.de\/ping\/wp-json\/wp\/v2\/posts"}],"about":[{"href":"https:\/\/der-goldene-fisch.de\/ping\/wp-json\/wp\/v2\/types\/post"}],"author":[{"embeddable":true,"href":"https:\/\/der-goldene-fisch.de\/ping\/wp-json\/wp\/v2\/users\/10"}],"replies":[{"embeddable":true,"href":"https:\/\/der-goldene-fisch.de\/ping\/wp-json\/wp\/v2\/comments?post=10265"}],"version-history":[{"count":0,"href":"https:\/\/der-goldene-fisch.de\/ping\/wp-json\/wp\/v2\/posts\/10265\/revisions"}],"wp:attachment":[{"href":"https:\/\/der-goldene-fisch.de\/ping\/wp-json\/wp\/v2\/media?parent=10265"}],"wp:term":[{"taxonomy":"category","embeddable":true,"href":"https:\/\/der-goldene-fisch.de\/ping\/wp-json\/wp\/v2\/categories?post=10265"},{"taxonomy":"post_tag","embeddable":true,"href":"https:\/\/der-goldene-fisch.de\/ping\/wp-json\/wp\/v2\/tags?post=10265"}],"curies":[{"name":"wp","href":"https:\/\/api.w.org\/{rel}","templated":true}]}}