{"id":10273,"date":"2016-10-07T02:46:50","date_gmt":"2016-10-07T01:46:50","guid":{"rendered":"http:\/\/der-goldene-fisch.de\/ping\/?p=10273"},"modified":"2016-10-07T02:46:50","modified_gmt":"2016-10-07T01:46:50","slug":"das-fuenfzigste-jahr-7879","status":"publish","type":"post","link":"https:\/\/der-goldene-fisch.de\/ping\/das-fuenfzigste-jahr-7879\/","title":{"rendered":"Das f\u00fcnfzigste Jahr (78\/79)"},"content":{"rendered":"<p><strong>25. September 2015, <\/strong><strong>ein Freitag<\/strong><\/p>\n<p>Gestern Morgen von Ahrenshoop zur\u00fcck nach Berlin. Ein desolater Urlaub bei allem Bem\u00fchen. Das Bem\u00fchen machte alles vielleicht noch schlimmer, noch verzweifelter. Die B\u00f6sartigkeiten und Feindseligkeiten schmieden sich in die eiserne Kette dieses Jahres.<\/p>\n<p>Gestern noch alle Umzugsvorbereitungen zur\u00fcckgefahren.<\/p>\n<p><strong>01. Oktober, <\/strong><strong>ein Donnerstag<\/strong><\/p>\n<p>Mit Hellmuth Karasek starb gestern wieder mal ein virtueller Begleiter des literarischen Lebens. Gestern auch schloss ich Nietzsches\u00a0<em>Also sprach Zarathustra<\/em> ab &#8211; eine Erleichterung nach diesem irgendwie ja schrecklichen Buch. Endlich wieder Proust.<\/p>\n<p>Da hole ich gestern mein Fahrrad von der Reparaturwerkstatt, und auf der ersten Tour kriegt es einen Platten (genau dasselbe passierte nach der Reparatur im August, und da frage ich mich doch, ob &#8222;ostrad&#8220; wirklich so eine empfehlenswerte Werkstatt ist). Das geschah auf der R\u00fcckfahrt vom Dojo etwa in H\u00f6he Jannowitzbr\u00fccke. Ich schob das Rad unschl\u00fcssig eine Weile hin und her, bis ich endlich entschied, es abzuschlie\u00dfen und mit der U-Bahn nach Hause zu fahren. (Mist: Im Fahrkartenautomaten lie\u00df ich meine EC-Karte stecken.) In der U-Bahn bekam ich eine SMS von I., ich m\u00f6ge ihr den geliehenen Memory-Stick bitte pers\u00f6nlich geben und nicht ins Dojo legen &#8211; wo ich ihn allerdings bereits deponiert hatte &#8230; also nach Hause, ins Auto, mit dem Auto ins Dojo, Memory Stick einsammeln, mit dem Auto zur Jannowitzbr\u00fccke, Fahrrad in den Kofferraum wuchten, mit offener Heckklappe (genau wie im August) durch die Stadt zur Werkstatt, Rad anketten und mit dem Auto nach Hause.<\/p>\n<p>Mein neues Hobby: der Geburtstag des Aikidoka K. Heute Abend steigt zu seinen Ehren unsere dojo-interne Ultrawohlf\u00fchl-Zeremonie, und weil ich wenig Besseres zu tun hatte (der Artikel ist l\u00e4ngst abgeschickt, aber die FAZ meldet sich nicht), schrieb ich ein Huldigungs-Gedicht. Ich bin ein hoffnungsloser Hineinsteiger, in alles muss ich mich immer hineinsteigern, in jedes Projekt, jede Schrulle, jede Liebe, jede Feindschaft, jeden Berg muss ich mich hineinsteigern und klettere dort, wo andere nicht mehr mitwollen. Apropos: Gestalt angenommen haben Pl\u00e4ne f\u00fcr einen gr\u00f6\u00dferen Trekking-Urlaub in Peru: also die Anden. Sehr sch\u00f6ne Touren gibt es da. Mal pr\u00fcfen, ob ich die H\u00f6hen aushalte.<\/p>\n<p>Ansonsten ist gerade der <em>Alpen-Galopp<\/em> fertig, eine Foto-Film-Montage zur Alpenwanderung mit dem musikalischen &#8218;Schnellzugs-Galopp&#8216; der Ersten Fr\u00e4nkischen Bauernkapelle.<\/p>\n<p>Leider macht die Montage nicht so viel Spa\u00df. Die Au\u00dfentemperatur sinkt. Die 18\u00b0C sind nicht gerade Frost, aber kuschelig sind sie auch nicht, wenn man nur am Schreibtisch sitzt und keine Kohlen mehr f\u00fcr den Ofen hat. Elektronische Nachfragen bei der Genossenschaft bez\u00fcglich der Wohnung werden nicht beantwortet. Und da ist B., der Irre aus dem 1. Stock, den vorgestern vor der Haust\u00fcr die Idee \u00fcberkam, er und ich k\u00f6nnten uns doch eine Wohnung teilen &#8211; er selbst sei ja dauernd in Barcelona. Dieser Wahnsinnige! Allein diese Idee in die Welt zu setzen, l\u00e4sst mir den Angstschwei\u00df auf die Stirn treten. Nicht auszudenken, er fixt die Genossenschaft mit diesem Irrsinn an.<\/p>\n<p>Ich bin gespannt, was passiert, wenn diese dauernde Anspannung durch Umzug und Krankenkassenwechsel abf\u00e4llt. Wahrscheinlich werde ich sofort krank. Die Familie scheint, so weit ich h\u00f6re, derzeit nicht bei bester Gesundheit zu sein: Schwester U. soll in der Firma einen Nervenzusammenbruch gehabt haben &#8211; also dasselbe wie vor einem Jahr. Ihren l\u00e4dierten Knien geht es langsam besser. Den Knien der Schwester S. eher nicht. Und Neffe M. hat am After einen \u00e4tzenden Abszess, der in zwei Schritten weggeschnitten werden muss. Das Koll-Genom ist eine Selbstzerst\u00f6rungsanlage.<\/p>\n<p>Mutti erz\u00e4hlte mir am Telefon von der Gettorferin Frau H., die w\u00e4hrend Muttis aktiver Zeit als Gymnastik-Lehrerin keine besonders freundliche Rolle gespielt habe und k\u00fcrzlich den Begr\u00e4bniswald aufsuchte, wo ja auch die Kolls ihr B\u00e4umchen reserviert haben. Dort hat man einen sch\u00f6nen Blick aufs Meer. Ihn genoss auch Frau H., st\u00fcrzte allerdings dabei von der Steilk\u00fcste zu Tode.<\/p>\n<p>Drau\u00dfen vor der Espresso-Bar h\u00f6rte ich einen Passanten telefonieren: &#8222;Ja &#8230; T\u00f6pfe hab&#8216; ick &#8230; ja, Formalin och, den Leichen\u00fcberweisungsschein och &#8230; hab ick, alles klar!&#8220;<\/p>\n<p><em> <\/em><\/p>\n","protected":false},"excerpt":{"rendered":"<p>25. September 2015, ein Freitag Gestern Morgen von Ahrenshoop zur\u00fcck nach Berlin. Ein desolater Urlaub bei allem Bem\u00fchen. Das Bem\u00fchen machte alles vielleicht noch schlimmer, noch verzweifelter. Die B\u00f6sartigkeiten und Feindseligkeiten schmieden sich in die eiserne Kette dieses Jahres. Gestern noch alle Umzugsvorbereitungen zur\u00fcckgefahren. 01. Oktober, ein Donnerstag Mit Hellmuth Karasek starb gestern wieder mal [&hellip;]<\/p>\n","protected":false},"author":10,"featured_media":0,"comment_status":"open","ping_status":"open","sticky":false,"template":"","format":"standard","meta":{"jetpack_post_was_ever_published":false,"_jetpack_newsletter_access":"","_jetpack_dont_email_post_to_subs":false,"_jetpack_newsletter_tier_id":0,"_jetpack_memberships_contains_paywalled_content":false,"_jetpack_memberships_contains_paid_content":false,"footnotes":"","jetpack_publicize_message":"","jetpack_publicize_feature_enabled":true,"jetpack_social_post_already_shared":false,"jetpack_social_options":{"image_generator_settings":{"template":"highway","enabled":false},"version":2}},"categories":[85],"tags":[],"class_list":["post-10273","post","type-post","status-publish","format-standard","hentry","category-a"],"jetpack_publicize_connections":[],"yoast_head":"<!-- This site is optimized with the Yoast SEO plugin v24.0 - https:\/\/yoast.com\/wordpress\/plugins\/seo\/ -->\n<title>Das f\u00fcnfzigste Jahr (78\/79) - der goldene fisch<\/title>\n<meta name=\"robots\" content=\"index, follow, max-snippet:-1, max-image-preview:large, max-video-preview:-1\" \/>\n<link rel=\"canonical\" href=\"https:\/\/der-goldene-fisch.de\/ping\/das-fuenfzigste-jahr-7879\/\" \/>\n<meta property=\"og:locale\" content=\"de_DE\" \/>\n<meta property=\"og:type\" content=\"article\" \/>\n<meta property=\"og:title\" content=\"Das f\u00fcnfzigste Jahr (78\/79) - der goldene fisch\" \/>\n<meta property=\"og:description\" content=\"25. September 2015, ein Freitag Gestern Morgen von Ahrenshoop zur\u00fcck nach Berlin. Ein desolater Urlaub bei allem Bem\u00fchen. Das Bem\u00fchen machte alles vielleicht noch schlimmer, noch verzweifelter. Die B\u00f6sartigkeiten und Feindseligkeiten schmieden sich in die eiserne Kette dieses Jahres. Gestern noch alle Umzugsvorbereitungen zur\u00fcckgefahren. 01. Oktober, ein Donnerstag Mit Hellmuth Karasek starb gestern wieder mal [&hellip;]\" \/>\n<meta property=\"og:url\" content=\"https:\/\/der-goldene-fisch.de\/ping\/das-fuenfzigste-jahr-7879\/\" \/>\n<meta property=\"og:site_name\" content=\"der goldene fisch\" \/>\n<meta property=\"article:published_time\" content=\"2016-10-07T01:46:50+00:00\" \/>\n<meta name=\"author\" content=\"Gerald Koll\" \/>\n<meta name=\"twitter:card\" content=\"summary_large_image\" \/>\n<meta name=\"twitter:label1\" content=\"Verfasst von\" \/>\n\t<meta name=\"twitter:data1\" content=\"Gerald Koll\" \/>\n\t<meta name=\"twitter:label2\" content=\"Gesch\u00e4tzte Lesezeit\" \/>\n\t<meta name=\"twitter:data2\" content=\"3 Minuten\" \/>\n<script type=\"application\/ld+json\" class=\"yoast-schema-graph\">{\"@context\":\"https:\/\/schema.org\",\"@graph\":[{\"@type\":\"Article\",\"@id\":\"https:\/\/der-goldene-fisch.de\/ping\/das-fuenfzigste-jahr-7879\/#article\",\"isPartOf\":{\"@id\":\"https:\/\/der-goldene-fisch.de\/ping\/das-fuenfzigste-jahr-7879\/\"},\"author\":{\"name\":\"Gerald Koll\",\"@id\":\"https:\/\/der-goldene-fisch.de\/ping\/#\/schema\/person\/b4cb2b531063dfc4a80c1893365b7faf\"},\"headline\":\"Das f\u00fcnfzigste Jahr (78\/79)\",\"datePublished\":\"2016-10-07T01:46:50+00:00\",\"dateModified\":\"2016-10-07T01:46:50+00:00\",\"mainEntityOfPage\":{\"@id\":\"https:\/\/der-goldene-fisch.de\/ping\/das-fuenfzigste-jahr-7879\/\"},\"wordCount\":680,\"commentCount\":0,\"publisher\":{\"@id\":\"https:\/\/der-goldene-fisch.de\/ping\/#\/schema\/person\/c415140d7348926844a49b29cc105aa4\"},\"articleSection\":[\"a\"],\"inLanguage\":\"de\",\"potentialAction\":[{\"@type\":\"CommentAction\",\"name\":\"Comment\",\"target\":[\"https:\/\/der-goldene-fisch.de\/ping\/das-fuenfzigste-jahr-7879\/#respond\"]}]},{\"@type\":\"WebPage\",\"@id\":\"https:\/\/der-goldene-fisch.de\/ping\/das-fuenfzigste-jahr-7879\/\",\"url\":\"https:\/\/der-goldene-fisch.de\/ping\/das-fuenfzigste-jahr-7879\/\",\"name\":\"Das f\u00fcnfzigste Jahr (78\/79) - der goldene fisch\",\"isPartOf\":{\"@id\":\"https:\/\/der-goldene-fisch.de\/ping\/#website\"},\"datePublished\":\"2016-10-07T01:46:50+00:00\",\"dateModified\":\"2016-10-07T01:46:50+00:00\",\"breadcrumb\":{\"@id\":\"https:\/\/der-goldene-fisch.de\/ping\/das-fuenfzigste-jahr-7879\/#breadcrumb\"},\"inLanguage\":\"de\",\"potentialAction\":[{\"@type\":\"ReadAction\",\"target\":[\"https:\/\/der-goldene-fisch.de\/ping\/das-fuenfzigste-jahr-7879\/\"]}]},{\"@type\":\"BreadcrumbList\",\"@id\":\"https:\/\/der-goldene-fisch.de\/ping\/das-fuenfzigste-jahr-7879\/#breadcrumb\",\"itemListElement\":[{\"@type\":\"ListItem\",\"position\":1,\"name\":\"Startseite\",\"item\":\"https:\/\/der-goldene-fisch.de\/ping\/\"},{\"@type\":\"ListItem\",\"position\":2,\"name\":\"Das f\u00fcnfzigste Jahr (78\/79)\"}]},{\"@type\":\"WebSite\",\"@id\":\"https:\/\/der-goldene-fisch.de\/ping\/#website\",\"url\":\"https:\/\/der-goldene-fisch.de\/ping\/\",\"name\":\"der goldene fisch\",\"description\":\"\",\"publisher\":{\"@id\":\"https:\/\/der-goldene-fisch.de\/ping\/#\/schema\/person\/c415140d7348926844a49b29cc105aa4\"},\"potentialAction\":[{\"@type\":\"SearchAction\",\"target\":{\"@type\":\"EntryPoint\",\"urlTemplate\":\"https:\/\/der-goldene-fisch.de\/ping\/?s={search_term_string}\"},\"query-input\":{\"@type\":\"PropertyValueSpecification\",\"valueRequired\":true,\"valueName\":\"search_term_string\"}}],\"inLanguage\":\"de\"},{\"@type\":[\"Person\",\"Organization\"],\"@id\":\"https:\/\/der-goldene-fisch.de\/ping\/#\/schema\/person\/c415140d7348926844a49b29cc105aa4\",\"name\":\"Andreas Louis Seyerlein\",\"image\":{\"@type\":\"ImageObject\",\"inLanguage\":\"de\",\"@id\":\"https:\/\/der-goldene-fisch.de\/ping\/#\/schema\/person\/image\/\",\"url\":\"https:\/\/secure.gravatar.com\/avatar\/d233a6eb5d99a83abb911b2d89ddf42e?s=96&d=mm&r=g\",\"contentUrl\":\"https:\/\/secure.gravatar.com\/avatar\/d233a6eb5d99a83abb911b2d89ddf42e?s=96&d=mm&r=g\",\"caption\":\"Andreas Louis Seyerlein\"},\"logo\":{\"@id\":\"https:\/\/der-goldene-fisch.de\/ping\/#\/schema\/person\/image\/\"},\"sameAs\":[\"http:\/\/\"]},{\"@type\":\"Person\",\"@id\":\"https:\/\/der-goldene-fisch.de\/ping\/#\/schema\/person\/b4cb2b531063dfc4a80c1893365b7faf\",\"name\":\"Gerald Koll\",\"image\":{\"@type\":\"ImageObject\",\"inLanguage\":\"de\",\"@id\":\"https:\/\/der-goldene-fisch.de\/ping\/#\/schema\/person\/image\/\",\"url\":\"https:\/\/secure.gravatar.com\/avatar\/494c3ef1389ba6e021d9cac11e0c4e81?s=96&d=mm&r=g\",\"contentUrl\":\"https:\/\/secure.gravatar.com\/avatar\/494c3ef1389ba6e021d9cac11e0c4e81?s=96&d=mm&r=g\",\"caption\":\"Gerald Koll\"},\"sameAs\":[\"http:\/\/www.geraldkoll.de\"],\"url\":\"https:\/\/der-goldene-fisch.de\/ping\/author\/gerald667\/\"}]}<\/script>\n<!-- \/ Yoast SEO plugin. -->","yoast_head_json":{"title":"Das f\u00fcnfzigste Jahr (78\/79) - der goldene fisch","robots":{"index":"index","follow":"follow","max-snippet":"max-snippet:-1","max-image-preview":"max-image-preview:large","max-video-preview":"max-video-preview:-1"},"canonical":"https:\/\/der-goldene-fisch.de\/ping\/das-fuenfzigste-jahr-7879\/","og_locale":"de_DE","og_type":"article","og_title":"Das f\u00fcnfzigste Jahr (78\/79) - der goldene fisch","og_description":"25. September 2015, ein Freitag Gestern Morgen von Ahrenshoop zur\u00fcck nach Berlin. Ein desolater Urlaub bei allem Bem\u00fchen. Das Bem\u00fchen machte alles vielleicht noch schlimmer, noch verzweifelter. Die B\u00f6sartigkeiten und Feindseligkeiten schmieden sich in die eiserne Kette dieses Jahres. Gestern noch alle Umzugsvorbereitungen zur\u00fcckgefahren. 01. Oktober, ein Donnerstag Mit Hellmuth Karasek starb gestern wieder mal [&hellip;]","og_url":"https:\/\/der-goldene-fisch.de\/ping\/das-fuenfzigste-jahr-7879\/","og_site_name":"der goldene fisch","article_published_time":"2016-10-07T01:46:50+00:00","author":"Gerald Koll","twitter_card":"summary_large_image","twitter_misc":{"Verfasst von":"Gerald Koll","Gesch\u00e4tzte Lesezeit":"3 Minuten"},"schema":{"@context":"https:\/\/schema.org","@graph":[{"@type":"Article","@id":"https:\/\/der-goldene-fisch.de\/ping\/das-fuenfzigste-jahr-7879\/#article","isPartOf":{"@id":"https:\/\/der-goldene-fisch.de\/ping\/das-fuenfzigste-jahr-7879\/"},"author":{"name":"Gerald Koll","@id":"https:\/\/der-goldene-fisch.de\/ping\/#\/schema\/person\/b4cb2b531063dfc4a80c1893365b7faf"},"headline":"Das f\u00fcnfzigste Jahr (78\/79)","datePublished":"2016-10-07T01:46:50+00:00","dateModified":"2016-10-07T01:46:50+00:00","mainEntityOfPage":{"@id":"https:\/\/der-goldene-fisch.de\/ping\/das-fuenfzigste-jahr-7879\/"},"wordCount":680,"commentCount":0,"publisher":{"@id":"https:\/\/der-goldene-fisch.de\/ping\/#\/schema\/person\/c415140d7348926844a49b29cc105aa4"},"articleSection":["a"],"inLanguage":"de","potentialAction":[{"@type":"CommentAction","name":"Comment","target":["https:\/\/der-goldene-fisch.de\/ping\/das-fuenfzigste-jahr-7879\/#respond"]}]},{"@type":"WebPage","@id":"https:\/\/der-goldene-fisch.de\/ping\/das-fuenfzigste-jahr-7879\/","url":"https:\/\/der-goldene-fisch.de\/ping\/das-fuenfzigste-jahr-7879\/","name":"Das f\u00fcnfzigste Jahr (78\/79) - der goldene fisch","isPartOf":{"@id":"https:\/\/der-goldene-fisch.de\/ping\/#website"},"datePublished":"2016-10-07T01:46:50+00:00","dateModified":"2016-10-07T01:46:50+00:00","breadcrumb":{"@id":"https:\/\/der-goldene-fisch.de\/ping\/das-fuenfzigste-jahr-7879\/#breadcrumb"},"inLanguage":"de","potentialAction":[{"@type":"ReadAction","target":["https:\/\/der-goldene-fisch.de\/ping\/das-fuenfzigste-jahr-7879\/"]}]},{"@type":"BreadcrumbList","@id":"https:\/\/der-goldene-fisch.de\/ping\/das-fuenfzigste-jahr-7879\/#breadcrumb","itemListElement":[{"@type":"ListItem","position":1,"name":"Startseite","item":"https:\/\/der-goldene-fisch.de\/ping\/"},{"@type":"ListItem","position":2,"name":"Das f\u00fcnfzigste Jahr (78\/79)"}]},{"@type":"WebSite","@id":"https:\/\/der-goldene-fisch.de\/ping\/#website","url":"https:\/\/der-goldene-fisch.de\/ping\/","name":"der goldene fisch","description":"","publisher":{"@id":"https:\/\/der-goldene-fisch.de\/ping\/#\/schema\/person\/c415140d7348926844a49b29cc105aa4"},"potentialAction":[{"@type":"SearchAction","target":{"@type":"EntryPoint","urlTemplate":"https:\/\/der-goldene-fisch.de\/ping\/?s={search_term_string}"},"query-input":{"@type":"PropertyValueSpecification","valueRequired":true,"valueName":"search_term_string"}}],"inLanguage":"de"},{"@type":["Person","Organization"],"@id":"https:\/\/der-goldene-fisch.de\/ping\/#\/schema\/person\/c415140d7348926844a49b29cc105aa4","name":"Andreas Louis Seyerlein","image":{"@type":"ImageObject","inLanguage":"de","@id":"https:\/\/der-goldene-fisch.de\/ping\/#\/schema\/person\/image\/","url":"https:\/\/secure.gravatar.com\/avatar\/d233a6eb5d99a83abb911b2d89ddf42e?s=96&d=mm&r=g","contentUrl":"https:\/\/secure.gravatar.com\/avatar\/d233a6eb5d99a83abb911b2d89ddf42e?s=96&d=mm&r=g","caption":"Andreas Louis Seyerlein"},"logo":{"@id":"https:\/\/der-goldene-fisch.de\/ping\/#\/schema\/person\/image\/"},"sameAs":["http:\/\/"]},{"@type":"Person","@id":"https:\/\/der-goldene-fisch.de\/ping\/#\/schema\/person\/b4cb2b531063dfc4a80c1893365b7faf","name":"Gerald Koll","image":{"@type":"ImageObject","inLanguage":"de","@id":"https:\/\/der-goldene-fisch.de\/ping\/#\/schema\/person\/image\/","url":"https:\/\/secure.gravatar.com\/avatar\/494c3ef1389ba6e021d9cac11e0c4e81?s=96&d=mm&r=g","contentUrl":"https:\/\/secure.gravatar.com\/avatar\/494c3ef1389ba6e021d9cac11e0c4e81?s=96&d=mm&r=g","caption":"Gerald Koll"},"sameAs":["http:\/\/www.geraldkoll.de"],"url":"https:\/\/der-goldene-fisch.de\/ping\/author\/gerald667\/"}]}},"jetpack_featured_media_url":"","jetpack_sharing_enabled":true,"jetpack_shortlink":"https:\/\/wp.me\/pxsFY-2FH","_links":{"self":[{"href":"https:\/\/der-goldene-fisch.de\/ping\/wp-json\/wp\/v2\/posts\/10273","targetHints":{"allow":["GET"]}}],"collection":[{"href":"https:\/\/der-goldene-fisch.de\/ping\/wp-json\/wp\/v2\/posts"}],"about":[{"href":"https:\/\/der-goldene-fisch.de\/ping\/wp-json\/wp\/v2\/types\/post"}],"author":[{"embeddable":true,"href":"https:\/\/der-goldene-fisch.de\/ping\/wp-json\/wp\/v2\/users\/10"}],"replies":[{"embeddable":true,"href":"https:\/\/der-goldene-fisch.de\/ping\/wp-json\/wp\/v2\/comments?post=10273"}],"version-history":[{"count":0,"href":"https:\/\/der-goldene-fisch.de\/ping\/wp-json\/wp\/v2\/posts\/10273\/revisions"}],"wp:attachment":[{"href":"https:\/\/der-goldene-fisch.de\/ping\/wp-json\/wp\/v2\/media?parent=10273"}],"wp:term":[{"taxonomy":"category","embeddable":true,"href":"https:\/\/der-goldene-fisch.de\/ping\/wp-json\/wp\/v2\/categories?post=10273"},{"taxonomy":"post_tag","embeddable":true,"href":"https:\/\/der-goldene-fisch.de\/ping\/wp-json\/wp\/v2\/tags?post=10273"}],"curies":[{"name":"wp","href":"https:\/\/api.w.org\/{rel}","templated":true}]}}