{"id":10319,"date":"2016-10-15T12:36:00","date_gmt":"2016-10-15T11:36:00","guid":{"rendered":"http:\/\/der-goldene-fisch.de\/ping\/?p=10319"},"modified":"2016-10-15T12:36:00","modified_gmt":"2016-10-15T11:36:00","slug":"das-fuenfzigste-jahr-84","status":"publish","type":"post","link":"https:\/\/der-goldene-fisch.de\/ping\/das-fuenfzigste-jahr-84\/","title":{"rendered":"Das f\u00fcnfzigste Jahr (84)"},"content":{"rendered":"<p><strong>15. Oktober 2015, ein Donnerstag<\/strong><\/p>\n<p>Meine Psychosomatik wird ja immer empfindlicher. Kaum steht etwas bevor, geht es mir schlechter denn je. (So l\u00e4sst sich die Bew\u00e4ltigung des Bevorstehenden sehr viel glaubw\u00fcrdiger glorifizieren.) Gestern, als ich mich nach Brandenburg aufmachte, um meinen Film auf der <em>Arch\u00e4omediale<\/em> vorzustellen, begann schon beim Einsteigen ins Auto ein Ohrenrei\u00dfen. Ich dachte erst, das sei Duschwasserrest, aber es wurde immer schlimmer. Dazu die Erk\u00e4ltung. Was f\u00fcr Schwei\u00dfarten da zusammensickern. Gleich doch mal eine Propanolol einwerfen. Das reguliert denn doch enorm. Nur kann ich meine Au\u00dfenwirkung dann nicht mehr gut einsch\u00e4tzen. Bei der Fragerunde hinterher stellt niemand eine Frage au\u00dfer dem alten Film-Haudegen D., dessen langes Nuscheln in die spannende Frage nach dem Anlass des Films m\u00fcndet. &#8222;Nein, kein Anlass&#8220;, kopfsch\u00fcttle ich sediert und registriere dann aber doch die Au\u00dfenwirkung einer so unh\u00f6flichen Antwort.<\/p>\n<p>Dieser D.! Einer, der sich wirklich mit allen Hochetagen der Akademie und Politik anlegt und es sich mit ihnen verscherzt. Aber auch einer, der es schafft, f\u00fcr ein Festival ein Gru\u00dfwort zu schreiben, in dem er nur f\u00fcr seinen eigenen Film wirbt. 76! Und erz\u00e4hlt mir mit seinen 76 Jahren von seinen zehn Tagen im Keller dort bei Brandenburg, in den ersten Mai-Tagen 1945. Ein seltsamer Mann: gro\u00dfes Herz, alte Schule, tollk\u00fchn und tolldreist.<\/p>\n<p>Trotzdem miserable Nacht im Hotel. Zwischen halbdrei und vier Uhr wach gelegen und im Fernsehen Dokus \u00fcber den Allg\u00e4u und die asiatischen Hochgebirge gesehen. Die Putzluft verbot, das Fenster zu schlie\u00dfen. Der Verkehr verbot, das Fenster offen zu lassen. Dazu diese Rotzbeutel in den Naseninnenh\u00f6hlen, die immer zu jener Seite schwappen, auf der ich liege. Gr\u00e4sslich. Morgens Fr\u00fchst\u00fcck. Da ist man ja leider nie allein, sondern sofort mit den Anderen vom Festival zusammen. 10:15 Uhr zuhause.<\/p>\n<p>Auf mp3 geh\u00f6rt: Hubert Fichte. Auch so einer. Schaurige Stimme mit seiner Hamburger Pl\u00e4ttung. Aber dann ein Satz wie &#8222;Mach doch mal das Licht an, das iss so d\u00e4mmsig!&#8220; Au\u00dferdem ein Vorbild in Sachen Reisebeschreibung, Angstbeschreibung, Magiebeschreibung &#8211; manischer, konsequenter, abenteuerlicher, sammelw\u00fctiger, als ich es je sein k\u00f6nnte.<\/p>\n<p><strong> <\/strong><\/p>\n<p>Den ganzen Tag gepackt, geschraubt, demontiert. So weit gut vorbereitet f\u00fcr den Umzug. Fast schon beruhigend, dass jetzt, am Abend, die Stimme ziemlich weg ist und auch das Ohr sich zuweilen meldet &#8211; nicht alle k\u00f6rperlichen Symptome k\u00fcndigen von Lampenfieber vor sozialen Auftritten.<\/p>\n<p>Und gleichzeitig nat\u00fcrlich zum Kotzen: Nur weil die Genossenschaft fahrl\u00e4ssig (wenn nicht schlimmer) geschlampt hat, ging der Umzug nicht vor zwei Wochen bei herrlichem Sonnenschein und bester Gesundheit z\u00fcgig \u00fcber die B\u00fchne, sondern jetzt, bei Dauerregen, K\u00e4lte und Erk\u00e4ltung. Wer besorgt mir einen t\u00fcchtigen amerikanischen Anwalt?<\/p>\n","protected":false},"excerpt":{"rendered":"<p>15. Oktober 2015, ein Donnerstag Meine Psychosomatik wird ja immer empfindlicher. Kaum steht etwas bevor, geht es mir schlechter denn je. (So l\u00e4sst sich die Bew\u00e4ltigung des Bevorstehenden sehr viel glaubw\u00fcrdiger glorifizieren.) Gestern, als ich mich nach Brandenburg aufmachte, um meinen Film auf der Arch\u00e4omediale vorzustellen, begann schon beim Einsteigen ins Auto ein Ohrenrei\u00dfen. Ich [&hellip;]<\/p>\n","protected":false},"author":10,"featured_media":0,"comment_status":"open","ping_status":"open","sticky":false,"template":"","format":"standard","meta":{"jetpack_post_was_ever_published":false,"_jetpack_newsletter_access":"","_jetpack_dont_email_post_to_subs":false,"_jetpack_newsletter_tier_id":0,"_jetpack_memberships_contains_paywalled_content":false,"_jetpack_memberships_contains_paid_content":false,"footnotes":"","jetpack_publicize_message":"","jetpack_publicize_feature_enabled":true,"jetpack_social_post_already_shared":false,"jetpack_social_options":{"image_generator_settings":{"template":"highway","enabled":false},"version":2}},"categories":[85],"tags":[],"class_list":["post-10319","post","type-post","status-publish","format-standard","hentry","category-a"],"jetpack_publicize_connections":[],"yoast_head":"<!-- This site is optimized with the Yoast SEO plugin v24.0 - https:\/\/yoast.com\/wordpress\/plugins\/seo\/ -->\n<title>Das f\u00fcnfzigste Jahr (84) - der goldene fisch<\/title>\n<meta name=\"robots\" content=\"index, follow, max-snippet:-1, max-image-preview:large, max-video-preview:-1\" \/>\n<link rel=\"canonical\" href=\"https:\/\/der-goldene-fisch.de\/ping\/das-fuenfzigste-jahr-84\/\" \/>\n<meta property=\"og:locale\" content=\"de_DE\" \/>\n<meta property=\"og:type\" content=\"article\" \/>\n<meta property=\"og:title\" content=\"Das f\u00fcnfzigste Jahr (84) - der goldene fisch\" \/>\n<meta property=\"og:description\" content=\"15. Oktober 2015, ein Donnerstag Meine Psychosomatik wird ja immer empfindlicher. Kaum steht etwas bevor, geht es mir schlechter denn je. (So l\u00e4sst sich die Bew\u00e4ltigung des Bevorstehenden sehr viel glaubw\u00fcrdiger glorifizieren.) Gestern, als ich mich nach Brandenburg aufmachte, um meinen Film auf der Arch\u00e4omediale vorzustellen, begann schon beim Einsteigen ins Auto ein Ohrenrei\u00dfen. Ich [&hellip;]\" \/>\n<meta property=\"og:url\" content=\"https:\/\/der-goldene-fisch.de\/ping\/das-fuenfzigste-jahr-84\/\" \/>\n<meta property=\"og:site_name\" content=\"der goldene fisch\" \/>\n<meta property=\"article:published_time\" content=\"2016-10-15T11:36:00+00:00\" \/>\n<meta name=\"author\" content=\"Gerald Koll\" \/>\n<meta name=\"twitter:card\" content=\"summary_large_image\" \/>\n<meta name=\"twitter:label1\" content=\"Verfasst von\" \/>\n\t<meta name=\"twitter:data1\" content=\"Gerald Koll\" \/>\n\t<meta name=\"twitter:label2\" content=\"Gesch\u00e4tzte Lesezeit\" \/>\n\t<meta name=\"twitter:data2\" content=\"2 Minuten\" \/>\n<script type=\"application\/ld+json\" class=\"yoast-schema-graph\">{\"@context\":\"https:\/\/schema.org\",\"@graph\":[{\"@type\":\"Article\",\"@id\":\"https:\/\/der-goldene-fisch.de\/ping\/das-fuenfzigste-jahr-84\/#article\",\"isPartOf\":{\"@id\":\"https:\/\/der-goldene-fisch.de\/ping\/das-fuenfzigste-jahr-84\/\"},\"author\":{\"name\":\"Gerald Koll\",\"@id\":\"https:\/\/der-goldene-fisch.de\/ping\/#\/schema\/person\/b4cb2b531063dfc4a80c1893365b7faf\"},\"headline\":\"Das f\u00fcnfzigste Jahr (84)\",\"datePublished\":\"2016-10-15T11:36:00+00:00\",\"dateModified\":\"2016-10-15T11:36:00+00:00\",\"mainEntityOfPage\":{\"@id\":\"https:\/\/der-goldene-fisch.de\/ping\/das-fuenfzigste-jahr-84\/\"},\"wordCount\":465,\"commentCount\":0,\"publisher\":{\"@id\":\"https:\/\/der-goldene-fisch.de\/ping\/#\/schema\/person\/c415140d7348926844a49b29cc105aa4\"},\"articleSection\":[\"a\"],\"inLanguage\":\"de\",\"potentialAction\":[{\"@type\":\"CommentAction\",\"name\":\"Comment\",\"target\":[\"https:\/\/der-goldene-fisch.de\/ping\/das-fuenfzigste-jahr-84\/#respond\"]}]},{\"@type\":\"WebPage\",\"@id\":\"https:\/\/der-goldene-fisch.de\/ping\/das-fuenfzigste-jahr-84\/\",\"url\":\"https:\/\/der-goldene-fisch.de\/ping\/das-fuenfzigste-jahr-84\/\",\"name\":\"Das f\u00fcnfzigste Jahr (84) - der goldene fisch\",\"isPartOf\":{\"@id\":\"https:\/\/der-goldene-fisch.de\/ping\/#website\"},\"datePublished\":\"2016-10-15T11:36:00+00:00\",\"dateModified\":\"2016-10-15T11:36:00+00:00\",\"breadcrumb\":{\"@id\":\"https:\/\/der-goldene-fisch.de\/ping\/das-fuenfzigste-jahr-84\/#breadcrumb\"},\"inLanguage\":\"de\",\"potentialAction\":[{\"@type\":\"ReadAction\",\"target\":[\"https:\/\/der-goldene-fisch.de\/ping\/das-fuenfzigste-jahr-84\/\"]}]},{\"@type\":\"BreadcrumbList\",\"@id\":\"https:\/\/der-goldene-fisch.de\/ping\/das-fuenfzigste-jahr-84\/#breadcrumb\",\"itemListElement\":[{\"@type\":\"ListItem\",\"position\":1,\"name\":\"Startseite\",\"item\":\"https:\/\/der-goldene-fisch.de\/ping\/\"},{\"@type\":\"ListItem\",\"position\":2,\"name\":\"Das f\u00fcnfzigste Jahr (84)\"}]},{\"@type\":\"WebSite\",\"@id\":\"https:\/\/der-goldene-fisch.de\/ping\/#website\",\"url\":\"https:\/\/der-goldene-fisch.de\/ping\/\",\"name\":\"der goldene fisch\",\"description\":\"\",\"publisher\":{\"@id\":\"https:\/\/der-goldene-fisch.de\/ping\/#\/schema\/person\/c415140d7348926844a49b29cc105aa4\"},\"potentialAction\":[{\"@type\":\"SearchAction\",\"target\":{\"@type\":\"EntryPoint\",\"urlTemplate\":\"https:\/\/der-goldene-fisch.de\/ping\/?s={search_term_string}\"},\"query-input\":{\"@type\":\"PropertyValueSpecification\",\"valueRequired\":true,\"valueName\":\"search_term_string\"}}],\"inLanguage\":\"de\"},{\"@type\":[\"Person\",\"Organization\"],\"@id\":\"https:\/\/der-goldene-fisch.de\/ping\/#\/schema\/person\/c415140d7348926844a49b29cc105aa4\",\"name\":\"Andreas Louis Seyerlein\",\"image\":{\"@type\":\"ImageObject\",\"inLanguage\":\"de\",\"@id\":\"https:\/\/der-goldene-fisch.de\/ping\/#\/schema\/person\/image\/\",\"url\":\"https:\/\/secure.gravatar.com\/avatar\/d233a6eb5d99a83abb911b2d89ddf42e?s=96&d=mm&r=g\",\"contentUrl\":\"https:\/\/secure.gravatar.com\/avatar\/d233a6eb5d99a83abb911b2d89ddf42e?s=96&d=mm&r=g\",\"caption\":\"Andreas Louis Seyerlein\"},\"logo\":{\"@id\":\"https:\/\/der-goldene-fisch.de\/ping\/#\/schema\/person\/image\/\"},\"sameAs\":[\"http:\/\/\"]},{\"@type\":\"Person\",\"@id\":\"https:\/\/der-goldene-fisch.de\/ping\/#\/schema\/person\/b4cb2b531063dfc4a80c1893365b7faf\",\"name\":\"Gerald Koll\",\"image\":{\"@type\":\"ImageObject\",\"inLanguage\":\"de\",\"@id\":\"https:\/\/der-goldene-fisch.de\/ping\/#\/schema\/person\/image\/\",\"url\":\"https:\/\/secure.gravatar.com\/avatar\/494c3ef1389ba6e021d9cac11e0c4e81?s=96&d=mm&r=g\",\"contentUrl\":\"https:\/\/secure.gravatar.com\/avatar\/494c3ef1389ba6e021d9cac11e0c4e81?s=96&d=mm&r=g\",\"caption\":\"Gerald Koll\"},\"sameAs\":[\"http:\/\/www.geraldkoll.de\"],\"url\":\"https:\/\/der-goldene-fisch.de\/ping\/author\/gerald667\/\"}]}<\/script>\n<!-- \/ Yoast SEO plugin. -->","yoast_head_json":{"title":"Das f\u00fcnfzigste Jahr (84) - der goldene fisch","robots":{"index":"index","follow":"follow","max-snippet":"max-snippet:-1","max-image-preview":"max-image-preview:large","max-video-preview":"max-video-preview:-1"},"canonical":"https:\/\/der-goldene-fisch.de\/ping\/das-fuenfzigste-jahr-84\/","og_locale":"de_DE","og_type":"article","og_title":"Das f\u00fcnfzigste Jahr (84) - der goldene fisch","og_description":"15. Oktober 2015, ein Donnerstag Meine Psychosomatik wird ja immer empfindlicher. Kaum steht etwas bevor, geht es mir schlechter denn je. (So l\u00e4sst sich die Bew\u00e4ltigung des Bevorstehenden sehr viel glaubw\u00fcrdiger glorifizieren.) Gestern, als ich mich nach Brandenburg aufmachte, um meinen Film auf der Arch\u00e4omediale vorzustellen, begann schon beim Einsteigen ins Auto ein Ohrenrei\u00dfen. Ich [&hellip;]","og_url":"https:\/\/der-goldene-fisch.de\/ping\/das-fuenfzigste-jahr-84\/","og_site_name":"der goldene fisch","article_published_time":"2016-10-15T11:36:00+00:00","author":"Gerald Koll","twitter_card":"summary_large_image","twitter_misc":{"Verfasst von":"Gerald Koll","Gesch\u00e4tzte Lesezeit":"2 Minuten"},"schema":{"@context":"https:\/\/schema.org","@graph":[{"@type":"Article","@id":"https:\/\/der-goldene-fisch.de\/ping\/das-fuenfzigste-jahr-84\/#article","isPartOf":{"@id":"https:\/\/der-goldene-fisch.de\/ping\/das-fuenfzigste-jahr-84\/"},"author":{"name":"Gerald Koll","@id":"https:\/\/der-goldene-fisch.de\/ping\/#\/schema\/person\/b4cb2b531063dfc4a80c1893365b7faf"},"headline":"Das f\u00fcnfzigste Jahr (84)","datePublished":"2016-10-15T11:36:00+00:00","dateModified":"2016-10-15T11:36:00+00:00","mainEntityOfPage":{"@id":"https:\/\/der-goldene-fisch.de\/ping\/das-fuenfzigste-jahr-84\/"},"wordCount":465,"commentCount":0,"publisher":{"@id":"https:\/\/der-goldene-fisch.de\/ping\/#\/schema\/person\/c415140d7348926844a49b29cc105aa4"},"articleSection":["a"],"inLanguage":"de","potentialAction":[{"@type":"CommentAction","name":"Comment","target":["https:\/\/der-goldene-fisch.de\/ping\/das-fuenfzigste-jahr-84\/#respond"]}]},{"@type":"WebPage","@id":"https:\/\/der-goldene-fisch.de\/ping\/das-fuenfzigste-jahr-84\/","url":"https:\/\/der-goldene-fisch.de\/ping\/das-fuenfzigste-jahr-84\/","name":"Das f\u00fcnfzigste Jahr (84) - der goldene fisch","isPartOf":{"@id":"https:\/\/der-goldene-fisch.de\/ping\/#website"},"datePublished":"2016-10-15T11:36:00+00:00","dateModified":"2016-10-15T11:36:00+00:00","breadcrumb":{"@id":"https:\/\/der-goldene-fisch.de\/ping\/das-fuenfzigste-jahr-84\/#breadcrumb"},"inLanguage":"de","potentialAction":[{"@type":"ReadAction","target":["https:\/\/der-goldene-fisch.de\/ping\/das-fuenfzigste-jahr-84\/"]}]},{"@type":"BreadcrumbList","@id":"https:\/\/der-goldene-fisch.de\/ping\/das-fuenfzigste-jahr-84\/#breadcrumb","itemListElement":[{"@type":"ListItem","position":1,"name":"Startseite","item":"https:\/\/der-goldene-fisch.de\/ping\/"},{"@type":"ListItem","position":2,"name":"Das f\u00fcnfzigste Jahr (84)"}]},{"@type":"WebSite","@id":"https:\/\/der-goldene-fisch.de\/ping\/#website","url":"https:\/\/der-goldene-fisch.de\/ping\/","name":"der goldene fisch","description":"","publisher":{"@id":"https:\/\/der-goldene-fisch.de\/ping\/#\/schema\/person\/c415140d7348926844a49b29cc105aa4"},"potentialAction":[{"@type":"SearchAction","target":{"@type":"EntryPoint","urlTemplate":"https:\/\/der-goldene-fisch.de\/ping\/?s={search_term_string}"},"query-input":{"@type":"PropertyValueSpecification","valueRequired":true,"valueName":"search_term_string"}}],"inLanguage":"de"},{"@type":["Person","Organization"],"@id":"https:\/\/der-goldene-fisch.de\/ping\/#\/schema\/person\/c415140d7348926844a49b29cc105aa4","name":"Andreas Louis Seyerlein","image":{"@type":"ImageObject","inLanguage":"de","@id":"https:\/\/der-goldene-fisch.de\/ping\/#\/schema\/person\/image\/","url":"https:\/\/secure.gravatar.com\/avatar\/d233a6eb5d99a83abb911b2d89ddf42e?s=96&d=mm&r=g","contentUrl":"https:\/\/secure.gravatar.com\/avatar\/d233a6eb5d99a83abb911b2d89ddf42e?s=96&d=mm&r=g","caption":"Andreas Louis Seyerlein"},"logo":{"@id":"https:\/\/der-goldene-fisch.de\/ping\/#\/schema\/person\/image\/"},"sameAs":["http:\/\/"]},{"@type":"Person","@id":"https:\/\/der-goldene-fisch.de\/ping\/#\/schema\/person\/b4cb2b531063dfc4a80c1893365b7faf","name":"Gerald Koll","image":{"@type":"ImageObject","inLanguage":"de","@id":"https:\/\/der-goldene-fisch.de\/ping\/#\/schema\/person\/image\/","url":"https:\/\/secure.gravatar.com\/avatar\/494c3ef1389ba6e021d9cac11e0c4e81?s=96&d=mm&r=g","contentUrl":"https:\/\/secure.gravatar.com\/avatar\/494c3ef1389ba6e021d9cac11e0c4e81?s=96&d=mm&r=g","caption":"Gerald Koll"},"sameAs":["http:\/\/www.geraldkoll.de"],"url":"https:\/\/der-goldene-fisch.de\/ping\/author\/gerald667\/"}]}},"jetpack_featured_media_url":"","jetpack_sharing_enabled":true,"jetpack_shortlink":"https:\/\/wp.me\/pxsFY-2Gr","_links":{"self":[{"href":"https:\/\/der-goldene-fisch.de\/ping\/wp-json\/wp\/v2\/posts\/10319","targetHints":{"allow":["GET"]}}],"collection":[{"href":"https:\/\/der-goldene-fisch.de\/ping\/wp-json\/wp\/v2\/posts"}],"about":[{"href":"https:\/\/der-goldene-fisch.de\/ping\/wp-json\/wp\/v2\/types\/post"}],"author":[{"embeddable":true,"href":"https:\/\/der-goldene-fisch.de\/ping\/wp-json\/wp\/v2\/users\/10"}],"replies":[{"embeddable":true,"href":"https:\/\/der-goldene-fisch.de\/ping\/wp-json\/wp\/v2\/comments?post=10319"}],"version-history":[{"count":0,"href":"https:\/\/der-goldene-fisch.de\/ping\/wp-json\/wp\/v2\/posts\/10319\/revisions"}],"wp:attachment":[{"href":"https:\/\/der-goldene-fisch.de\/ping\/wp-json\/wp\/v2\/media?parent=10319"}],"wp:term":[{"taxonomy":"category","embeddable":true,"href":"https:\/\/der-goldene-fisch.de\/ping\/wp-json\/wp\/v2\/categories?post=10319"},{"taxonomy":"post_tag","embeddable":true,"href":"https:\/\/der-goldene-fisch.de\/ping\/wp-json\/wp\/v2\/tags?post=10319"}],"curies":[{"name":"wp","href":"https:\/\/api.w.org\/{rel}","templated":true}]}}