{"id":10959,"date":"2016-12-27T19:44:27","date_gmt":"2016-12-27T18:44:27","guid":{"rendered":"http:\/\/der-goldene-fisch.de\/ping\/?p=10959"},"modified":"2016-12-27T19:44:27","modified_gmt":"2016-12-27T18:44:27","slug":"das-fuenfzigste-jahr-120","status":"publish","type":"post","link":"https:\/\/der-goldene-fisch.de\/ping\/das-fuenfzigste-jahr-120\/","title":{"rendered":"Das f\u00fcnfzigste Jahr (120)"},"content":{"rendered":"<p><strong>27. Dezember 2015, ein Sonntag<\/strong><\/p>\n<p>Vom Traum heute Morgen wei\u00df ich lediglich, dass ich mich an einem Waldrand befand und mich dort im Geh\u00f6lz versteckte, vermutlich vor H.H. (sein Name fiel vorgestern, obwohl ich seit Jahrzehnten keinen Kontakt mehr zu ihm habe). Ich blieb versteckt, allerdings mit einem klammen, nicht leicht zuordbaren Gef\u00fchl, das ich auch jetzt nicht klar definieren oder begr\u00fcnden kann.<\/p>\n","protected":false},"excerpt":{"rendered":"<p>27. Dezember 2015, ein Sonntag Vom Traum heute Morgen wei\u00df ich lediglich, dass ich mich an einem Waldrand befand und mich dort im Geh\u00f6lz versteckte, vermutlich vor H.H. (sein Name fiel vorgestern, obwohl ich seit Jahrzehnten keinen Kontakt mehr zu ihm habe). Ich blieb versteckt, allerdings mit einem klammen, nicht leicht zuordbaren Gef\u00fchl, das ich [&hellip;]<\/p>\n","protected":false},"author":10,"featured_media":0,"comment_status":"open","ping_status":"open","sticky":false,"template":"","format":"standard","meta":{"jetpack_post_was_ever_published":false,"_jetpack_newsletter_access":"","_jetpack_dont_email_post_to_subs":false,"_jetpack_newsletter_tier_id":0,"_jetpack_memberships_contains_paywalled_content":false,"_jetpack_memberships_contains_paid_content":false,"footnotes":"","jetpack_publicize_message":"","jetpack_publicize_feature_enabled":true,"jetpack_social_post_already_shared":false,"jetpack_social_options":{"image_generator_settings":{"template":"highway","enabled":false},"version":2}},"categories":[85],"tags":[],"class_list":["post-10959","post","type-post","status-publish","format-standard","hentry","category-a"],"jetpack_publicize_connections":[],"yoast_head":"<!-- This site is optimized with the Yoast SEO plugin v24.0 - https:\/\/yoast.com\/wordpress\/plugins\/seo\/ -->\n<title>Das f\u00fcnfzigste Jahr (120) - der goldene fisch<\/title>\n<meta name=\"robots\" content=\"index, follow, max-snippet:-1, max-image-preview:large, max-video-preview:-1\" \/>\n<link rel=\"canonical\" href=\"https:\/\/der-goldene-fisch.de\/ping\/das-fuenfzigste-jahr-120\/\" \/>\n<meta property=\"og:locale\" content=\"de_DE\" \/>\n<meta property=\"og:type\" content=\"article\" \/>\n<meta property=\"og:title\" content=\"Das f\u00fcnfzigste Jahr (120) - der goldene fisch\" \/>\n<meta property=\"og:description\" content=\"27. Dezember 2015, ein Sonntag Vom Traum heute Morgen wei\u00df ich lediglich, dass ich mich an einem Waldrand befand und mich dort im Geh\u00f6lz versteckte, vermutlich vor H.H. (sein Name fiel vorgestern, obwohl ich seit Jahrzehnten keinen Kontakt mehr zu ihm habe). Ich blieb versteckt, allerdings mit einem klammen, nicht leicht zuordbaren Gef\u00fchl, das ich [&hellip;]\" \/>\n<meta property=\"og:url\" content=\"https:\/\/der-goldene-fisch.de\/ping\/das-fuenfzigste-jahr-120\/\" \/>\n<meta property=\"og:site_name\" content=\"der goldene fisch\" \/>\n<meta property=\"article:published_time\" content=\"2016-12-27T18:44:27+00:00\" \/>\n<meta name=\"author\" content=\"Gerald Koll\" \/>\n<meta name=\"twitter:card\" content=\"summary_large_image\" \/>\n<meta name=\"twitter:label1\" content=\"Verfasst von\" \/>\n\t<meta name=\"twitter:data1\" content=\"Gerald Koll\" \/>\n<script type=\"application\/ld+json\" class=\"yoast-schema-graph\">{\"@context\":\"https:\/\/schema.org\",\"@graph\":[{\"@type\":\"Article\",\"@id\":\"https:\/\/der-goldene-fisch.de\/ping\/das-fuenfzigste-jahr-120\/#article\",\"isPartOf\":{\"@id\":\"https:\/\/der-goldene-fisch.de\/ping\/das-fuenfzigste-jahr-120\/\"},\"author\":{\"name\":\"Gerald Koll\",\"@id\":\"https:\/\/der-goldene-fisch.de\/ping\/#\/schema\/person\/b4cb2b531063dfc4a80c1893365b7faf\"},\"headline\":\"Das f\u00fcnfzigste Jahr (120)\",\"datePublished\":\"2016-12-27T18:44:27+00:00\",\"dateModified\":\"2016-12-27T18:44:27+00:00\",\"mainEntityOfPage\":{\"@id\":\"https:\/\/der-goldene-fisch.de\/ping\/das-fuenfzigste-jahr-120\/\"},\"wordCount\":69,\"commentCount\":0,\"publisher\":{\"@id\":\"https:\/\/der-goldene-fisch.de\/ping\/#\/schema\/person\/c415140d7348926844a49b29cc105aa4\"},\"articleSection\":[\"a\"],\"inLanguage\":\"de\",\"potentialAction\":[{\"@type\":\"CommentAction\",\"name\":\"Comment\",\"target\":[\"https:\/\/der-goldene-fisch.de\/ping\/das-fuenfzigste-jahr-120\/#respond\"]}]},{\"@type\":\"WebPage\",\"@id\":\"https:\/\/der-goldene-fisch.de\/ping\/das-fuenfzigste-jahr-120\/\",\"url\":\"https:\/\/der-goldene-fisch.de\/ping\/das-fuenfzigste-jahr-120\/\",\"name\":\"Das f\u00fcnfzigste Jahr (120) - der goldene fisch\",\"isPartOf\":{\"@id\":\"https:\/\/der-goldene-fisch.de\/ping\/#website\"},\"datePublished\":\"2016-12-27T18:44:27+00:00\",\"dateModified\":\"2016-12-27T18:44:27+00:00\",\"breadcrumb\":{\"@id\":\"https:\/\/der-goldene-fisch.de\/ping\/das-fuenfzigste-jahr-120\/#breadcrumb\"},\"inLanguage\":\"de\",\"potentialAction\":[{\"@type\":\"ReadAction\",\"target\":[\"https:\/\/der-goldene-fisch.de\/ping\/das-fuenfzigste-jahr-120\/\"]}]},{\"@type\":\"BreadcrumbList\",\"@id\":\"https:\/\/der-goldene-fisch.de\/ping\/das-fuenfzigste-jahr-120\/#breadcrumb\",\"itemListElement\":[{\"@type\":\"ListItem\",\"position\":1,\"name\":\"Startseite\",\"item\":\"https:\/\/der-goldene-fisch.de\/ping\/\"},{\"@type\":\"ListItem\",\"position\":2,\"name\":\"Das f\u00fcnfzigste Jahr (120)\"}]},{\"@type\":\"WebSite\",\"@id\":\"https:\/\/der-goldene-fisch.de\/ping\/#website\",\"url\":\"https:\/\/der-goldene-fisch.de\/ping\/\",\"name\":\"der goldene fisch\",\"description\":\"\",\"publisher\":{\"@id\":\"https:\/\/der-goldene-fisch.de\/ping\/#\/schema\/person\/c415140d7348926844a49b29cc105aa4\"},\"potentialAction\":[{\"@type\":\"SearchAction\",\"target\":{\"@type\":\"EntryPoint\",\"urlTemplate\":\"https:\/\/der-goldene-fisch.de\/ping\/?s={search_term_string}\"},\"query-input\":{\"@type\":\"PropertyValueSpecification\",\"valueRequired\":true,\"valueName\":\"search_term_string\"}}],\"inLanguage\":\"de\"},{\"@type\":[\"Person\",\"Organization\"],\"@id\":\"https:\/\/der-goldene-fisch.de\/ping\/#\/schema\/person\/c415140d7348926844a49b29cc105aa4\",\"name\":\"Andreas Louis Seyerlein\",\"image\":{\"@type\":\"ImageObject\",\"inLanguage\":\"de\",\"@id\":\"https:\/\/der-goldene-fisch.de\/ping\/#\/schema\/person\/image\/\",\"url\":\"https:\/\/secure.gravatar.com\/avatar\/d233a6eb5d99a83abb911b2d89ddf42e?s=96&d=mm&r=g\",\"contentUrl\":\"https:\/\/secure.gravatar.com\/avatar\/d233a6eb5d99a83abb911b2d89ddf42e?s=96&d=mm&r=g\",\"caption\":\"Andreas Louis Seyerlein\"},\"logo\":{\"@id\":\"https:\/\/der-goldene-fisch.de\/ping\/#\/schema\/person\/image\/\"},\"sameAs\":[\"http:\/\/\"]},{\"@type\":\"Person\",\"@id\":\"https:\/\/der-goldene-fisch.de\/ping\/#\/schema\/person\/b4cb2b531063dfc4a80c1893365b7faf\",\"name\":\"Gerald Koll\",\"image\":{\"@type\":\"ImageObject\",\"inLanguage\":\"de\",\"@id\":\"https:\/\/der-goldene-fisch.de\/ping\/#\/schema\/person\/image\/\",\"url\":\"https:\/\/secure.gravatar.com\/avatar\/494c3ef1389ba6e021d9cac11e0c4e81?s=96&d=mm&r=g\",\"contentUrl\":\"https:\/\/secure.gravatar.com\/avatar\/494c3ef1389ba6e021d9cac11e0c4e81?s=96&d=mm&r=g\",\"caption\":\"Gerald Koll\"},\"sameAs\":[\"http:\/\/www.geraldkoll.de\"],\"url\":\"https:\/\/der-goldene-fisch.de\/ping\/author\/gerald667\/\"}]}<\/script>\n<!-- \/ Yoast SEO plugin. -->","yoast_head_json":{"title":"Das f\u00fcnfzigste Jahr (120) - der goldene fisch","robots":{"index":"index","follow":"follow","max-snippet":"max-snippet:-1","max-image-preview":"max-image-preview:large","max-video-preview":"max-video-preview:-1"},"canonical":"https:\/\/der-goldene-fisch.de\/ping\/das-fuenfzigste-jahr-120\/","og_locale":"de_DE","og_type":"article","og_title":"Das f\u00fcnfzigste Jahr (120) - der goldene fisch","og_description":"27. Dezember 2015, ein Sonntag Vom Traum heute Morgen wei\u00df ich lediglich, dass ich mich an einem Waldrand befand und mich dort im Geh\u00f6lz versteckte, vermutlich vor H.H. (sein Name fiel vorgestern, obwohl ich seit Jahrzehnten keinen Kontakt mehr zu ihm habe). Ich blieb versteckt, allerdings mit einem klammen, nicht leicht zuordbaren Gef\u00fchl, das ich [&hellip;]","og_url":"https:\/\/der-goldene-fisch.de\/ping\/das-fuenfzigste-jahr-120\/","og_site_name":"der goldene fisch","article_published_time":"2016-12-27T18:44:27+00:00","author":"Gerald Koll","twitter_card":"summary_large_image","twitter_misc":{"Verfasst von":"Gerald Koll"},"schema":{"@context":"https:\/\/schema.org","@graph":[{"@type":"Article","@id":"https:\/\/der-goldene-fisch.de\/ping\/das-fuenfzigste-jahr-120\/#article","isPartOf":{"@id":"https:\/\/der-goldene-fisch.de\/ping\/das-fuenfzigste-jahr-120\/"},"author":{"name":"Gerald Koll","@id":"https:\/\/der-goldene-fisch.de\/ping\/#\/schema\/person\/b4cb2b531063dfc4a80c1893365b7faf"},"headline":"Das f\u00fcnfzigste Jahr (120)","datePublished":"2016-12-27T18:44:27+00:00","dateModified":"2016-12-27T18:44:27+00:00","mainEntityOfPage":{"@id":"https:\/\/der-goldene-fisch.de\/ping\/das-fuenfzigste-jahr-120\/"},"wordCount":69,"commentCount":0,"publisher":{"@id":"https:\/\/der-goldene-fisch.de\/ping\/#\/schema\/person\/c415140d7348926844a49b29cc105aa4"},"articleSection":["a"],"inLanguage":"de","potentialAction":[{"@type":"CommentAction","name":"Comment","target":["https:\/\/der-goldene-fisch.de\/ping\/das-fuenfzigste-jahr-120\/#respond"]}]},{"@type":"WebPage","@id":"https:\/\/der-goldene-fisch.de\/ping\/das-fuenfzigste-jahr-120\/","url":"https:\/\/der-goldene-fisch.de\/ping\/das-fuenfzigste-jahr-120\/","name":"Das f\u00fcnfzigste Jahr (120) - der goldene fisch","isPartOf":{"@id":"https:\/\/der-goldene-fisch.de\/ping\/#website"},"datePublished":"2016-12-27T18:44:27+00:00","dateModified":"2016-12-27T18:44:27+00:00","breadcrumb":{"@id":"https:\/\/der-goldene-fisch.de\/ping\/das-fuenfzigste-jahr-120\/#breadcrumb"},"inLanguage":"de","potentialAction":[{"@type":"ReadAction","target":["https:\/\/der-goldene-fisch.de\/ping\/das-fuenfzigste-jahr-120\/"]}]},{"@type":"BreadcrumbList","@id":"https:\/\/der-goldene-fisch.de\/ping\/das-fuenfzigste-jahr-120\/#breadcrumb","itemListElement":[{"@type":"ListItem","position":1,"name":"Startseite","item":"https:\/\/der-goldene-fisch.de\/ping\/"},{"@type":"ListItem","position":2,"name":"Das f\u00fcnfzigste Jahr (120)"}]},{"@type":"WebSite","@id":"https:\/\/der-goldene-fisch.de\/ping\/#website","url":"https:\/\/der-goldene-fisch.de\/ping\/","name":"der goldene fisch","description":"","publisher":{"@id":"https:\/\/der-goldene-fisch.de\/ping\/#\/schema\/person\/c415140d7348926844a49b29cc105aa4"},"potentialAction":[{"@type":"SearchAction","target":{"@type":"EntryPoint","urlTemplate":"https:\/\/der-goldene-fisch.de\/ping\/?s={search_term_string}"},"query-input":{"@type":"PropertyValueSpecification","valueRequired":true,"valueName":"search_term_string"}}],"inLanguage":"de"},{"@type":["Person","Organization"],"@id":"https:\/\/der-goldene-fisch.de\/ping\/#\/schema\/person\/c415140d7348926844a49b29cc105aa4","name":"Andreas Louis Seyerlein","image":{"@type":"ImageObject","inLanguage":"de","@id":"https:\/\/der-goldene-fisch.de\/ping\/#\/schema\/person\/image\/","url":"https:\/\/secure.gravatar.com\/avatar\/d233a6eb5d99a83abb911b2d89ddf42e?s=96&d=mm&r=g","contentUrl":"https:\/\/secure.gravatar.com\/avatar\/d233a6eb5d99a83abb911b2d89ddf42e?s=96&d=mm&r=g","caption":"Andreas Louis Seyerlein"},"logo":{"@id":"https:\/\/der-goldene-fisch.de\/ping\/#\/schema\/person\/image\/"},"sameAs":["http:\/\/"]},{"@type":"Person","@id":"https:\/\/der-goldene-fisch.de\/ping\/#\/schema\/person\/b4cb2b531063dfc4a80c1893365b7faf","name":"Gerald Koll","image":{"@type":"ImageObject","inLanguage":"de","@id":"https:\/\/der-goldene-fisch.de\/ping\/#\/schema\/person\/image\/","url":"https:\/\/secure.gravatar.com\/avatar\/494c3ef1389ba6e021d9cac11e0c4e81?s=96&d=mm&r=g","contentUrl":"https:\/\/secure.gravatar.com\/avatar\/494c3ef1389ba6e021d9cac11e0c4e81?s=96&d=mm&r=g","caption":"Gerald Koll"},"sameAs":["http:\/\/www.geraldkoll.de"],"url":"https:\/\/der-goldene-fisch.de\/ping\/author\/gerald667\/"}]}},"jetpack_featured_media_url":"","jetpack_sharing_enabled":true,"jetpack_shortlink":"https:\/\/wp.me\/pxsFY-2QL","_links":{"self":[{"href":"https:\/\/der-goldene-fisch.de\/ping\/wp-json\/wp\/v2\/posts\/10959","targetHints":{"allow":["GET"]}}],"collection":[{"href":"https:\/\/der-goldene-fisch.de\/ping\/wp-json\/wp\/v2\/posts"}],"about":[{"href":"https:\/\/der-goldene-fisch.de\/ping\/wp-json\/wp\/v2\/types\/post"}],"author":[{"embeddable":true,"href":"https:\/\/der-goldene-fisch.de\/ping\/wp-json\/wp\/v2\/users\/10"}],"replies":[{"embeddable":true,"href":"https:\/\/der-goldene-fisch.de\/ping\/wp-json\/wp\/v2\/comments?post=10959"}],"version-history":[{"count":0,"href":"https:\/\/der-goldene-fisch.de\/ping\/wp-json\/wp\/v2\/posts\/10959\/revisions"}],"wp:attachment":[{"href":"https:\/\/der-goldene-fisch.de\/ping\/wp-json\/wp\/v2\/media?parent=10959"}],"wp:term":[{"taxonomy":"category","embeddable":true,"href":"https:\/\/der-goldene-fisch.de\/ping\/wp-json\/wp\/v2\/categories?post=10959"},{"taxonomy":"post_tag","embeddable":true,"href":"https:\/\/der-goldene-fisch.de\/ping\/wp-json\/wp\/v2\/tags?post=10959"}],"curies":[{"name":"wp","href":"https:\/\/api.w.org\/{rel}","templated":true}]}}