{"id":11356,"date":"2017-01-28T11:42:37","date_gmt":"2017-01-28T10:42:37","guid":{"rendered":"http:\/\/der-goldene-fisch.de\/ping\/?p=11356"},"modified":"2017-01-28T11:42:37","modified_gmt":"2017-01-28T10:42:37","slug":"das-fuenfzigste-jahr-138","status":"publish","type":"post","link":"https:\/\/der-goldene-fisch.de\/ping\/das-fuenfzigste-jahr-138\/","title":{"rendered":"Das f\u00fcnfzigste Jahr (138)"},"content":{"rendered":"<p><strong>28. Januar 2016, ein Donnerstag<\/strong><\/p>\n<p>Anl\u00e4sslich der Befreiung des Konzentrationslagers Auschwitz liefen gestern einige Dokumentationen im Fernsehen. Trotz der absto\u00dfenden Gem\u00fctlichkeit, in die die Gr\u00e4sslichkeit gebettet wurde, seit man f\u00fcr sie eine verl\u00e4ssliche Sprache gefunden hat (siehe das Klischee des Einfahrtgrauens: Kamera auf Schienen legen und langsam in Frontaltotale auf das Turm-Portal des Lagers zufahren lassen), blieb ich h\u00e4ngen und sah eine bemerkenswerte Doku \u00fcber Claude Lanzmann, der erz\u00e4hlte, wie er <em>Shoah<\/em> drehte, n\u00e4mlich zumeist als Partisan, das hei\u00dft: mit versteckter Kamera, mit Heuchelei, mit L\u00fcgen, mit gef\u00e4lschtem Pass. 12 Jahre lang belog und betrog er alle um sich herum, um diesen Film fertigzustellen. Er war zuvor Widerstandsk\u00e4mpfer, schon mit 17 Jahren k\u00e4mpfte er. So einer macht so was. Unglaublich. Nat\u00fcrlich gr\u00f6\u00dfenwahnsinnig geworden, er, der langj\u00e4hrige Liebespartner von Simone de Beauvoir, der Kumpel von Sartre, der (gewesene) Freund von Marcel Oph\u00fcls.<\/p>\n<p>Vorhin, in einer erb\u00e4rmlichen B\u00e4ckerei mit einer gellenden B\u00e4ckereibesch\u00e4ftigten, h\u00f6rte ich einen derzeit popul\u00e4ren Song, und im Teigschleimdampf knetete und wiederk\u00e4ute ich einzig den z\u00e4hen Gedanken, wie sehr Amerikaner doch den Klang ihrer Sprache lieben, w\u00e4hrend Deutsche dem Klang misstrauen (und ja meist keinen Dialekt m\u00f6gen als den eigenen). Drau\u00dfen ging es mir wieder besser. Las\u00a0<em>Punpun 12<\/em> von Inio Asano &#8211; immer wieder gro\u00dfartig, dieser Manga &#8211; allein im Zusammenspiel aus fotobasierter Grafik und manuellem Eingriff. R\u00e4tselhaft. Ich w\u00fcrde das auch gern k\u00f6nnen. Kann ich aber nicht. Genauso wenig wie singen. Sterben k\u00f6nnen, das w\u00e4re auch was, was ich gern gut k\u00f6nnte.<\/p>\n","protected":false},"excerpt":{"rendered":"<p>28. Januar 2016, ein Donnerstag Anl\u00e4sslich der Befreiung des Konzentrationslagers Auschwitz liefen gestern einige Dokumentationen im Fernsehen. Trotz der absto\u00dfenden Gem\u00fctlichkeit, in die die Gr\u00e4sslichkeit gebettet wurde, seit man f\u00fcr sie eine verl\u00e4ssliche Sprache gefunden hat (siehe das Klischee des Einfahrtgrauens: Kamera auf Schienen legen und langsam in Frontaltotale auf das Turm-Portal des Lagers zufahren [&hellip;]<\/p>\n","protected":false},"author":10,"featured_media":0,"comment_status":"open","ping_status":"open","sticky":false,"template":"","format":"standard","meta":{"jetpack_post_was_ever_published":false,"_jetpack_newsletter_access":"","_jetpack_dont_email_post_to_subs":false,"_jetpack_newsletter_tier_id":0,"_jetpack_memberships_contains_paywalled_content":false,"_jetpack_memberships_contains_paid_content":false,"footnotes":"","jetpack_publicize_message":"","jetpack_publicize_feature_enabled":true,"jetpack_social_post_already_shared":false,"jetpack_social_options":{"image_generator_settings":{"template":"highway","enabled":false},"version":2}},"categories":[85],"tags":[],"class_list":["post-11356","post","type-post","status-publish","format-standard","hentry","category-a"],"jetpack_publicize_connections":[],"yoast_head":"<!-- This site is optimized with the Yoast SEO plugin v24.0 - https:\/\/yoast.com\/wordpress\/plugins\/seo\/ -->\n<title>Das f\u00fcnfzigste Jahr (138) - der goldene fisch<\/title>\n<meta name=\"robots\" content=\"index, follow, max-snippet:-1, max-image-preview:large, max-video-preview:-1\" \/>\n<link rel=\"canonical\" href=\"https:\/\/der-goldene-fisch.de\/ping\/das-fuenfzigste-jahr-138\/\" \/>\n<meta property=\"og:locale\" content=\"de_DE\" \/>\n<meta property=\"og:type\" content=\"article\" \/>\n<meta property=\"og:title\" content=\"Das f\u00fcnfzigste Jahr (138) - der goldene fisch\" \/>\n<meta property=\"og:description\" content=\"28. Januar 2016, ein Donnerstag Anl\u00e4sslich der Befreiung des Konzentrationslagers Auschwitz liefen gestern einige Dokumentationen im Fernsehen. Trotz der absto\u00dfenden Gem\u00fctlichkeit, in die die Gr\u00e4sslichkeit gebettet wurde, seit man f\u00fcr sie eine verl\u00e4ssliche Sprache gefunden hat (siehe das Klischee des Einfahrtgrauens: Kamera auf Schienen legen und langsam in Frontaltotale auf das Turm-Portal des Lagers zufahren [&hellip;]\" \/>\n<meta property=\"og:url\" content=\"https:\/\/der-goldene-fisch.de\/ping\/das-fuenfzigste-jahr-138\/\" \/>\n<meta property=\"og:site_name\" content=\"der goldene fisch\" \/>\n<meta property=\"article:published_time\" content=\"2017-01-28T10:42:37+00:00\" \/>\n<meta name=\"author\" content=\"Gerald Koll\" \/>\n<meta name=\"twitter:card\" content=\"summary_large_image\" \/>\n<meta name=\"twitter:label1\" content=\"Verfasst von\" \/>\n\t<meta name=\"twitter:data1\" content=\"Gerald Koll\" \/>\n\t<meta name=\"twitter:label2\" content=\"Gesch\u00e4tzte Lesezeit\" \/>\n\t<meta name=\"twitter:data2\" content=\"1 Minute\" \/>\n<script type=\"application\/ld+json\" class=\"yoast-schema-graph\">{\"@context\":\"https:\/\/schema.org\",\"@graph\":[{\"@type\":\"Article\",\"@id\":\"https:\/\/der-goldene-fisch.de\/ping\/das-fuenfzigste-jahr-138\/#article\",\"isPartOf\":{\"@id\":\"https:\/\/der-goldene-fisch.de\/ping\/das-fuenfzigste-jahr-138\/\"},\"author\":{\"name\":\"Gerald Koll\",\"@id\":\"https:\/\/der-goldene-fisch.de\/ping\/#\/schema\/person\/b4cb2b531063dfc4a80c1893365b7faf\"},\"headline\":\"Das f\u00fcnfzigste Jahr (138)\",\"datePublished\":\"2017-01-28T10:42:37+00:00\",\"dateModified\":\"2017-01-28T10:42:37+00:00\",\"mainEntityOfPage\":{\"@id\":\"https:\/\/der-goldene-fisch.de\/ping\/das-fuenfzigste-jahr-138\/\"},\"wordCount\":279,\"commentCount\":0,\"publisher\":{\"@id\":\"https:\/\/der-goldene-fisch.de\/ping\/#\/schema\/person\/c415140d7348926844a49b29cc105aa4\"},\"articleSection\":[\"a\"],\"inLanguage\":\"de\",\"potentialAction\":[{\"@type\":\"CommentAction\",\"name\":\"Comment\",\"target\":[\"https:\/\/der-goldene-fisch.de\/ping\/das-fuenfzigste-jahr-138\/#respond\"]}]},{\"@type\":\"WebPage\",\"@id\":\"https:\/\/der-goldene-fisch.de\/ping\/das-fuenfzigste-jahr-138\/\",\"url\":\"https:\/\/der-goldene-fisch.de\/ping\/das-fuenfzigste-jahr-138\/\",\"name\":\"Das f\u00fcnfzigste Jahr (138) - der goldene fisch\",\"isPartOf\":{\"@id\":\"https:\/\/der-goldene-fisch.de\/ping\/#website\"},\"datePublished\":\"2017-01-28T10:42:37+00:00\",\"dateModified\":\"2017-01-28T10:42:37+00:00\",\"breadcrumb\":{\"@id\":\"https:\/\/der-goldene-fisch.de\/ping\/das-fuenfzigste-jahr-138\/#breadcrumb\"},\"inLanguage\":\"de\",\"potentialAction\":[{\"@type\":\"ReadAction\",\"target\":[\"https:\/\/der-goldene-fisch.de\/ping\/das-fuenfzigste-jahr-138\/\"]}]},{\"@type\":\"BreadcrumbList\",\"@id\":\"https:\/\/der-goldene-fisch.de\/ping\/das-fuenfzigste-jahr-138\/#breadcrumb\",\"itemListElement\":[{\"@type\":\"ListItem\",\"position\":1,\"name\":\"Startseite\",\"item\":\"https:\/\/der-goldene-fisch.de\/ping\/\"},{\"@type\":\"ListItem\",\"position\":2,\"name\":\"Das f\u00fcnfzigste Jahr (138)\"}]},{\"@type\":\"WebSite\",\"@id\":\"https:\/\/der-goldene-fisch.de\/ping\/#website\",\"url\":\"https:\/\/der-goldene-fisch.de\/ping\/\",\"name\":\"der goldene fisch\",\"description\":\"\",\"publisher\":{\"@id\":\"https:\/\/der-goldene-fisch.de\/ping\/#\/schema\/person\/c415140d7348926844a49b29cc105aa4\"},\"potentialAction\":[{\"@type\":\"SearchAction\",\"target\":{\"@type\":\"EntryPoint\",\"urlTemplate\":\"https:\/\/der-goldene-fisch.de\/ping\/?s={search_term_string}\"},\"query-input\":{\"@type\":\"PropertyValueSpecification\",\"valueRequired\":true,\"valueName\":\"search_term_string\"}}],\"inLanguage\":\"de\"},{\"@type\":[\"Person\",\"Organization\"],\"@id\":\"https:\/\/der-goldene-fisch.de\/ping\/#\/schema\/person\/c415140d7348926844a49b29cc105aa4\",\"name\":\"Andreas Louis Seyerlein\",\"image\":{\"@type\":\"ImageObject\",\"inLanguage\":\"de\",\"@id\":\"https:\/\/der-goldene-fisch.de\/ping\/#\/schema\/person\/image\/\",\"url\":\"https:\/\/secure.gravatar.com\/avatar\/d233a6eb5d99a83abb911b2d89ddf42e?s=96&d=mm&r=g\",\"contentUrl\":\"https:\/\/secure.gravatar.com\/avatar\/d233a6eb5d99a83abb911b2d89ddf42e?s=96&d=mm&r=g\",\"caption\":\"Andreas Louis Seyerlein\"},\"logo\":{\"@id\":\"https:\/\/der-goldene-fisch.de\/ping\/#\/schema\/person\/image\/\"},\"sameAs\":[\"http:\/\/\"]},{\"@type\":\"Person\",\"@id\":\"https:\/\/der-goldene-fisch.de\/ping\/#\/schema\/person\/b4cb2b531063dfc4a80c1893365b7faf\",\"name\":\"Gerald Koll\",\"image\":{\"@type\":\"ImageObject\",\"inLanguage\":\"de\",\"@id\":\"https:\/\/der-goldene-fisch.de\/ping\/#\/schema\/person\/image\/\",\"url\":\"https:\/\/secure.gravatar.com\/avatar\/494c3ef1389ba6e021d9cac11e0c4e81?s=96&d=mm&r=g\",\"contentUrl\":\"https:\/\/secure.gravatar.com\/avatar\/494c3ef1389ba6e021d9cac11e0c4e81?s=96&d=mm&r=g\",\"caption\":\"Gerald Koll\"},\"sameAs\":[\"http:\/\/www.geraldkoll.de\"],\"url\":\"https:\/\/der-goldene-fisch.de\/ping\/author\/gerald667\/\"}]}<\/script>\n<!-- \/ Yoast SEO plugin. -->","yoast_head_json":{"title":"Das f\u00fcnfzigste Jahr (138) - der goldene fisch","robots":{"index":"index","follow":"follow","max-snippet":"max-snippet:-1","max-image-preview":"max-image-preview:large","max-video-preview":"max-video-preview:-1"},"canonical":"https:\/\/der-goldene-fisch.de\/ping\/das-fuenfzigste-jahr-138\/","og_locale":"de_DE","og_type":"article","og_title":"Das f\u00fcnfzigste Jahr (138) - der goldene fisch","og_description":"28. Januar 2016, ein Donnerstag Anl\u00e4sslich der Befreiung des Konzentrationslagers Auschwitz liefen gestern einige Dokumentationen im Fernsehen. Trotz der absto\u00dfenden Gem\u00fctlichkeit, in die die Gr\u00e4sslichkeit gebettet wurde, seit man f\u00fcr sie eine verl\u00e4ssliche Sprache gefunden hat (siehe das Klischee des Einfahrtgrauens: Kamera auf Schienen legen und langsam in Frontaltotale auf das Turm-Portal des Lagers zufahren [&hellip;]","og_url":"https:\/\/der-goldene-fisch.de\/ping\/das-fuenfzigste-jahr-138\/","og_site_name":"der goldene fisch","article_published_time":"2017-01-28T10:42:37+00:00","author":"Gerald Koll","twitter_card":"summary_large_image","twitter_misc":{"Verfasst von":"Gerald Koll","Gesch\u00e4tzte Lesezeit":"1 Minute"},"schema":{"@context":"https:\/\/schema.org","@graph":[{"@type":"Article","@id":"https:\/\/der-goldene-fisch.de\/ping\/das-fuenfzigste-jahr-138\/#article","isPartOf":{"@id":"https:\/\/der-goldene-fisch.de\/ping\/das-fuenfzigste-jahr-138\/"},"author":{"name":"Gerald Koll","@id":"https:\/\/der-goldene-fisch.de\/ping\/#\/schema\/person\/b4cb2b531063dfc4a80c1893365b7faf"},"headline":"Das f\u00fcnfzigste Jahr (138)","datePublished":"2017-01-28T10:42:37+00:00","dateModified":"2017-01-28T10:42:37+00:00","mainEntityOfPage":{"@id":"https:\/\/der-goldene-fisch.de\/ping\/das-fuenfzigste-jahr-138\/"},"wordCount":279,"commentCount":0,"publisher":{"@id":"https:\/\/der-goldene-fisch.de\/ping\/#\/schema\/person\/c415140d7348926844a49b29cc105aa4"},"articleSection":["a"],"inLanguage":"de","potentialAction":[{"@type":"CommentAction","name":"Comment","target":["https:\/\/der-goldene-fisch.de\/ping\/das-fuenfzigste-jahr-138\/#respond"]}]},{"@type":"WebPage","@id":"https:\/\/der-goldene-fisch.de\/ping\/das-fuenfzigste-jahr-138\/","url":"https:\/\/der-goldene-fisch.de\/ping\/das-fuenfzigste-jahr-138\/","name":"Das f\u00fcnfzigste Jahr (138) - der goldene fisch","isPartOf":{"@id":"https:\/\/der-goldene-fisch.de\/ping\/#website"},"datePublished":"2017-01-28T10:42:37+00:00","dateModified":"2017-01-28T10:42:37+00:00","breadcrumb":{"@id":"https:\/\/der-goldene-fisch.de\/ping\/das-fuenfzigste-jahr-138\/#breadcrumb"},"inLanguage":"de","potentialAction":[{"@type":"ReadAction","target":["https:\/\/der-goldene-fisch.de\/ping\/das-fuenfzigste-jahr-138\/"]}]},{"@type":"BreadcrumbList","@id":"https:\/\/der-goldene-fisch.de\/ping\/das-fuenfzigste-jahr-138\/#breadcrumb","itemListElement":[{"@type":"ListItem","position":1,"name":"Startseite","item":"https:\/\/der-goldene-fisch.de\/ping\/"},{"@type":"ListItem","position":2,"name":"Das f\u00fcnfzigste Jahr (138)"}]},{"@type":"WebSite","@id":"https:\/\/der-goldene-fisch.de\/ping\/#website","url":"https:\/\/der-goldene-fisch.de\/ping\/","name":"der goldene fisch","description":"","publisher":{"@id":"https:\/\/der-goldene-fisch.de\/ping\/#\/schema\/person\/c415140d7348926844a49b29cc105aa4"},"potentialAction":[{"@type":"SearchAction","target":{"@type":"EntryPoint","urlTemplate":"https:\/\/der-goldene-fisch.de\/ping\/?s={search_term_string}"},"query-input":{"@type":"PropertyValueSpecification","valueRequired":true,"valueName":"search_term_string"}}],"inLanguage":"de"},{"@type":["Person","Organization"],"@id":"https:\/\/der-goldene-fisch.de\/ping\/#\/schema\/person\/c415140d7348926844a49b29cc105aa4","name":"Andreas Louis Seyerlein","image":{"@type":"ImageObject","inLanguage":"de","@id":"https:\/\/der-goldene-fisch.de\/ping\/#\/schema\/person\/image\/","url":"https:\/\/secure.gravatar.com\/avatar\/d233a6eb5d99a83abb911b2d89ddf42e?s=96&d=mm&r=g","contentUrl":"https:\/\/secure.gravatar.com\/avatar\/d233a6eb5d99a83abb911b2d89ddf42e?s=96&d=mm&r=g","caption":"Andreas Louis Seyerlein"},"logo":{"@id":"https:\/\/der-goldene-fisch.de\/ping\/#\/schema\/person\/image\/"},"sameAs":["http:\/\/"]},{"@type":"Person","@id":"https:\/\/der-goldene-fisch.de\/ping\/#\/schema\/person\/b4cb2b531063dfc4a80c1893365b7faf","name":"Gerald Koll","image":{"@type":"ImageObject","inLanguage":"de","@id":"https:\/\/der-goldene-fisch.de\/ping\/#\/schema\/person\/image\/","url":"https:\/\/secure.gravatar.com\/avatar\/494c3ef1389ba6e021d9cac11e0c4e81?s=96&d=mm&r=g","contentUrl":"https:\/\/secure.gravatar.com\/avatar\/494c3ef1389ba6e021d9cac11e0c4e81?s=96&d=mm&r=g","caption":"Gerald Koll"},"sameAs":["http:\/\/www.geraldkoll.de"],"url":"https:\/\/der-goldene-fisch.de\/ping\/author\/gerald667\/"}]}},"jetpack_featured_media_url":"","jetpack_sharing_enabled":true,"jetpack_shortlink":"https:\/\/wp.me\/pxsFY-2Xa","_links":{"self":[{"href":"https:\/\/der-goldene-fisch.de\/ping\/wp-json\/wp\/v2\/posts\/11356","targetHints":{"allow":["GET"]}}],"collection":[{"href":"https:\/\/der-goldene-fisch.de\/ping\/wp-json\/wp\/v2\/posts"}],"about":[{"href":"https:\/\/der-goldene-fisch.de\/ping\/wp-json\/wp\/v2\/types\/post"}],"author":[{"embeddable":true,"href":"https:\/\/der-goldene-fisch.de\/ping\/wp-json\/wp\/v2\/users\/10"}],"replies":[{"embeddable":true,"href":"https:\/\/der-goldene-fisch.de\/ping\/wp-json\/wp\/v2\/comments?post=11356"}],"version-history":[{"count":0,"href":"https:\/\/der-goldene-fisch.de\/ping\/wp-json\/wp\/v2\/posts\/11356\/revisions"}],"wp:attachment":[{"href":"https:\/\/der-goldene-fisch.de\/ping\/wp-json\/wp\/v2\/media?parent=11356"}],"wp:term":[{"taxonomy":"category","embeddable":true,"href":"https:\/\/der-goldene-fisch.de\/ping\/wp-json\/wp\/v2\/categories?post=11356"},{"taxonomy":"post_tag","embeddable":true,"href":"https:\/\/der-goldene-fisch.de\/ping\/wp-json\/wp\/v2\/tags?post=11356"}],"curies":[{"name":"wp","href":"https:\/\/api.w.org\/{rel}","templated":true}]}}