{"id":11598,"date":"2017-02-16T09:01:17","date_gmt":"2017-02-16T08:01:17","guid":{"rendered":"http:\/\/der-goldene-fisch.de\/ping\/?p=11598"},"modified":"2017-02-16T09:01:17","modified_gmt":"2017-02-16T08:01:17","slug":"ich-kann-dir-meinen-bart-leihen-wenn","status":"publish","type":"post","link":"https:\/\/der-goldene-fisch.de\/ping\/ich-kann-dir-meinen-bart-leihen-wenn\/","title":{"rendered":"Ich kann dir meinen Bart leihen, wenn"},"content":{"rendered":"<p>du magst, der Wind in den D\u00fcnen kann<br \/>\nsehr scharf werden am Abend. Andererseits<br \/>\nn\u00fctzt es nichts, wenn <em>ich<\/em> mich erk\u00e4lte, also<br \/>\nteilen wir uns besser den Bart. Ich habe<\/p>\n<p>ihn extra wachsen lassen seit dem ersten<br \/>\nTag unserer Bekanntschaft, du hast diese<br \/>\nWeitsicht an mir schon immer zu sch\u00e4tzen<br \/>\ngewusst. Wir werden uns ein Haus bauen<\/p>\n<p>aus meinem Bart, darin verbringen wir<br \/>\ndie dunklen Tage, deren Namen ich gerade<br \/>\nvergessen habe. Es ist \u00fcbrigens sehr gut<br \/>\nvorstellbar, dass du gar kein Haus willst<\/p>\n<p>so nah am Sand \u2014 auch darauf werde ich<br \/>\nvorbereitet gewesen sein.<\/p>\n","protected":false},"excerpt":{"rendered":"<p>du magst, der Wind in den D\u00fcnen kann sehr scharf werden am Abend. Andererseits n\u00fctzt es nichts, wenn ich mich erk\u00e4lte, also teilen wir uns besser den Bart. Ich habe ihn extra wachsen lassen seit dem ersten Tag unserer Bekanntschaft, du hast diese Weitsicht an mir schon immer zu sch\u00e4tzen gewusst. Wir werden uns ein [&hellip;]<\/p>\n","protected":false},"author":11,"featured_media":0,"comment_status":"open","ping_status":"open","sticky":false,"template":"","format":"standard","meta":{"jetpack_post_was_ever_published":false,"_jetpack_newsletter_access":"","_jetpack_dont_email_post_to_subs":false,"_jetpack_newsletter_tier_id":0,"_jetpack_memberships_contains_paywalled_content":false,"_jetpack_memberships_contains_paid_content":false,"footnotes":"","jetpack_publicize_message":"","jetpack_publicize_feature_enabled":true,"jetpack_social_post_already_shared":false,"jetpack_social_options":{"image_generator_settings":{"template":"highway","enabled":false},"version":2}},"categories":[85],"tags":[854,855,8,853,49,123],"class_list":["post-11598","post","type-post","status-publish","format-standard","hentry","category-a","tag-bart","tag-duenen","tag-lyrik","tag-sand","tag-thorsten-kraemer","tag-wind"],"jetpack_publicize_connections":[],"yoast_head":"<!-- This site is optimized with the Yoast SEO plugin v24.0 - https:\/\/yoast.com\/wordpress\/plugins\/seo\/ -->\n<title>Ich kann dir meinen Bart leihen, wenn - der goldene fisch<\/title>\n<meta name=\"robots\" content=\"index, follow, max-snippet:-1, max-image-preview:large, max-video-preview:-1\" \/>\n<link rel=\"canonical\" href=\"https:\/\/der-goldene-fisch.de\/ping\/ich-kann-dir-meinen-bart-leihen-wenn\/\" \/>\n<meta property=\"og:locale\" content=\"de_DE\" \/>\n<meta property=\"og:type\" content=\"article\" \/>\n<meta property=\"og:title\" content=\"Ich kann dir meinen Bart leihen, wenn - der goldene fisch\" \/>\n<meta property=\"og:description\" content=\"du magst, der Wind in den D\u00fcnen kann sehr scharf werden am Abend. Andererseits n\u00fctzt es nichts, wenn ich mich erk\u00e4lte, also teilen wir uns besser den Bart. Ich habe ihn extra wachsen lassen seit dem ersten Tag unserer Bekanntschaft, du hast diese Weitsicht an mir schon immer zu sch\u00e4tzen gewusst. Wir werden uns ein [&hellip;]\" \/>\n<meta property=\"og:url\" content=\"https:\/\/der-goldene-fisch.de\/ping\/ich-kann-dir-meinen-bart-leihen-wenn\/\" \/>\n<meta property=\"og:site_name\" content=\"der goldene fisch\" \/>\n<meta property=\"article:published_time\" content=\"2017-02-16T08:01:17+00:00\" \/>\n<meta name=\"author\" content=\"Thorsten Kr\u00e4mer\" \/>\n<meta name=\"twitter:card\" content=\"summary_large_image\" \/>\n<meta name=\"twitter:label1\" content=\"Verfasst von\" \/>\n\t<meta name=\"twitter:data1\" content=\"Thorsten Kr\u00e4mer\" \/>\n<script type=\"application\/ld+json\" class=\"yoast-schema-graph\">{\"@context\":\"https:\/\/schema.org\",\"@graph\":[{\"@type\":\"Article\",\"@id\":\"https:\/\/der-goldene-fisch.de\/ping\/ich-kann-dir-meinen-bart-leihen-wenn\/#article\",\"isPartOf\":{\"@id\":\"https:\/\/der-goldene-fisch.de\/ping\/ich-kann-dir-meinen-bart-leihen-wenn\/\"},\"author\":{\"name\":\"Thorsten Kr\u00e4mer\",\"@id\":\"https:\/\/der-goldene-fisch.de\/ping\/#\/schema\/person\/ae65445cb29baaaf911bb3751ad66f76\"},\"headline\":\"Ich kann dir meinen Bart leihen, wenn\",\"datePublished\":\"2017-02-16T08:01:17+00:00\",\"dateModified\":\"2017-02-16T08:01:17+00:00\",\"mainEntityOfPage\":{\"@id\":\"https:\/\/der-goldene-fisch.de\/ping\/ich-kann-dir-meinen-bart-leihen-wenn\/\"},\"wordCount\":106,\"commentCount\":0,\"publisher\":{\"@id\":\"https:\/\/der-goldene-fisch.de\/ping\/#\/schema\/person\/c415140d7348926844a49b29cc105aa4\"},\"keywords\":[\"Bart\",\"D\u00fcnen\",\"lyrik\",\"Sand\",\"Thorsten Kr\u00e4mer\",\"wind\"],\"articleSection\":[\"a\"],\"inLanguage\":\"de\",\"potentialAction\":[{\"@type\":\"CommentAction\",\"name\":\"Comment\",\"target\":[\"https:\/\/der-goldene-fisch.de\/ping\/ich-kann-dir-meinen-bart-leihen-wenn\/#respond\"]}]},{\"@type\":\"WebPage\",\"@id\":\"https:\/\/der-goldene-fisch.de\/ping\/ich-kann-dir-meinen-bart-leihen-wenn\/\",\"url\":\"https:\/\/der-goldene-fisch.de\/ping\/ich-kann-dir-meinen-bart-leihen-wenn\/\",\"name\":\"Ich kann dir meinen Bart leihen, wenn - der goldene fisch\",\"isPartOf\":{\"@id\":\"https:\/\/der-goldene-fisch.de\/ping\/#website\"},\"datePublished\":\"2017-02-16T08:01:17+00:00\",\"dateModified\":\"2017-02-16T08:01:17+00:00\",\"breadcrumb\":{\"@id\":\"https:\/\/der-goldene-fisch.de\/ping\/ich-kann-dir-meinen-bart-leihen-wenn\/#breadcrumb\"},\"inLanguage\":\"de\",\"potentialAction\":[{\"@type\":\"ReadAction\",\"target\":[\"https:\/\/der-goldene-fisch.de\/ping\/ich-kann-dir-meinen-bart-leihen-wenn\/\"]}]},{\"@type\":\"BreadcrumbList\",\"@id\":\"https:\/\/der-goldene-fisch.de\/ping\/ich-kann-dir-meinen-bart-leihen-wenn\/#breadcrumb\",\"itemListElement\":[{\"@type\":\"ListItem\",\"position\":1,\"name\":\"Startseite\",\"item\":\"https:\/\/der-goldene-fisch.de\/ping\/\"},{\"@type\":\"ListItem\",\"position\":2,\"name\":\"Ich kann dir meinen Bart leihen, wenn\"}]},{\"@type\":\"WebSite\",\"@id\":\"https:\/\/der-goldene-fisch.de\/ping\/#website\",\"url\":\"https:\/\/der-goldene-fisch.de\/ping\/\",\"name\":\"der goldene fisch\",\"description\":\"\",\"publisher\":{\"@id\":\"https:\/\/der-goldene-fisch.de\/ping\/#\/schema\/person\/c415140d7348926844a49b29cc105aa4\"},\"potentialAction\":[{\"@type\":\"SearchAction\",\"target\":{\"@type\":\"EntryPoint\",\"urlTemplate\":\"https:\/\/der-goldene-fisch.de\/ping\/?s={search_term_string}\"},\"query-input\":{\"@type\":\"PropertyValueSpecification\",\"valueRequired\":true,\"valueName\":\"search_term_string\"}}],\"inLanguage\":\"de\"},{\"@type\":[\"Person\",\"Organization\"],\"@id\":\"https:\/\/der-goldene-fisch.de\/ping\/#\/schema\/person\/c415140d7348926844a49b29cc105aa4\",\"name\":\"Andreas Louis Seyerlein\",\"image\":{\"@type\":\"ImageObject\",\"inLanguage\":\"de\",\"@id\":\"https:\/\/der-goldene-fisch.de\/ping\/#\/schema\/person\/image\/\",\"url\":\"https:\/\/secure.gravatar.com\/avatar\/d233a6eb5d99a83abb911b2d89ddf42e?s=96&d=mm&r=g\",\"contentUrl\":\"https:\/\/secure.gravatar.com\/avatar\/d233a6eb5d99a83abb911b2d89ddf42e?s=96&d=mm&r=g\",\"caption\":\"Andreas Louis Seyerlein\"},\"logo\":{\"@id\":\"https:\/\/der-goldene-fisch.de\/ping\/#\/schema\/person\/image\/\"},\"sameAs\":[\"http:\/\/\"]},{\"@type\":\"Person\",\"@id\":\"https:\/\/der-goldene-fisch.de\/ping\/#\/schema\/person\/ae65445cb29baaaf911bb3751ad66f76\",\"name\":\"Thorsten Kr\u00e4mer\",\"image\":{\"@type\":\"ImageObject\",\"inLanguage\":\"de\",\"@id\":\"https:\/\/der-goldene-fisch.de\/ping\/#\/schema\/person\/image\/\",\"url\":\"https:\/\/secure.gravatar.com\/avatar\/494c3ef1389ba6e021d9cac11e0c4e81?s=96&d=mm&r=g\",\"contentUrl\":\"https:\/\/secure.gravatar.com\/avatar\/494c3ef1389ba6e021d9cac11e0c4e81?s=96&d=mm&r=g\",\"caption\":\"Thorsten Kr\u00e4mer\"},\"description\":\"Thorsten Kr\u00e4mer geboren 1971, lebt in K\u00f6ln. Ver\u00f6ffentlichungen: \u201cFast schon ein Gl\u00fcck\u201d, Erz\u00e4hlungen, Emons 1998 \u201cIch hei\u00dfe Hal Hartley\u201d, Film in Worten, Tropen 1998 \u201cNeue Musik aus Japan\u201d, Roman, Kiepenheuer &amp; Witsch 1999 \u201cThe Democratic Forest\u201d, Gedichte, Parasitenpresse 2008\",\"url\":\"https:\/\/der-goldene-fisch.de\/ping\/author\/thorsten214\/\"}]}<\/script>\n<!-- \/ Yoast SEO plugin. -->","yoast_head_json":{"title":"Ich kann dir meinen Bart leihen, wenn - der goldene fisch","robots":{"index":"index","follow":"follow","max-snippet":"max-snippet:-1","max-image-preview":"max-image-preview:large","max-video-preview":"max-video-preview:-1"},"canonical":"https:\/\/der-goldene-fisch.de\/ping\/ich-kann-dir-meinen-bart-leihen-wenn\/","og_locale":"de_DE","og_type":"article","og_title":"Ich kann dir meinen Bart leihen, wenn - der goldene fisch","og_description":"du magst, der Wind in den D\u00fcnen kann sehr scharf werden am Abend. Andererseits n\u00fctzt es nichts, wenn ich mich erk\u00e4lte, also teilen wir uns besser den Bart. Ich habe ihn extra wachsen lassen seit dem ersten Tag unserer Bekanntschaft, du hast diese Weitsicht an mir schon immer zu sch\u00e4tzen gewusst. Wir werden uns ein [&hellip;]","og_url":"https:\/\/der-goldene-fisch.de\/ping\/ich-kann-dir-meinen-bart-leihen-wenn\/","og_site_name":"der goldene fisch","article_published_time":"2017-02-16T08:01:17+00:00","author":"Thorsten Kr\u00e4mer","twitter_card":"summary_large_image","twitter_misc":{"Verfasst von":"Thorsten Kr\u00e4mer"},"schema":{"@context":"https:\/\/schema.org","@graph":[{"@type":"Article","@id":"https:\/\/der-goldene-fisch.de\/ping\/ich-kann-dir-meinen-bart-leihen-wenn\/#article","isPartOf":{"@id":"https:\/\/der-goldene-fisch.de\/ping\/ich-kann-dir-meinen-bart-leihen-wenn\/"},"author":{"name":"Thorsten Kr\u00e4mer","@id":"https:\/\/der-goldene-fisch.de\/ping\/#\/schema\/person\/ae65445cb29baaaf911bb3751ad66f76"},"headline":"Ich kann dir meinen Bart leihen, wenn","datePublished":"2017-02-16T08:01:17+00:00","dateModified":"2017-02-16T08:01:17+00:00","mainEntityOfPage":{"@id":"https:\/\/der-goldene-fisch.de\/ping\/ich-kann-dir-meinen-bart-leihen-wenn\/"},"wordCount":106,"commentCount":0,"publisher":{"@id":"https:\/\/der-goldene-fisch.de\/ping\/#\/schema\/person\/c415140d7348926844a49b29cc105aa4"},"keywords":["Bart","D\u00fcnen","lyrik","Sand","Thorsten Kr\u00e4mer","wind"],"articleSection":["a"],"inLanguage":"de","potentialAction":[{"@type":"CommentAction","name":"Comment","target":["https:\/\/der-goldene-fisch.de\/ping\/ich-kann-dir-meinen-bart-leihen-wenn\/#respond"]}]},{"@type":"WebPage","@id":"https:\/\/der-goldene-fisch.de\/ping\/ich-kann-dir-meinen-bart-leihen-wenn\/","url":"https:\/\/der-goldene-fisch.de\/ping\/ich-kann-dir-meinen-bart-leihen-wenn\/","name":"Ich kann dir meinen Bart leihen, wenn - der goldene fisch","isPartOf":{"@id":"https:\/\/der-goldene-fisch.de\/ping\/#website"},"datePublished":"2017-02-16T08:01:17+00:00","dateModified":"2017-02-16T08:01:17+00:00","breadcrumb":{"@id":"https:\/\/der-goldene-fisch.de\/ping\/ich-kann-dir-meinen-bart-leihen-wenn\/#breadcrumb"},"inLanguage":"de","potentialAction":[{"@type":"ReadAction","target":["https:\/\/der-goldene-fisch.de\/ping\/ich-kann-dir-meinen-bart-leihen-wenn\/"]}]},{"@type":"BreadcrumbList","@id":"https:\/\/der-goldene-fisch.de\/ping\/ich-kann-dir-meinen-bart-leihen-wenn\/#breadcrumb","itemListElement":[{"@type":"ListItem","position":1,"name":"Startseite","item":"https:\/\/der-goldene-fisch.de\/ping\/"},{"@type":"ListItem","position":2,"name":"Ich kann dir meinen Bart leihen, wenn"}]},{"@type":"WebSite","@id":"https:\/\/der-goldene-fisch.de\/ping\/#website","url":"https:\/\/der-goldene-fisch.de\/ping\/","name":"der goldene fisch","description":"","publisher":{"@id":"https:\/\/der-goldene-fisch.de\/ping\/#\/schema\/person\/c415140d7348926844a49b29cc105aa4"},"potentialAction":[{"@type":"SearchAction","target":{"@type":"EntryPoint","urlTemplate":"https:\/\/der-goldene-fisch.de\/ping\/?s={search_term_string}"},"query-input":{"@type":"PropertyValueSpecification","valueRequired":true,"valueName":"search_term_string"}}],"inLanguage":"de"},{"@type":["Person","Organization"],"@id":"https:\/\/der-goldene-fisch.de\/ping\/#\/schema\/person\/c415140d7348926844a49b29cc105aa4","name":"Andreas Louis Seyerlein","image":{"@type":"ImageObject","inLanguage":"de","@id":"https:\/\/der-goldene-fisch.de\/ping\/#\/schema\/person\/image\/","url":"https:\/\/secure.gravatar.com\/avatar\/d233a6eb5d99a83abb911b2d89ddf42e?s=96&d=mm&r=g","contentUrl":"https:\/\/secure.gravatar.com\/avatar\/d233a6eb5d99a83abb911b2d89ddf42e?s=96&d=mm&r=g","caption":"Andreas Louis Seyerlein"},"logo":{"@id":"https:\/\/der-goldene-fisch.de\/ping\/#\/schema\/person\/image\/"},"sameAs":["http:\/\/"]},{"@type":"Person","@id":"https:\/\/der-goldene-fisch.de\/ping\/#\/schema\/person\/ae65445cb29baaaf911bb3751ad66f76","name":"Thorsten Kr\u00e4mer","image":{"@type":"ImageObject","inLanguage":"de","@id":"https:\/\/der-goldene-fisch.de\/ping\/#\/schema\/person\/image\/","url":"https:\/\/secure.gravatar.com\/avatar\/494c3ef1389ba6e021d9cac11e0c4e81?s=96&d=mm&r=g","contentUrl":"https:\/\/secure.gravatar.com\/avatar\/494c3ef1389ba6e021d9cac11e0c4e81?s=96&d=mm&r=g","caption":"Thorsten Kr\u00e4mer"},"description":"Thorsten Kr\u00e4mer geboren 1971, lebt in K\u00f6ln. Ver\u00f6ffentlichungen: \u201cFast schon ein Gl\u00fcck\u201d, Erz\u00e4hlungen, Emons 1998 \u201cIch hei\u00dfe Hal Hartley\u201d, Film in Worten, Tropen 1998 \u201cNeue Musik aus Japan\u201d, Roman, Kiepenheuer &amp; Witsch 1999 \u201cThe Democratic Forest\u201d, Gedichte, Parasitenpresse 2008","url":"https:\/\/der-goldene-fisch.de\/ping\/author\/thorsten214\/"}]}},"jetpack_featured_media_url":"","jetpack_sharing_enabled":true,"jetpack_shortlink":"https:\/\/wp.me\/pxsFY-314","_links":{"self":[{"href":"https:\/\/der-goldene-fisch.de\/ping\/wp-json\/wp\/v2\/posts\/11598","targetHints":{"allow":["GET"]}}],"collection":[{"href":"https:\/\/der-goldene-fisch.de\/ping\/wp-json\/wp\/v2\/posts"}],"about":[{"href":"https:\/\/der-goldene-fisch.de\/ping\/wp-json\/wp\/v2\/types\/post"}],"author":[{"embeddable":true,"href":"https:\/\/der-goldene-fisch.de\/ping\/wp-json\/wp\/v2\/users\/11"}],"replies":[{"embeddable":true,"href":"https:\/\/der-goldene-fisch.de\/ping\/wp-json\/wp\/v2\/comments?post=11598"}],"version-history":[{"count":0,"href":"https:\/\/der-goldene-fisch.de\/ping\/wp-json\/wp\/v2\/posts\/11598\/revisions"}],"wp:attachment":[{"href":"https:\/\/der-goldene-fisch.de\/ping\/wp-json\/wp\/v2\/media?parent=11598"}],"wp:term":[{"taxonomy":"category","embeddable":true,"href":"https:\/\/der-goldene-fisch.de\/ping\/wp-json\/wp\/v2\/categories?post=11598"},{"taxonomy":"post_tag","embeddable":true,"href":"https:\/\/der-goldene-fisch.de\/ping\/wp-json\/wp\/v2\/tags?post=11598"}],"curies":[{"name":"wp","href":"https:\/\/api.w.org\/{rel}","templated":true}]}}