{"id":11611,"date":"2017-02-16T10:12:13","date_gmt":"2017-02-16T09:12:13","guid":{"rendered":"http:\/\/der-goldene-fisch.de\/ping\/?p=11611"},"modified":"2017-02-16T10:12:13","modified_gmt":"2017-02-16T09:12:13","slug":"der-die-welt-zerflockt-fotografien-von-johannes-seyerlein-in-haiku","status":"publish","type":"post","link":"https:\/\/der-goldene-fisch.de\/ping\/der-die-welt-zerflockt-fotografien-von-johannes-seyerlein-in-haiku\/","title":{"rendered":"DER DIE WELT ZERFLOCKT (Fotografien von Johannes Seyerlein in Haiku)"},"content":{"rendered":"<p>I<\/p>\n<p>Etwas wie Schnefall<br \/>\nzwischen Stamm und Zweig, Schneefall<br \/>\nder die Welt zerflockt.<\/p>\n<p>Und das Auge irrt<br \/>\nnach Konturen, erkennt nichts,<br \/>\nerkennt nur sich selbst.<\/p>\n<p>Und die Betrachtung<br \/>\nwird zum Biwak. Du wei\u00dft dich<br \/>\ndrau\u00dfen, weil du frierst<\/p>\n<p>II<\/p>\n<p>Dann zieht sich der Schnee<br \/>\nauf St\u00e4mme zur\u00fcck. Birken<br \/>\nwissen vom Winter.<\/p>\n<p>Der schmelzende Schnee<br \/>\nschw\u00e4rzt die Erde. Was wei\u00df war<br \/>\nklebt an den Stiefeln.<\/p>\n<p>Und das Unterholz:<br \/>\nEin feuchter Verhau, der dir<br \/>\nall das Dunkle zeigt.<\/p>\n","protected":false},"excerpt":{"rendered":"<p>I Etwas wie Schnefall zwischen Stamm und Zweig, Schneefall der die Welt zerflockt. Und das Auge irrt nach Konturen, erkennt nichts, erkennt nur sich selbst. Und die Betrachtung wird zum Biwak. Du wei\u00dft dich drau\u00dfen, weil du frierst II Dann zieht sich der Schnee auf St\u00e4mme zur\u00fcck. Birken wissen vom Winter. Der schmelzende Schnee schw\u00e4rzt [&hellip;]<\/p>\n","protected":false},"author":38,"featured_media":0,"comment_status":"open","ping_status":"open","sticky":false,"template":"","format":"standard","meta":{"jetpack_post_was_ever_published":false,"_jetpack_newsletter_access":"","_jetpack_dont_email_post_to_subs":false,"_jetpack_newsletter_tier_id":0,"_jetpack_memberships_contains_paywalled_content":false,"_jetpack_memberships_contains_paid_content":false,"footnotes":"","jetpack_publicize_message":"","jetpack_publicize_feature_enabled":true,"jetpack_social_post_already_shared":false,"jetpack_social_options":{"image_generator_settings":{"template":"highway","enabled":false},"version":2}},"categories":[85],"tags":[],"class_list":["post-11611","post","type-post","status-publish","format-standard","hentry","category-a"],"jetpack_publicize_connections":[],"yoast_head":"<!-- This site is optimized with the Yoast SEO plugin v24.0 - https:\/\/yoast.com\/wordpress\/plugins\/seo\/ -->\n<title>DER DIE WELT ZERFLOCKT (Fotografien von Johannes Seyerlein in Haiku) - der goldene fisch<\/title>\n<meta name=\"robots\" content=\"index, follow, max-snippet:-1, max-image-preview:large, max-video-preview:-1\" \/>\n<link rel=\"canonical\" href=\"https:\/\/der-goldene-fisch.de\/ping\/der-die-welt-zerflockt-fotografien-von-johannes-seyerlein-in-haiku\/\" \/>\n<meta property=\"og:locale\" content=\"de_DE\" \/>\n<meta property=\"og:type\" content=\"article\" \/>\n<meta property=\"og:title\" content=\"DER DIE WELT ZERFLOCKT (Fotografien von Johannes Seyerlein in Haiku) - der goldene fisch\" \/>\n<meta property=\"og:description\" content=\"I Etwas wie Schnefall zwischen Stamm und Zweig, Schneefall der die Welt zerflockt. Und das Auge irrt nach Konturen, erkennt nichts, erkennt nur sich selbst. Und die Betrachtung wird zum Biwak. Du wei\u00dft dich drau\u00dfen, weil du frierst II Dann zieht sich der Schnee auf St\u00e4mme zur\u00fcck. Birken wissen vom Winter. Der schmelzende Schnee schw\u00e4rzt [&hellip;]\" \/>\n<meta property=\"og:url\" content=\"https:\/\/der-goldene-fisch.de\/ping\/der-die-welt-zerflockt-fotografien-von-johannes-seyerlein-in-haiku\/\" \/>\n<meta property=\"og:site_name\" content=\"der goldene fisch\" \/>\n<meta property=\"article:published_time\" content=\"2017-02-16T09:12:13+00:00\" \/>\n<meta name=\"author\" content=\"Christian Lorenz M\u00fcller\" \/>\n<meta name=\"twitter:card\" content=\"summary_large_image\" \/>\n<meta name=\"twitter:label1\" content=\"Verfasst von\" \/>\n\t<meta name=\"twitter:data1\" content=\"Christian Lorenz M\u00fcller\" \/>\n<script type=\"application\/ld+json\" class=\"yoast-schema-graph\">{\"@context\":\"https:\/\/schema.org\",\"@graph\":[{\"@type\":\"Article\",\"@id\":\"https:\/\/der-goldene-fisch.de\/ping\/der-die-welt-zerflockt-fotografien-von-johannes-seyerlein-in-haiku\/#article\",\"isPartOf\":{\"@id\":\"https:\/\/der-goldene-fisch.de\/ping\/der-die-welt-zerflockt-fotografien-von-johannes-seyerlein-in-haiku\/\"},\"author\":{\"name\":\"Christian Lorenz M\u00fcller\",\"@id\":\"https:\/\/der-goldene-fisch.de\/ping\/#\/schema\/person\/97b751ed0d8fe1a19d772540bfebb35d\"},\"headline\":\"DER DIE WELT ZERFLOCKT (Fotografien von Johannes Seyerlein in Haiku)\",\"datePublished\":\"2017-02-16T09:12:13+00:00\",\"dateModified\":\"2017-02-16T09:12:13+00:00\",\"mainEntityOfPage\":{\"@id\":\"https:\/\/der-goldene-fisch.de\/ping\/der-die-welt-zerflockt-fotografien-von-johannes-seyerlein-in-haiku\/\"},\"wordCount\":91,\"commentCount\":0,\"publisher\":{\"@id\":\"https:\/\/der-goldene-fisch.de\/ping\/#\/schema\/person\/c415140d7348926844a49b29cc105aa4\"},\"articleSection\":[\"a\"],\"inLanguage\":\"de\",\"potentialAction\":[{\"@type\":\"CommentAction\",\"name\":\"Comment\",\"target\":[\"https:\/\/der-goldene-fisch.de\/ping\/der-die-welt-zerflockt-fotografien-von-johannes-seyerlein-in-haiku\/#respond\"]}]},{\"@type\":\"WebPage\",\"@id\":\"https:\/\/der-goldene-fisch.de\/ping\/der-die-welt-zerflockt-fotografien-von-johannes-seyerlein-in-haiku\/\",\"url\":\"https:\/\/der-goldene-fisch.de\/ping\/der-die-welt-zerflockt-fotografien-von-johannes-seyerlein-in-haiku\/\",\"name\":\"DER DIE WELT ZERFLOCKT (Fotografien von Johannes Seyerlein in Haiku) - der goldene fisch\",\"isPartOf\":{\"@id\":\"https:\/\/der-goldene-fisch.de\/ping\/#website\"},\"datePublished\":\"2017-02-16T09:12:13+00:00\",\"dateModified\":\"2017-02-16T09:12:13+00:00\",\"breadcrumb\":{\"@id\":\"https:\/\/der-goldene-fisch.de\/ping\/der-die-welt-zerflockt-fotografien-von-johannes-seyerlein-in-haiku\/#breadcrumb\"},\"inLanguage\":\"de\",\"potentialAction\":[{\"@type\":\"ReadAction\",\"target\":[\"https:\/\/der-goldene-fisch.de\/ping\/der-die-welt-zerflockt-fotografien-von-johannes-seyerlein-in-haiku\/\"]}]},{\"@type\":\"BreadcrumbList\",\"@id\":\"https:\/\/der-goldene-fisch.de\/ping\/der-die-welt-zerflockt-fotografien-von-johannes-seyerlein-in-haiku\/#breadcrumb\",\"itemListElement\":[{\"@type\":\"ListItem\",\"position\":1,\"name\":\"Startseite\",\"item\":\"https:\/\/der-goldene-fisch.de\/ping\/\"},{\"@type\":\"ListItem\",\"position\":2,\"name\":\"DER DIE WELT ZERFLOCKT (Fotografien von Johannes Seyerlein in Haiku)\"}]},{\"@type\":\"WebSite\",\"@id\":\"https:\/\/der-goldene-fisch.de\/ping\/#website\",\"url\":\"https:\/\/der-goldene-fisch.de\/ping\/\",\"name\":\"der goldene fisch\",\"description\":\"\",\"publisher\":{\"@id\":\"https:\/\/der-goldene-fisch.de\/ping\/#\/schema\/person\/c415140d7348926844a49b29cc105aa4\"},\"potentialAction\":[{\"@type\":\"SearchAction\",\"target\":{\"@type\":\"EntryPoint\",\"urlTemplate\":\"https:\/\/der-goldene-fisch.de\/ping\/?s={search_term_string}\"},\"query-input\":{\"@type\":\"PropertyValueSpecification\",\"valueRequired\":true,\"valueName\":\"search_term_string\"}}],\"inLanguage\":\"de\"},{\"@type\":[\"Person\",\"Organization\"],\"@id\":\"https:\/\/der-goldene-fisch.de\/ping\/#\/schema\/person\/c415140d7348926844a49b29cc105aa4\",\"name\":\"Andreas Louis Seyerlein\",\"image\":{\"@type\":\"ImageObject\",\"inLanguage\":\"de\",\"@id\":\"https:\/\/der-goldene-fisch.de\/ping\/#\/schema\/person\/image\/\",\"url\":\"https:\/\/secure.gravatar.com\/avatar\/d233a6eb5d99a83abb911b2d89ddf42e?s=96&d=mm&r=g\",\"contentUrl\":\"https:\/\/secure.gravatar.com\/avatar\/d233a6eb5d99a83abb911b2d89ddf42e?s=96&d=mm&r=g\",\"caption\":\"Andreas Louis Seyerlein\"},\"logo\":{\"@id\":\"https:\/\/der-goldene-fisch.de\/ping\/#\/schema\/person\/image\/\"},\"sameAs\":[\"http:\/\/\"]},{\"@type\":\"Person\",\"@id\":\"https:\/\/der-goldene-fisch.de\/ping\/#\/schema\/person\/97b751ed0d8fe1a19d772540bfebb35d\",\"name\":\"Christian Lorenz M\u00fcller\",\"image\":{\"@type\":\"ImageObject\",\"inLanguage\":\"de\",\"@id\":\"https:\/\/der-goldene-fisch.de\/ping\/#\/schema\/person\/image\/\",\"url\":\"https:\/\/secure.gravatar.com\/avatar\/6600d755653951c3f0ac7a11a8c666e7?s=96&d=mm&r=g\",\"contentUrl\":\"https:\/\/secure.gravatar.com\/avatar\/6600d755653951c3f0ac7a11a8c666e7?s=96&d=mm&r=g\",\"caption\":\"Christian Lorenz M\u00fcller\"},\"url\":\"https:\/\/der-goldene-fisch.de\/ping\/author\/christian1024\/\"}]}<\/script>\n<!-- \/ Yoast SEO plugin. -->","yoast_head_json":{"title":"DER DIE WELT ZERFLOCKT (Fotografien von Johannes Seyerlein in Haiku) - der goldene fisch","robots":{"index":"index","follow":"follow","max-snippet":"max-snippet:-1","max-image-preview":"max-image-preview:large","max-video-preview":"max-video-preview:-1"},"canonical":"https:\/\/der-goldene-fisch.de\/ping\/der-die-welt-zerflockt-fotografien-von-johannes-seyerlein-in-haiku\/","og_locale":"de_DE","og_type":"article","og_title":"DER DIE WELT ZERFLOCKT (Fotografien von Johannes Seyerlein in Haiku) - der goldene fisch","og_description":"I Etwas wie Schnefall zwischen Stamm und Zweig, Schneefall der die Welt zerflockt. Und das Auge irrt nach Konturen, erkennt nichts, erkennt nur sich selbst. Und die Betrachtung wird zum Biwak. Du wei\u00dft dich drau\u00dfen, weil du frierst II Dann zieht sich der Schnee auf St\u00e4mme zur\u00fcck. Birken wissen vom Winter. Der schmelzende Schnee schw\u00e4rzt [&hellip;]","og_url":"https:\/\/der-goldene-fisch.de\/ping\/der-die-welt-zerflockt-fotografien-von-johannes-seyerlein-in-haiku\/","og_site_name":"der goldene fisch","article_published_time":"2017-02-16T09:12:13+00:00","author":"Christian Lorenz M\u00fcller","twitter_card":"summary_large_image","twitter_misc":{"Verfasst von":"Christian Lorenz M\u00fcller"},"schema":{"@context":"https:\/\/schema.org","@graph":[{"@type":"Article","@id":"https:\/\/der-goldene-fisch.de\/ping\/der-die-welt-zerflockt-fotografien-von-johannes-seyerlein-in-haiku\/#article","isPartOf":{"@id":"https:\/\/der-goldene-fisch.de\/ping\/der-die-welt-zerflockt-fotografien-von-johannes-seyerlein-in-haiku\/"},"author":{"name":"Christian Lorenz M\u00fcller","@id":"https:\/\/der-goldene-fisch.de\/ping\/#\/schema\/person\/97b751ed0d8fe1a19d772540bfebb35d"},"headline":"DER DIE WELT ZERFLOCKT (Fotografien von Johannes Seyerlein in Haiku)","datePublished":"2017-02-16T09:12:13+00:00","dateModified":"2017-02-16T09:12:13+00:00","mainEntityOfPage":{"@id":"https:\/\/der-goldene-fisch.de\/ping\/der-die-welt-zerflockt-fotografien-von-johannes-seyerlein-in-haiku\/"},"wordCount":91,"commentCount":0,"publisher":{"@id":"https:\/\/der-goldene-fisch.de\/ping\/#\/schema\/person\/c415140d7348926844a49b29cc105aa4"},"articleSection":["a"],"inLanguage":"de","potentialAction":[{"@type":"CommentAction","name":"Comment","target":["https:\/\/der-goldene-fisch.de\/ping\/der-die-welt-zerflockt-fotografien-von-johannes-seyerlein-in-haiku\/#respond"]}]},{"@type":"WebPage","@id":"https:\/\/der-goldene-fisch.de\/ping\/der-die-welt-zerflockt-fotografien-von-johannes-seyerlein-in-haiku\/","url":"https:\/\/der-goldene-fisch.de\/ping\/der-die-welt-zerflockt-fotografien-von-johannes-seyerlein-in-haiku\/","name":"DER DIE WELT ZERFLOCKT (Fotografien von Johannes Seyerlein in Haiku) - der goldene fisch","isPartOf":{"@id":"https:\/\/der-goldene-fisch.de\/ping\/#website"},"datePublished":"2017-02-16T09:12:13+00:00","dateModified":"2017-02-16T09:12:13+00:00","breadcrumb":{"@id":"https:\/\/der-goldene-fisch.de\/ping\/der-die-welt-zerflockt-fotografien-von-johannes-seyerlein-in-haiku\/#breadcrumb"},"inLanguage":"de","potentialAction":[{"@type":"ReadAction","target":["https:\/\/der-goldene-fisch.de\/ping\/der-die-welt-zerflockt-fotografien-von-johannes-seyerlein-in-haiku\/"]}]},{"@type":"BreadcrumbList","@id":"https:\/\/der-goldene-fisch.de\/ping\/der-die-welt-zerflockt-fotografien-von-johannes-seyerlein-in-haiku\/#breadcrumb","itemListElement":[{"@type":"ListItem","position":1,"name":"Startseite","item":"https:\/\/der-goldene-fisch.de\/ping\/"},{"@type":"ListItem","position":2,"name":"DER DIE WELT ZERFLOCKT (Fotografien von Johannes Seyerlein in Haiku)"}]},{"@type":"WebSite","@id":"https:\/\/der-goldene-fisch.de\/ping\/#website","url":"https:\/\/der-goldene-fisch.de\/ping\/","name":"der goldene fisch","description":"","publisher":{"@id":"https:\/\/der-goldene-fisch.de\/ping\/#\/schema\/person\/c415140d7348926844a49b29cc105aa4"},"potentialAction":[{"@type":"SearchAction","target":{"@type":"EntryPoint","urlTemplate":"https:\/\/der-goldene-fisch.de\/ping\/?s={search_term_string}"},"query-input":{"@type":"PropertyValueSpecification","valueRequired":true,"valueName":"search_term_string"}}],"inLanguage":"de"},{"@type":["Person","Organization"],"@id":"https:\/\/der-goldene-fisch.de\/ping\/#\/schema\/person\/c415140d7348926844a49b29cc105aa4","name":"Andreas Louis Seyerlein","image":{"@type":"ImageObject","inLanguage":"de","@id":"https:\/\/der-goldene-fisch.de\/ping\/#\/schema\/person\/image\/","url":"https:\/\/secure.gravatar.com\/avatar\/d233a6eb5d99a83abb911b2d89ddf42e?s=96&d=mm&r=g","contentUrl":"https:\/\/secure.gravatar.com\/avatar\/d233a6eb5d99a83abb911b2d89ddf42e?s=96&d=mm&r=g","caption":"Andreas Louis Seyerlein"},"logo":{"@id":"https:\/\/der-goldene-fisch.de\/ping\/#\/schema\/person\/image\/"},"sameAs":["http:\/\/"]},{"@type":"Person","@id":"https:\/\/der-goldene-fisch.de\/ping\/#\/schema\/person\/97b751ed0d8fe1a19d772540bfebb35d","name":"Christian Lorenz M\u00fcller","image":{"@type":"ImageObject","inLanguage":"de","@id":"https:\/\/der-goldene-fisch.de\/ping\/#\/schema\/person\/image\/","url":"https:\/\/secure.gravatar.com\/avatar\/6600d755653951c3f0ac7a11a8c666e7?s=96&d=mm&r=g","contentUrl":"https:\/\/secure.gravatar.com\/avatar\/6600d755653951c3f0ac7a11a8c666e7?s=96&d=mm&r=g","caption":"Christian Lorenz M\u00fcller"},"url":"https:\/\/der-goldene-fisch.de\/ping\/author\/christian1024\/"}]}},"jetpack_featured_media_url":"","jetpack_sharing_enabled":true,"jetpack_shortlink":"https:\/\/wp.me\/pxsFY-31h","_links":{"self":[{"href":"https:\/\/der-goldene-fisch.de\/ping\/wp-json\/wp\/v2\/posts\/11611","targetHints":{"allow":["GET"]}}],"collection":[{"href":"https:\/\/der-goldene-fisch.de\/ping\/wp-json\/wp\/v2\/posts"}],"about":[{"href":"https:\/\/der-goldene-fisch.de\/ping\/wp-json\/wp\/v2\/types\/post"}],"author":[{"embeddable":true,"href":"https:\/\/der-goldene-fisch.de\/ping\/wp-json\/wp\/v2\/users\/38"}],"replies":[{"embeddable":true,"href":"https:\/\/der-goldene-fisch.de\/ping\/wp-json\/wp\/v2\/comments?post=11611"}],"version-history":[{"count":0,"href":"https:\/\/der-goldene-fisch.de\/ping\/wp-json\/wp\/v2\/posts\/11611\/revisions"}],"wp:attachment":[{"href":"https:\/\/der-goldene-fisch.de\/ping\/wp-json\/wp\/v2\/media?parent=11611"}],"wp:term":[{"taxonomy":"category","embeddable":true,"href":"https:\/\/der-goldene-fisch.de\/ping\/wp-json\/wp\/v2\/categories?post=11611"},{"taxonomy":"post_tag","embeddable":true,"href":"https:\/\/der-goldene-fisch.de\/ping\/wp-json\/wp\/v2\/tags?post=11611"}],"curies":[{"name":"wp","href":"https:\/\/api.w.org\/{rel}","templated":true}]}}