{"id":12694,"date":"2017-05-16T08:53:43","date_gmt":"2017-05-16T07:53:43","guid":{"rendered":"http:\/\/der-goldene-fisch.de\/ping\/?p=12694"},"modified":"2017-05-16T08:53:43","modified_gmt":"2017-05-16T07:53:43","slug":"das-fuenfzigste-jahr-202","status":"publish","type":"post","link":"https:\/\/der-goldene-fisch.de\/ping\/das-fuenfzigste-jahr-202\/","title":{"rendered":"Das f\u00fcnfzigste Jahr (202)"},"content":{"rendered":"<p><strong>16. Mai 2016, <\/strong><strong>ein Montag<\/strong><\/p>\n<p>Heute endete der Aikido-Lehrgang bei Jan Nivelius-Shihan. Solche Lehrg\u00e4nge r\u00fctteln geh\u00f6rig durch, wenn man sich nicht dagegen abschlie\u00dft, und das zu tun, w\u00e4re nat\u00fcrlich ein Missverst\u00e4ndnis. Also l\u00e4sst man sich durchr\u00fctteln. Ich bin regelm\u00e4\u00dfig hypnotisiert von Nevelius&#8216; scheinbarer Simplizit\u00e4t und erwache mit Schrecken, sobald ich das, was so \u00fcberaus simpel schien, selbst anwenden soll. Ich adaptiere oft auf t\u00f6richte Weise ungelenk und langsam. Besonders offenbarend dann auch der eine Zeitpunkt, bei dem Nevelius mich nach vorn holte, um ihn anzugreifen. Da war ich dann ein vollkommener Tollpatsch.<\/p>\n<p>Die Manga-Serie <em>Gute Nacht, Punpun<\/em> ist mit Band 13 zu Ende gegangen. Auf dem Buchr\u00fccken steht, es sei ein verst\u00f6render und aufw\u00fchlender Blick in die Welt eines tr\u00e4umenden Vogels, und das trifft es. Das Fragmentarische \u00fcberfordert, aber Asano schafft auf diese Weise Dunkelstellen, die dann in der Fantasie explodieren k\u00f6nnen. Oft greift er zu Klischees, spielt aber mit ihnen in klarsichtiger Boshaftigkeit. Er ist gro\u00dfartig, ohne dass ich ihn recht fassen k\u00f6nnte. Au\u00dfer, dass ich mir vorstelle, dass das konfuse urbane japanische Gehirn in letzter Konsequenz so funktionieren k\u00f6nnte, wie es sich hier darstellt.<\/p>\n<p>Mit Frau S. am Sonnabend in <em>A Bigger Splash<\/em>, ein italienisches Remake von Derays <em>Swimmingpool<\/em>, den ich kaum wiedererkannt habe, was zum Teil daran liegen d\u00fcrfte, dass ich viele Filme so rabiat vergesse. Ungeachtet davon bezaubern Ralph Fiennes in seiner Entfesselung und Tilda Swinton in ihrer stillen provozierenden Souver\u00e4nit\u00e4t. Dazu immer wieder filmisch kluge Aufl\u00f6sungen mit lange Fahrten, Kreisfahrten. Auch hier entfesselt und souver\u00e4n, genau wie das Buch, das trotz kriminalistischen Ansatzes bis zum Ende keine R\u00fccksicht darauf zu nehmen scheint, ob etwas &#8222;funktioniert&#8220;.<\/p>\n<p>Mit Frau S. &#8230; ja, mit Frau S. ist es sch\u00f6n. Gestern in ihrer Wohnung, in ihrem Zimmer, auf ihrem Teppich, h\u00f6rten wir, w\u00e4hrend Frau S. mir eine Shiatsu-Massage verabreichte, &#8218;Anthony and the Johnsons&#8216;, und ich bekam anfangs Gewissensbisse, weil dessen Songs eng mit vergangenen Zeiten mit A. verkn\u00fcpft sind, doch l\u00f6sten sich diese Verkn\u00fcpfungen, und w\u00e4hrend wir diesen Liedern, die Engel zum Weinen br\u00e4chten, lauschten und mein Kopf so eingebettet lag war, war es mir, als k\u00f6nnte ich einfach in Tr\u00e4nen ausbrechen und Frau S. zur\u00fcckgeben, was ihre spendable Liebe mir andauernd gibt. Aber ich weinte dann doch nicht, und wir lagen lange still. Das waren so Momente.<\/p>\n","protected":false},"excerpt":{"rendered":"<p>16. Mai 2016, ein Montag Heute endete der Aikido-Lehrgang bei Jan Nivelius-Shihan. Solche Lehrg\u00e4nge r\u00fctteln geh\u00f6rig durch, wenn man sich nicht dagegen abschlie\u00dft, und das zu tun, w\u00e4re nat\u00fcrlich ein Missverst\u00e4ndnis. Also l\u00e4sst man sich durchr\u00fctteln. Ich bin regelm\u00e4\u00dfig hypnotisiert von Nevelius&#8216; scheinbarer Simplizit\u00e4t und erwache mit Schrecken, sobald ich das, was so \u00fcberaus simpel [&hellip;]<\/p>\n","protected":false},"author":10,"featured_media":0,"comment_status":"open","ping_status":"open","sticky":false,"template":"","format":"standard","meta":{"jetpack_post_was_ever_published":false,"_jetpack_newsletter_access":"","_jetpack_dont_email_post_to_subs":false,"_jetpack_newsletter_tier_id":0,"_jetpack_memberships_contains_paywalled_content":false,"_jetpack_memberships_contains_paid_content":false,"footnotes":"","jetpack_publicize_message":"","jetpack_publicize_feature_enabled":true,"jetpack_social_post_already_shared":false,"jetpack_social_options":{"image_generator_settings":{"template":"highway","enabled":false},"version":2}},"categories":[85],"tags":[],"class_list":["post-12694","post","type-post","status-publish","format-standard","hentry","category-a"],"jetpack_publicize_connections":[],"yoast_head":"<!-- This site is optimized with the Yoast SEO plugin v24.0 - https:\/\/yoast.com\/wordpress\/plugins\/seo\/ -->\n<title>Das f\u00fcnfzigste Jahr (202) - der goldene fisch<\/title>\n<meta name=\"robots\" content=\"index, follow, max-snippet:-1, max-image-preview:large, max-video-preview:-1\" \/>\n<link rel=\"canonical\" href=\"https:\/\/der-goldene-fisch.de\/ping\/das-fuenfzigste-jahr-202\/\" \/>\n<meta property=\"og:locale\" content=\"de_DE\" \/>\n<meta property=\"og:type\" content=\"article\" \/>\n<meta property=\"og:title\" content=\"Das f\u00fcnfzigste Jahr (202) - der goldene fisch\" \/>\n<meta property=\"og:description\" content=\"16. Mai 2016, ein Montag Heute endete der Aikido-Lehrgang bei Jan Nivelius-Shihan. Solche Lehrg\u00e4nge r\u00fctteln geh\u00f6rig durch, wenn man sich nicht dagegen abschlie\u00dft, und das zu tun, w\u00e4re nat\u00fcrlich ein Missverst\u00e4ndnis. Also l\u00e4sst man sich durchr\u00fctteln. Ich bin regelm\u00e4\u00dfig hypnotisiert von Nevelius&#8216; scheinbarer Simplizit\u00e4t und erwache mit Schrecken, sobald ich das, was so \u00fcberaus simpel [&hellip;]\" \/>\n<meta property=\"og:url\" content=\"https:\/\/der-goldene-fisch.de\/ping\/das-fuenfzigste-jahr-202\/\" \/>\n<meta property=\"og:site_name\" content=\"der goldene fisch\" \/>\n<meta property=\"article:published_time\" content=\"2017-05-16T07:53:43+00:00\" \/>\n<meta name=\"author\" content=\"Gerald Koll\" \/>\n<meta name=\"twitter:card\" content=\"summary_large_image\" \/>\n<meta name=\"twitter:label1\" content=\"Verfasst von\" \/>\n\t<meta name=\"twitter:data1\" content=\"Gerald Koll\" \/>\n\t<meta name=\"twitter:label2\" content=\"Gesch\u00e4tzte Lesezeit\" \/>\n\t<meta name=\"twitter:data2\" content=\"2 Minuten\" \/>\n<script type=\"application\/ld+json\" class=\"yoast-schema-graph\">{\"@context\":\"https:\/\/schema.org\",\"@graph\":[{\"@type\":\"Article\",\"@id\":\"https:\/\/der-goldene-fisch.de\/ping\/das-fuenfzigste-jahr-202\/#article\",\"isPartOf\":{\"@id\":\"https:\/\/der-goldene-fisch.de\/ping\/das-fuenfzigste-jahr-202\/\"},\"author\":{\"name\":\"Gerald Koll\",\"@id\":\"https:\/\/der-goldene-fisch.de\/ping\/#\/schema\/person\/b4cb2b531063dfc4a80c1893365b7faf\"},\"headline\":\"Das f\u00fcnfzigste Jahr (202)\",\"datePublished\":\"2017-05-16T07:53:43+00:00\",\"dateModified\":\"2017-05-16T07:53:43+00:00\",\"mainEntityOfPage\":{\"@id\":\"https:\/\/der-goldene-fisch.de\/ping\/das-fuenfzigste-jahr-202\/\"},\"wordCount\":417,\"commentCount\":0,\"publisher\":{\"@id\":\"https:\/\/der-goldene-fisch.de\/ping\/#\/schema\/person\/c415140d7348926844a49b29cc105aa4\"},\"articleSection\":[\"a\"],\"inLanguage\":\"de\",\"potentialAction\":[{\"@type\":\"CommentAction\",\"name\":\"Comment\",\"target\":[\"https:\/\/der-goldene-fisch.de\/ping\/das-fuenfzigste-jahr-202\/#respond\"]}]},{\"@type\":\"WebPage\",\"@id\":\"https:\/\/der-goldene-fisch.de\/ping\/das-fuenfzigste-jahr-202\/\",\"url\":\"https:\/\/der-goldene-fisch.de\/ping\/das-fuenfzigste-jahr-202\/\",\"name\":\"Das f\u00fcnfzigste Jahr (202) - der goldene fisch\",\"isPartOf\":{\"@id\":\"https:\/\/der-goldene-fisch.de\/ping\/#website\"},\"datePublished\":\"2017-05-16T07:53:43+00:00\",\"dateModified\":\"2017-05-16T07:53:43+00:00\",\"breadcrumb\":{\"@id\":\"https:\/\/der-goldene-fisch.de\/ping\/das-fuenfzigste-jahr-202\/#breadcrumb\"},\"inLanguage\":\"de\",\"potentialAction\":[{\"@type\":\"ReadAction\",\"target\":[\"https:\/\/der-goldene-fisch.de\/ping\/das-fuenfzigste-jahr-202\/\"]}]},{\"@type\":\"BreadcrumbList\",\"@id\":\"https:\/\/der-goldene-fisch.de\/ping\/das-fuenfzigste-jahr-202\/#breadcrumb\",\"itemListElement\":[{\"@type\":\"ListItem\",\"position\":1,\"name\":\"Startseite\",\"item\":\"https:\/\/der-goldene-fisch.de\/ping\/\"},{\"@type\":\"ListItem\",\"position\":2,\"name\":\"Das f\u00fcnfzigste Jahr (202)\"}]},{\"@type\":\"WebSite\",\"@id\":\"https:\/\/der-goldene-fisch.de\/ping\/#website\",\"url\":\"https:\/\/der-goldene-fisch.de\/ping\/\",\"name\":\"der goldene fisch\",\"description\":\"\",\"publisher\":{\"@id\":\"https:\/\/der-goldene-fisch.de\/ping\/#\/schema\/person\/c415140d7348926844a49b29cc105aa4\"},\"potentialAction\":[{\"@type\":\"SearchAction\",\"target\":{\"@type\":\"EntryPoint\",\"urlTemplate\":\"https:\/\/der-goldene-fisch.de\/ping\/?s={search_term_string}\"},\"query-input\":{\"@type\":\"PropertyValueSpecification\",\"valueRequired\":true,\"valueName\":\"search_term_string\"}}],\"inLanguage\":\"de\"},{\"@type\":[\"Person\",\"Organization\"],\"@id\":\"https:\/\/der-goldene-fisch.de\/ping\/#\/schema\/person\/c415140d7348926844a49b29cc105aa4\",\"name\":\"Andreas Louis Seyerlein\",\"image\":{\"@type\":\"ImageObject\",\"inLanguage\":\"de\",\"@id\":\"https:\/\/der-goldene-fisch.de\/ping\/#\/schema\/person\/image\/\",\"url\":\"https:\/\/secure.gravatar.com\/avatar\/d233a6eb5d99a83abb911b2d89ddf42e?s=96&d=mm&r=g\",\"contentUrl\":\"https:\/\/secure.gravatar.com\/avatar\/d233a6eb5d99a83abb911b2d89ddf42e?s=96&d=mm&r=g\",\"caption\":\"Andreas Louis Seyerlein\"},\"logo\":{\"@id\":\"https:\/\/der-goldene-fisch.de\/ping\/#\/schema\/person\/image\/\"},\"sameAs\":[\"http:\/\/\"]},{\"@type\":\"Person\",\"@id\":\"https:\/\/der-goldene-fisch.de\/ping\/#\/schema\/person\/b4cb2b531063dfc4a80c1893365b7faf\",\"name\":\"Gerald Koll\",\"image\":{\"@type\":\"ImageObject\",\"inLanguage\":\"de\",\"@id\":\"https:\/\/der-goldene-fisch.de\/ping\/#\/schema\/person\/image\/\",\"url\":\"https:\/\/secure.gravatar.com\/avatar\/494c3ef1389ba6e021d9cac11e0c4e81?s=96&d=mm&r=g\",\"contentUrl\":\"https:\/\/secure.gravatar.com\/avatar\/494c3ef1389ba6e021d9cac11e0c4e81?s=96&d=mm&r=g\",\"caption\":\"Gerald Koll\"},\"sameAs\":[\"http:\/\/www.geraldkoll.de\"],\"url\":\"https:\/\/der-goldene-fisch.de\/ping\/author\/gerald667\/\"}]}<\/script>\n<!-- \/ Yoast SEO plugin. -->","yoast_head_json":{"title":"Das f\u00fcnfzigste Jahr (202) - der goldene fisch","robots":{"index":"index","follow":"follow","max-snippet":"max-snippet:-1","max-image-preview":"max-image-preview:large","max-video-preview":"max-video-preview:-1"},"canonical":"https:\/\/der-goldene-fisch.de\/ping\/das-fuenfzigste-jahr-202\/","og_locale":"de_DE","og_type":"article","og_title":"Das f\u00fcnfzigste Jahr (202) - der goldene fisch","og_description":"16. Mai 2016, ein Montag Heute endete der Aikido-Lehrgang bei Jan Nivelius-Shihan. Solche Lehrg\u00e4nge r\u00fctteln geh\u00f6rig durch, wenn man sich nicht dagegen abschlie\u00dft, und das zu tun, w\u00e4re nat\u00fcrlich ein Missverst\u00e4ndnis. Also l\u00e4sst man sich durchr\u00fctteln. Ich bin regelm\u00e4\u00dfig hypnotisiert von Nevelius&#8216; scheinbarer Simplizit\u00e4t und erwache mit Schrecken, sobald ich das, was so \u00fcberaus simpel [&hellip;]","og_url":"https:\/\/der-goldene-fisch.de\/ping\/das-fuenfzigste-jahr-202\/","og_site_name":"der goldene fisch","article_published_time":"2017-05-16T07:53:43+00:00","author":"Gerald Koll","twitter_card":"summary_large_image","twitter_misc":{"Verfasst von":"Gerald Koll","Gesch\u00e4tzte Lesezeit":"2 Minuten"},"schema":{"@context":"https:\/\/schema.org","@graph":[{"@type":"Article","@id":"https:\/\/der-goldene-fisch.de\/ping\/das-fuenfzigste-jahr-202\/#article","isPartOf":{"@id":"https:\/\/der-goldene-fisch.de\/ping\/das-fuenfzigste-jahr-202\/"},"author":{"name":"Gerald Koll","@id":"https:\/\/der-goldene-fisch.de\/ping\/#\/schema\/person\/b4cb2b531063dfc4a80c1893365b7faf"},"headline":"Das f\u00fcnfzigste Jahr (202)","datePublished":"2017-05-16T07:53:43+00:00","dateModified":"2017-05-16T07:53:43+00:00","mainEntityOfPage":{"@id":"https:\/\/der-goldene-fisch.de\/ping\/das-fuenfzigste-jahr-202\/"},"wordCount":417,"commentCount":0,"publisher":{"@id":"https:\/\/der-goldene-fisch.de\/ping\/#\/schema\/person\/c415140d7348926844a49b29cc105aa4"},"articleSection":["a"],"inLanguage":"de","potentialAction":[{"@type":"CommentAction","name":"Comment","target":["https:\/\/der-goldene-fisch.de\/ping\/das-fuenfzigste-jahr-202\/#respond"]}]},{"@type":"WebPage","@id":"https:\/\/der-goldene-fisch.de\/ping\/das-fuenfzigste-jahr-202\/","url":"https:\/\/der-goldene-fisch.de\/ping\/das-fuenfzigste-jahr-202\/","name":"Das f\u00fcnfzigste Jahr (202) - der goldene fisch","isPartOf":{"@id":"https:\/\/der-goldene-fisch.de\/ping\/#website"},"datePublished":"2017-05-16T07:53:43+00:00","dateModified":"2017-05-16T07:53:43+00:00","breadcrumb":{"@id":"https:\/\/der-goldene-fisch.de\/ping\/das-fuenfzigste-jahr-202\/#breadcrumb"},"inLanguage":"de","potentialAction":[{"@type":"ReadAction","target":["https:\/\/der-goldene-fisch.de\/ping\/das-fuenfzigste-jahr-202\/"]}]},{"@type":"BreadcrumbList","@id":"https:\/\/der-goldene-fisch.de\/ping\/das-fuenfzigste-jahr-202\/#breadcrumb","itemListElement":[{"@type":"ListItem","position":1,"name":"Startseite","item":"https:\/\/der-goldene-fisch.de\/ping\/"},{"@type":"ListItem","position":2,"name":"Das f\u00fcnfzigste Jahr (202)"}]},{"@type":"WebSite","@id":"https:\/\/der-goldene-fisch.de\/ping\/#website","url":"https:\/\/der-goldene-fisch.de\/ping\/","name":"der goldene fisch","description":"","publisher":{"@id":"https:\/\/der-goldene-fisch.de\/ping\/#\/schema\/person\/c415140d7348926844a49b29cc105aa4"},"potentialAction":[{"@type":"SearchAction","target":{"@type":"EntryPoint","urlTemplate":"https:\/\/der-goldene-fisch.de\/ping\/?s={search_term_string}"},"query-input":{"@type":"PropertyValueSpecification","valueRequired":true,"valueName":"search_term_string"}}],"inLanguage":"de"},{"@type":["Person","Organization"],"@id":"https:\/\/der-goldene-fisch.de\/ping\/#\/schema\/person\/c415140d7348926844a49b29cc105aa4","name":"Andreas Louis Seyerlein","image":{"@type":"ImageObject","inLanguage":"de","@id":"https:\/\/der-goldene-fisch.de\/ping\/#\/schema\/person\/image\/","url":"https:\/\/secure.gravatar.com\/avatar\/d233a6eb5d99a83abb911b2d89ddf42e?s=96&d=mm&r=g","contentUrl":"https:\/\/secure.gravatar.com\/avatar\/d233a6eb5d99a83abb911b2d89ddf42e?s=96&d=mm&r=g","caption":"Andreas Louis Seyerlein"},"logo":{"@id":"https:\/\/der-goldene-fisch.de\/ping\/#\/schema\/person\/image\/"},"sameAs":["http:\/\/"]},{"@type":"Person","@id":"https:\/\/der-goldene-fisch.de\/ping\/#\/schema\/person\/b4cb2b531063dfc4a80c1893365b7faf","name":"Gerald Koll","image":{"@type":"ImageObject","inLanguage":"de","@id":"https:\/\/der-goldene-fisch.de\/ping\/#\/schema\/person\/image\/","url":"https:\/\/secure.gravatar.com\/avatar\/494c3ef1389ba6e021d9cac11e0c4e81?s=96&d=mm&r=g","contentUrl":"https:\/\/secure.gravatar.com\/avatar\/494c3ef1389ba6e021d9cac11e0c4e81?s=96&d=mm&r=g","caption":"Gerald Koll"},"sameAs":["http:\/\/www.geraldkoll.de"],"url":"https:\/\/der-goldene-fisch.de\/ping\/author\/gerald667\/"}]}},"jetpack_featured_media_url":"","jetpack_sharing_enabled":true,"jetpack_shortlink":"https:\/\/wp.me\/pxsFY-3iK","_links":{"self":[{"href":"https:\/\/der-goldene-fisch.de\/ping\/wp-json\/wp\/v2\/posts\/12694","targetHints":{"allow":["GET"]}}],"collection":[{"href":"https:\/\/der-goldene-fisch.de\/ping\/wp-json\/wp\/v2\/posts"}],"about":[{"href":"https:\/\/der-goldene-fisch.de\/ping\/wp-json\/wp\/v2\/types\/post"}],"author":[{"embeddable":true,"href":"https:\/\/der-goldene-fisch.de\/ping\/wp-json\/wp\/v2\/users\/10"}],"replies":[{"embeddable":true,"href":"https:\/\/der-goldene-fisch.de\/ping\/wp-json\/wp\/v2\/comments?post=12694"}],"version-history":[{"count":0,"href":"https:\/\/der-goldene-fisch.de\/ping\/wp-json\/wp\/v2\/posts\/12694\/revisions"}],"wp:attachment":[{"href":"https:\/\/der-goldene-fisch.de\/ping\/wp-json\/wp\/v2\/media?parent=12694"}],"wp:term":[{"taxonomy":"category","embeddable":true,"href":"https:\/\/der-goldene-fisch.de\/ping\/wp-json\/wp\/v2\/categories?post=12694"},{"taxonomy":"post_tag","embeddable":true,"href":"https:\/\/der-goldene-fisch.de\/ping\/wp-json\/wp\/v2\/tags?post=12694"}],"curies":[{"name":"wp","href":"https:\/\/api.w.org\/{rel}","templated":true}]}}