{"id":12836,"date":"2017-05-26T22:54:12","date_gmt":"2017-05-26T21:54:12","guid":{"rendered":"http:\/\/der-goldene-fisch.de\/ping\/?p=12836"},"modified":"2017-05-26T22:54:12","modified_gmt":"2017-05-26T21:54:12","slug":"das-fuenfzigste-jahr-206","status":"publish","type":"post","link":"https:\/\/der-goldene-fisch.de\/ping\/das-fuenfzigste-jahr-206\/","title":{"rendered":"Das f\u00fcnfzigste Jahr (206)"},"content":{"rendered":"<p><strong>26. Mai 2016, ein<\/strong><strong> Donnerstag<\/strong><\/p>\n<p>Es ist 4:48 Uhr, soeben bin ich erwacht und schreibe schnell, bevor alles weg ist. Eben noch, im Traum, befand ich mich in einem Hafengebiet in einer gro\u00dfen Feiergesellschaft und habe, wodurch auch immer, auf einem anderen Kontinent eine Langstreckenrakete gez\u00fcndet, die nunmehr auf dem Weg zu mir, zu meinem Kontinent, war, um uns alle zu vernichten.<\/p>\n<p>Es war im gleichen Traumgeschehen, dass ich am fr\u00fchen Morgen auf urbaner Stra\u00dfe ging und zwei Frauen sah, die kichernd nebeneinander flanierten und sich das wunde Geschlecht hielten. Auch erz\u00e4hlten sie sich von gerade soeben erlebten sexuellen Abenteuern. Die eine hatte, glaubte ich, einen Dreier gehabt, die andere sprach kichernd ausschlie\u00dflich von &#8222;Eduard&#8220; (niemand dieses Namens ist mir bekannt).<\/p>\n<p>Wahrscheinlich danach begann die Traumsequenz mit der Bombe, deren Eintreffen ich zunehmend bange entgegensah. Ich hielt es kaum aus. Ich h\u00e4tte gern geschlafen in diesem Traum, fragte mich aber unabl\u00e4ssig, ob diese Rakete nun stur das Ziel ansteuere, dessen Koordinaten ihm im Augenblick der Z\u00fcndung angegeben worden seien, oder ob sie intelligent genug sei, dem beweglichen Ziel \u2013 also mir \u2013 zu folgen und mithin meine Flucht sinnlos sei. Irgendwann habe ich mich von einer nicht erinnerlichen Person gel\u00f6st, mit dem Ziel \u2013 die Intelligenz der Rakete vorausgesetzt \u2013 diese Person zu retten, wom\u00f6glich aber auch \u2013 die Nicht-Intelligenz der Rakete einrechnend \u2013 diese Person der Rakete auszuliefern und mich zu retten \u2026 mulmig wurde es mir in beiden F\u00e4llen, und ich stak im Dilemma, ohne lange abw\u00e4gen zu k\u00f6nnen, denn das Eintreffen der Rakete stand nun unmittelbar bevor, und so lief ich halbentschieden, um nur irgendeine Irritation in diese verfahrene Situation zu bringen, zielstrebig in die Hafengegend (die mich von ungef\u00e4hr an Kiel erinnert). Dort sah ich \u00fcber dem Meer ein sehr tief fliegendes Flugzeug st\u00fcrzen. Ich begriff es als Vorboten der Rakete. Dann &#8230; gleichsam im Aufwachen \u2026 folgte ein Happy End, in dem die Entsch\u00e4rfung der Rakete gemeldet wurde, obwohl mir die genauen Umst\u00e4nde und Erkl\u00e4rung der Entsch\u00e4rfung nicht erinnerlich ist.<\/p>\n<p>Genau erinnerlich aber ist mir der Aufwachgedanke, dass dies alles ein Reflex sei auf meinen gestrigen Besuch in Megs Tanz-Performance, in ihrem Revier. Und auch fiel mir ein bestimmter Zeitpunkt im Verlauf des St\u00fccks ein, als alle G\u00e4ste den Ort wechseln und vom Rang ins Parkett gehen sollten. Da wachte an einer Saalt\u00fcr, durch die ich zu gehen hatte, die mir bekannte Aktrice Amy, die mir menetekelnd-schnurrend ein &#8222;Take care&#8220; zuraunte, das ich in jenem Moment gar nicht habe einordnen k\u00f6nnen bzw. eher dahin verstand, auf ihren Sohn Remo-Joe, der ja zuf\u00e4llig neben mir zu sitzen kam, aufzupassen. Nun aber, im Erwachen, schien mir sehr einleuchtend, dass sie mich warnte vor den Gefahren des Gastes im Revier des Wolfs.<\/p>\n<p><strong> <\/strong><\/p>\n","protected":false},"excerpt":{"rendered":"<p>26. Mai 2016, ein Donnerstag Es ist 4:48 Uhr, soeben bin ich erwacht und schreibe schnell, bevor alles weg ist. Eben noch, im Traum, befand ich mich in einem Hafengebiet in einer gro\u00dfen Feiergesellschaft und habe, wodurch auch immer, auf einem anderen Kontinent eine Langstreckenrakete gez\u00fcndet, die nunmehr auf dem Weg zu mir, zu meinem [&hellip;]<\/p>\n","protected":false},"author":10,"featured_media":0,"comment_status":"open","ping_status":"open","sticky":false,"template":"","format":"standard","meta":{"jetpack_post_was_ever_published":false,"_jetpack_newsletter_access":"","_jetpack_dont_email_post_to_subs":false,"_jetpack_newsletter_tier_id":0,"_jetpack_memberships_contains_paywalled_content":false,"_jetpack_memberships_contains_paid_content":false,"footnotes":"","jetpack_publicize_message":"","jetpack_publicize_feature_enabled":true,"jetpack_social_post_already_shared":false,"jetpack_social_options":{"image_generator_settings":{"template":"highway","enabled":false},"version":2}},"categories":[85],"tags":[],"class_list":["post-12836","post","type-post","status-publish","format-standard","hentry","category-a"],"jetpack_publicize_connections":[],"yoast_head":"<!-- This site is optimized with the Yoast SEO plugin v24.0 - https:\/\/yoast.com\/wordpress\/plugins\/seo\/ -->\n<title>Das f\u00fcnfzigste Jahr (206) - der goldene fisch<\/title>\n<meta name=\"robots\" content=\"index, follow, max-snippet:-1, max-image-preview:large, max-video-preview:-1\" \/>\n<link rel=\"canonical\" href=\"https:\/\/der-goldene-fisch.de\/ping\/das-fuenfzigste-jahr-206\/\" \/>\n<meta property=\"og:locale\" content=\"de_DE\" \/>\n<meta property=\"og:type\" content=\"article\" \/>\n<meta property=\"og:title\" content=\"Das f\u00fcnfzigste Jahr (206) - der goldene fisch\" \/>\n<meta property=\"og:description\" content=\"26. Mai 2016, ein Donnerstag Es ist 4:48 Uhr, soeben bin ich erwacht und schreibe schnell, bevor alles weg ist. Eben noch, im Traum, befand ich mich in einem Hafengebiet in einer gro\u00dfen Feiergesellschaft und habe, wodurch auch immer, auf einem anderen Kontinent eine Langstreckenrakete gez\u00fcndet, die nunmehr auf dem Weg zu mir, zu meinem [&hellip;]\" \/>\n<meta property=\"og:url\" content=\"https:\/\/der-goldene-fisch.de\/ping\/das-fuenfzigste-jahr-206\/\" \/>\n<meta property=\"og:site_name\" content=\"der goldene fisch\" \/>\n<meta property=\"article:published_time\" content=\"2017-05-26T21:54:12+00:00\" \/>\n<meta name=\"author\" content=\"Gerald Koll\" \/>\n<meta name=\"twitter:card\" content=\"summary_large_image\" \/>\n<meta name=\"twitter:label1\" content=\"Verfasst von\" \/>\n\t<meta name=\"twitter:data1\" content=\"Gerald Koll\" \/>\n\t<meta name=\"twitter:label2\" content=\"Gesch\u00e4tzte Lesezeit\" \/>\n\t<meta name=\"twitter:data2\" content=\"2 Minuten\" \/>\n<script type=\"application\/ld+json\" class=\"yoast-schema-graph\">{\"@context\":\"https:\/\/schema.org\",\"@graph\":[{\"@type\":\"Article\",\"@id\":\"https:\/\/der-goldene-fisch.de\/ping\/das-fuenfzigste-jahr-206\/#article\",\"isPartOf\":{\"@id\":\"https:\/\/der-goldene-fisch.de\/ping\/das-fuenfzigste-jahr-206\/\"},\"author\":{\"name\":\"Gerald Koll\",\"@id\":\"https:\/\/der-goldene-fisch.de\/ping\/#\/schema\/person\/b4cb2b531063dfc4a80c1893365b7faf\"},\"headline\":\"Das f\u00fcnfzigste Jahr (206)\",\"datePublished\":\"2017-05-26T21:54:12+00:00\",\"dateModified\":\"2017-05-26T21:54:12+00:00\",\"mainEntityOfPage\":{\"@id\":\"https:\/\/der-goldene-fisch.de\/ping\/das-fuenfzigste-jahr-206\/\"},\"wordCount\":471,\"commentCount\":0,\"publisher\":{\"@id\":\"https:\/\/der-goldene-fisch.de\/ping\/#\/schema\/person\/c415140d7348926844a49b29cc105aa4\"},\"articleSection\":[\"a\"],\"inLanguage\":\"de\",\"potentialAction\":[{\"@type\":\"CommentAction\",\"name\":\"Comment\",\"target\":[\"https:\/\/der-goldene-fisch.de\/ping\/das-fuenfzigste-jahr-206\/#respond\"]}]},{\"@type\":\"WebPage\",\"@id\":\"https:\/\/der-goldene-fisch.de\/ping\/das-fuenfzigste-jahr-206\/\",\"url\":\"https:\/\/der-goldene-fisch.de\/ping\/das-fuenfzigste-jahr-206\/\",\"name\":\"Das f\u00fcnfzigste Jahr (206) - der goldene fisch\",\"isPartOf\":{\"@id\":\"https:\/\/der-goldene-fisch.de\/ping\/#website\"},\"datePublished\":\"2017-05-26T21:54:12+00:00\",\"dateModified\":\"2017-05-26T21:54:12+00:00\",\"breadcrumb\":{\"@id\":\"https:\/\/der-goldene-fisch.de\/ping\/das-fuenfzigste-jahr-206\/#breadcrumb\"},\"inLanguage\":\"de\",\"potentialAction\":[{\"@type\":\"ReadAction\",\"target\":[\"https:\/\/der-goldene-fisch.de\/ping\/das-fuenfzigste-jahr-206\/\"]}]},{\"@type\":\"BreadcrumbList\",\"@id\":\"https:\/\/der-goldene-fisch.de\/ping\/das-fuenfzigste-jahr-206\/#breadcrumb\",\"itemListElement\":[{\"@type\":\"ListItem\",\"position\":1,\"name\":\"Startseite\",\"item\":\"https:\/\/der-goldene-fisch.de\/ping\/\"},{\"@type\":\"ListItem\",\"position\":2,\"name\":\"Das f\u00fcnfzigste Jahr (206)\"}]},{\"@type\":\"WebSite\",\"@id\":\"https:\/\/der-goldene-fisch.de\/ping\/#website\",\"url\":\"https:\/\/der-goldene-fisch.de\/ping\/\",\"name\":\"der goldene fisch\",\"description\":\"\",\"publisher\":{\"@id\":\"https:\/\/der-goldene-fisch.de\/ping\/#\/schema\/person\/c415140d7348926844a49b29cc105aa4\"},\"potentialAction\":[{\"@type\":\"SearchAction\",\"target\":{\"@type\":\"EntryPoint\",\"urlTemplate\":\"https:\/\/der-goldene-fisch.de\/ping\/?s={search_term_string}\"},\"query-input\":{\"@type\":\"PropertyValueSpecification\",\"valueRequired\":true,\"valueName\":\"search_term_string\"}}],\"inLanguage\":\"de\"},{\"@type\":[\"Person\",\"Organization\"],\"@id\":\"https:\/\/der-goldene-fisch.de\/ping\/#\/schema\/person\/c415140d7348926844a49b29cc105aa4\",\"name\":\"Andreas Louis Seyerlein\",\"image\":{\"@type\":\"ImageObject\",\"inLanguage\":\"de\",\"@id\":\"https:\/\/der-goldene-fisch.de\/ping\/#\/schema\/person\/image\/\",\"url\":\"https:\/\/secure.gravatar.com\/avatar\/d233a6eb5d99a83abb911b2d89ddf42e?s=96&d=mm&r=g\",\"contentUrl\":\"https:\/\/secure.gravatar.com\/avatar\/d233a6eb5d99a83abb911b2d89ddf42e?s=96&d=mm&r=g\",\"caption\":\"Andreas Louis Seyerlein\"},\"logo\":{\"@id\":\"https:\/\/der-goldene-fisch.de\/ping\/#\/schema\/person\/image\/\"},\"sameAs\":[\"http:\/\/\"]},{\"@type\":\"Person\",\"@id\":\"https:\/\/der-goldene-fisch.de\/ping\/#\/schema\/person\/b4cb2b531063dfc4a80c1893365b7faf\",\"name\":\"Gerald Koll\",\"image\":{\"@type\":\"ImageObject\",\"inLanguage\":\"de\",\"@id\":\"https:\/\/der-goldene-fisch.de\/ping\/#\/schema\/person\/image\/\",\"url\":\"https:\/\/secure.gravatar.com\/avatar\/494c3ef1389ba6e021d9cac11e0c4e81?s=96&d=mm&r=g\",\"contentUrl\":\"https:\/\/secure.gravatar.com\/avatar\/494c3ef1389ba6e021d9cac11e0c4e81?s=96&d=mm&r=g\",\"caption\":\"Gerald Koll\"},\"sameAs\":[\"http:\/\/www.geraldkoll.de\"],\"url\":\"https:\/\/der-goldene-fisch.de\/ping\/author\/gerald667\/\"}]}<\/script>\n<!-- \/ Yoast SEO plugin. -->","yoast_head_json":{"title":"Das f\u00fcnfzigste Jahr (206) - der goldene fisch","robots":{"index":"index","follow":"follow","max-snippet":"max-snippet:-1","max-image-preview":"max-image-preview:large","max-video-preview":"max-video-preview:-1"},"canonical":"https:\/\/der-goldene-fisch.de\/ping\/das-fuenfzigste-jahr-206\/","og_locale":"de_DE","og_type":"article","og_title":"Das f\u00fcnfzigste Jahr (206) - der goldene fisch","og_description":"26. Mai 2016, ein Donnerstag Es ist 4:48 Uhr, soeben bin ich erwacht und schreibe schnell, bevor alles weg ist. Eben noch, im Traum, befand ich mich in einem Hafengebiet in einer gro\u00dfen Feiergesellschaft und habe, wodurch auch immer, auf einem anderen Kontinent eine Langstreckenrakete gez\u00fcndet, die nunmehr auf dem Weg zu mir, zu meinem [&hellip;]","og_url":"https:\/\/der-goldene-fisch.de\/ping\/das-fuenfzigste-jahr-206\/","og_site_name":"der goldene fisch","article_published_time":"2017-05-26T21:54:12+00:00","author":"Gerald Koll","twitter_card":"summary_large_image","twitter_misc":{"Verfasst von":"Gerald Koll","Gesch\u00e4tzte Lesezeit":"2 Minuten"},"schema":{"@context":"https:\/\/schema.org","@graph":[{"@type":"Article","@id":"https:\/\/der-goldene-fisch.de\/ping\/das-fuenfzigste-jahr-206\/#article","isPartOf":{"@id":"https:\/\/der-goldene-fisch.de\/ping\/das-fuenfzigste-jahr-206\/"},"author":{"name":"Gerald Koll","@id":"https:\/\/der-goldene-fisch.de\/ping\/#\/schema\/person\/b4cb2b531063dfc4a80c1893365b7faf"},"headline":"Das f\u00fcnfzigste Jahr (206)","datePublished":"2017-05-26T21:54:12+00:00","dateModified":"2017-05-26T21:54:12+00:00","mainEntityOfPage":{"@id":"https:\/\/der-goldene-fisch.de\/ping\/das-fuenfzigste-jahr-206\/"},"wordCount":471,"commentCount":0,"publisher":{"@id":"https:\/\/der-goldene-fisch.de\/ping\/#\/schema\/person\/c415140d7348926844a49b29cc105aa4"},"articleSection":["a"],"inLanguage":"de","potentialAction":[{"@type":"CommentAction","name":"Comment","target":["https:\/\/der-goldene-fisch.de\/ping\/das-fuenfzigste-jahr-206\/#respond"]}]},{"@type":"WebPage","@id":"https:\/\/der-goldene-fisch.de\/ping\/das-fuenfzigste-jahr-206\/","url":"https:\/\/der-goldene-fisch.de\/ping\/das-fuenfzigste-jahr-206\/","name":"Das f\u00fcnfzigste Jahr (206) - der goldene fisch","isPartOf":{"@id":"https:\/\/der-goldene-fisch.de\/ping\/#website"},"datePublished":"2017-05-26T21:54:12+00:00","dateModified":"2017-05-26T21:54:12+00:00","breadcrumb":{"@id":"https:\/\/der-goldene-fisch.de\/ping\/das-fuenfzigste-jahr-206\/#breadcrumb"},"inLanguage":"de","potentialAction":[{"@type":"ReadAction","target":["https:\/\/der-goldene-fisch.de\/ping\/das-fuenfzigste-jahr-206\/"]}]},{"@type":"BreadcrumbList","@id":"https:\/\/der-goldene-fisch.de\/ping\/das-fuenfzigste-jahr-206\/#breadcrumb","itemListElement":[{"@type":"ListItem","position":1,"name":"Startseite","item":"https:\/\/der-goldene-fisch.de\/ping\/"},{"@type":"ListItem","position":2,"name":"Das f\u00fcnfzigste Jahr (206)"}]},{"@type":"WebSite","@id":"https:\/\/der-goldene-fisch.de\/ping\/#website","url":"https:\/\/der-goldene-fisch.de\/ping\/","name":"der goldene fisch","description":"","publisher":{"@id":"https:\/\/der-goldene-fisch.de\/ping\/#\/schema\/person\/c415140d7348926844a49b29cc105aa4"},"potentialAction":[{"@type":"SearchAction","target":{"@type":"EntryPoint","urlTemplate":"https:\/\/der-goldene-fisch.de\/ping\/?s={search_term_string}"},"query-input":{"@type":"PropertyValueSpecification","valueRequired":true,"valueName":"search_term_string"}}],"inLanguage":"de"},{"@type":["Person","Organization"],"@id":"https:\/\/der-goldene-fisch.de\/ping\/#\/schema\/person\/c415140d7348926844a49b29cc105aa4","name":"Andreas Louis Seyerlein","image":{"@type":"ImageObject","inLanguage":"de","@id":"https:\/\/der-goldene-fisch.de\/ping\/#\/schema\/person\/image\/","url":"https:\/\/secure.gravatar.com\/avatar\/d233a6eb5d99a83abb911b2d89ddf42e?s=96&d=mm&r=g","contentUrl":"https:\/\/secure.gravatar.com\/avatar\/d233a6eb5d99a83abb911b2d89ddf42e?s=96&d=mm&r=g","caption":"Andreas Louis Seyerlein"},"logo":{"@id":"https:\/\/der-goldene-fisch.de\/ping\/#\/schema\/person\/image\/"},"sameAs":["http:\/\/"]},{"@type":"Person","@id":"https:\/\/der-goldene-fisch.de\/ping\/#\/schema\/person\/b4cb2b531063dfc4a80c1893365b7faf","name":"Gerald Koll","image":{"@type":"ImageObject","inLanguage":"de","@id":"https:\/\/der-goldene-fisch.de\/ping\/#\/schema\/person\/image\/","url":"https:\/\/secure.gravatar.com\/avatar\/494c3ef1389ba6e021d9cac11e0c4e81?s=96&d=mm&r=g","contentUrl":"https:\/\/secure.gravatar.com\/avatar\/494c3ef1389ba6e021d9cac11e0c4e81?s=96&d=mm&r=g","caption":"Gerald Koll"},"sameAs":["http:\/\/www.geraldkoll.de"],"url":"https:\/\/der-goldene-fisch.de\/ping\/author\/gerald667\/"}]}},"jetpack_featured_media_url":"","jetpack_sharing_enabled":true,"jetpack_shortlink":"https:\/\/wp.me\/pxsFY-3l2","_links":{"self":[{"href":"https:\/\/der-goldene-fisch.de\/ping\/wp-json\/wp\/v2\/posts\/12836","targetHints":{"allow":["GET"]}}],"collection":[{"href":"https:\/\/der-goldene-fisch.de\/ping\/wp-json\/wp\/v2\/posts"}],"about":[{"href":"https:\/\/der-goldene-fisch.de\/ping\/wp-json\/wp\/v2\/types\/post"}],"author":[{"embeddable":true,"href":"https:\/\/der-goldene-fisch.de\/ping\/wp-json\/wp\/v2\/users\/10"}],"replies":[{"embeddable":true,"href":"https:\/\/der-goldene-fisch.de\/ping\/wp-json\/wp\/v2\/comments?post=12836"}],"version-history":[{"count":0,"href":"https:\/\/der-goldene-fisch.de\/ping\/wp-json\/wp\/v2\/posts\/12836\/revisions"}],"wp:attachment":[{"href":"https:\/\/der-goldene-fisch.de\/ping\/wp-json\/wp\/v2\/media?parent=12836"}],"wp:term":[{"taxonomy":"category","embeddable":true,"href":"https:\/\/der-goldene-fisch.de\/ping\/wp-json\/wp\/v2\/categories?post=12836"},{"taxonomy":"post_tag","embeddable":true,"href":"https:\/\/der-goldene-fisch.de\/ping\/wp-json\/wp\/v2\/tags?post=12836"}],"curies":[{"name":"wp","href":"https:\/\/api.w.org\/{rel}","templated":true}]}}