{"id":12863,"date":"2017-05-27T07:27:13","date_gmt":"2017-05-27T06:27:13","guid":{"rendered":"http:\/\/der-goldene-fisch.de\/ping\/?p=12863"},"modified":"2017-05-27T07:27:13","modified_gmt":"2017-05-27T06:27:13","slug":"das-okapi","status":"publish","type":"post","link":"https:\/\/der-goldene-fisch.de\/ping\/das-okapi\/","title":{"rendered":"Das Okapi"},"content":{"rendered":"<p>\u00dcber dem Okapi strahlt die Okapisonne. Unter dem Okapi liegt der Okapischatten. Das Okapi mag den Klang seines Namens: Okapi Okapi Okapi. Doch dann verhallt der Klang, und es ist wieder still. In der Stille wird das Okapi unsicher; es wei\u00df nicht mehr, ob es \u00fcberhaupt noch da ist. Ein Blinzeln reicht, und es ist nicht mehr zu sehen.<\/p>\n<p><em>Okapi, wo bist du? Komm heraus und zeig dich, Okapi! <\/em><br \/>\nSolche Rufe n\u00fctzen gar nichts. Das Okapi ist nicht scheu, nur existenziell instabil. Es blendet ein und wieder aus und wei\u00df selbst nicht so genau, was als n\u00e4chstes passiert. Jetzt steht es hier an einem Wasserfall. Das Wasser rauscht so laut, dass man fast nichts mehr erkennen kann. Im Get\u00f6se wird das Okapi unsicher; es wei\u00df nicht mehr, ob es \u00fcberhaupt noch da ist. Hinter dem Vorhang aus Wasser verschwindet es g\u00e4nzlich.<\/p>\n<p>Nein, nicht g\u00e4nzlich. Hier steht es jetzt unter einem Brotnussbaum. Es schnappt nach den s\u00fc\u00dfen Fr\u00fcchten, die schon leicht vergoren sind. Jetzt h\u00e4tte das Okapi gerne den langen Hals der Giraffe, seiner n\u00e4chsten Verwandten. Aber man kann sich seinen Hals nicht aussuchen, nicht einmal das Okapi kann das. Mit seinen gestreiften Beinen ist das Okapi dagegen sehr zufrieden. Wenn es im richtigen Tempo trabt, bilden diese Streifen ein sich rhythmisch bewegendes Interferenzmuster, das fast schon eine hypnotische Wirkung hat.<br \/>\nDann kommt Wei\u00df auf Schwarz auf Wei\u00df auf Schwarz auf Wei\u00df auf Schwarz auf Wei\u00df auf Schwarz auf Wei\u00df auf Schwarz auf Wei\u00df auf Schwarz auf Wei\u00df auf Schwarz auf Wei\u00df auf Schwarz auf Wei\u00df auf Schwarz &#8230;<\/p>\n<p>Und wo ist das Okapi jetzt?<\/p>\n<p><a href=\"https:\/\/yehcd.bandcamp.com\/track\/s-ance-der-steine-das-okapi\"><img loading=\"lazy\" decoding=\"async\" src=\"http:\/\/der-goldene-fisch.de\/ping\/wp-content\/2017\/05\/a0390292670_16-300x300.jpg\" alt=\"\" width=\"300\" height=\"300\" class=\"alignnone size-medium wp-image-12681\" srcset=\"https:\/\/der-goldene-fisch.de\/ping\/wp-content\/2017\/05\/a0390292670_16-300x300.jpg 300w, https:\/\/der-goldene-fisch.de\/ping\/wp-content\/2017\/05\/a0390292670_16-150x150.jpg 150w, https:\/\/der-goldene-fisch.de\/ping\/wp-content\/2017\/05\/a0390292670_16.jpg 700w\" sizes=\"auto, (max-width: 300px) 100vw, 300px\" \/><\/a><\/p>\n<p>(Ein Klick aufs Cover f\u00fchrt zur vertonten Version.)<\/p>\n","protected":false},"excerpt":{"rendered":"<p>\u00dcber dem Okapi strahlt die Okapisonne. Unter dem Okapi liegt der Okapischatten. Das Okapi mag den Klang seines Namens: Okapi Okapi Okapi. Doch dann verhallt der Klang, und es ist wieder still. In der Stille wird das Okapi unsicher; es wei\u00df nicht mehr, ob es \u00fcberhaupt noch da ist. Ein Blinzeln reicht, und es ist [&hellip;]<\/p>\n","protected":false},"author":11,"featured_media":0,"comment_status":"open","ping_status":"open","sticky":false,"template":"","format":"standard","meta":{"jetpack_post_was_ever_published":false,"_jetpack_newsletter_access":"","_jetpack_dont_email_post_to_subs":false,"_jetpack_newsletter_tier_id":0,"_jetpack_memberships_contains_paywalled_content":false,"_jetpack_memberships_contains_paid_content":false,"footnotes":"","jetpack_publicize_message":"","jetpack_publicize_feature_enabled":true,"jetpack_social_post_already_shared":false,"jetpack_social_options":{"image_generator_settings":{"template":"highway","enabled":false},"version":2}},"categories":[85],"tags":[866,870,869,871,49],"class_list":["post-12863","post","type-post","status-publish","format-standard","hentry","category-a","tag-faunakustika","tag-interferenz","tag-okapi","tag-seance-der-steine","tag-thorsten-kraemer"],"jetpack_publicize_connections":[],"yoast_head":"<!-- This site is optimized with the Yoast SEO plugin v24.0 - https:\/\/yoast.com\/wordpress\/plugins\/seo\/ -->\n<title>Das Okapi - der goldene fisch<\/title>\n<meta name=\"robots\" content=\"index, follow, max-snippet:-1, max-image-preview:large, max-video-preview:-1\" \/>\n<link rel=\"canonical\" href=\"https:\/\/der-goldene-fisch.de\/ping\/das-okapi\/\" \/>\n<meta property=\"og:locale\" content=\"de_DE\" \/>\n<meta property=\"og:type\" content=\"article\" \/>\n<meta property=\"og:title\" content=\"Das Okapi - der goldene fisch\" \/>\n<meta property=\"og:description\" content=\"\u00dcber dem Okapi strahlt die Okapisonne. Unter dem Okapi liegt der Okapischatten. Das Okapi mag den Klang seines Namens: Okapi Okapi Okapi. Doch dann verhallt der Klang, und es ist wieder still. In der Stille wird das Okapi unsicher; es wei\u00df nicht mehr, ob es \u00fcberhaupt noch da ist. Ein Blinzeln reicht, und es ist [&hellip;]\" \/>\n<meta property=\"og:url\" content=\"https:\/\/der-goldene-fisch.de\/ping\/das-okapi\/\" \/>\n<meta property=\"og:site_name\" content=\"der goldene fisch\" \/>\n<meta property=\"article:published_time\" content=\"2017-05-27T06:27:13+00:00\" \/>\n<meta property=\"og:image\" content=\"http:\/\/der-goldene-fisch.de\/ping\/wp-content\/2017\/05\/a0390292670_16-300x300.jpg\" \/>\n<meta name=\"author\" content=\"Thorsten Kr\u00e4mer\" \/>\n<meta name=\"twitter:card\" content=\"summary_large_image\" \/>\n<meta name=\"twitter:label1\" content=\"Verfasst von\" \/>\n\t<meta name=\"twitter:data1\" content=\"Thorsten Kr\u00e4mer\" \/>\n\t<meta name=\"twitter:label2\" content=\"Gesch\u00e4tzte Lesezeit\" \/>\n\t<meta name=\"twitter:data2\" content=\"1 Minute\" \/>\n<script type=\"application\/ld+json\" class=\"yoast-schema-graph\">{\"@context\":\"https:\/\/schema.org\",\"@graph\":[{\"@type\":\"Article\",\"@id\":\"https:\/\/der-goldene-fisch.de\/ping\/das-okapi\/#article\",\"isPartOf\":{\"@id\":\"https:\/\/der-goldene-fisch.de\/ping\/das-okapi\/\"},\"author\":{\"name\":\"Thorsten Kr\u00e4mer\",\"@id\":\"https:\/\/der-goldene-fisch.de\/ping\/#\/schema\/person\/ae65445cb29baaaf911bb3751ad66f76\"},\"headline\":\"Das Okapi\",\"datePublished\":\"2017-05-27T06:27:13+00:00\",\"dateModified\":\"2017-05-27T06:27:13+00:00\",\"mainEntityOfPage\":{\"@id\":\"https:\/\/der-goldene-fisch.de\/ping\/das-okapi\/\"},\"wordCount\":283,\"commentCount\":0,\"publisher\":{\"@id\":\"https:\/\/der-goldene-fisch.de\/ping\/#\/schema\/person\/c415140d7348926844a49b29cc105aa4\"},\"image\":{\"@id\":\"https:\/\/der-goldene-fisch.de\/ping\/das-okapi\/#primaryimage\"},\"thumbnailUrl\":\"http:\/\/der-goldene-fisch.de\/ping\/wp-content\/2017\/05\/a0390292670_16-300x300.jpg\",\"keywords\":[\"Faunakustika\",\"Interferenz\",\"Okapi\",\"S\u00e9ance der Steine\",\"Thorsten Kr\u00e4mer\"],\"articleSection\":[\"a\"],\"inLanguage\":\"de\",\"potentialAction\":[{\"@type\":\"CommentAction\",\"name\":\"Comment\",\"target\":[\"https:\/\/der-goldene-fisch.de\/ping\/das-okapi\/#respond\"]}]},{\"@type\":\"WebPage\",\"@id\":\"https:\/\/der-goldene-fisch.de\/ping\/das-okapi\/\",\"url\":\"https:\/\/der-goldene-fisch.de\/ping\/das-okapi\/\",\"name\":\"Das Okapi - der goldene fisch\",\"isPartOf\":{\"@id\":\"https:\/\/der-goldene-fisch.de\/ping\/#website\"},\"primaryImageOfPage\":{\"@id\":\"https:\/\/der-goldene-fisch.de\/ping\/das-okapi\/#primaryimage\"},\"image\":{\"@id\":\"https:\/\/der-goldene-fisch.de\/ping\/das-okapi\/#primaryimage\"},\"thumbnailUrl\":\"http:\/\/der-goldene-fisch.de\/ping\/wp-content\/2017\/05\/a0390292670_16-300x300.jpg\",\"datePublished\":\"2017-05-27T06:27:13+00:00\",\"dateModified\":\"2017-05-27T06:27:13+00:00\",\"breadcrumb\":{\"@id\":\"https:\/\/der-goldene-fisch.de\/ping\/das-okapi\/#breadcrumb\"},\"inLanguage\":\"de\",\"potentialAction\":[{\"@type\":\"ReadAction\",\"target\":[\"https:\/\/der-goldene-fisch.de\/ping\/das-okapi\/\"]}]},{\"@type\":\"ImageObject\",\"inLanguage\":\"de\",\"@id\":\"https:\/\/der-goldene-fisch.de\/ping\/das-okapi\/#primaryimage\",\"url\":\"https:\/\/der-goldene-fisch.de\/ping\/wp-content\/2017\/05\/a0390292670_16.jpg\",\"contentUrl\":\"https:\/\/der-goldene-fisch.de\/ping\/wp-content\/2017\/05\/a0390292670_16.jpg\",\"width\":\"700\",\"height\":\"700\"},{\"@type\":\"BreadcrumbList\",\"@id\":\"https:\/\/der-goldene-fisch.de\/ping\/das-okapi\/#breadcrumb\",\"itemListElement\":[{\"@type\":\"ListItem\",\"position\":1,\"name\":\"Startseite\",\"item\":\"https:\/\/der-goldene-fisch.de\/ping\/\"},{\"@type\":\"ListItem\",\"position\":2,\"name\":\"Das Okapi\"}]},{\"@type\":\"WebSite\",\"@id\":\"https:\/\/der-goldene-fisch.de\/ping\/#website\",\"url\":\"https:\/\/der-goldene-fisch.de\/ping\/\",\"name\":\"der goldene fisch\",\"description\":\"\",\"publisher\":{\"@id\":\"https:\/\/der-goldene-fisch.de\/ping\/#\/schema\/person\/c415140d7348926844a49b29cc105aa4\"},\"potentialAction\":[{\"@type\":\"SearchAction\",\"target\":{\"@type\":\"EntryPoint\",\"urlTemplate\":\"https:\/\/der-goldene-fisch.de\/ping\/?s={search_term_string}\"},\"query-input\":{\"@type\":\"PropertyValueSpecification\",\"valueRequired\":true,\"valueName\":\"search_term_string\"}}],\"inLanguage\":\"de\"},{\"@type\":[\"Person\",\"Organization\"],\"@id\":\"https:\/\/der-goldene-fisch.de\/ping\/#\/schema\/person\/c415140d7348926844a49b29cc105aa4\",\"name\":\"Andreas Louis Seyerlein\",\"image\":{\"@type\":\"ImageObject\",\"inLanguage\":\"de\",\"@id\":\"https:\/\/der-goldene-fisch.de\/ping\/#\/schema\/person\/image\/\",\"url\":\"https:\/\/secure.gravatar.com\/avatar\/d233a6eb5d99a83abb911b2d89ddf42e?s=96&d=mm&r=g\",\"contentUrl\":\"https:\/\/secure.gravatar.com\/avatar\/d233a6eb5d99a83abb911b2d89ddf42e?s=96&d=mm&r=g\",\"caption\":\"Andreas Louis Seyerlein\"},\"logo\":{\"@id\":\"https:\/\/der-goldene-fisch.de\/ping\/#\/schema\/person\/image\/\"},\"sameAs\":[\"http:\/\/\"]},{\"@type\":\"Person\",\"@id\":\"https:\/\/der-goldene-fisch.de\/ping\/#\/schema\/person\/ae65445cb29baaaf911bb3751ad66f76\",\"name\":\"Thorsten Kr\u00e4mer\",\"image\":{\"@type\":\"ImageObject\",\"inLanguage\":\"de\",\"@id\":\"https:\/\/der-goldene-fisch.de\/ping\/#\/schema\/person\/image\/\",\"url\":\"https:\/\/secure.gravatar.com\/avatar\/494c3ef1389ba6e021d9cac11e0c4e81?s=96&d=mm&r=g\",\"contentUrl\":\"https:\/\/secure.gravatar.com\/avatar\/494c3ef1389ba6e021d9cac11e0c4e81?s=96&d=mm&r=g\",\"caption\":\"Thorsten Kr\u00e4mer\"},\"description\":\"Thorsten Kr\u00e4mer geboren 1971, lebt in K\u00f6ln. Ver\u00f6ffentlichungen: \u201cFast schon ein Gl\u00fcck\u201d, Erz\u00e4hlungen, Emons 1998 \u201cIch hei\u00dfe Hal Hartley\u201d, Film in Worten, Tropen 1998 \u201cNeue Musik aus Japan\u201d, Roman, Kiepenheuer &amp; Witsch 1999 \u201cThe Democratic Forest\u201d, Gedichte, Parasitenpresse 2008\",\"url\":\"https:\/\/der-goldene-fisch.de\/ping\/author\/thorsten214\/\"}]}<\/script>\n<!-- \/ Yoast SEO plugin. -->","yoast_head_json":{"title":"Das Okapi - der goldene fisch","robots":{"index":"index","follow":"follow","max-snippet":"max-snippet:-1","max-image-preview":"max-image-preview:large","max-video-preview":"max-video-preview:-1"},"canonical":"https:\/\/der-goldene-fisch.de\/ping\/das-okapi\/","og_locale":"de_DE","og_type":"article","og_title":"Das Okapi - der goldene fisch","og_description":"\u00dcber dem Okapi strahlt die Okapisonne. Unter dem Okapi liegt der Okapischatten. Das Okapi mag den Klang seines Namens: Okapi Okapi Okapi. Doch dann verhallt der Klang, und es ist wieder still. In der Stille wird das Okapi unsicher; es wei\u00df nicht mehr, ob es \u00fcberhaupt noch da ist. Ein Blinzeln reicht, und es ist [&hellip;]","og_url":"https:\/\/der-goldene-fisch.de\/ping\/das-okapi\/","og_site_name":"der goldene fisch","article_published_time":"2017-05-27T06:27:13+00:00","og_image":[{"url":"http:\/\/der-goldene-fisch.de\/ping\/wp-content\/2017\/05\/a0390292670_16-300x300.jpg","type":"","width":"","height":""}],"author":"Thorsten Kr\u00e4mer","twitter_card":"summary_large_image","twitter_misc":{"Verfasst von":"Thorsten Kr\u00e4mer","Gesch\u00e4tzte Lesezeit":"1 Minute"},"schema":{"@context":"https:\/\/schema.org","@graph":[{"@type":"Article","@id":"https:\/\/der-goldene-fisch.de\/ping\/das-okapi\/#article","isPartOf":{"@id":"https:\/\/der-goldene-fisch.de\/ping\/das-okapi\/"},"author":{"name":"Thorsten Kr\u00e4mer","@id":"https:\/\/der-goldene-fisch.de\/ping\/#\/schema\/person\/ae65445cb29baaaf911bb3751ad66f76"},"headline":"Das Okapi","datePublished":"2017-05-27T06:27:13+00:00","dateModified":"2017-05-27T06:27:13+00:00","mainEntityOfPage":{"@id":"https:\/\/der-goldene-fisch.de\/ping\/das-okapi\/"},"wordCount":283,"commentCount":0,"publisher":{"@id":"https:\/\/der-goldene-fisch.de\/ping\/#\/schema\/person\/c415140d7348926844a49b29cc105aa4"},"image":{"@id":"https:\/\/der-goldene-fisch.de\/ping\/das-okapi\/#primaryimage"},"thumbnailUrl":"http:\/\/der-goldene-fisch.de\/ping\/wp-content\/2017\/05\/a0390292670_16-300x300.jpg","keywords":["Faunakustika","Interferenz","Okapi","S\u00e9ance der Steine","Thorsten Kr\u00e4mer"],"articleSection":["a"],"inLanguage":"de","potentialAction":[{"@type":"CommentAction","name":"Comment","target":["https:\/\/der-goldene-fisch.de\/ping\/das-okapi\/#respond"]}]},{"@type":"WebPage","@id":"https:\/\/der-goldene-fisch.de\/ping\/das-okapi\/","url":"https:\/\/der-goldene-fisch.de\/ping\/das-okapi\/","name":"Das Okapi - der goldene fisch","isPartOf":{"@id":"https:\/\/der-goldene-fisch.de\/ping\/#website"},"primaryImageOfPage":{"@id":"https:\/\/der-goldene-fisch.de\/ping\/das-okapi\/#primaryimage"},"image":{"@id":"https:\/\/der-goldene-fisch.de\/ping\/das-okapi\/#primaryimage"},"thumbnailUrl":"http:\/\/der-goldene-fisch.de\/ping\/wp-content\/2017\/05\/a0390292670_16-300x300.jpg","datePublished":"2017-05-27T06:27:13+00:00","dateModified":"2017-05-27T06:27:13+00:00","breadcrumb":{"@id":"https:\/\/der-goldene-fisch.de\/ping\/das-okapi\/#breadcrumb"},"inLanguage":"de","potentialAction":[{"@type":"ReadAction","target":["https:\/\/der-goldene-fisch.de\/ping\/das-okapi\/"]}]},{"@type":"ImageObject","inLanguage":"de","@id":"https:\/\/der-goldene-fisch.de\/ping\/das-okapi\/#primaryimage","url":"https:\/\/der-goldene-fisch.de\/ping\/wp-content\/2017\/05\/a0390292670_16.jpg","contentUrl":"https:\/\/der-goldene-fisch.de\/ping\/wp-content\/2017\/05\/a0390292670_16.jpg","width":"700","height":"700"},{"@type":"BreadcrumbList","@id":"https:\/\/der-goldene-fisch.de\/ping\/das-okapi\/#breadcrumb","itemListElement":[{"@type":"ListItem","position":1,"name":"Startseite","item":"https:\/\/der-goldene-fisch.de\/ping\/"},{"@type":"ListItem","position":2,"name":"Das Okapi"}]},{"@type":"WebSite","@id":"https:\/\/der-goldene-fisch.de\/ping\/#website","url":"https:\/\/der-goldene-fisch.de\/ping\/","name":"der goldene fisch","description":"","publisher":{"@id":"https:\/\/der-goldene-fisch.de\/ping\/#\/schema\/person\/c415140d7348926844a49b29cc105aa4"},"potentialAction":[{"@type":"SearchAction","target":{"@type":"EntryPoint","urlTemplate":"https:\/\/der-goldene-fisch.de\/ping\/?s={search_term_string}"},"query-input":{"@type":"PropertyValueSpecification","valueRequired":true,"valueName":"search_term_string"}}],"inLanguage":"de"},{"@type":["Person","Organization"],"@id":"https:\/\/der-goldene-fisch.de\/ping\/#\/schema\/person\/c415140d7348926844a49b29cc105aa4","name":"Andreas Louis Seyerlein","image":{"@type":"ImageObject","inLanguage":"de","@id":"https:\/\/der-goldene-fisch.de\/ping\/#\/schema\/person\/image\/","url":"https:\/\/secure.gravatar.com\/avatar\/d233a6eb5d99a83abb911b2d89ddf42e?s=96&d=mm&r=g","contentUrl":"https:\/\/secure.gravatar.com\/avatar\/d233a6eb5d99a83abb911b2d89ddf42e?s=96&d=mm&r=g","caption":"Andreas Louis Seyerlein"},"logo":{"@id":"https:\/\/der-goldene-fisch.de\/ping\/#\/schema\/person\/image\/"},"sameAs":["http:\/\/"]},{"@type":"Person","@id":"https:\/\/der-goldene-fisch.de\/ping\/#\/schema\/person\/ae65445cb29baaaf911bb3751ad66f76","name":"Thorsten Kr\u00e4mer","image":{"@type":"ImageObject","inLanguage":"de","@id":"https:\/\/der-goldene-fisch.de\/ping\/#\/schema\/person\/image\/","url":"https:\/\/secure.gravatar.com\/avatar\/494c3ef1389ba6e021d9cac11e0c4e81?s=96&d=mm&r=g","contentUrl":"https:\/\/secure.gravatar.com\/avatar\/494c3ef1389ba6e021d9cac11e0c4e81?s=96&d=mm&r=g","caption":"Thorsten Kr\u00e4mer"},"description":"Thorsten Kr\u00e4mer geboren 1971, lebt in K\u00f6ln. Ver\u00f6ffentlichungen: \u201cFast schon ein Gl\u00fcck\u201d, Erz\u00e4hlungen, Emons 1998 \u201cIch hei\u00dfe Hal Hartley\u201d, Film in Worten, Tropen 1998 \u201cNeue Musik aus Japan\u201d, Roman, Kiepenheuer &amp; Witsch 1999 \u201cThe Democratic Forest\u201d, Gedichte, Parasitenpresse 2008","url":"https:\/\/der-goldene-fisch.de\/ping\/author\/thorsten214\/"}]}},"jetpack_featured_media_url":"","jetpack_sharing_enabled":true,"jetpack_shortlink":"https:\/\/wp.me\/pxsFY-3lt","_links":{"self":[{"href":"https:\/\/der-goldene-fisch.de\/ping\/wp-json\/wp\/v2\/posts\/12863","targetHints":{"allow":["GET"]}}],"collection":[{"href":"https:\/\/der-goldene-fisch.de\/ping\/wp-json\/wp\/v2\/posts"}],"about":[{"href":"https:\/\/der-goldene-fisch.de\/ping\/wp-json\/wp\/v2\/types\/post"}],"author":[{"embeddable":true,"href":"https:\/\/der-goldene-fisch.de\/ping\/wp-json\/wp\/v2\/users\/11"}],"replies":[{"embeddable":true,"href":"https:\/\/der-goldene-fisch.de\/ping\/wp-json\/wp\/v2\/comments?post=12863"}],"version-history":[{"count":0,"href":"https:\/\/der-goldene-fisch.de\/ping\/wp-json\/wp\/v2\/posts\/12863\/revisions"}],"wp:attachment":[{"href":"https:\/\/der-goldene-fisch.de\/ping\/wp-json\/wp\/v2\/media?parent=12863"}],"wp:term":[{"taxonomy":"category","embeddable":true,"href":"https:\/\/der-goldene-fisch.de\/ping\/wp-json\/wp\/v2\/categories?post=12863"},{"taxonomy":"post_tag","embeddable":true,"href":"https:\/\/der-goldene-fisch.de\/ping\/wp-json\/wp\/v2\/tags?post=12863"}],"curies":[{"name":"wp","href":"https:\/\/api.w.org\/{rel}","templated":true}]}}