{"id":13607,"date":"2017-10-18T07:35:23","date_gmt":"2017-10-18T06:35:23","guid":{"rendered":"http:\/\/der-goldene-fisch.de\/ping\/?p=13607"},"modified":"2017-10-18T07:35:23","modified_gmt":"2017-10-18T06:35:23","slug":"chroniksch","status":"publish","type":"post","link":"https:\/\/der-goldene-fisch.de\/ping\/chroniksch\/","title":{"rendered":"chroniksch"},"content":{"rendered":"<p>wellig gehen Orte auf und unter<br \/>\nMiesf\u00e4den, Moosf\u00e4den,<br \/>\nverfilzte Generationen<\/p>\n<p>Torf, Bregen, abgedeckt<br \/>\ndie Sch\u00e4delplatten der Haie<br \/>\n<em>wei\u00dft schon, Haie mit B\u00e4rten<\/em><\/p>\n<p>abgedeckt auch die Soden<br \/>\nvon mageren Jongens, <em>ha<\/em><br \/>\n<em>ihre verbrannten Gebeine<\/em><\/p>\n<p>und am Kliff, war das Schilf, ging das schief<br \/>\nein und aus<br \/>\nunterm Ab-Abdecker<\/p>\n<p>Torf, am Totenfenster<br \/>\nsteht noch der Leuchter, sah<br \/>\nseine Arme schmerzen<\/p>\n<p>indes hocken Haie und Jongens gemeinsam am Hafen und<br \/>\nlachen und essen einander<br \/>\n<em>hier alles in deutscher Hand<\/em><\/p>\n","protected":false},"excerpt":{"rendered":"<p>wellig gehen Orte auf und unter Miesf\u00e4den, Moosf\u00e4den, verfilzte Generationen Torf, Bregen, abgedeckt die Sch\u00e4delplatten der Haie wei\u00dft schon, Haie mit B\u00e4rten abgedeckt auch die Soden von mageren Jongens, ha ihre verbrannten Gebeine und am Kliff, war das Schilf, ging das schief ein und aus unterm Ab-Abdecker Torf, am Totenfenster steht noch der Leuchter, sah [&hellip;]<\/p>\n","protected":false},"author":41,"featured_media":0,"comment_status":"open","ping_status":"open","sticky":false,"template":"","format":"standard","meta":{"jetpack_post_was_ever_published":false,"_jetpack_newsletter_access":"","_jetpack_dont_email_post_to_subs":false,"_jetpack_newsletter_tier_id":0,"_jetpack_memberships_contains_paywalled_content":false,"_jetpack_memberships_contains_paid_content":false,"footnotes":"","jetpack_publicize_message":"","jetpack_publicize_feature_enabled":true,"jetpack_social_post_already_shared":false,"jetpack_social_options":{"image_generator_settings":{"template":"highway","enabled":false},"version":2}},"categories":[85],"tags":[],"class_list":["post-13607","post","type-post","status-publish","format-standard","hentry","category-a"],"jetpack_publicize_connections":[],"yoast_head":"<!-- This site is optimized with the Yoast SEO plugin v24.0 - https:\/\/yoast.com\/wordpress\/plugins\/seo\/ -->\n<title>chroniksch - der goldene fisch<\/title>\n<meta name=\"robots\" content=\"index, follow, max-snippet:-1, max-image-preview:large, max-video-preview:-1\" \/>\n<link rel=\"canonical\" href=\"https:\/\/der-goldene-fisch.de\/ping\/chroniksch\/\" \/>\n<meta property=\"og:locale\" content=\"de_DE\" \/>\n<meta property=\"og:type\" content=\"article\" \/>\n<meta property=\"og:title\" content=\"chroniksch - der goldene fisch\" \/>\n<meta property=\"og:description\" content=\"wellig gehen Orte auf und unter Miesf\u00e4den, Moosf\u00e4den, verfilzte Generationen Torf, Bregen, abgedeckt die Sch\u00e4delplatten der Haie wei\u00dft schon, Haie mit B\u00e4rten abgedeckt auch die Soden von mageren Jongens, ha ihre verbrannten Gebeine und am Kliff, war das Schilf, ging das schief ein und aus unterm Ab-Abdecker Torf, am Totenfenster steht noch der Leuchter, sah [&hellip;]\" \/>\n<meta property=\"og:url\" content=\"https:\/\/der-goldene-fisch.de\/ping\/chroniksch\/\" \/>\n<meta property=\"og:site_name\" content=\"der goldene fisch\" \/>\n<meta property=\"article:published_time\" content=\"2017-10-18T06:35:23+00:00\" \/>\n<meta name=\"author\" content=\"Karin Fellner\" \/>\n<meta name=\"twitter:card\" content=\"summary_large_image\" \/>\n<meta name=\"twitter:label1\" content=\"Verfasst von\" \/>\n\t<meta name=\"twitter:data1\" content=\"Karin Fellner\" \/>\n<script type=\"application\/ld+json\" class=\"yoast-schema-graph\">{\"@context\":\"https:\/\/schema.org\",\"@graph\":[{\"@type\":\"Article\",\"@id\":\"https:\/\/der-goldene-fisch.de\/ping\/chroniksch\/#article\",\"isPartOf\":{\"@id\":\"https:\/\/der-goldene-fisch.de\/ping\/chroniksch\/\"},\"author\":{\"name\":\"Karin Fellner\",\"@id\":\"https:\/\/der-goldene-fisch.de\/ping\/#\/schema\/person\/cdf7eb39027152bc33469a5ef79d9372\"},\"headline\":\"chroniksch\",\"datePublished\":\"2017-10-18T06:35:23+00:00\",\"dateModified\":\"2017-10-18T06:35:23+00:00\",\"mainEntityOfPage\":{\"@id\":\"https:\/\/der-goldene-fisch.de\/ping\/chroniksch\/\"},\"wordCount\":82,\"commentCount\":0,\"publisher\":{\"@id\":\"https:\/\/der-goldene-fisch.de\/ping\/#\/schema\/person\/c415140d7348926844a49b29cc105aa4\"},\"articleSection\":[\"a\"],\"inLanguage\":\"de\",\"potentialAction\":[{\"@type\":\"CommentAction\",\"name\":\"Comment\",\"target\":[\"https:\/\/der-goldene-fisch.de\/ping\/chroniksch\/#respond\"]}]},{\"@type\":\"WebPage\",\"@id\":\"https:\/\/der-goldene-fisch.de\/ping\/chroniksch\/\",\"url\":\"https:\/\/der-goldene-fisch.de\/ping\/chroniksch\/\",\"name\":\"chroniksch - der goldene fisch\",\"isPartOf\":{\"@id\":\"https:\/\/der-goldene-fisch.de\/ping\/#website\"},\"datePublished\":\"2017-10-18T06:35:23+00:00\",\"dateModified\":\"2017-10-18T06:35:23+00:00\",\"breadcrumb\":{\"@id\":\"https:\/\/der-goldene-fisch.de\/ping\/chroniksch\/#breadcrumb\"},\"inLanguage\":\"de\",\"potentialAction\":[{\"@type\":\"ReadAction\",\"target\":[\"https:\/\/der-goldene-fisch.de\/ping\/chroniksch\/\"]}]},{\"@type\":\"BreadcrumbList\",\"@id\":\"https:\/\/der-goldene-fisch.de\/ping\/chroniksch\/#breadcrumb\",\"itemListElement\":[{\"@type\":\"ListItem\",\"position\":1,\"name\":\"Startseite\",\"item\":\"https:\/\/der-goldene-fisch.de\/ping\/\"},{\"@type\":\"ListItem\",\"position\":2,\"name\":\"chroniksch\"}]},{\"@type\":\"WebSite\",\"@id\":\"https:\/\/der-goldene-fisch.de\/ping\/#website\",\"url\":\"https:\/\/der-goldene-fisch.de\/ping\/\",\"name\":\"der goldene fisch\",\"description\":\"\",\"publisher\":{\"@id\":\"https:\/\/der-goldene-fisch.de\/ping\/#\/schema\/person\/c415140d7348926844a49b29cc105aa4\"},\"potentialAction\":[{\"@type\":\"SearchAction\",\"target\":{\"@type\":\"EntryPoint\",\"urlTemplate\":\"https:\/\/der-goldene-fisch.de\/ping\/?s={search_term_string}\"},\"query-input\":{\"@type\":\"PropertyValueSpecification\",\"valueRequired\":true,\"valueName\":\"search_term_string\"}}],\"inLanguage\":\"de\"},{\"@type\":[\"Person\",\"Organization\"],\"@id\":\"https:\/\/der-goldene-fisch.de\/ping\/#\/schema\/person\/c415140d7348926844a49b29cc105aa4\",\"name\":\"Andreas Louis Seyerlein\",\"image\":{\"@type\":\"ImageObject\",\"inLanguage\":\"de\",\"@id\":\"https:\/\/der-goldene-fisch.de\/ping\/#\/schema\/person\/image\/\",\"url\":\"https:\/\/secure.gravatar.com\/avatar\/d233a6eb5d99a83abb911b2d89ddf42e?s=96&d=mm&r=g\",\"contentUrl\":\"https:\/\/secure.gravatar.com\/avatar\/d233a6eb5d99a83abb911b2d89ddf42e?s=96&d=mm&r=g\",\"caption\":\"Andreas Louis Seyerlein\"},\"logo\":{\"@id\":\"https:\/\/der-goldene-fisch.de\/ping\/#\/schema\/person\/image\/\"},\"sameAs\":[\"http:\/\/\"]},{\"@type\":\"Person\",\"@id\":\"https:\/\/der-goldene-fisch.de\/ping\/#\/schema\/person\/cdf7eb39027152bc33469a5ef79d9372\",\"name\":\"Karin Fellner\",\"image\":{\"@type\":\"ImageObject\",\"inLanguage\":\"de\",\"@id\":\"https:\/\/der-goldene-fisch.de\/ping\/#\/schema\/person\/image\/\",\"url\":\"https:\/\/secure.gravatar.com\/avatar\/89efc1f7f129e658af7d616d4fa714f3?s=96&d=mm&r=g\",\"contentUrl\":\"https:\/\/secure.gravatar.com\/avatar\/89efc1f7f129e658af7d616d4fa714f3?s=96&d=mm&r=g\",\"caption\":\"Karin Fellner\"},\"url\":\"https:\/\/der-goldene-fisch.de\/ping\/author\/karinmv2215\/\"}]}<\/script>\n<!-- \/ Yoast SEO plugin. -->","yoast_head_json":{"title":"chroniksch - der goldene fisch","robots":{"index":"index","follow":"follow","max-snippet":"max-snippet:-1","max-image-preview":"max-image-preview:large","max-video-preview":"max-video-preview:-1"},"canonical":"https:\/\/der-goldene-fisch.de\/ping\/chroniksch\/","og_locale":"de_DE","og_type":"article","og_title":"chroniksch - der goldene fisch","og_description":"wellig gehen Orte auf und unter Miesf\u00e4den, Moosf\u00e4den, verfilzte Generationen Torf, Bregen, abgedeckt die Sch\u00e4delplatten der Haie wei\u00dft schon, Haie mit B\u00e4rten abgedeckt auch die Soden von mageren Jongens, ha ihre verbrannten Gebeine und am Kliff, war das Schilf, ging das schief ein und aus unterm Ab-Abdecker Torf, am Totenfenster steht noch der Leuchter, sah [&hellip;]","og_url":"https:\/\/der-goldene-fisch.de\/ping\/chroniksch\/","og_site_name":"der goldene fisch","article_published_time":"2017-10-18T06:35:23+00:00","author":"Karin Fellner","twitter_card":"summary_large_image","twitter_misc":{"Verfasst von":"Karin Fellner"},"schema":{"@context":"https:\/\/schema.org","@graph":[{"@type":"Article","@id":"https:\/\/der-goldene-fisch.de\/ping\/chroniksch\/#article","isPartOf":{"@id":"https:\/\/der-goldene-fisch.de\/ping\/chroniksch\/"},"author":{"name":"Karin Fellner","@id":"https:\/\/der-goldene-fisch.de\/ping\/#\/schema\/person\/cdf7eb39027152bc33469a5ef79d9372"},"headline":"chroniksch","datePublished":"2017-10-18T06:35:23+00:00","dateModified":"2017-10-18T06:35:23+00:00","mainEntityOfPage":{"@id":"https:\/\/der-goldene-fisch.de\/ping\/chroniksch\/"},"wordCount":82,"commentCount":0,"publisher":{"@id":"https:\/\/der-goldene-fisch.de\/ping\/#\/schema\/person\/c415140d7348926844a49b29cc105aa4"},"articleSection":["a"],"inLanguage":"de","potentialAction":[{"@type":"CommentAction","name":"Comment","target":["https:\/\/der-goldene-fisch.de\/ping\/chroniksch\/#respond"]}]},{"@type":"WebPage","@id":"https:\/\/der-goldene-fisch.de\/ping\/chroniksch\/","url":"https:\/\/der-goldene-fisch.de\/ping\/chroniksch\/","name":"chroniksch - der goldene fisch","isPartOf":{"@id":"https:\/\/der-goldene-fisch.de\/ping\/#website"},"datePublished":"2017-10-18T06:35:23+00:00","dateModified":"2017-10-18T06:35:23+00:00","breadcrumb":{"@id":"https:\/\/der-goldene-fisch.de\/ping\/chroniksch\/#breadcrumb"},"inLanguage":"de","potentialAction":[{"@type":"ReadAction","target":["https:\/\/der-goldene-fisch.de\/ping\/chroniksch\/"]}]},{"@type":"BreadcrumbList","@id":"https:\/\/der-goldene-fisch.de\/ping\/chroniksch\/#breadcrumb","itemListElement":[{"@type":"ListItem","position":1,"name":"Startseite","item":"https:\/\/der-goldene-fisch.de\/ping\/"},{"@type":"ListItem","position":2,"name":"chroniksch"}]},{"@type":"WebSite","@id":"https:\/\/der-goldene-fisch.de\/ping\/#website","url":"https:\/\/der-goldene-fisch.de\/ping\/","name":"der goldene fisch","description":"","publisher":{"@id":"https:\/\/der-goldene-fisch.de\/ping\/#\/schema\/person\/c415140d7348926844a49b29cc105aa4"},"potentialAction":[{"@type":"SearchAction","target":{"@type":"EntryPoint","urlTemplate":"https:\/\/der-goldene-fisch.de\/ping\/?s={search_term_string}"},"query-input":{"@type":"PropertyValueSpecification","valueRequired":true,"valueName":"search_term_string"}}],"inLanguage":"de"},{"@type":["Person","Organization"],"@id":"https:\/\/der-goldene-fisch.de\/ping\/#\/schema\/person\/c415140d7348926844a49b29cc105aa4","name":"Andreas Louis Seyerlein","image":{"@type":"ImageObject","inLanguage":"de","@id":"https:\/\/der-goldene-fisch.de\/ping\/#\/schema\/person\/image\/","url":"https:\/\/secure.gravatar.com\/avatar\/d233a6eb5d99a83abb911b2d89ddf42e?s=96&d=mm&r=g","contentUrl":"https:\/\/secure.gravatar.com\/avatar\/d233a6eb5d99a83abb911b2d89ddf42e?s=96&d=mm&r=g","caption":"Andreas Louis Seyerlein"},"logo":{"@id":"https:\/\/der-goldene-fisch.de\/ping\/#\/schema\/person\/image\/"},"sameAs":["http:\/\/"]},{"@type":"Person","@id":"https:\/\/der-goldene-fisch.de\/ping\/#\/schema\/person\/cdf7eb39027152bc33469a5ef79d9372","name":"Karin Fellner","image":{"@type":"ImageObject","inLanguage":"de","@id":"https:\/\/der-goldene-fisch.de\/ping\/#\/schema\/person\/image\/","url":"https:\/\/secure.gravatar.com\/avatar\/89efc1f7f129e658af7d616d4fa714f3?s=96&d=mm&r=g","contentUrl":"https:\/\/secure.gravatar.com\/avatar\/89efc1f7f129e658af7d616d4fa714f3?s=96&d=mm&r=g","caption":"Karin Fellner"},"url":"https:\/\/der-goldene-fisch.de\/ping\/author\/karinmv2215\/"}]}},"jetpack_featured_media_url":"","jetpack_sharing_enabled":true,"jetpack_shortlink":"https:\/\/wp.me\/pxsFY-3xt","_links":{"self":[{"href":"https:\/\/der-goldene-fisch.de\/ping\/wp-json\/wp\/v2\/posts\/13607","targetHints":{"allow":["GET"]}}],"collection":[{"href":"https:\/\/der-goldene-fisch.de\/ping\/wp-json\/wp\/v2\/posts"}],"about":[{"href":"https:\/\/der-goldene-fisch.de\/ping\/wp-json\/wp\/v2\/types\/post"}],"author":[{"embeddable":true,"href":"https:\/\/der-goldene-fisch.de\/ping\/wp-json\/wp\/v2\/users\/41"}],"replies":[{"embeddable":true,"href":"https:\/\/der-goldene-fisch.de\/ping\/wp-json\/wp\/v2\/comments?post=13607"}],"version-history":[{"count":0,"href":"https:\/\/der-goldene-fisch.de\/ping\/wp-json\/wp\/v2\/posts\/13607\/revisions"}],"wp:attachment":[{"href":"https:\/\/der-goldene-fisch.de\/ping\/wp-json\/wp\/v2\/media?parent=13607"}],"wp:term":[{"taxonomy":"category","embeddable":true,"href":"https:\/\/der-goldene-fisch.de\/ping\/wp-json\/wp\/v2\/categories?post=13607"},{"taxonomy":"post_tag","embeddable":true,"href":"https:\/\/der-goldene-fisch.de\/ping\/wp-json\/wp\/v2\/tags?post=13607"}],"curies":[{"name":"wp","href":"https:\/\/api.w.org\/{rel}","templated":true}]}}