{"id":13639,"date":"2017-10-24T09:08:39","date_gmt":"2017-10-24T08:08:39","guid":{"rendered":"http:\/\/der-goldene-fisch.de\/ping\/?p=13639"},"modified":"2017-10-24T09:08:39","modified_gmt":"2017-10-24T08:08:39","slug":"dieser-kafka-wieder","status":"publish","type":"post","link":"https:\/\/der-goldene-fisch.de\/ping\/dieser-kafka-wieder\/","title":{"rendered":"Dieser Kafka wieder &#8230;"},"content":{"rendered":"<p>\u2026 schrieb am Sonntag des 12. November 1911 im Alter von 28 Jahren in sein Tagebuch, nachdem er am Vorabend einem Vortrag des franz\u00f6sischen Schriftstellers Jean Richepin<\/p>\n<p><img loading=\"lazy\" decoding=\"async\" class=\"alignleft size-full wp-image-13640\" src=\"http:\/\/der-goldene-fisch.de\/ping\/wp-content\/2017\/10\/220px-Jean_Richepin.jpg\" alt=\"\" width=\"220\" height=\"337\" srcset=\"https:\/\/der-goldene-fisch.de\/ping\/wp-content\/2017\/10\/220px-Jean_Richepin.jpg 220w, https:\/\/der-goldene-fisch.de\/ping\/wp-content\/2017\/10\/220px-Jean_Richepin-195x300.jpg 195w\" sizes=\"auto, (max-width: 220px) 100vw, 220px\" \/><\/p>\n<p>beigewohnt hatte:<\/p>\n<p>&#8222;Ein gro\u00dfer starker F\u00fcnfziger mit Taille. Die steif umherwirbelnde Frisur (Daudets zum Beispiel) ist, ohne zerst\u00f6rt zu werden, ziemlich fest an den Sch\u00e4del gedr\u00fcckt. Wie bei allen alten S\u00fcdl\u00e4ndern, die eine dicke Nase und das zu ihr geh\u00f6rige breite faltige Gesicht haben, aus deren Nasenl\u00f6chern ein starker Wind wie durch Pferdeschnauzen gehn kann und denen gegen\u00fcber man genau wei\u00df, da\u00df dies der nicht mehr zu \u00fcberholende, aber noch lang andauernde Endzustand ihres Gesichtes ist, erinnerte mich auch sein Gesicht an das Gesicht einer alten Italienerin hinter einem allerdings sehr nat\u00fcrlich gewachsenen Bart.&#8220;<\/p>\n<p>Das war der zweite Absatz. Der erste:<\/p>\n<p>&#8222;Sonntag. Gestern Conference Richepin: &#8218;La l\u00e9gende de Napol\u00e9on&#8216; im Rudolfinum. Ziemlich leer. Wie zur Pr\u00fcfung der Manieren des Vortragenden ist auf dem Weg vom Eingangst\u00fcrchen zum Vortragstisch ein gro\u00dfes Klavier aufgestellt. Der Vortragende kommt herein, will, mit dem Blick ins Publikum, auf dem k\u00fcrzesten Weg zu seinem Tisch, kommt daher dem Piano zu nahe, staunt, tritt zur\u00fcck und umgeht es sanft, ohne mehr ins Publikum zu schauen. In der Begeisterung des Abschlusses seiner Rede und im gro\u00dfen Beifall hat er das Piano nat\u00fcrlich l\u00e4ngst vergessen, da es sich w\u00e4hrend des Vortrags nicht bemerkbar gemacht hat, er will m\u00f6glichst sp\u00e4t, die H\u00e4nde auf der Brust, dem Publikum den R\u00fccken kehren, macht daher einige elegante Schritte seitw\u00e4rts, st\u00f6\u00dft nat\u00fcrlich ein wenig an das Piano und mu\u00df auf den Fu\u00dfspitzen den R\u00fccken ein wenig durchbiegen, ehe er wieder in freies Terrain kommt. So hat es wenigstens Richepin gemacht.&#8220;<\/p>\n<p>Einziger Tagebucheintrag vom 13. November: &#8222;Und dieser Mann ist, wie ich heute erfahren habe, zweiundsechzig Jahre alt.&#8220;<\/p>\n","protected":false},"excerpt":{"rendered":"<p>\u2026 schrieb am Sonntag des 12. November 1911 im Alter von 28 Jahren in sein Tagebuch, nachdem er am Vorabend einem Vortrag des franz\u00f6sischen Schriftstellers Jean Richepin beigewohnt hatte: &#8222;Ein gro\u00dfer starker F\u00fcnfziger mit Taille. Die steif umherwirbelnde Frisur (Daudets zum Beispiel) ist, ohne zerst\u00f6rt zu werden, ziemlich fest an den Sch\u00e4del gedr\u00fcckt. Wie bei [&hellip;]<\/p>\n","protected":false},"author":10,"featured_media":0,"comment_status":"open","ping_status":"open","sticky":false,"template":"","format":"standard","meta":{"jetpack_post_was_ever_published":false,"_jetpack_newsletter_access":"","_jetpack_dont_email_post_to_subs":false,"_jetpack_newsletter_tier_id":0,"_jetpack_memberships_contains_paywalled_content":false,"_jetpack_memberships_contains_paid_content":false,"footnotes":"","jetpack_publicize_message":"","jetpack_publicize_feature_enabled":true,"jetpack_social_post_already_shared":false,"jetpack_social_options":{"image_generator_settings":{"template":"highway","enabled":false},"version":2}},"categories":[85],"tags":[],"class_list":["post-13639","post","type-post","status-publish","format-standard","hentry","category-a"],"jetpack_publicize_connections":[],"yoast_head":"<!-- This site is optimized with the Yoast SEO plugin v24.0 - https:\/\/yoast.com\/wordpress\/plugins\/seo\/ -->\n<title>Dieser Kafka wieder ... - der goldene fisch<\/title>\n<meta name=\"robots\" content=\"index, follow, max-snippet:-1, max-image-preview:large, max-video-preview:-1\" \/>\n<link rel=\"canonical\" href=\"https:\/\/der-goldene-fisch.de\/ping\/dieser-kafka-wieder\/\" \/>\n<meta property=\"og:locale\" content=\"de_DE\" \/>\n<meta property=\"og:type\" content=\"article\" \/>\n<meta property=\"og:title\" content=\"Dieser Kafka wieder ... - der goldene fisch\" \/>\n<meta property=\"og:description\" content=\"\u2026 schrieb am Sonntag des 12. November 1911 im Alter von 28 Jahren in sein Tagebuch, nachdem er am Vorabend einem Vortrag des franz\u00f6sischen Schriftstellers Jean Richepin beigewohnt hatte: &#8222;Ein gro\u00dfer starker F\u00fcnfziger mit Taille. Die steif umherwirbelnde Frisur (Daudets zum Beispiel) ist, ohne zerst\u00f6rt zu werden, ziemlich fest an den Sch\u00e4del gedr\u00fcckt. Wie bei [&hellip;]\" \/>\n<meta property=\"og:url\" content=\"https:\/\/der-goldene-fisch.de\/ping\/dieser-kafka-wieder\/\" \/>\n<meta property=\"og:site_name\" content=\"der goldene fisch\" \/>\n<meta property=\"article:published_time\" content=\"2017-10-24T08:08:39+00:00\" \/>\n<meta property=\"og:image\" content=\"http:\/\/der-goldene-fisch.de\/ping\/wp-content\/2017\/10\/220px-Jean_Richepin.jpg\" \/>\n<meta name=\"author\" content=\"Gerald Koll\" \/>\n<meta name=\"twitter:card\" content=\"summary_large_image\" \/>\n<meta name=\"twitter:label1\" content=\"Verfasst von\" \/>\n\t<meta name=\"twitter:data1\" content=\"Gerald Koll\" \/>\n\t<meta name=\"twitter:label2\" content=\"Gesch\u00e4tzte Lesezeit\" \/>\n\t<meta name=\"twitter:data2\" content=\"2 Minuten\" \/>\n<script type=\"application\/ld+json\" class=\"yoast-schema-graph\">{\"@context\":\"https:\/\/schema.org\",\"@graph\":[{\"@type\":\"Article\",\"@id\":\"https:\/\/der-goldene-fisch.de\/ping\/dieser-kafka-wieder\/#article\",\"isPartOf\":{\"@id\":\"https:\/\/der-goldene-fisch.de\/ping\/dieser-kafka-wieder\/\"},\"author\":{\"name\":\"Gerald Koll\",\"@id\":\"https:\/\/der-goldene-fisch.de\/ping\/#\/schema\/person\/b4cb2b531063dfc4a80c1893365b7faf\"},\"headline\":\"Dieser Kafka wieder &#8230;\",\"datePublished\":\"2017-10-24T08:08:39+00:00\",\"dateModified\":\"2017-10-24T08:08:39+00:00\",\"mainEntityOfPage\":{\"@id\":\"https:\/\/der-goldene-fisch.de\/ping\/dieser-kafka-wieder\/\"},\"wordCount\":320,\"commentCount\":0,\"publisher\":{\"@id\":\"https:\/\/der-goldene-fisch.de\/ping\/#\/schema\/person\/c415140d7348926844a49b29cc105aa4\"},\"image\":{\"@id\":\"https:\/\/der-goldene-fisch.de\/ping\/dieser-kafka-wieder\/#primaryimage\"},\"thumbnailUrl\":\"http:\/\/der-goldene-fisch.de\/ping\/wp-content\/2017\/10\/220px-Jean_Richepin.jpg\",\"articleSection\":[\"a\"],\"inLanguage\":\"de\",\"potentialAction\":[{\"@type\":\"CommentAction\",\"name\":\"Comment\",\"target\":[\"https:\/\/der-goldene-fisch.de\/ping\/dieser-kafka-wieder\/#respond\"]}]},{\"@type\":\"WebPage\",\"@id\":\"https:\/\/der-goldene-fisch.de\/ping\/dieser-kafka-wieder\/\",\"url\":\"https:\/\/der-goldene-fisch.de\/ping\/dieser-kafka-wieder\/\",\"name\":\"Dieser Kafka wieder ... - der goldene fisch\",\"isPartOf\":{\"@id\":\"https:\/\/der-goldene-fisch.de\/ping\/#website\"},\"primaryImageOfPage\":{\"@id\":\"https:\/\/der-goldene-fisch.de\/ping\/dieser-kafka-wieder\/#primaryimage\"},\"image\":{\"@id\":\"https:\/\/der-goldene-fisch.de\/ping\/dieser-kafka-wieder\/#primaryimage\"},\"thumbnailUrl\":\"http:\/\/der-goldene-fisch.de\/ping\/wp-content\/2017\/10\/220px-Jean_Richepin.jpg\",\"datePublished\":\"2017-10-24T08:08:39+00:00\",\"dateModified\":\"2017-10-24T08:08:39+00:00\",\"breadcrumb\":{\"@id\":\"https:\/\/der-goldene-fisch.de\/ping\/dieser-kafka-wieder\/#breadcrumb\"},\"inLanguage\":\"de\",\"potentialAction\":[{\"@type\":\"ReadAction\",\"target\":[\"https:\/\/der-goldene-fisch.de\/ping\/dieser-kafka-wieder\/\"]}]},{\"@type\":\"ImageObject\",\"inLanguage\":\"de\",\"@id\":\"https:\/\/der-goldene-fisch.de\/ping\/dieser-kafka-wieder\/#primaryimage\",\"url\":\"https:\/\/der-goldene-fisch.de\/ping\/wp-content\/2017\/10\/220px-Jean_Richepin.jpg\",\"contentUrl\":\"https:\/\/der-goldene-fisch.de\/ping\/wp-content\/2017\/10\/220px-Jean_Richepin.jpg\",\"width\":\"220\",\"height\":\"337\"},{\"@type\":\"BreadcrumbList\",\"@id\":\"https:\/\/der-goldene-fisch.de\/ping\/dieser-kafka-wieder\/#breadcrumb\",\"itemListElement\":[{\"@type\":\"ListItem\",\"position\":1,\"name\":\"Startseite\",\"item\":\"https:\/\/der-goldene-fisch.de\/ping\/\"},{\"@type\":\"ListItem\",\"position\":2,\"name\":\"Dieser Kafka wieder &#8230;\"}]},{\"@type\":\"WebSite\",\"@id\":\"https:\/\/der-goldene-fisch.de\/ping\/#website\",\"url\":\"https:\/\/der-goldene-fisch.de\/ping\/\",\"name\":\"der goldene fisch\",\"description\":\"\",\"publisher\":{\"@id\":\"https:\/\/der-goldene-fisch.de\/ping\/#\/schema\/person\/c415140d7348926844a49b29cc105aa4\"},\"potentialAction\":[{\"@type\":\"SearchAction\",\"target\":{\"@type\":\"EntryPoint\",\"urlTemplate\":\"https:\/\/der-goldene-fisch.de\/ping\/?s={search_term_string}\"},\"query-input\":{\"@type\":\"PropertyValueSpecification\",\"valueRequired\":true,\"valueName\":\"search_term_string\"}}],\"inLanguage\":\"de\"},{\"@type\":[\"Person\",\"Organization\"],\"@id\":\"https:\/\/der-goldene-fisch.de\/ping\/#\/schema\/person\/c415140d7348926844a49b29cc105aa4\",\"name\":\"Andreas Louis Seyerlein\",\"image\":{\"@type\":\"ImageObject\",\"inLanguage\":\"de\",\"@id\":\"https:\/\/der-goldene-fisch.de\/ping\/#\/schema\/person\/image\/\",\"url\":\"https:\/\/secure.gravatar.com\/avatar\/d233a6eb5d99a83abb911b2d89ddf42e?s=96&d=mm&r=g\",\"contentUrl\":\"https:\/\/secure.gravatar.com\/avatar\/d233a6eb5d99a83abb911b2d89ddf42e?s=96&d=mm&r=g\",\"caption\":\"Andreas Louis Seyerlein\"},\"logo\":{\"@id\":\"https:\/\/der-goldene-fisch.de\/ping\/#\/schema\/person\/image\/\"},\"sameAs\":[\"http:\/\/\"]},{\"@type\":\"Person\",\"@id\":\"https:\/\/der-goldene-fisch.de\/ping\/#\/schema\/person\/b4cb2b531063dfc4a80c1893365b7faf\",\"name\":\"Gerald Koll\",\"image\":{\"@type\":\"ImageObject\",\"inLanguage\":\"de\",\"@id\":\"https:\/\/der-goldene-fisch.de\/ping\/#\/schema\/person\/image\/\",\"url\":\"https:\/\/secure.gravatar.com\/avatar\/494c3ef1389ba6e021d9cac11e0c4e81?s=96&d=mm&r=g\",\"contentUrl\":\"https:\/\/secure.gravatar.com\/avatar\/494c3ef1389ba6e021d9cac11e0c4e81?s=96&d=mm&r=g\",\"caption\":\"Gerald Koll\"},\"sameAs\":[\"http:\/\/www.geraldkoll.de\"],\"url\":\"https:\/\/der-goldene-fisch.de\/ping\/author\/gerald667\/\"}]}<\/script>\n<!-- \/ Yoast SEO plugin. -->","yoast_head_json":{"title":"Dieser Kafka wieder ... - der goldene fisch","robots":{"index":"index","follow":"follow","max-snippet":"max-snippet:-1","max-image-preview":"max-image-preview:large","max-video-preview":"max-video-preview:-1"},"canonical":"https:\/\/der-goldene-fisch.de\/ping\/dieser-kafka-wieder\/","og_locale":"de_DE","og_type":"article","og_title":"Dieser Kafka wieder ... - der goldene fisch","og_description":"\u2026 schrieb am Sonntag des 12. November 1911 im Alter von 28 Jahren in sein Tagebuch, nachdem er am Vorabend einem Vortrag des franz\u00f6sischen Schriftstellers Jean Richepin beigewohnt hatte: &#8222;Ein gro\u00dfer starker F\u00fcnfziger mit Taille. Die steif umherwirbelnde Frisur (Daudets zum Beispiel) ist, ohne zerst\u00f6rt zu werden, ziemlich fest an den Sch\u00e4del gedr\u00fcckt. Wie bei [&hellip;]","og_url":"https:\/\/der-goldene-fisch.de\/ping\/dieser-kafka-wieder\/","og_site_name":"der goldene fisch","article_published_time":"2017-10-24T08:08:39+00:00","og_image":[{"url":"http:\/\/der-goldene-fisch.de\/ping\/wp-content\/2017\/10\/220px-Jean_Richepin.jpg","type":"","width":"","height":""}],"author":"Gerald Koll","twitter_card":"summary_large_image","twitter_misc":{"Verfasst von":"Gerald Koll","Gesch\u00e4tzte Lesezeit":"2 Minuten"},"schema":{"@context":"https:\/\/schema.org","@graph":[{"@type":"Article","@id":"https:\/\/der-goldene-fisch.de\/ping\/dieser-kafka-wieder\/#article","isPartOf":{"@id":"https:\/\/der-goldene-fisch.de\/ping\/dieser-kafka-wieder\/"},"author":{"name":"Gerald Koll","@id":"https:\/\/der-goldene-fisch.de\/ping\/#\/schema\/person\/b4cb2b531063dfc4a80c1893365b7faf"},"headline":"Dieser Kafka wieder &#8230;","datePublished":"2017-10-24T08:08:39+00:00","dateModified":"2017-10-24T08:08:39+00:00","mainEntityOfPage":{"@id":"https:\/\/der-goldene-fisch.de\/ping\/dieser-kafka-wieder\/"},"wordCount":320,"commentCount":0,"publisher":{"@id":"https:\/\/der-goldene-fisch.de\/ping\/#\/schema\/person\/c415140d7348926844a49b29cc105aa4"},"image":{"@id":"https:\/\/der-goldene-fisch.de\/ping\/dieser-kafka-wieder\/#primaryimage"},"thumbnailUrl":"http:\/\/der-goldene-fisch.de\/ping\/wp-content\/2017\/10\/220px-Jean_Richepin.jpg","articleSection":["a"],"inLanguage":"de","potentialAction":[{"@type":"CommentAction","name":"Comment","target":["https:\/\/der-goldene-fisch.de\/ping\/dieser-kafka-wieder\/#respond"]}]},{"@type":"WebPage","@id":"https:\/\/der-goldene-fisch.de\/ping\/dieser-kafka-wieder\/","url":"https:\/\/der-goldene-fisch.de\/ping\/dieser-kafka-wieder\/","name":"Dieser Kafka wieder ... - der goldene fisch","isPartOf":{"@id":"https:\/\/der-goldene-fisch.de\/ping\/#website"},"primaryImageOfPage":{"@id":"https:\/\/der-goldene-fisch.de\/ping\/dieser-kafka-wieder\/#primaryimage"},"image":{"@id":"https:\/\/der-goldene-fisch.de\/ping\/dieser-kafka-wieder\/#primaryimage"},"thumbnailUrl":"http:\/\/der-goldene-fisch.de\/ping\/wp-content\/2017\/10\/220px-Jean_Richepin.jpg","datePublished":"2017-10-24T08:08:39+00:00","dateModified":"2017-10-24T08:08:39+00:00","breadcrumb":{"@id":"https:\/\/der-goldene-fisch.de\/ping\/dieser-kafka-wieder\/#breadcrumb"},"inLanguage":"de","potentialAction":[{"@type":"ReadAction","target":["https:\/\/der-goldene-fisch.de\/ping\/dieser-kafka-wieder\/"]}]},{"@type":"ImageObject","inLanguage":"de","@id":"https:\/\/der-goldene-fisch.de\/ping\/dieser-kafka-wieder\/#primaryimage","url":"https:\/\/der-goldene-fisch.de\/ping\/wp-content\/2017\/10\/220px-Jean_Richepin.jpg","contentUrl":"https:\/\/der-goldene-fisch.de\/ping\/wp-content\/2017\/10\/220px-Jean_Richepin.jpg","width":"220","height":"337"},{"@type":"BreadcrumbList","@id":"https:\/\/der-goldene-fisch.de\/ping\/dieser-kafka-wieder\/#breadcrumb","itemListElement":[{"@type":"ListItem","position":1,"name":"Startseite","item":"https:\/\/der-goldene-fisch.de\/ping\/"},{"@type":"ListItem","position":2,"name":"Dieser Kafka wieder &#8230;"}]},{"@type":"WebSite","@id":"https:\/\/der-goldene-fisch.de\/ping\/#website","url":"https:\/\/der-goldene-fisch.de\/ping\/","name":"der goldene fisch","description":"","publisher":{"@id":"https:\/\/der-goldene-fisch.de\/ping\/#\/schema\/person\/c415140d7348926844a49b29cc105aa4"},"potentialAction":[{"@type":"SearchAction","target":{"@type":"EntryPoint","urlTemplate":"https:\/\/der-goldene-fisch.de\/ping\/?s={search_term_string}"},"query-input":{"@type":"PropertyValueSpecification","valueRequired":true,"valueName":"search_term_string"}}],"inLanguage":"de"},{"@type":["Person","Organization"],"@id":"https:\/\/der-goldene-fisch.de\/ping\/#\/schema\/person\/c415140d7348926844a49b29cc105aa4","name":"Andreas Louis Seyerlein","image":{"@type":"ImageObject","inLanguage":"de","@id":"https:\/\/der-goldene-fisch.de\/ping\/#\/schema\/person\/image\/","url":"https:\/\/secure.gravatar.com\/avatar\/d233a6eb5d99a83abb911b2d89ddf42e?s=96&d=mm&r=g","contentUrl":"https:\/\/secure.gravatar.com\/avatar\/d233a6eb5d99a83abb911b2d89ddf42e?s=96&d=mm&r=g","caption":"Andreas Louis Seyerlein"},"logo":{"@id":"https:\/\/der-goldene-fisch.de\/ping\/#\/schema\/person\/image\/"},"sameAs":["http:\/\/"]},{"@type":"Person","@id":"https:\/\/der-goldene-fisch.de\/ping\/#\/schema\/person\/b4cb2b531063dfc4a80c1893365b7faf","name":"Gerald Koll","image":{"@type":"ImageObject","inLanguage":"de","@id":"https:\/\/der-goldene-fisch.de\/ping\/#\/schema\/person\/image\/","url":"https:\/\/secure.gravatar.com\/avatar\/494c3ef1389ba6e021d9cac11e0c4e81?s=96&d=mm&r=g","contentUrl":"https:\/\/secure.gravatar.com\/avatar\/494c3ef1389ba6e021d9cac11e0c4e81?s=96&d=mm&r=g","caption":"Gerald Koll"},"sameAs":["http:\/\/www.geraldkoll.de"],"url":"https:\/\/der-goldene-fisch.de\/ping\/author\/gerald667\/"}]}},"jetpack_featured_media_url":"","jetpack_sharing_enabled":true,"jetpack_shortlink":"https:\/\/wp.me\/pxsFY-3xZ","_links":{"self":[{"href":"https:\/\/der-goldene-fisch.de\/ping\/wp-json\/wp\/v2\/posts\/13639","targetHints":{"allow":["GET"]}}],"collection":[{"href":"https:\/\/der-goldene-fisch.de\/ping\/wp-json\/wp\/v2\/posts"}],"about":[{"href":"https:\/\/der-goldene-fisch.de\/ping\/wp-json\/wp\/v2\/types\/post"}],"author":[{"embeddable":true,"href":"https:\/\/der-goldene-fisch.de\/ping\/wp-json\/wp\/v2\/users\/10"}],"replies":[{"embeddable":true,"href":"https:\/\/der-goldene-fisch.de\/ping\/wp-json\/wp\/v2\/comments?post=13639"}],"version-history":[{"count":0,"href":"https:\/\/der-goldene-fisch.de\/ping\/wp-json\/wp\/v2\/posts\/13639\/revisions"}],"wp:attachment":[{"href":"https:\/\/der-goldene-fisch.de\/ping\/wp-json\/wp\/v2\/media?parent=13639"}],"wp:term":[{"taxonomy":"category","embeddable":true,"href":"https:\/\/der-goldene-fisch.de\/ping\/wp-json\/wp\/v2\/categories?post=13639"},{"taxonomy":"post_tag","embeddable":true,"href":"https:\/\/der-goldene-fisch.de\/ping\/wp-json\/wp\/v2\/tags?post=13639"}],"curies":[{"name":"wp","href":"https:\/\/api.w.org\/{rel}","templated":true}]}}