{"id":13660,"date":"2017-11-09T22:50:00","date_gmt":"2017-11-09T21:50:00","guid":{"rendered":"http:\/\/der-goldene-fisch.de\/ping\/?p=13660"},"modified":"2017-11-09T22:50:00","modified_gmt":"2017-11-09T21:50:00","slug":"guillaume-apollinaire-zum-99-todestag","status":"publish","type":"post","link":"https:\/\/der-goldene-fisch.de\/ping\/guillaume-apollinaire-zum-99-todestag\/","title":{"rendered":"Guillaume Apollinaire zum 99. Todestag"},"content":{"rendered":"<p>Wir trinken den wei\u00dfen Schlamm der Felder, tragen uns \u00fcber Mauern<br \/>\naus Reisig und Tarnseide. Im Hof der Pioniere kauen wir Getreide,<br \/>\nMusik aus Menschenhaut und ein Hund spricht objektiv. Ein Kopf<br \/>\nredet von den M\u00f6rsern und zerschossenen Kiefern. Die Knochen<br \/>\nreden. Ein Kopfverband im Wilhelmjubel. Wir bl\u00e4ttern weiter<br \/>\nzu dem Zeigefinger \u00fcber Z\u00fcri. Wir bl\u00e4ttern weiter zu den Arimaspen<br \/>\n\u00fcber der Schampann. Die (kurze) Zeit hei\u00dft pl\u00f6tzlich ich und hat<br \/>\nbei eins schon ausgez\u00e4hlt. Es geht ein bi\u00dfchen rauf, es geht<br \/>\nein bi\u00dfchen runter. Dazwischen liegt der tote rote Flu\u00df.<br \/>\nBabel. Die Affen verlassen die chemische Fabrik, ein ganzer<br \/>\nWald geht da nachhause. Ein Zeigefinger, der wandert, h\u00e4ngt<br \/>\nam Faden einer Maus. Ich lege meinen Leib neben die Marquise.<br \/>\nIhr Scho\u00df ist weich wie ein Turnschuh. Ich bin der Kosack<br \/>\neines umz\u00e4unten Reichs aus Holz und Kohle. Ich bin<br \/>\nein Sack Mehl auf dem Maultier nach Montmartre.<br \/>\nDie Marquise \u00f6ffnet den spitzen Schirm, der eine Kirche ist<br \/>\nIn einer Garage hinter festem Draht und Zucker b\u00e4ckt sich<br \/>\nkyrillisches Latein, der Magen liest sich lieber satt mit Maggipulver.<br \/>\nNieder mit Wilhelm, \u00e0 bas Guillaume, in dieser Nacht waren beide eins<br \/>\nund zwei. In dieser Nacht fiel es ab von mir wie Gips, der einmal<br \/>\nStein war. Ich lag versteckt im Hof des Kalahari, der damals Bisch\u00f6fe<br \/>\nbuk zu k\u00fchlem Brot. Es gab (wir a\u00dfen) Algen aus Algeciras,<br \/>\n\u00c4pfel aus Baumwolle. Im Hof der Pioniere lagern die Tiere<\/p>\n<p>Aus: Museum der Ungeduld<\/p>\n","protected":false},"excerpt":{"rendered":"<p>Wir trinken den wei\u00dfen Schlamm der Felder, tragen uns \u00fcber Mauern aus Reisig und Tarnseide. Im Hof der Pioniere kauen wir Getreide, Musik aus Menschenhaut und ein Hund spricht objektiv. Ein Kopf redet von den M\u00f6rsern und zerschossenen Kiefern. Die Knochen reden. Ein Kopfverband im Wilhelmjubel. Wir bl\u00e4ttern weiter zu dem Zeigefinger \u00fcber Z\u00fcri. Wir [&hellip;]<\/p>\n","protected":false},"author":22,"featured_media":0,"comment_status":"open","ping_status":"open","sticky":false,"template":"","format":"standard","meta":{"jetpack_post_was_ever_published":false,"_jetpack_newsletter_access":"","_jetpack_dont_email_post_to_subs":false,"_jetpack_newsletter_tier_id":0,"_jetpack_memberships_contains_paywalled_content":false,"_jetpack_memberships_contains_paid_content":false,"footnotes":"","jetpack_publicize_message":"","jetpack_publicize_feature_enabled":true,"jetpack_social_post_already_shared":false,"jetpack_social_options":{"image_generator_settings":{"template":"highway","enabled":false},"version":2}},"categories":[85],"tags":[898,897,77,68,896],"class_list":["post-13660","post","type-post","status-publish","format-standard","hentry","category-a","tag-1st-world-war","tag-france","tag-moderne","tag-paris","tag-picasso"],"jetpack_publicize_connections":[],"yoast_head":"<!-- This site is optimized with the Yoast SEO plugin v24.0 - https:\/\/yoast.com\/wordpress\/plugins\/seo\/ -->\n<title>Guillaume Apollinaire zum 99. Todestag - der goldene fisch<\/title>\n<meta name=\"robots\" content=\"index, follow, max-snippet:-1, max-image-preview:large, max-video-preview:-1\" \/>\n<link rel=\"canonical\" href=\"https:\/\/der-goldene-fisch.de\/ping\/guillaume-apollinaire-zum-99-todestag\/\" \/>\n<meta property=\"og:locale\" content=\"de_DE\" \/>\n<meta property=\"og:type\" content=\"article\" \/>\n<meta property=\"og:title\" content=\"Guillaume Apollinaire zum 99. Todestag - der goldene fisch\" \/>\n<meta property=\"og:description\" content=\"Wir trinken den wei\u00dfen Schlamm der Felder, tragen uns \u00fcber Mauern aus Reisig und Tarnseide. Im Hof der Pioniere kauen wir Getreide, Musik aus Menschenhaut und ein Hund spricht objektiv. Ein Kopf redet von den M\u00f6rsern und zerschossenen Kiefern. Die Knochen reden. Ein Kopfverband im Wilhelmjubel. Wir bl\u00e4ttern weiter zu dem Zeigefinger \u00fcber Z\u00fcri. Wir [&hellip;]\" \/>\n<meta property=\"og:url\" content=\"https:\/\/der-goldene-fisch.de\/ping\/guillaume-apollinaire-zum-99-todestag\/\" \/>\n<meta property=\"og:site_name\" content=\"der goldene fisch\" \/>\n<meta property=\"article:published_time\" content=\"2017-11-09T21:50:00+00:00\" \/>\n<meta name=\"author\" content=\"Hans Thill\" \/>\n<meta name=\"twitter:card\" content=\"summary_large_image\" \/>\n<meta name=\"twitter:label1\" content=\"Verfasst von\" \/>\n\t<meta name=\"twitter:data1\" content=\"Hans Thill\" \/>\n\t<meta name=\"twitter:label2\" content=\"Gesch\u00e4tzte Lesezeit\" \/>\n\t<meta name=\"twitter:data2\" content=\"1 Minute\" \/>\n<script type=\"application\/ld+json\" class=\"yoast-schema-graph\">{\"@context\":\"https:\/\/schema.org\",\"@graph\":[{\"@type\":\"Article\",\"@id\":\"https:\/\/der-goldene-fisch.de\/ping\/guillaume-apollinaire-zum-99-todestag\/#article\",\"isPartOf\":{\"@id\":\"https:\/\/der-goldene-fisch.de\/ping\/guillaume-apollinaire-zum-99-todestag\/\"},\"author\":{\"name\":\"Hans Thill\",\"@id\":\"https:\/\/der-goldene-fisch.de\/ping\/#\/schema\/person\/355f4cf61e9f80823f87c46ec828e576\"},\"headline\":\"Guillaume Apollinaire zum 99. Todestag\",\"datePublished\":\"2017-11-09T21:50:00+00:00\",\"dateModified\":\"2017-11-09T21:50:00+00:00\",\"mainEntityOfPage\":{\"@id\":\"https:\/\/der-goldene-fisch.de\/ping\/guillaume-apollinaire-zum-99-todestag\/\"},\"wordCount\":260,\"commentCount\":0,\"publisher\":{\"@id\":\"https:\/\/der-goldene-fisch.de\/ping\/#\/schema\/person\/c415140d7348926844a49b29cc105aa4\"},\"keywords\":[\"1st World War\",\"France\",\"Moderne\",\"Paris\",\"Picasso\"],\"articleSection\":[\"a\"],\"inLanguage\":\"de\",\"potentialAction\":[{\"@type\":\"CommentAction\",\"name\":\"Comment\",\"target\":[\"https:\/\/der-goldene-fisch.de\/ping\/guillaume-apollinaire-zum-99-todestag\/#respond\"]}]},{\"@type\":\"WebPage\",\"@id\":\"https:\/\/der-goldene-fisch.de\/ping\/guillaume-apollinaire-zum-99-todestag\/\",\"url\":\"https:\/\/der-goldene-fisch.de\/ping\/guillaume-apollinaire-zum-99-todestag\/\",\"name\":\"Guillaume Apollinaire zum 99. Todestag - der goldene fisch\",\"isPartOf\":{\"@id\":\"https:\/\/der-goldene-fisch.de\/ping\/#website\"},\"datePublished\":\"2017-11-09T21:50:00+00:00\",\"dateModified\":\"2017-11-09T21:50:00+00:00\",\"breadcrumb\":{\"@id\":\"https:\/\/der-goldene-fisch.de\/ping\/guillaume-apollinaire-zum-99-todestag\/#breadcrumb\"},\"inLanguage\":\"de\",\"potentialAction\":[{\"@type\":\"ReadAction\",\"target\":[\"https:\/\/der-goldene-fisch.de\/ping\/guillaume-apollinaire-zum-99-todestag\/\"]}]},{\"@type\":\"BreadcrumbList\",\"@id\":\"https:\/\/der-goldene-fisch.de\/ping\/guillaume-apollinaire-zum-99-todestag\/#breadcrumb\",\"itemListElement\":[{\"@type\":\"ListItem\",\"position\":1,\"name\":\"Startseite\",\"item\":\"https:\/\/der-goldene-fisch.de\/ping\/\"},{\"@type\":\"ListItem\",\"position\":2,\"name\":\"Guillaume Apollinaire zum 99. Todestag\"}]},{\"@type\":\"WebSite\",\"@id\":\"https:\/\/der-goldene-fisch.de\/ping\/#website\",\"url\":\"https:\/\/der-goldene-fisch.de\/ping\/\",\"name\":\"der goldene fisch\",\"description\":\"\",\"publisher\":{\"@id\":\"https:\/\/der-goldene-fisch.de\/ping\/#\/schema\/person\/c415140d7348926844a49b29cc105aa4\"},\"potentialAction\":[{\"@type\":\"SearchAction\",\"target\":{\"@type\":\"EntryPoint\",\"urlTemplate\":\"https:\/\/der-goldene-fisch.de\/ping\/?s={search_term_string}\"},\"query-input\":{\"@type\":\"PropertyValueSpecification\",\"valueRequired\":true,\"valueName\":\"search_term_string\"}}],\"inLanguage\":\"de\"},{\"@type\":[\"Person\",\"Organization\"],\"@id\":\"https:\/\/der-goldene-fisch.de\/ping\/#\/schema\/person\/c415140d7348926844a49b29cc105aa4\",\"name\":\"Andreas Louis Seyerlein\",\"image\":{\"@type\":\"ImageObject\",\"inLanguage\":\"de\",\"@id\":\"https:\/\/der-goldene-fisch.de\/ping\/#\/schema\/person\/image\/\",\"url\":\"https:\/\/secure.gravatar.com\/avatar\/d233a6eb5d99a83abb911b2d89ddf42e?s=96&d=mm&r=g\",\"contentUrl\":\"https:\/\/secure.gravatar.com\/avatar\/d233a6eb5d99a83abb911b2d89ddf42e?s=96&d=mm&r=g\",\"caption\":\"Andreas Louis Seyerlein\"},\"logo\":{\"@id\":\"https:\/\/der-goldene-fisch.de\/ping\/#\/schema\/person\/image\/\"},\"sameAs\":[\"http:\/\/\"]},{\"@type\":\"Person\",\"@id\":\"https:\/\/der-goldene-fisch.de\/ping\/#\/schema\/person\/355f4cf61e9f80823f87c46ec828e576\",\"name\":\"Hans Thill\",\"image\":{\"@type\":\"ImageObject\",\"inLanguage\":\"de\",\"@id\":\"https:\/\/der-goldene-fisch.de\/ping\/#\/schema\/person\/image\/\",\"url\":\"https:\/\/secure.gravatar.com\/avatar\/494c3ef1389ba6e021d9cac11e0c4e81?s=96&d=mm&r=g\",\"contentUrl\":\"https:\/\/secure.gravatar.com\/avatar\/494c3ef1389ba6e021d9cac11e0c4e81?s=96&d=mm&r=g\",\"caption\":\"Hans Thill\"},\"sameAs\":[\"http:\/\/\"],\"url\":\"https:\/\/der-goldene-fisch.de\/ping\/author\/hans778y\/\"}]}<\/script>\n<!-- \/ Yoast SEO plugin. -->","yoast_head_json":{"title":"Guillaume Apollinaire zum 99. Todestag - der goldene fisch","robots":{"index":"index","follow":"follow","max-snippet":"max-snippet:-1","max-image-preview":"max-image-preview:large","max-video-preview":"max-video-preview:-1"},"canonical":"https:\/\/der-goldene-fisch.de\/ping\/guillaume-apollinaire-zum-99-todestag\/","og_locale":"de_DE","og_type":"article","og_title":"Guillaume Apollinaire zum 99. Todestag - der goldene fisch","og_description":"Wir trinken den wei\u00dfen Schlamm der Felder, tragen uns \u00fcber Mauern aus Reisig und Tarnseide. Im Hof der Pioniere kauen wir Getreide, Musik aus Menschenhaut und ein Hund spricht objektiv. Ein Kopf redet von den M\u00f6rsern und zerschossenen Kiefern. Die Knochen reden. Ein Kopfverband im Wilhelmjubel. Wir bl\u00e4ttern weiter zu dem Zeigefinger \u00fcber Z\u00fcri. Wir [&hellip;]","og_url":"https:\/\/der-goldene-fisch.de\/ping\/guillaume-apollinaire-zum-99-todestag\/","og_site_name":"der goldene fisch","article_published_time":"2017-11-09T21:50:00+00:00","author":"Hans Thill","twitter_card":"summary_large_image","twitter_misc":{"Verfasst von":"Hans Thill","Gesch\u00e4tzte Lesezeit":"1 Minute"},"schema":{"@context":"https:\/\/schema.org","@graph":[{"@type":"Article","@id":"https:\/\/der-goldene-fisch.de\/ping\/guillaume-apollinaire-zum-99-todestag\/#article","isPartOf":{"@id":"https:\/\/der-goldene-fisch.de\/ping\/guillaume-apollinaire-zum-99-todestag\/"},"author":{"name":"Hans Thill","@id":"https:\/\/der-goldene-fisch.de\/ping\/#\/schema\/person\/355f4cf61e9f80823f87c46ec828e576"},"headline":"Guillaume Apollinaire zum 99. Todestag","datePublished":"2017-11-09T21:50:00+00:00","dateModified":"2017-11-09T21:50:00+00:00","mainEntityOfPage":{"@id":"https:\/\/der-goldene-fisch.de\/ping\/guillaume-apollinaire-zum-99-todestag\/"},"wordCount":260,"commentCount":0,"publisher":{"@id":"https:\/\/der-goldene-fisch.de\/ping\/#\/schema\/person\/c415140d7348926844a49b29cc105aa4"},"keywords":["1st World War","France","Moderne","Paris","Picasso"],"articleSection":["a"],"inLanguage":"de","potentialAction":[{"@type":"CommentAction","name":"Comment","target":["https:\/\/der-goldene-fisch.de\/ping\/guillaume-apollinaire-zum-99-todestag\/#respond"]}]},{"@type":"WebPage","@id":"https:\/\/der-goldene-fisch.de\/ping\/guillaume-apollinaire-zum-99-todestag\/","url":"https:\/\/der-goldene-fisch.de\/ping\/guillaume-apollinaire-zum-99-todestag\/","name":"Guillaume Apollinaire zum 99. Todestag - der goldene fisch","isPartOf":{"@id":"https:\/\/der-goldene-fisch.de\/ping\/#website"},"datePublished":"2017-11-09T21:50:00+00:00","dateModified":"2017-11-09T21:50:00+00:00","breadcrumb":{"@id":"https:\/\/der-goldene-fisch.de\/ping\/guillaume-apollinaire-zum-99-todestag\/#breadcrumb"},"inLanguage":"de","potentialAction":[{"@type":"ReadAction","target":["https:\/\/der-goldene-fisch.de\/ping\/guillaume-apollinaire-zum-99-todestag\/"]}]},{"@type":"BreadcrumbList","@id":"https:\/\/der-goldene-fisch.de\/ping\/guillaume-apollinaire-zum-99-todestag\/#breadcrumb","itemListElement":[{"@type":"ListItem","position":1,"name":"Startseite","item":"https:\/\/der-goldene-fisch.de\/ping\/"},{"@type":"ListItem","position":2,"name":"Guillaume Apollinaire zum 99. Todestag"}]},{"@type":"WebSite","@id":"https:\/\/der-goldene-fisch.de\/ping\/#website","url":"https:\/\/der-goldene-fisch.de\/ping\/","name":"der goldene fisch","description":"","publisher":{"@id":"https:\/\/der-goldene-fisch.de\/ping\/#\/schema\/person\/c415140d7348926844a49b29cc105aa4"},"potentialAction":[{"@type":"SearchAction","target":{"@type":"EntryPoint","urlTemplate":"https:\/\/der-goldene-fisch.de\/ping\/?s={search_term_string}"},"query-input":{"@type":"PropertyValueSpecification","valueRequired":true,"valueName":"search_term_string"}}],"inLanguage":"de"},{"@type":["Person","Organization"],"@id":"https:\/\/der-goldene-fisch.de\/ping\/#\/schema\/person\/c415140d7348926844a49b29cc105aa4","name":"Andreas Louis Seyerlein","image":{"@type":"ImageObject","inLanguage":"de","@id":"https:\/\/der-goldene-fisch.de\/ping\/#\/schema\/person\/image\/","url":"https:\/\/secure.gravatar.com\/avatar\/d233a6eb5d99a83abb911b2d89ddf42e?s=96&d=mm&r=g","contentUrl":"https:\/\/secure.gravatar.com\/avatar\/d233a6eb5d99a83abb911b2d89ddf42e?s=96&d=mm&r=g","caption":"Andreas Louis Seyerlein"},"logo":{"@id":"https:\/\/der-goldene-fisch.de\/ping\/#\/schema\/person\/image\/"},"sameAs":["http:\/\/"]},{"@type":"Person","@id":"https:\/\/der-goldene-fisch.de\/ping\/#\/schema\/person\/355f4cf61e9f80823f87c46ec828e576","name":"Hans Thill","image":{"@type":"ImageObject","inLanguage":"de","@id":"https:\/\/der-goldene-fisch.de\/ping\/#\/schema\/person\/image\/","url":"https:\/\/secure.gravatar.com\/avatar\/494c3ef1389ba6e021d9cac11e0c4e81?s=96&d=mm&r=g","contentUrl":"https:\/\/secure.gravatar.com\/avatar\/494c3ef1389ba6e021d9cac11e0c4e81?s=96&d=mm&r=g","caption":"Hans Thill"},"sameAs":["http:\/\/"],"url":"https:\/\/der-goldene-fisch.de\/ping\/author\/hans778y\/"}]}},"jetpack_featured_media_url":"","jetpack_sharing_enabled":true,"jetpack_shortlink":"https:\/\/wp.me\/pxsFY-3yk","_links":{"self":[{"href":"https:\/\/der-goldene-fisch.de\/ping\/wp-json\/wp\/v2\/posts\/13660","targetHints":{"allow":["GET"]}}],"collection":[{"href":"https:\/\/der-goldene-fisch.de\/ping\/wp-json\/wp\/v2\/posts"}],"about":[{"href":"https:\/\/der-goldene-fisch.de\/ping\/wp-json\/wp\/v2\/types\/post"}],"author":[{"embeddable":true,"href":"https:\/\/der-goldene-fisch.de\/ping\/wp-json\/wp\/v2\/users\/22"}],"replies":[{"embeddable":true,"href":"https:\/\/der-goldene-fisch.de\/ping\/wp-json\/wp\/v2\/comments?post=13660"}],"version-history":[{"count":0,"href":"https:\/\/der-goldene-fisch.de\/ping\/wp-json\/wp\/v2\/posts\/13660\/revisions"}],"wp:attachment":[{"href":"https:\/\/der-goldene-fisch.de\/ping\/wp-json\/wp\/v2\/media?parent=13660"}],"wp:term":[{"taxonomy":"category","embeddable":true,"href":"https:\/\/der-goldene-fisch.de\/ping\/wp-json\/wp\/v2\/categories?post=13660"},{"taxonomy":"post_tag","embeddable":true,"href":"https:\/\/der-goldene-fisch.de\/ping\/wp-json\/wp\/v2\/tags?post=13660"}],"curies":[{"name":"wp","href":"https:\/\/api.w.org\/{rel}","templated":true}]}}