{"id":13720,"date":"2017-11-17T22:03:51","date_gmt":"2017-11-17T21:03:51","guid":{"rendered":"http:\/\/der-goldene-fisch.de\/ping\/?p=13720"},"modified":"2017-11-17T22:03:51","modified_gmt":"2017-11-17T21:03:51","slug":"lyrisches-ich-tag-nach-der-steinzeit","status":"publish","type":"post","link":"https:\/\/der-goldene-fisch.de\/ping\/lyrisches-ich-tag-nach-der-steinzeit\/","title":{"rendered":"Lyrisches Ich, Tag nach der Steinzeit"},"content":{"rendered":"<p>O Eure ostige Melankolie.<br \/>\nIch wei\u00df, Schwei\u00df darf nicht aus geringen Gr\u00fcnden flie\u00dfen.<br \/>\nDass. W\u00fcrde mich (geleert).<\/p>\n<p>Ey Olifant! Der Pharao hat Gicht.<br \/>\nMir platzt der Spind im Gesicht.<br \/>\nMarderbisse klingen wie das Piepsen an den Kassen.<\/p>\n<p>\u00abGenau.\u00bb sagen sie, statt zu sagen: \u00abHalt\u2019s Maul!\u00bb<br \/>\nIch bin der Welt Abseitsfall,<br \/>\nder Welt Langschl\u00e4fer, pff.<br \/>\nOi P\u00f6bel! Willst\u2019s doch auch.<\/p>\n<p>Dasselbe und als w\u00e4rst du selbst nichts als neuverliebte Eltern.<br \/>\nDie abgespielte CD. Zirpt.<br \/>\nEine Grille. So geht das, Sieger.<\/p>\n","protected":false},"excerpt":{"rendered":"<p>O Eure ostige Melankolie. Ich wei\u00df, Schwei\u00df darf nicht aus geringen Gr\u00fcnden flie\u00dfen. Dass. W\u00fcrde mich (geleert). Ey Olifant! Der Pharao hat Gicht. Mir platzt der Spind im Gesicht. Marderbisse klingen wie das Piepsen an den Kassen. \u00abGenau.\u00bb sagen sie, statt zu sagen: \u00abHalt\u2019s Maul!\u00bb Ich bin der Welt Abseitsfall, der Welt Langschl\u00e4fer, pff. Oi [&hellip;]<\/p>\n","protected":false},"author":42,"featured_media":0,"comment_status":"open","ping_status":"open","sticky":false,"template":"","format":"standard","meta":{"jetpack_post_was_ever_published":false,"_jetpack_newsletter_access":"","_jetpack_dont_email_post_to_subs":false,"_jetpack_newsletter_tier_id":0,"_jetpack_memberships_contains_paywalled_content":false,"_jetpack_memberships_contains_paid_content":false,"footnotes":"","jetpack_publicize_message":"","jetpack_publicize_feature_enabled":true,"jetpack_social_post_already_shared":false,"jetpack_social_options":{"image_generator_settings":{"template":"highway","enabled":false},"version":2}},"categories":[85],"tags":[],"class_list":["post-13720","post","type-post","status-publish","format-standard","hentry","category-a"],"jetpack_publicize_connections":[],"yoast_head":"<!-- This site is optimized with the Yoast SEO plugin v24.0 - https:\/\/yoast.com\/wordpress\/plugins\/seo\/ -->\n<title>Lyrisches Ich, Tag nach der Steinzeit - der goldene fisch<\/title>\n<meta name=\"robots\" content=\"index, follow, max-snippet:-1, max-image-preview:large, max-video-preview:-1\" \/>\n<link rel=\"canonical\" href=\"https:\/\/der-goldene-fisch.de\/ping\/lyrisches-ich-tag-nach-der-steinzeit\/\" \/>\n<meta property=\"og:locale\" content=\"de_DE\" \/>\n<meta property=\"og:type\" content=\"article\" \/>\n<meta property=\"og:title\" content=\"Lyrisches Ich, Tag nach der Steinzeit - der goldene fisch\" \/>\n<meta property=\"og:description\" content=\"O Eure ostige Melankolie. Ich wei\u00df, Schwei\u00df darf nicht aus geringen Gr\u00fcnden flie\u00dfen. Dass. W\u00fcrde mich (geleert). Ey Olifant! Der Pharao hat Gicht. Mir platzt der Spind im Gesicht. Marderbisse klingen wie das Piepsen an den Kassen. \u00abGenau.\u00bb sagen sie, statt zu sagen: \u00abHalt\u2019s Maul!\u00bb Ich bin der Welt Abseitsfall, der Welt Langschl\u00e4fer, pff. Oi [&hellip;]\" \/>\n<meta property=\"og:url\" content=\"https:\/\/der-goldene-fisch.de\/ping\/lyrisches-ich-tag-nach-der-steinzeit\/\" \/>\n<meta property=\"og:site_name\" content=\"der goldene fisch\" \/>\n<meta property=\"article:published_time\" content=\"2017-11-17T21:03:51+00:00\" \/>\n<meta name=\"author\" content=\"Konstantin Ames\" \/>\n<meta name=\"twitter:card\" content=\"summary_large_image\" \/>\n<meta name=\"twitter:label1\" content=\"Verfasst von\" \/>\n\t<meta name=\"twitter:data1\" content=\"Konstantin Ames\" \/>\n<script type=\"application\/ld+json\" class=\"yoast-schema-graph\">{\"@context\":\"https:\/\/schema.org\",\"@graph\":[{\"@type\":\"Article\",\"@id\":\"https:\/\/der-goldene-fisch.de\/ping\/lyrisches-ich-tag-nach-der-steinzeit\/#article\",\"isPartOf\":{\"@id\":\"https:\/\/der-goldene-fisch.de\/ping\/lyrisches-ich-tag-nach-der-steinzeit\/\"},\"author\":{\"name\":\"Konstantin Ames\",\"@id\":\"https:\/\/der-goldene-fisch.de\/ping\/#\/schema\/person\/8c4e67085e8aca23df843f289b242041\"},\"headline\":\"Lyrisches Ich, Tag nach der Steinzeit\",\"datePublished\":\"2017-11-17T21:03:51+00:00\",\"dateModified\":\"2017-11-17T21:03:51+00:00\",\"mainEntityOfPage\":{\"@id\":\"https:\/\/der-goldene-fisch.de\/ping\/lyrisches-ich-tag-nach-der-steinzeit\/\"},\"wordCount\":93,\"commentCount\":0,\"publisher\":{\"@id\":\"https:\/\/der-goldene-fisch.de\/ping\/#\/schema\/person\/c415140d7348926844a49b29cc105aa4\"},\"articleSection\":[\"a\"],\"inLanguage\":\"de\",\"potentialAction\":[{\"@type\":\"CommentAction\",\"name\":\"Comment\",\"target\":[\"https:\/\/der-goldene-fisch.de\/ping\/lyrisches-ich-tag-nach-der-steinzeit\/#respond\"]}]},{\"@type\":\"WebPage\",\"@id\":\"https:\/\/der-goldene-fisch.de\/ping\/lyrisches-ich-tag-nach-der-steinzeit\/\",\"url\":\"https:\/\/der-goldene-fisch.de\/ping\/lyrisches-ich-tag-nach-der-steinzeit\/\",\"name\":\"Lyrisches Ich, Tag nach der Steinzeit - der goldene fisch\",\"isPartOf\":{\"@id\":\"https:\/\/der-goldene-fisch.de\/ping\/#website\"},\"datePublished\":\"2017-11-17T21:03:51+00:00\",\"dateModified\":\"2017-11-17T21:03:51+00:00\",\"breadcrumb\":{\"@id\":\"https:\/\/der-goldene-fisch.de\/ping\/lyrisches-ich-tag-nach-der-steinzeit\/#breadcrumb\"},\"inLanguage\":\"de\",\"potentialAction\":[{\"@type\":\"ReadAction\",\"target\":[\"https:\/\/der-goldene-fisch.de\/ping\/lyrisches-ich-tag-nach-der-steinzeit\/\"]}]},{\"@type\":\"BreadcrumbList\",\"@id\":\"https:\/\/der-goldene-fisch.de\/ping\/lyrisches-ich-tag-nach-der-steinzeit\/#breadcrumb\",\"itemListElement\":[{\"@type\":\"ListItem\",\"position\":1,\"name\":\"Startseite\",\"item\":\"https:\/\/der-goldene-fisch.de\/ping\/\"},{\"@type\":\"ListItem\",\"position\":2,\"name\":\"Lyrisches Ich, Tag nach der Steinzeit\"}]},{\"@type\":\"WebSite\",\"@id\":\"https:\/\/der-goldene-fisch.de\/ping\/#website\",\"url\":\"https:\/\/der-goldene-fisch.de\/ping\/\",\"name\":\"der goldene fisch\",\"description\":\"\",\"publisher\":{\"@id\":\"https:\/\/der-goldene-fisch.de\/ping\/#\/schema\/person\/c415140d7348926844a49b29cc105aa4\"},\"potentialAction\":[{\"@type\":\"SearchAction\",\"target\":{\"@type\":\"EntryPoint\",\"urlTemplate\":\"https:\/\/der-goldene-fisch.de\/ping\/?s={search_term_string}\"},\"query-input\":{\"@type\":\"PropertyValueSpecification\",\"valueRequired\":true,\"valueName\":\"search_term_string\"}}],\"inLanguage\":\"de\"},{\"@type\":[\"Person\",\"Organization\"],\"@id\":\"https:\/\/der-goldene-fisch.de\/ping\/#\/schema\/person\/c415140d7348926844a49b29cc105aa4\",\"name\":\"Andreas Louis Seyerlein\",\"image\":{\"@type\":\"ImageObject\",\"inLanguage\":\"de\",\"@id\":\"https:\/\/der-goldene-fisch.de\/ping\/#\/schema\/person\/image\/\",\"url\":\"https:\/\/secure.gravatar.com\/avatar\/d233a6eb5d99a83abb911b2d89ddf42e?s=96&d=mm&r=g\",\"contentUrl\":\"https:\/\/secure.gravatar.com\/avatar\/d233a6eb5d99a83abb911b2d89ddf42e?s=96&d=mm&r=g\",\"caption\":\"Andreas Louis Seyerlein\"},\"logo\":{\"@id\":\"https:\/\/der-goldene-fisch.de\/ping\/#\/schema\/person\/image\/\"},\"sameAs\":[\"http:\/\/\"]},{\"@type\":\"Person\",\"@id\":\"https:\/\/der-goldene-fisch.de\/ping\/#\/schema\/person\/8c4e67085e8aca23df843f289b242041\",\"name\":\"Konstantin Ames\",\"image\":{\"@type\":\"ImageObject\",\"inLanguage\":\"de\",\"@id\":\"https:\/\/der-goldene-fisch.de\/ping\/#\/schema\/person\/image\/\",\"url\":\"https:\/\/secure.gravatar.com\/avatar\/b0b2195bf9b231a76f2760284a320c96?s=96&d=mm&r=g\",\"contentUrl\":\"https:\/\/secure.gravatar.com\/avatar\/b0b2195bf9b231a76f2760284a320c96?s=96&d=mm&r=g\",\"caption\":\"Konstantin Ames\"},\"url\":\"https:\/\/der-goldene-fisch.de\/ping\/author\/konstantinlu25\/\"}]}<\/script>\n<!-- \/ Yoast SEO plugin. -->","yoast_head_json":{"title":"Lyrisches Ich, Tag nach der Steinzeit - der goldene fisch","robots":{"index":"index","follow":"follow","max-snippet":"max-snippet:-1","max-image-preview":"max-image-preview:large","max-video-preview":"max-video-preview:-1"},"canonical":"https:\/\/der-goldene-fisch.de\/ping\/lyrisches-ich-tag-nach-der-steinzeit\/","og_locale":"de_DE","og_type":"article","og_title":"Lyrisches Ich, Tag nach der Steinzeit - der goldene fisch","og_description":"O Eure ostige Melankolie. Ich wei\u00df, Schwei\u00df darf nicht aus geringen Gr\u00fcnden flie\u00dfen. Dass. W\u00fcrde mich (geleert). Ey Olifant! Der Pharao hat Gicht. Mir platzt der Spind im Gesicht. Marderbisse klingen wie das Piepsen an den Kassen. \u00abGenau.\u00bb sagen sie, statt zu sagen: \u00abHalt\u2019s Maul!\u00bb Ich bin der Welt Abseitsfall, der Welt Langschl\u00e4fer, pff. Oi [&hellip;]","og_url":"https:\/\/der-goldene-fisch.de\/ping\/lyrisches-ich-tag-nach-der-steinzeit\/","og_site_name":"der goldene fisch","article_published_time":"2017-11-17T21:03:51+00:00","author":"Konstantin Ames","twitter_card":"summary_large_image","twitter_misc":{"Verfasst von":"Konstantin Ames"},"schema":{"@context":"https:\/\/schema.org","@graph":[{"@type":"Article","@id":"https:\/\/der-goldene-fisch.de\/ping\/lyrisches-ich-tag-nach-der-steinzeit\/#article","isPartOf":{"@id":"https:\/\/der-goldene-fisch.de\/ping\/lyrisches-ich-tag-nach-der-steinzeit\/"},"author":{"name":"Konstantin Ames","@id":"https:\/\/der-goldene-fisch.de\/ping\/#\/schema\/person\/8c4e67085e8aca23df843f289b242041"},"headline":"Lyrisches Ich, Tag nach der Steinzeit","datePublished":"2017-11-17T21:03:51+00:00","dateModified":"2017-11-17T21:03:51+00:00","mainEntityOfPage":{"@id":"https:\/\/der-goldene-fisch.de\/ping\/lyrisches-ich-tag-nach-der-steinzeit\/"},"wordCount":93,"commentCount":0,"publisher":{"@id":"https:\/\/der-goldene-fisch.de\/ping\/#\/schema\/person\/c415140d7348926844a49b29cc105aa4"},"articleSection":["a"],"inLanguage":"de","potentialAction":[{"@type":"CommentAction","name":"Comment","target":["https:\/\/der-goldene-fisch.de\/ping\/lyrisches-ich-tag-nach-der-steinzeit\/#respond"]}]},{"@type":"WebPage","@id":"https:\/\/der-goldene-fisch.de\/ping\/lyrisches-ich-tag-nach-der-steinzeit\/","url":"https:\/\/der-goldene-fisch.de\/ping\/lyrisches-ich-tag-nach-der-steinzeit\/","name":"Lyrisches Ich, Tag nach der Steinzeit - der goldene fisch","isPartOf":{"@id":"https:\/\/der-goldene-fisch.de\/ping\/#website"},"datePublished":"2017-11-17T21:03:51+00:00","dateModified":"2017-11-17T21:03:51+00:00","breadcrumb":{"@id":"https:\/\/der-goldene-fisch.de\/ping\/lyrisches-ich-tag-nach-der-steinzeit\/#breadcrumb"},"inLanguage":"de","potentialAction":[{"@type":"ReadAction","target":["https:\/\/der-goldene-fisch.de\/ping\/lyrisches-ich-tag-nach-der-steinzeit\/"]}]},{"@type":"BreadcrumbList","@id":"https:\/\/der-goldene-fisch.de\/ping\/lyrisches-ich-tag-nach-der-steinzeit\/#breadcrumb","itemListElement":[{"@type":"ListItem","position":1,"name":"Startseite","item":"https:\/\/der-goldene-fisch.de\/ping\/"},{"@type":"ListItem","position":2,"name":"Lyrisches Ich, Tag nach der Steinzeit"}]},{"@type":"WebSite","@id":"https:\/\/der-goldene-fisch.de\/ping\/#website","url":"https:\/\/der-goldene-fisch.de\/ping\/","name":"der goldene fisch","description":"","publisher":{"@id":"https:\/\/der-goldene-fisch.de\/ping\/#\/schema\/person\/c415140d7348926844a49b29cc105aa4"},"potentialAction":[{"@type":"SearchAction","target":{"@type":"EntryPoint","urlTemplate":"https:\/\/der-goldene-fisch.de\/ping\/?s={search_term_string}"},"query-input":{"@type":"PropertyValueSpecification","valueRequired":true,"valueName":"search_term_string"}}],"inLanguage":"de"},{"@type":["Person","Organization"],"@id":"https:\/\/der-goldene-fisch.de\/ping\/#\/schema\/person\/c415140d7348926844a49b29cc105aa4","name":"Andreas Louis Seyerlein","image":{"@type":"ImageObject","inLanguage":"de","@id":"https:\/\/der-goldene-fisch.de\/ping\/#\/schema\/person\/image\/","url":"https:\/\/secure.gravatar.com\/avatar\/d233a6eb5d99a83abb911b2d89ddf42e?s=96&d=mm&r=g","contentUrl":"https:\/\/secure.gravatar.com\/avatar\/d233a6eb5d99a83abb911b2d89ddf42e?s=96&d=mm&r=g","caption":"Andreas Louis Seyerlein"},"logo":{"@id":"https:\/\/der-goldene-fisch.de\/ping\/#\/schema\/person\/image\/"},"sameAs":["http:\/\/"]},{"@type":"Person","@id":"https:\/\/der-goldene-fisch.de\/ping\/#\/schema\/person\/8c4e67085e8aca23df843f289b242041","name":"Konstantin Ames","image":{"@type":"ImageObject","inLanguage":"de","@id":"https:\/\/der-goldene-fisch.de\/ping\/#\/schema\/person\/image\/","url":"https:\/\/secure.gravatar.com\/avatar\/b0b2195bf9b231a76f2760284a320c96?s=96&d=mm&r=g","contentUrl":"https:\/\/secure.gravatar.com\/avatar\/b0b2195bf9b231a76f2760284a320c96?s=96&d=mm&r=g","caption":"Konstantin Ames"},"url":"https:\/\/der-goldene-fisch.de\/ping\/author\/konstantinlu25\/"}]}},"jetpack_featured_media_url":"","jetpack_sharing_enabled":true,"jetpack_shortlink":"https:\/\/wp.me\/pxsFY-3zi","_links":{"self":[{"href":"https:\/\/der-goldene-fisch.de\/ping\/wp-json\/wp\/v2\/posts\/13720","targetHints":{"allow":["GET"]}}],"collection":[{"href":"https:\/\/der-goldene-fisch.de\/ping\/wp-json\/wp\/v2\/posts"}],"about":[{"href":"https:\/\/der-goldene-fisch.de\/ping\/wp-json\/wp\/v2\/types\/post"}],"author":[{"embeddable":true,"href":"https:\/\/der-goldene-fisch.de\/ping\/wp-json\/wp\/v2\/users\/42"}],"replies":[{"embeddable":true,"href":"https:\/\/der-goldene-fisch.de\/ping\/wp-json\/wp\/v2\/comments?post=13720"}],"version-history":[{"count":0,"href":"https:\/\/der-goldene-fisch.de\/ping\/wp-json\/wp\/v2\/posts\/13720\/revisions"}],"wp:attachment":[{"href":"https:\/\/der-goldene-fisch.de\/ping\/wp-json\/wp\/v2\/media?parent=13720"}],"wp:term":[{"taxonomy":"category","embeddable":true,"href":"https:\/\/der-goldene-fisch.de\/ping\/wp-json\/wp\/v2\/categories?post=13720"},{"taxonomy":"post_tag","embeddable":true,"href":"https:\/\/der-goldene-fisch.de\/ping\/wp-json\/wp\/v2\/tags?post=13720"}],"curies":[{"name":"wp","href":"https:\/\/api.w.org\/{rel}","templated":true}]}}