{"id":14562,"date":"2018-07-09T13:58:25","date_gmt":"2018-07-09T12:58:25","guid":{"rendered":"http:\/\/der-goldene-fisch.de\/ping\/?p=14562"},"modified":"2018-07-09T13:58:25","modified_gmt":"2018-07-09T12:58:25","slug":"zum-tod-von-oleg-jurjew","status":"publish","type":"post","link":"https:\/\/der-goldene-fisch.de\/ping\/zum-tod-von-oleg-jurjew\/","title":{"rendered":"ZUM TOD VON OLEG JURJEW"},"content":{"rendered":"<p>Gott atmete aus \u2013 und Nebel glitt \u00fcber den Spiegel Land<br \/>\nradial ausbreitend sein graues Silber \u2026<br \/>\nDie glatten Schatten begannen den Rand<br \/>\nrund zu umflie\u00dfen, die eigenen Spuren tilgend.<br \/>\nSchatten tauscht Schatten, Nebel bl\u00e4ttert um: Nebel.<br \/>\nEin schwaches Gr\u00fcn sog in sich die Gegend.<br \/>\nSchon taute die letzte Schicht.<br \/>\nSein Antlitz kam auf der Scheibe in Sicht.<\/p>\n<p>\u2026 Ein Spiegelchen ja der Poet am Mund einer kranken Welt \u2026<\/p>\n<p><em>Aus: &#8222;In zwei Spiegeln&#8220;. Gedichte, 1984 &#8211; 2011.<br \/>\n\u00dcbersetzung aus dem Russischen: Elke Erb<\/em><\/p>\n","protected":false},"excerpt":{"rendered":"<p>Gott atmete aus \u2013 und Nebel glitt \u00fcber den Spiegel Land radial ausbreitend sein graues Silber \u2026 Die glatten Schatten begannen den Rand rund zu umflie\u00dfen, die eigenen Spuren tilgend. Schatten tauscht Schatten, Nebel bl\u00e4ttert um: Nebel. Ein schwaches Gr\u00fcn sog in sich die Gegend. Schon taute die letzte Schicht. Sein Antlitz kam auf der [&hellip;]<\/p>\n","protected":false},"author":38,"featured_media":0,"comment_status":"open","ping_status":"open","sticky":false,"template":"","format":"standard","meta":{"jetpack_post_was_ever_published":false,"_jetpack_newsletter_access":"","_jetpack_dont_email_post_to_subs":false,"_jetpack_newsletter_tier_id":0,"_jetpack_memberships_contains_paywalled_content":false,"_jetpack_memberships_contains_paid_content":false,"footnotes":"","jetpack_publicize_message":"","jetpack_publicize_feature_enabled":true,"jetpack_social_post_already_shared":false,"jetpack_social_options":{"image_generator_settings":{"template":"highway","enabled":false},"version":2}},"categories":[85],"tags":[],"class_list":["post-14562","post","type-post","status-publish","format-standard","hentry","category-a"],"jetpack_publicize_connections":[],"yoast_head":"<!-- This site is optimized with the Yoast SEO plugin v24.0 - https:\/\/yoast.com\/wordpress\/plugins\/seo\/ -->\n<title>ZUM TOD VON OLEG JURJEW - der goldene fisch<\/title>\n<meta name=\"robots\" content=\"index, follow, max-snippet:-1, max-image-preview:large, max-video-preview:-1\" \/>\n<link rel=\"canonical\" href=\"https:\/\/der-goldene-fisch.de\/ping\/zum-tod-von-oleg-jurjew\/\" \/>\n<meta property=\"og:locale\" content=\"de_DE\" \/>\n<meta property=\"og:type\" content=\"article\" \/>\n<meta property=\"og:title\" content=\"ZUM TOD VON OLEG JURJEW - der goldene fisch\" \/>\n<meta property=\"og:description\" content=\"Gott atmete aus \u2013 und Nebel glitt \u00fcber den Spiegel Land radial ausbreitend sein graues Silber \u2026 Die glatten Schatten begannen den Rand rund zu umflie\u00dfen, die eigenen Spuren tilgend. Schatten tauscht Schatten, Nebel bl\u00e4ttert um: Nebel. Ein schwaches Gr\u00fcn sog in sich die Gegend. Schon taute die letzte Schicht. Sein Antlitz kam auf der [&hellip;]\" \/>\n<meta property=\"og:url\" content=\"https:\/\/der-goldene-fisch.de\/ping\/zum-tod-von-oleg-jurjew\/\" \/>\n<meta property=\"og:site_name\" content=\"der goldene fisch\" \/>\n<meta property=\"article:published_time\" content=\"2018-07-09T12:58:25+00:00\" \/>\n<meta name=\"author\" content=\"Christian Lorenz M\u00fcller\" \/>\n<meta name=\"twitter:card\" content=\"summary_large_image\" \/>\n<meta name=\"twitter:label1\" content=\"Verfasst von\" \/>\n\t<meta name=\"twitter:data1\" content=\"Christian Lorenz M\u00fcller\" \/>\n<script type=\"application\/ld+json\" class=\"yoast-schema-graph\">{\"@context\":\"https:\/\/schema.org\",\"@graph\":[{\"@type\":\"Article\",\"@id\":\"https:\/\/der-goldene-fisch.de\/ping\/zum-tod-von-oleg-jurjew\/#article\",\"isPartOf\":{\"@id\":\"https:\/\/der-goldene-fisch.de\/ping\/zum-tod-von-oleg-jurjew\/\"},\"author\":{\"name\":\"Christian Lorenz M\u00fcller\",\"@id\":\"https:\/\/der-goldene-fisch.de\/ping\/#\/schema\/person\/97b751ed0d8fe1a19d772540bfebb35d\"},\"headline\":\"ZUM TOD VON OLEG JURJEW\",\"datePublished\":\"2018-07-09T12:58:25+00:00\",\"dateModified\":\"2018-07-09T12:58:25+00:00\",\"mainEntityOfPage\":{\"@id\":\"https:\/\/der-goldene-fisch.de\/ping\/zum-tod-von-oleg-jurjew\/\"},\"wordCount\":86,\"commentCount\":0,\"publisher\":{\"@id\":\"https:\/\/der-goldene-fisch.de\/ping\/#\/schema\/person\/c415140d7348926844a49b29cc105aa4\"},\"articleSection\":[\"a\"],\"inLanguage\":\"de\",\"potentialAction\":[{\"@type\":\"CommentAction\",\"name\":\"Comment\",\"target\":[\"https:\/\/der-goldene-fisch.de\/ping\/zum-tod-von-oleg-jurjew\/#respond\"]}]},{\"@type\":\"WebPage\",\"@id\":\"https:\/\/der-goldene-fisch.de\/ping\/zum-tod-von-oleg-jurjew\/\",\"url\":\"https:\/\/der-goldene-fisch.de\/ping\/zum-tod-von-oleg-jurjew\/\",\"name\":\"ZUM TOD VON OLEG JURJEW - der goldene fisch\",\"isPartOf\":{\"@id\":\"https:\/\/der-goldene-fisch.de\/ping\/#website\"},\"datePublished\":\"2018-07-09T12:58:25+00:00\",\"dateModified\":\"2018-07-09T12:58:25+00:00\",\"breadcrumb\":{\"@id\":\"https:\/\/der-goldene-fisch.de\/ping\/zum-tod-von-oleg-jurjew\/#breadcrumb\"},\"inLanguage\":\"de\",\"potentialAction\":[{\"@type\":\"ReadAction\",\"target\":[\"https:\/\/der-goldene-fisch.de\/ping\/zum-tod-von-oleg-jurjew\/\"]}]},{\"@type\":\"BreadcrumbList\",\"@id\":\"https:\/\/der-goldene-fisch.de\/ping\/zum-tod-von-oleg-jurjew\/#breadcrumb\",\"itemListElement\":[{\"@type\":\"ListItem\",\"position\":1,\"name\":\"Startseite\",\"item\":\"https:\/\/der-goldene-fisch.de\/ping\/\"},{\"@type\":\"ListItem\",\"position\":2,\"name\":\"ZUM TOD VON OLEG JURJEW\"}]},{\"@type\":\"WebSite\",\"@id\":\"https:\/\/der-goldene-fisch.de\/ping\/#website\",\"url\":\"https:\/\/der-goldene-fisch.de\/ping\/\",\"name\":\"der goldene fisch\",\"description\":\"\",\"publisher\":{\"@id\":\"https:\/\/der-goldene-fisch.de\/ping\/#\/schema\/person\/c415140d7348926844a49b29cc105aa4\"},\"potentialAction\":[{\"@type\":\"SearchAction\",\"target\":{\"@type\":\"EntryPoint\",\"urlTemplate\":\"https:\/\/der-goldene-fisch.de\/ping\/?s={search_term_string}\"},\"query-input\":{\"@type\":\"PropertyValueSpecification\",\"valueRequired\":true,\"valueName\":\"search_term_string\"}}],\"inLanguage\":\"de\"},{\"@type\":[\"Person\",\"Organization\"],\"@id\":\"https:\/\/der-goldene-fisch.de\/ping\/#\/schema\/person\/c415140d7348926844a49b29cc105aa4\",\"name\":\"Andreas Louis Seyerlein\",\"image\":{\"@type\":\"ImageObject\",\"inLanguage\":\"de\",\"@id\":\"https:\/\/der-goldene-fisch.de\/ping\/#\/schema\/person\/image\/\",\"url\":\"https:\/\/secure.gravatar.com\/avatar\/d233a6eb5d99a83abb911b2d89ddf42e?s=96&d=mm&r=g\",\"contentUrl\":\"https:\/\/secure.gravatar.com\/avatar\/d233a6eb5d99a83abb911b2d89ddf42e?s=96&d=mm&r=g\",\"caption\":\"Andreas Louis Seyerlein\"},\"logo\":{\"@id\":\"https:\/\/der-goldene-fisch.de\/ping\/#\/schema\/person\/image\/\"},\"sameAs\":[\"http:\/\/\"]},{\"@type\":\"Person\",\"@id\":\"https:\/\/der-goldene-fisch.de\/ping\/#\/schema\/person\/97b751ed0d8fe1a19d772540bfebb35d\",\"name\":\"Christian Lorenz M\u00fcller\",\"image\":{\"@type\":\"ImageObject\",\"inLanguage\":\"de\",\"@id\":\"https:\/\/der-goldene-fisch.de\/ping\/#\/schema\/person\/image\/\",\"url\":\"https:\/\/secure.gravatar.com\/avatar\/6600d755653951c3f0ac7a11a8c666e7?s=96&d=mm&r=g\",\"contentUrl\":\"https:\/\/secure.gravatar.com\/avatar\/6600d755653951c3f0ac7a11a8c666e7?s=96&d=mm&r=g\",\"caption\":\"Christian Lorenz M\u00fcller\"},\"url\":\"https:\/\/der-goldene-fisch.de\/ping\/author\/christian1024\/\"}]}<\/script>\n<!-- \/ Yoast SEO plugin. -->","yoast_head_json":{"title":"ZUM TOD VON OLEG JURJEW - der goldene fisch","robots":{"index":"index","follow":"follow","max-snippet":"max-snippet:-1","max-image-preview":"max-image-preview:large","max-video-preview":"max-video-preview:-1"},"canonical":"https:\/\/der-goldene-fisch.de\/ping\/zum-tod-von-oleg-jurjew\/","og_locale":"de_DE","og_type":"article","og_title":"ZUM TOD VON OLEG JURJEW - der goldene fisch","og_description":"Gott atmete aus \u2013 und Nebel glitt \u00fcber den Spiegel Land radial ausbreitend sein graues Silber \u2026 Die glatten Schatten begannen den Rand rund zu umflie\u00dfen, die eigenen Spuren tilgend. Schatten tauscht Schatten, Nebel bl\u00e4ttert um: Nebel. Ein schwaches Gr\u00fcn sog in sich die Gegend. Schon taute die letzte Schicht. Sein Antlitz kam auf der [&hellip;]","og_url":"https:\/\/der-goldene-fisch.de\/ping\/zum-tod-von-oleg-jurjew\/","og_site_name":"der goldene fisch","article_published_time":"2018-07-09T12:58:25+00:00","author":"Christian Lorenz M\u00fcller","twitter_card":"summary_large_image","twitter_misc":{"Verfasst von":"Christian Lorenz M\u00fcller"},"schema":{"@context":"https:\/\/schema.org","@graph":[{"@type":"Article","@id":"https:\/\/der-goldene-fisch.de\/ping\/zum-tod-von-oleg-jurjew\/#article","isPartOf":{"@id":"https:\/\/der-goldene-fisch.de\/ping\/zum-tod-von-oleg-jurjew\/"},"author":{"name":"Christian Lorenz M\u00fcller","@id":"https:\/\/der-goldene-fisch.de\/ping\/#\/schema\/person\/97b751ed0d8fe1a19d772540bfebb35d"},"headline":"ZUM TOD VON OLEG JURJEW","datePublished":"2018-07-09T12:58:25+00:00","dateModified":"2018-07-09T12:58:25+00:00","mainEntityOfPage":{"@id":"https:\/\/der-goldene-fisch.de\/ping\/zum-tod-von-oleg-jurjew\/"},"wordCount":86,"commentCount":0,"publisher":{"@id":"https:\/\/der-goldene-fisch.de\/ping\/#\/schema\/person\/c415140d7348926844a49b29cc105aa4"},"articleSection":["a"],"inLanguage":"de","potentialAction":[{"@type":"CommentAction","name":"Comment","target":["https:\/\/der-goldene-fisch.de\/ping\/zum-tod-von-oleg-jurjew\/#respond"]}]},{"@type":"WebPage","@id":"https:\/\/der-goldene-fisch.de\/ping\/zum-tod-von-oleg-jurjew\/","url":"https:\/\/der-goldene-fisch.de\/ping\/zum-tod-von-oleg-jurjew\/","name":"ZUM TOD VON OLEG JURJEW - der goldene fisch","isPartOf":{"@id":"https:\/\/der-goldene-fisch.de\/ping\/#website"},"datePublished":"2018-07-09T12:58:25+00:00","dateModified":"2018-07-09T12:58:25+00:00","breadcrumb":{"@id":"https:\/\/der-goldene-fisch.de\/ping\/zum-tod-von-oleg-jurjew\/#breadcrumb"},"inLanguage":"de","potentialAction":[{"@type":"ReadAction","target":["https:\/\/der-goldene-fisch.de\/ping\/zum-tod-von-oleg-jurjew\/"]}]},{"@type":"BreadcrumbList","@id":"https:\/\/der-goldene-fisch.de\/ping\/zum-tod-von-oleg-jurjew\/#breadcrumb","itemListElement":[{"@type":"ListItem","position":1,"name":"Startseite","item":"https:\/\/der-goldene-fisch.de\/ping\/"},{"@type":"ListItem","position":2,"name":"ZUM TOD VON OLEG JURJEW"}]},{"@type":"WebSite","@id":"https:\/\/der-goldene-fisch.de\/ping\/#website","url":"https:\/\/der-goldene-fisch.de\/ping\/","name":"der goldene fisch","description":"","publisher":{"@id":"https:\/\/der-goldene-fisch.de\/ping\/#\/schema\/person\/c415140d7348926844a49b29cc105aa4"},"potentialAction":[{"@type":"SearchAction","target":{"@type":"EntryPoint","urlTemplate":"https:\/\/der-goldene-fisch.de\/ping\/?s={search_term_string}"},"query-input":{"@type":"PropertyValueSpecification","valueRequired":true,"valueName":"search_term_string"}}],"inLanguage":"de"},{"@type":["Person","Organization"],"@id":"https:\/\/der-goldene-fisch.de\/ping\/#\/schema\/person\/c415140d7348926844a49b29cc105aa4","name":"Andreas Louis Seyerlein","image":{"@type":"ImageObject","inLanguage":"de","@id":"https:\/\/der-goldene-fisch.de\/ping\/#\/schema\/person\/image\/","url":"https:\/\/secure.gravatar.com\/avatar\/d233a6eb5d99a83abb911b2d89ddf42e?s=96&d=mm&r=g","contentUrl":"https:\/\/secure.gravatar.com\/avatar\/d233a6eb5d99a83abb911b2d89ddf42e?s=96&d=mm&r=g","caption":"Andreas Louis Seyerlein"},"logo":{"@id":"https:\/\/der-goldene-fisch.de\/ping\/#\/schema\/person\/image\/"},"sameAs":["http:\/\/"]},{"@type":"Person","@id":"https:\/\/der-goldene-fisch.de\/ping\/#\/schema\/person\/97b751ed0d8fe1a19d772540bfebb35d","name":"Christian Lorenz M\u00fcller","image":{"@type":"ImageObject","inLanguage":"de","@id":"https:\/\/der-goldene-fisch.de\/ping\/#\/schema\/person\/image\/","url":"https:\/\/secure.gravatar.com\/avatar\/6600d755653951c3f0ac7a11a8c666e7?s=96&d=mm&r=g","contentUrl":"https:\/\/secure.gravatar.com\/avatar\/6600d755653951c3f0ac7a11a8c666e7?s=96&d=mm&r=g","caption":"Christian Lorenz M\u00fcller"},"url":"https:\/\/der-goldene-fisch.de\/ping\/author\/christian1024\/"}]}},"jetpack_featured_media_url":"","jetpack_sharing_enabled":true,"jetpack_shortlink":"https:\/\/wp.me\/pxsFY-3MS","_links":{"self":[{"href":"https:\/\/der-goldene-fisch.de\/ping\/wp-json\/wp\/v2\/posts\/14562","targetHints":{"allow":["GET"]}}],"collection":[{"href":"https:\/\/der-goldene-fisch.de\/ping\/wp-json\/wp\/v2\/posts"}],"about":[{"href":"https:\/\/der-goldene-fisch.de\/ping\/wp-json\/wp\/v2\/types\/post"}],"author":[{"embeddable":true,"href":"https:\/\/der-goldene-fisch.de\/ping\/wp-json\/wp\/v2\/users\/38"}],"replies":[{"embeddable":true,"href":"https:\/\/der-goldene-fisch.de\/ping\/wp-json\/wp\/v2\/comments?post=14562"}],"version-history":[{"count":0,"href":"https:\/\/der-goldene-fisch.de\/ping\/wp-json\/wp\/v2\/posts\/14562\/revisions"}],"wp:attachment":[{"href":"https:\/\/der-goldene-fisch.de\/ping\/wp-json\/wp\/v2\/media?parent=14562"}],"wp:term":[{"taxonomy":"category","embeddable":true,"href":"https:\/\/der-goldene-fisch.de\/ping\/wp-json\/wp\/v2\/categories?post=14562"},{"taxonomy":"post_tag","embeddable":true,"href":"https:\/\/der-goldene-fisch.de\/ping\/wp-json\/wp\/v2\/tags?post=14562"}],"curies":[{"name":"wp","href":"https:\/\/api.w.org\/{rel}","templated":true}]}}