{"id":17170,"date":"2022-02-28T09:04:02","date_gmt":"2022-02-28T08:04:02","guid":{"rendered":"http:\/\/der-goldene-fisch.de\/ping\/?p=17170"},"modified":"2022-02-28T09:04:02","modified_gmt":"2022-02-28T08:04:02","slug":"gedenkraum-in-uschhorod-transkarpatien-2019","status":"publish","type":"post","link":"https:\/\/der-goldene-fisch.de\/ping\/gedenkraum-in-uschhorod-transkarpatien-2019\/","title":{"rendered":"GEDENKRAUM IN USCHHOROD (Transkarpatien, 2019)"},"content":{"rendered":"<p>\u00dcberall die alten Ikonen vom Euro-Maidan,<br \/>\nins Gelb der ukrainischen Fahnen<br \/>\ngetauchte Zeit der M\u00e4rtyrer und Eremiten<br \/>\ndie bei Frost und Schnee<br \/>\nwochenlang in Zelten und H\u00fctten hausten,<br \/>\ngeschieden von der Welt<br \/>\ndurch eine Barrikade aus Eis und Autoreifen,<br \/>\nunersch\u00fctterlich in ihrem Glauben an Europa<br \/>\noder in ihrem Hass auf Janukwytsch,<br \/>\nund gleich daneben die Reliquien aus dem Donbass,<br \/>\nPatronenh\u00fclsen, Stahlhelme, verrostete Messer,<br \/>\neine Panzerkette und ein Essgeschirr.<\/p>\n<p>Du m\u00f6chtest glauben, aber du vermagst es nicht,<br \/>\nnur vor dem gl\u00e4sernen Altar neigst du dein Haupt,<br \/>\nblickst auf die zahllosen Briefe der Kinder<br \/>\nan ihre V\u00e4ter an der Front oder an den lieben Gott<br \/>\nder den Frieden bringen soll.<\/p>\n","protected":false},"excerpt":{"rendered":"<p>\u00dcberall die alten Ikonen vom Euro-Maidan, ins Gelb der ukrainischen Fahnen getauchte Zeit der M\u00e4rtyrer und Eremiten die bei Frost und Schnee wochenlang in Zelten und H\u00fctten hausten, geschieden von der Welt durch eine Barrikade aus Eis und Autoreifen, unersch\u00fctterlich in ihrem Glauben an Europa oder in ihrem Hass auf Janukwytsch, und gleich daneben die [&hellip;]<\/p>\n","protected":false},"author":38,"featured_media":0,"comment_status":"open","ping_status":"open","sticky":false,"template":"","format":"standard","meta":{"jetpack_post_was_ever_published":false,"_jetpack_newsletter_access":"","_jetpack_dont_email_post_to_subs":false,"_jetpack_newsletter_tier_id":0,"_jetpack_memberships_contains_paywalled_content":false,"_jetpack_memberships_contains_paid_content":false,"footnotes":"","jetpack_publicize_message":"","jetpack_publicize_feature_enabled":true,"jetpack_social_post_already_shared":false,"jetpack_social_options":{"image_generator_settings":{"template":"highway","enabled":false},"version":2}},"categories":[85],"tags":[],"class_list":["post-17170","post","type-post","status-publish","format-standard","hentry","category-a"],"jetpack_publicize_connections":[],"yoast_head":"<!-- This site is optimized with the Yoast SEO plugin v24.0 - https:\/\/yoast.com\/wordpress\/plugins\/seo\/ -->\n<title>GEDENKRAUM IN USCHHOROD (Transkarpatien, 2019) - der goldene fisch<\/title>\n<meta name=\"robots\" content=\"index, follow, max-snippet:-1, max-image-preview:large, max-video-preview:-1\" \/>\n<link rel=\"canonical\" href=\"https:\/\/der-goldene-fisch.de\/ping\/gedenkraum-in-uschhorod-transkarpatien-2019\/\" \/>\n<meta property=\"og:locale\" content=\"de_DE\" \/>\n<meta property=\"og:type\" content=\"article\" \/>\n<meta property=\"og:title\" content=\"GEDENKRAUM IN USCHHOROD (Transkarpatien, 2019) - der goldene fisch\" \/>\n<meta property=\"og:description\" content=\"\u00dcberall die alten Ikonen vom Euro-Maidan, ins Gelb der ukrainischen Fahnen getauchte Zeit der M\u00e4rtyrer und Eremiten die bei Frost und Schnee wochenlang in Zelten und H\u00fctten hausten, geschieden von der Welt durch eine Barrikade aus Eis und Autoreifen, unersch\u00fctterlich in ihrem Glauben an Europa oder in ihrem Hass auf Janukwytsch, und gleich daneben die [&hellip;]\" \/>\n<meta property=\"og:url\" content=\"https:\/\/der-goldene-fisch.de\/ping\/gedenkraum-in-uschhorod-transkarpatien-2019\/\" \/>\n<meta property=\"og:site_name\" content=\"der goldene fisch\" \/>\n<meta property=\"article:published_time\" content=\"2022-02-28T08:04:02+00:00\" \/>\n<meta name=\"author\" content=\"Christian Lorenz M\u00fcller\" \/>\n<meta name=\"twitter:card\" content=\"summary_large_image\" \/>\n<meta name=\"twitter:label1\" content=\"Verfasst von\" \/>\n\t<meta name=\"twitter:data1\" content=\"Christian Lorenz M\u00fcller\" \/>\n\t<meta name=\"twitter:label2\" content=\"Gesch\u00e4tzte Lesezeit\" \/>\n\t<meta name=\"twitter:data2\" content=\"1 Minute\" \/>\n<script type=\"application\/ld+json\" class=\"yoast-schema-graph\">{\"@context\":\"https:\/\/schema.org\",\"@graph\":[{\"@type\":\"Article\",\"@id\":\"https:\/\/der-goldene-fisch.de\/ping\/gedenkraum-in-uschhorod-transkarpatien-2019\/#article\",\"isPartOf\":{\"@id\":\"https:\/\/der-goldene-fisch.de\/ping\/gedenkraum-in-uschhorod-transkarpatien-2019\/\"},\"author\":{\"name\":\"Christian Lorenz M\u00fcller\",\"@id\":\"https:\/\/der-goldene-fisch.de\/ping\/#\/schema\/person\/97b751ed0d8fe1a19d772540bfebb35d\"},\"headline\":\"GEDENKRAUM IN USCHHOROD (Transkarpatien, 2019)\",\"datePublished\":\"2022-02-28T08:04:02+00:00\",\"dateModified\":\"2022-02-28T08:04:02+00:00\",\"mainEntityOfPage\":{\"@id\":\"https:\/\/der-goldene-fisch.de\/ping\/gedenkraum-in-uschhorod-transkarpatien-2019\/\"},\"wordCount\":119,\"commentCount\":0,\"publisher\":{\"@id\":\"https:\/\/der-goldene-fisch.de\/ping\/#\/schema\/person\/c415140d7348926844a49b29cc105aa4\"},\"articleSection\":[\"a\"],\"inLanguage\":\"de\",\"potentialAction\":[{\"@type\":\"CommentAction\",\"name\":\"Comment\",\"target\":[\"https:\/\/der-goldene-fisch.de\/ping\/gedenkraum-in-uschhorod-transkarpatien-2019\/#respond\"]}]},{\"@type\":\"WebPage\",\"@id\":\"https:\/\/der-goldene-fisch.de\/ping\/gedenkraum-in-uschhorod-transkarpatien-2019\/\",\"url\":\"https:\/\/der-goldene-fisch.de\/ping\/gedenkraum-in-uschhorod-transkarpatien-2019\/\",\"name\":\"GEDENKRAUM IN USCHHOROD (Transkarpatien, 2019) - der goldene fisch\",\"isPartOf\":{\"@id\":\"https:\/\/der-goldene-fisch.de\/ping\/#website\"},\"datePublished\":\"2022-02-28T08:04:02+00:00\",\"dateModified\":\"2022-02-28T08:04:02+00:00\",\"breadcrumb\":{\"@id\":\"https:\/\/der-goldene-fisch.de\/ping\/gedenkraum-in-uschhorod-transkarpatien-2019\/#breadcrumb\"},\"inLanguage\":\"de\",\"potentialAction\":[{\"@type\":\"ReadAction\",\"target\":[\"https:\/\/der-goldene-fisch.de\/ping\/gedenkraum-in-uschhorod-transkarpatien-2019\/\"]}]},{\"@type\":\"BreadcrumbList\",\"@id\":\"https:\/\/der-goldene-fisch.de\/ping\/gedenkraum-in-uschhorod-transkarpatien-2019\/#breadcrumb\",\"itemListElement\":[{\"@type\":\"ListItem\",\"position\":1,\"name\":\"Startseite\",\"item\":\"https:\/\/der-goldene-fisch.de\/ping\/\"},{\"@type\":\"ListItem\",\"position\":2,\"name\":\"GEDENKRAUM IN USCHHOROD (Transkarpatien, 2019)\"}]},{\"@type\":\"WebSite\",\"@id\":\"https:\/\/der-goldene-fisch.de\/ping\/#website\",\"url\":\"https:\/\/der-goldene-fisch.de\/ping\/\",\"name\":\"der goldene fisch\",\"description\":\"\",\"publisher\":{\"@id\":\"https:\/\/der-goldene-fisch.de\/ping\/#\/schema\/person\/c415140d7348926844a49b29cc105aa4\"},\"potentialAction\":[{\"@type\":\"SearchAction\",\"target\":{\"@type\":\"EntryPoint\",\"urlTemplate\":\"https:\/\/der-goldene-fisch.de\/ping\/?s={search_term_string}\"},\"query-input\":{\"@type\":\"PropertyValueSpecification\",\"valueRequired\":true,\"valueName\":\"search_term_string\"}}],\"inLanguage\":\"de\"},{\"@type\":[\"Person\",\"Organization\"],\"@id\":\"https:\/\/der-goldene-fisch.de\/ping\/#\/schema\/person\/c415140d7348926844a49b29cc105aa4\",\"name\":\"Andreas Louis Seyerlein\",\"image\":{\"@type\":\"ImageObject\",\"inLanguage\":\"de\",\"@id\":\"https:\/\/der-goldene-fisch.de\/ping\/#\/schema\/person\/image\/\",\"url\":\"https:\/\/secure.gravatar.com\/avatar\/d233a6eb5d99a83abb911b2d89ddf42e?s=96&d=mm&r=g\",\"contentUrl\":\"https:\/\/secure.gravatar.com\/avatar\/d233a6eb5d99a83abb911b2d89ddf42e?s=96&d=mm&r=g\",\"caption\":\"Andreas Louis Seyerlein\"},\"logo\":{\"@id\":\"https:\/\/der-goldene-fisch.de\/ping\/#\/schema\/person\/image\/\"},\"sameAs\":[\"http:\/\/\"]},{\"@type\":\"Person\",\"@id\":\"https:\/\/der-goldene-fisch.de\/ping\/#\/schema\/person\/97b751ed0d8fe1a19d772540bfebb35d\",\"name\":\"Christian Lorenz M\u00fcller\",\"image\":{\"@type\":\"ImageObject\",\"inLanguage\":\"de\",\"@id\":\"https:\/\/der-goldene-fisch.de\/ping\/#\/schema\/person\/image\/\",\"url\":\"https:\/\/secure.gravatar.com\/avatar\/6600d755653951c3f0ac7a11a8c666e7?s=96&d=mm&r=g\",\"contentUrl\":\"https:\/\/secure.gravatar.com\/avatar\/6600d755653951c3f0ac7a11a8c666e7?s=96&d=mm&r=g\",\"caption\":\"Christian Lorenz M\u00fcller\"},\"url\":\"https:\/\/der-goldene-fisch.de\/ping\/author\/christian1024\/\"}]}<\/script>\n<!-- \/ Yoast SEO plugin. -->","yoast_head_json":{"title":"GEDENKRAUM IN USCHHOROD (Transkarpatien, 2019) - der goldene fisch","robots":{"index":"index","follow":"follow","max-snippet":"max-snippet:-1","max-image-preview":"max-image-preview:large","max-video-preview":"max-video-preview:-1"},"canonical":"https:\/\/der-goldene-fisch.de\/ping\/gedenkraum-in-uschhorod-transkarpatien-2019\/","og_locale":"de_DE","og_type":"article","og_title":"GEDENKRAUM IN USCHHOROD (Transkarpatien, 2019) - der goldene fisch","og_description":"\u00dcberall die alten Ikonen vom Euro-Maidan, ins Gelb der ukrainischen Fahnen getauchte Zeit der M\u00e4rtyrer und Eremiten die bei Frost und Schnee wochenlang in Zelten und H\u00fctten hausten, geschieden von der Welt durch eine Barrikade aus Eis und Autoreifen, unersch\u00fctterlich in ihrem Glauben an Europa oder in ihrem Hass auf Janukwytsch, und gleich daneben die [&hellip;]","og_url":"https:\/\/der-goldene-fisch.de\/ping\/gedenkraum-in-uschhorod-transkarpatien-2019\/","og_site_name":"der goldene fisch","article_published_time":"2022-02-28T08:04:02+00:00","author":"Christian Lorenz M\u00fcller","twitter_card":"summary_large_image","twitter_misc":{"Verfasst von":"Christian Lorenz M\u00fcller","Gesch\u00e4tzte Lesezeit":"1 Minute"},"schema":{"@context":"https:\/\/schema.org","@graph":[{"@type":"Article","@id":"https:\/\/der-goldene-fisch.de\/ping\/gedenkraum-in-uschhorod-transkarpatien-2019\/#article","isPartOf":{"@id":"https:\/\/der-goldene-fisch.de\/ping\/gedenkraum-in-uschhorod-transkarpatien-2019\/"},"author":{"name":"Christian Lorenz M\u00fcller","@id":"https:\/\/der-goldene-fisch.de\/ping\/#\/schema\/person\/97b751ed0d8fe1a19d772540bfebb35d"},"headline":"GEDENKRAUM IN USCHHOROD (Transkarpatien, 2019)","datePublished":"2022-02-28T08:04:02+00:00","dateModified":"2022-02-28T08:04:02+00:00","mainEntityOfPage":{"@id":"https:\/\/der-goldene-fisch.de\/ping\/gedenkraum-in-uschhorod-transkarpatien-2019\/"},"wordCount":119,"commentCount":0,"publisher":{"@id":"https:\/\/der-goldene-fisch.de\/ping\/#\/schema\/person\/c415140d7348926844a49b29cc105aa4"},"articleSection":["a"],"inLanguage":"de","potentialAction":[{"@type":"CommentAction","name":"Comment","target":["https:\/\/der-goldene-fisch.de\/ping\/gedenkraum-in-uschhorod-transkarpatien-2019\/#respond"]}]},{"@type":"WebPage","@id":"https:\/\/der-goldene-fisch.de\/ping\/gedenkraum-in-uschhorod-transkarpatien-2019\/","url":"https:\/\/der-goldene-fisch.de\/ping\/gedenkraum-in-uschhorod-transkarpatien-2019\/","name":"GEDENKRAUM IN USCHHOROD (Transkarpatien, 2019) - der goldene fisch","isPartOf":{"@id":"https:\/\/der-goldene-fisch.de\/ping\/#website"},"datePublished":"2022-02-28T08:04:02+00:00","dateModified":"2022-02-28T08:04:02+00:00","breadcrumb":{"@id":"https:\/\/der-goldene-fisch.de\/ping\/gedenkraum-in-uschhorod-transkarpatien-2019\/#breadcrumb"},"inLanguage":"de","potentialAction":[{"@type":"ReadAction","target":["https:\/\/der-goldene-fisch.de\/ping\/gedenkraum-in-uschhorod-transkarpatien-2019\/"]}]},{"@type":"BreadcrumbList","@id":"https:\/\/der-goldene-fisch.de\/ping\/gedenkraum-in-uschhorod-transkarpatien-2019\/#breadcrumb","itemListElement":[{"@type":"ListItem","position":1,"name":"Startseite","item":"https:\/\/der-goldene-fisch.de\/ping\/"},{"@type":"ListItem","position":2,"name":"GEDENKRAUM IN USCHHOROD (Transkarpatien, 2019)"}]},{"@type":"WebSite","@id":"https:\/\/der-goldene-fisch.de\/ping\/#website","url":"https:\/\/der-goldene-fisch.de\/ping\/","name":"der goldene fisch","description":"","publisher":{"@id":"https:\/\/der-goldene-fisch.de\/ping\/#\/schema\/person\/c415140d7348926844a49b29cc105aa4"},"potentialAction":[{"@type":"SearchAction","target":{"@type":"EntryPoint","urlTemplate":"https:\/\/der-goldene-fisch.de\/ping\/?s={search_term_string}"},"query-input":{"@type":"PropertyValueSpecification","valueRequired":true,"valueName":"search_term_string"}}],"inLanguage":"de"},{"@type":["Person","Organization"],"@id":"https:\/\/der-goldene-fisch.de\/ping\/#\/schema\/person\/c415140d7348926844a49b29cc105aa4","name":"Andreas Louis Seyerlein","image":{"@type":"ImageObject","inLanguage":"de","@id":"https:\/\/der-goldene-fisch.de\/ping\/#\/schema\/person\/image\/","url":"https:\/\/secure.gravatar.com\/avatar\/d233a6eb5d99a83abb911b2d89ddf42e?s=96&d=mm&r=g","contentUrl":"https:\/\/secure.gravatar.com\/avatar\/d233a6eb5d99a83abb911b2d89ddf42e?s=96&d=mm&r=g","caption":"Andreas Louis Seyerlein"},"logo":{"@id":"https:\/\/der-goldene-fisch.de\/ping\/#\/schema\/person\/image\/"},"sameAs":["http:\/\/"]},{"@type":"Person","@id":"https:\/\/der-goldene-fisch.de\/ping\/#\/schema\/person\/97b751ed0d8fe1a19d772540bfebb35d","name":"Christian Lorenz M\u00fcller","image":{"@type":"ImageObject","inLanguage":"de","@id":"https:\/\/der-goldene-fisch.de\/ping\/#\/schema\/person\/image\/","url":"https:\/\/secure.gravatar.com\/avatar\/6600d755653951c3f0ac7a11a8c666e7?s=96&d=mm&r=g","contentUrl":"https:\/\/secure.gravatar.com\/avatar\/6600d755653951c3f0ac7a11a8c666e7?s=96&d=mm&r=g","caption":"Christian Lorenz M\u00fcller"},"url":"https:\/\/der-goldene-fisch.de\/ping\/author\/christian1024\/"}]}},"jetpack_featured_media_url":"","jetpack_sharing_enabled":true,"jetpack_shortlink":"https:\/\/wp.me\/pxsFY-4sW","_links":{"self":[{"href":"https:\/\/der-goldene-fisch.de\/ping\/wp-json\/wp\/v2\/posts\/17170","targetHints":{"allow":["GET"]}}],"collection":[{"href":"https:\/\/der-goldene-fisch.de\/ping\/wp-json\/wp\/v2\/posts"}],"about":[{"href":"https:\/\/der-goldene-fisch.de\/ping\/wp-json\/wp\/v2\/types\/post"}],"author":[{"embeddable":true,"href":"https:\/\/der-goldene-fisch.de\/ping\/wp-json\/wp\/v2\/users\/38"}],"replies":[{"embeddable":true,"href":"https:\/\/der-goldene-fisch.de\/ping\/wp-json\/wp\/v2\/comments?post=17170"}],"version-history":[{"count":1,"href":"https:\/\/der-goldene-fisch.de\/ping\/wp-json\/wp\/v2\/posts\/17170\/revisions"}],"predecessor-version":[{"id":17171,"href":"https:\/\/der-goldene-fisch.de\/ping\/wp-json\/wp\/v2\/posts\/17170\/revisions\/17171"}],"wp:attachment":[{"href":"https:\/\/der-goldene-fisch.de\/ping\/wp-json\/wp\/v2\/media?parent=17170"}],"wp:term":[{"taxonomy":"category","embeddable":true,"href":"https:\/\/der-goldene-fisch.de\/ping\/wp-json\/wp\/v2\/categories?post=17170"},{"taxonomy":"post_tag","embeddable":true,"href":"https:\/\/der-goldene-fisch.de\/ping\/wp-json\/wp\/v2\/tags?post=17170"}],"curies":[{"name":"wp","href":"https:\/\/api.w.org\/{rel}","templated":true}]}}