{"id":4408,"date":"2012-01-28T10:27:33","date_gmt":"2012-01-28T09:27:33","guid":{"rendered":"http:\/\/der-goldene-fisch.de\/ping\/?p=4408"},"modified":"2012-01-28T10:27:33","modified_gmt":"2012-01-28T09:27:33","slug":"memorandum-an-die-unesco","status":"publish","type":"post","link":"https:\/\/der-goldene-fisch.de\/ping\/memorandum-an-die-unesco\/","title":{"rendered":"Memorandum an die UNESCO"},"content":{"rendered":"<p>&#8222;Indirekter Egoismus manifestiert sich haupts\u00e4chlich in einem abnormen Altruismus, der sogar imstande ist, etwas, was uns selber als gut und richtig erscheint, unserem Nachbarn unter dem Deckmantel christlicher N\u00e4chstenliebe, Menschlichkeit und gegenseitiger Hilfe aufzudr\u00e4ngen. Egoismus ist seinem Wesen nach immer <em>Habgier<\/em>, die sich haupts\u00e4chlich auf dreifache Weise zeigt: als Machttrieb, Lust und Faulheit. Diese drei moralischen \u00dcbel werden durch ein viertes erg\u00e4nzt, das m\u00e4chtigste von allen &#8211; <em>Dummheit<\/em>. Wirkliche Intelligenz ist sehr selten und stellt statistisch einen unendlich kleinen Teil des Durchschnittsverstandes dar. Von der Warte eines h\u00f6herentwickelten Geistes betrachtet, ist das durchschnittliche Intelligenzniveau sehr niedrig. Leider wird ungew\u00f6hnliche Intelligenz &#8211; als eine seltene individuelle Eigenschaft &#8211; h\u00e4ufig durch eine entsprechende moralische Schw\u00e4che oder gar einen Defekt teuer bezahlt und stellt somit eine G\u00f6ttergabe dar, die fragw\u00fcrdiger Natur ist.&#8220;<br \/>\n(Carl Gustav Jung: Techniken f\u00fcr einen dem Weltfrieden dienlichen Einstellungswandel. Memorandum f\u00fcr die UNESCO. 1948.)<\/p>\n","protected":false},"excerpt":{"rendered":"<p>&#8222;Indirekter Egoismus manifestiert sich haupts\u00e4chlich in einem abnormen Altruismus, der sogar imstande ist, etwas, was uns selber als gut und richtig erscheint, unserem Nachbarn unter dem Deckmantel christlicher N\u00e4chstenliebe, Menschlichkeit und gegenseitiger Hilfe aufzudr\u00e4ngen. Egoismus ist seinem Wesen nach immer Habgier, die sich haupts\u00e4chlich auf dreifache Weise zeigt: als Machttrieb, Lust und Faulheit. Diese drei [&hellip;]<\/p>\n","protected":false},"author":10,"featured_media":0,"comment_status":"open","ping_status":"open","sticky":false,"template":"","format":"standard","meta":{"jetpack_post_was_ever_published":false,"_jetpack_newsletter_access":"","_jetpack_dont_email_post_to_subs":false,"_jetpack_newsletter_tier_id":0,"_jetpack_memberships_contains_paywalled_content":false,"_jetpack_memberships_contains_paid_content":false,"footnotes":"","jetpack_publicize_message":"","jetpack_publicize_feature_enabled":true,"jetpack_social_post_already_shared":false,"jetpack_social_options":{"image_generator_settings":{"template":"highway","enabled":false},"version":2}},"categories":[85],"tags":[],"class_list":["post-4408","post","type-post","status-publish","format-standard","hentry","category-a"],"jetpack_publicize_connections":[],"yoast_head":"<!-- This site is optimized with the Yoast SEO plugin v24.0 - https:\/\/yoast.com\/wordpress\/plugins\/seo\/ -->\n<title>Memorandum an die UNESCO - der goldene fisch<\/title>\n<meta name=\"robots\" content=\"index, follow, max-snippet:-1, max-image-preview:large, max-video-preview:-1\" \/>\n<link rel=\"canonical\" href=\"https:\/\/der-goldene-fisch.de\/ping\/memorandum-an-die-unesco\/\" \/>\n<meta property=\"og:locale\" content=\"de_DE\" \/>\n<meta property=\"og:type\" content=\"article\" \/>\n<meta property=\"og:title\" content=\"Memorandum an die UNESCO - der goldene fisch\" \/>\n<meta property=\"og:description\" content=\"&#8222;Indirekter Egoismus manifestiert sich haupts\u00e4chlich in einem abnormen Altruismus, der sogar imstande ist, etwas, was uns selber als gut und richtig erscheint, unserem Nachbarn unter dem Deckmantel christlicher N\u00e4chstenliebe, Menschlichkeit und gegenseitiger Hilfe aufzudr\u00e4ngen. Egoismus ist seinem Wesen nach immer Habgier, die sich haupts\u00e4chlich auf dreifache Weise zeigt: als Machttrieb, Lust und Faulheit. Diese drei [&hellip;]\" \/>\n<meta property=\"og:url\" content=\"https:\/\/der-goldene-fisch.de\/ping\/memorandum-an-die-unesco\/\" \/>\n<meta property=\"og:site_name\" content=\"der goldene fisch\" \/>\n<meta property=\"article:published_time\" content=\"2012-01-28T09:27:33+00:00\" \/>\n<meta name=\"author\" content=\"Gerald Koll\" \/>\n<meta name=\"twitter:card\" content=\"summary_large_image\" \/>\n<meta name=\"twitter:label1\" content=\"Verfasst von\" \/>\n\t<meta name=\"twitter:data1\" content=\"Gerald Koll\" \/>\n\t<meta name=\"twitter:label2\" content=\"Gesch\u00e4tzte Lesezeit\" \/>\n\t<meta name=\"twitter:data2\" content=\"1 Minute\" \/>\n<script type=\"application\/ld+json\" class=\"yoast-schema-graph\">{\"@context\":\"https:\/\/schema.org\",\"@graph\":[{\"@type\":\"Article\",\"@id\":\"https:\/\/der-goldene-fisch.de\/ping\/memorandum-an-die-unesco\/#article\",\"isPartOf\":{\"@id\":\"https:\/\/der-goldene-fisch.de\/ping\/memorandum-an-die-unesco\/\"},\"author\":{\"name\":\"Gerald Koll\",\"@id\":\"https:\/\/der-goldene-fisch.de\/ping\/#\/schema\/person\/b4cb2b531063dfc4a80c1893365b7faf\"},\"headline\":\"Memorandum an die UNESCO\",\"datePublished\":\"2012-01-28T09:27:33+00:00\",\"dateModified\":\"2012-01-28T09:27:33+00:00\",\"mainEntityOfPage\":{\"@id\":\"https:\/\/der-goldene-fisch.de\/ping\/memorandum-an-die-unesco\/\"},\"wordCount\":161,\"commentCount\":0,\"publisher\":{\"@id\":\"https:\/\/der-goldene-fisch.de\/ping\/#\/schema\/person\/c415140d7348926844a49b29cc105aa4\"},\"articleSection\":[\"a\"],\"inLanguage\":\"de\",\"potentialAction\":[{\"@type\":\"CommentAction\",\"name\":\"Comment\",\"target\":[\"https:\/\/der-goldene-fisch.de\/ping\/memorandum-an-die-unesco\/#respond\"]}]},{\"@type\":\"WebPage\",\"@id\":\"https:\/\/der-goldene-fisch.de\/ping\/memorandum-an-die-unesco\/\",\"url\":\"https:\/\/der-goldene-fisch.de\/ping\/memorandum-an-die-unesco\/\",\"name\":\"Memorandum an die UNESCO - der goldene fisch\",\"isPartOf\":{\"@id\":\"https:\/\/der-goldene-fisch.de\/ping\/#website\"},\"datePublished\":\"2012-01-28T09:27:33+00:00\",\"dateModified\":\"2012-01-28T09:27:33+00:00\",\"breadcrumb\":{\"@id\":\"https:\/\/der-goldene-fisch.de\/ping\/memorandum-an-die-unesco\/#breadcrumb\"},\"inLanguage\":\"de\",\"potentialAction\":[{\"@type\":\"ReadAction\",\"target\":[\"https:\/\/der-goldene-fisch.de\/ping\/memorandum-an-die-unesco\/\"]}]},{\"@type\":\"BreadcrumbList\",\"@id\":\"https:\/\/der-goldene-fisch.de\/ping\/memorandum-an-die-unesco\/#breadcrumb\",\"itemListElement\":[{\"@type\":\"ListItem\",\"position\":1,\"name\":\"Startseite\",\"item\":\"https:\/\/der-goldene-fisch.de\/ping\/\"},{\"@type\":\"ListItem\",\"position\":2,\"name\":\"Memorandum an die UNESCO\"}]},{\"@type\":\"WebSite\",\"@id\":\"https:\/\/der-goldene-fisch.de\/ping\/#website\",\"url\":\"https:\/\/der-goldene-fisch.de\/ping\/\",\"name\":\"der goldene fisch\",\"description\":\"\",\"publisher\":{\"@id\":\"https:\/\/der-goldene-fisch.de\/ping\/#\/schema\/person\/c415140d7348926844a49b29cc105aa4\"},\"potentialAction\":[{\"@type\":\"SearchAction\",\"target\":{\"@type\":\"EntryPoint\",\"urlTemplate\":\"https:\/\/der-goldene-fisch.de\/ping\/?s={search_term_string}\"},\"query-input\":{\"@type\":\"PropertyValueSpecification\",\"valueRequired\":true,\"valueName\":\"search_term_string\"}}],\"inLanguage\":\"de\"},{\"@type\":[\"Person\",\"Organization\"],\"@id\":\"https:\/\/der-goldene-fisch.de\/ping\/#\/schema\/person\/c415140d7348926844a49b29cc105aa4\",\"name\":\"Andreas Louis Seyerlein\",\"image\":{\"@type\":\"ImageObject\",\"inLanguage\":\"de\",\"@id\":\"https:\/\/der-goldene-fisch.de\/ping\/#\/schema\/person\/image\/\",\"url\":\"https:\/\/secure.gravatar.com\/avatar\/d233a6eb5d99a83abb911b2d89ddf42e?s=96&d=mm&r=g\",\"contentUrl\":\"https:\/\/secure.gravatar.com\/avatar\/d233a6eb5d99a83abb911b2d89ddf42e?s=96&d=mm&r=g\",\"caption\":\"Andreas Louis Seyerlein\"},\"logo\":{\"@id\":\"https:\/\/der-goldene-fisch.de\/ping\/#\/schema\/person\/image\/\"},\"sameAs\":[\"http:\/\/\"]},{\"@type\":\"Person\",\"@id\":\"https:\/\/der-goldene-fisch.de\/ping\/#\/schema\/person\/b4cb2b531063dfc4a80c1893365b7faf\",\"name\":\"Gerald Koll\",\"image\":{\"@type\":\"ImageObject\",\"inLanguage\":\"de\",\"@id\":\"https:\/\/der-goldene-fisch.de\/ping\/#\/schema\/person\/image\/\",\"url\":\"https:\/\/secure.gravatar.com\/avatar\/494c3ef1389ba6e021d9cac11e0c4e81?s=96&d=mm&r=g\",\"contentUrl\":\"https:\/\/secure.gravatar.com\/avatar\/494c3ef1389ba6e021d9cac11e0c4e81?s=96&d=mm&r=g\",\"caption\":\"Gerald Koll\"},\"sameAs\":[\"http:\/\/www.geraldkoll.de\"],\"url\":\"https:\/\/der-goldene-fisch.de\/ping\/author\/gerald667\/\"}]}<\/script>\n<!-- \/ Yoast SEO plugin. -->","yoast_head_json":{"title":"Memorandum an die UNESCO - der goldene fisch","robots":{"index":"index","follow":"follow","max-snippet":"max-snippet:-1","max-image-preview":"max-image-preview:large","max-video-preview":"max-video-preview:-1"},"canonical":"https:\/\/der-goldene-fisch.de\/ping\/memorandum-an-die-unesco\/","og_locale":"de_DE","og_type":"article","og_title":"Memorandum an die UNESCO - der goldene fisch","og_description":"&#8222;Indirekter Egoismus manifestiert sich haupts\u00e4chlich in einem abnormen Altruismus, der sogar imstande ist, etwas, was uns selber als gut und richtig erscheint, unserem Nachbarn unter dem Deckmantel christlicher N\u00e4chstenliebe, Menschlichkeit und gegenseitiger Hilfe aufzudr\u00e4ngen. Egoismus ist seinem Wesen nach immer Habgier, die sich haupts\u00e4chlich auf dreifache Weise zeigt: als Machttrieb, Lust und Faulheit. Diese drei [&hellip;]","og_url":"https:\/\/der-goldene-fisch.de\/ping\/memorandum-an-die-unesco\/","og_site_name":"der goldene fisch","article_published_time":"2012-01-28T09:27:33+00:00","author":"Gerald Koll","twitter_card":"summary_large_image","twitter_misc":{"Verfasst von":"Gerald Koll","Gesch\u00e4tzte Lesezeit":"1 Minute"},"schema":{"@context":"https:\/\/schema.org","@graph":[{"@type":"Article","@id":"https:\/\/der-goldene-fisch.de\/ping\/memorandum-an-die-unesco\/#article","isPartOf":{"@id":"https:\/\/der-goldene-fisch.de\/ping\/memorandum-an-die-unesco\/"},"author":{"name":"Gerald Koll","@id":"https:\/\/der-goldene-fisch.de\/ping\/#\/schema\/person\/b4cb2b531063dfc4a80c1893365b7faf"},"headline":"Memorandum an die UNESCO","datePublished":"2012-01-28T09:27:33+00:00","dateModified":"2012-01-28T09:27:33+00:00","mainEntityOfPage":{"@id":"https:\/\/der-goldene-fisch.de\/ping\/memorandum-an-die-unesco\/"},"wordCount":161,"commentCount":0,"publisher":{"@id":"https:\/\/der-goldene-fisch.de\/ping\/#\/schema\/person\/c415140d7348926844a49b29cc105aa4"},"articleSection":["a"],"inLanguage":"de","potentialAction":[{"@type":"CommentAction","name":"Comment","target":["https:\/\/der-goldene-fisch.de\/ping\/memorandum-an-die-unesco\/#respond"]}]},{"@type":"WebPage","@id":"https:\/\/der-goldene-fisch.de\/ping\/memorandum-an-die-unesco\/","url":"https:\/\/der-goldene-fisch.de\/ping\/memorandum-an-die-unesco\/","name":"Memorandum an die UNESCO - der goldene fisch","isPartOf":{"@id":"https:\/\/der-goldene-fisch.de\/ping\/#website"},"datePublished":"2012-01-28T09:27:33+00:00","dateModified":"2012-01-28T09:27:33+00:00","breadcrumb":{"@id":"https:\/\/der-goldene-fisch.de\/ping\/memorandum-an-die-unesco\/#breadcrumb"},"inLanguage":"de","potentialAction":[{"@type":"ReadAction","target":["https:\/\/der-goldene-fisch.de\/ping\/memorandum-an-die-unesco\/"]}]},{"@type":"BreadcrumbList","@id":"https:\/\/der-goldene-fisch.de\/ping\/memorandum-an-die-unesco\/#breadcrumb","itemListElement":[{"@type":"ListItem","position":1,"name":"Startseite","item":"https:\/\/der-goldene-fisch.de\/ping\/"},{"@type":"ListItem","position":2,"name":"Memorandum an die UNESCO"}]},{"@type":"WebSite","@id":"https:\/\/der-goldene-fisch.de\/ping\/#website","url":"https:\/\/der-goldene-fisch.de\/ping\/","name":"der goldene fisch","description":"","publisher":{"@id":"https:\/\/der-goldene-fisch.de\/ping\/#\/schema\/person\/c415140d7348926844a49b29cc105aa4"},"potentialAction":[{"@type":"SearchAction","target":{"@type":"EntryPoint","urlTemplate":"https:\/\/der-goldene-fisch.de\/ping\/?s={search_term_string}"},"query-input":{"@type":"PropertyValueSpecification","valueRequired":true,"valueName":"search_term_string"}}],"inLanguage":"de"},{"@type":["Person","Organization"],"@id":"https:\/\/der-goldene-fisch.de\/ping\/#\/schema\/person\/c415140d7348926844a49b29cc105aa4","name":"Andreas Louis Seyerlein","image":{"@type":"ImageObject","inLanguage":"de","@id":"https:\/\/der-goldene-fisch.de\/ping\/#\/schema\/person\/image\/","url":"https:\/\/secure.gravatar.com\/avatar\/d233a6eb5d99a83abb911b2d89ddf42e?s=96&d=mm&r=g","contentUrl":"https:\/\/secure.gravatar.com\/avatar\/d233a6eb5d99a83abb911b2d89ddf42e?s=96&d=mm&r=g","caption":"Andreas Louis Seyerlein"},"logo":{"@id":"https:\/\/der-goldene-fisch.de\/ping\/#\/schema\/person\/image\/"},"sameAs":["http:\/\/"]},{"@type":"Person","@id":"https:\/\/der-goldene-fisch.de\/ping\/#\/schema\/person\/b4cb2b531063dfc4a80c1893365b7faf","name":"Gerald Koll","image":{"@type":"ImageObject","inLanguage":"de","@id":"https:\/\/der-goldene-fisch.de\/ping\/#\/schema\/person\/image\/","url":"https:\/\/secure.gravatar.com\/avatar\/494c3ef1389ba6e021d9cac11e0c4e81?s=96&d=mm&r=g","contentUrl":"https:\/\/secure.gravatar.com\/avatar\/494c3ef1389ba6e021d9cac11e0c4e81?s=96&d=mm&r=g","caption":"Gerald Koll"},"sameAs":["http:\/\/www.geraldkoll.de"],"url":"https:\/\/der-goldene-fisch.de\/ping\/author\/gerald667\/"}]}},"jetpack_featured_media_url":"","jetpack_sharing_enabled":true,"jetpack_shortlink":"https:\/\/wp.me\/pxsFY-196","_links":{"self":[{"href":"https:\/\/der-goldene-fisch.de\/ping\/wp-json\/wp\/v2\/posts\/4408","targetHints":{"allow":["GET"]}}],"collection":[{"href":"https:\/\/der-goldene-fisch.de\/ping\/wp-json\/wp\/v2\/posts"}],"about":[{"href":"https:\/\/der-goldene-fisch.de\/ping\/wp-json\/wp\/v2\/types\/post"}],"author":[{"embeddable":true,"href":"https:\/\/der-goldene-fisch.de\/ping\/wp-json\/wp\/v2\/users\/10"}],"replies":[{"embeddable":true,"href":"https:\/\/der-goldene-fisch.de\/ping\/wp-json\/wp\/v2\/comments?post=4408"}],"version-history":[{"count":0,"href":"https:\/\/der-goldene-fisch.de\/ping\/wp-json\/wp\/v2\/posts\/4408\/revisions"}],"wp:attachment":[{"href":"https:\/\/der-goldene-fisch.de\/ping\/wp-json\/wp\/v2\/media?parent=4408"}],"wp:term":[{"taxonomy":"category","embeddable":true,"href":"https:\/\/der-goldene-fisch.de\/ping\/wp-json\/wp\/v2\/categories?post=4408"},{"taxonomy":"post_tag","embeddable":true,"href":"https:\/\/der-goldene-fisch.de\/ping\/wp-json\/wp\/v2\/tags?post=4408"}],"curies":[{"name":"wp","href":"https:\/\/api.w.org\/{rel}","templated":true}]}}