{"id":4646,"date":"2012-04-06T11:29:09","date_gmt":"2012-04-06T10:29:09","guid":{"rendered":"http:\/\/der-goldene-fisch.de\/ping\/?p=4646"},"modified":"2012-04-06T11:29:09","modified_gmt":"2012-04-06T10:29:09","slug":"lektuere-zum-karfreitag","status":"publish","type":"post","link":"https:\/\/der-goldene-fisch.de\/ping\/lektuere-zum-karfreitag\/","title":{"rendered":"Lekt\u00fcre zum Karfreitag"},"content":{"rendered":"<p>Da Jaakob wieder nach Hebron kam (&#8230;) nahm Isaak ab und starb, uralt und blind, ein Greis dieses Erbnamens, Jizchak, Abrahams Sohn, und redete in der Weihestunde des Todes vor Jaakob und allen, die da waren, in hohen und schauerlichen T\u00f6nen seherisch und verwirrt, von &#8222;sich&#8220; als von dem verwehrten Opfer und von dem Blute des Schafsbocks, das als sein, des wahrhaften Sohnes, Blut habe angesehen werden sollen, \u00a0vergossen zur S\u00fchne f\u00fcr alle. \u00a0Ja, dicht vor seinem Ende versuchte er mit dem sonderbarsten Erfolge wie ein Widder zu bl\u00f6ken, wobei gleichzeitig sein blutloses Gesicht eine erstaunliche \u00c4hnlichkeit mit der Physiognomie dieses Tieres gewann &#8211; oder vielmehr es war so, dass man auf einmal dessen gewahr wurde, dass diese \u00c4hnlichkeit immer bestanden hatte -, dergestalt, dass alle sich entsetzten und nicht schnell genug auf ihr Angesicht fallen konnte, um nicht zu sehen, wie der Sohn zum Widder wurde, w\u00e4hrend er doch, da er wieder zu sprechen anhob, den Widder Vater nannte und Gott. \u00a0&#8222;<font color=\"red\" size=\"2\"><strong>Einen Gott soll man schlachten<\/strong><\/font>&#8222;, lallte er mit uralt-poetischem Wort und lallte weiter, den Kopf im Nacken, mit weit offenen, leeren Augen und gespreizten Fingern, dass alle sollten eine Festmahlzeit halten von des geschlachteten Widders Fleisch und Blut, wie Abraham und er es einst getan, der Vater und der Sohn, f\u00fcr welchen eingetreten war das gottv\u00e4terliche Tier. &#8222;Siehe, es ist geschlachtet worden&#8220;, h\u00f6rte man ihn r\u00f6cheln, faseln und k\u00fcnden, ohne dass man gewagt h\u00e4tte, nach ihm zu schauen, &#8222;der Vater und das Tier an des Menschen Statt und des Sohnes, und wir haben gegessen. Aber wahrlich, ich sage euch, es wird geschlachtet werden der Mensch und der Sohn statt des Tieres und an Gottes Statt, und aber werdet ihr essen.&#8220; Dann bl\u00f6kte er noch einmal naturgetreu und verschied.<\/p>\n<p><em>Auszug aus <strong>Thomas Mann: Joseph und seine Br\u00fcder<\/strong>. 1. Buch: Die Geschichten Jaakobs, 4. Hauptst\u00fcck: Die Flucht, 1. Kapitel: Urgebl\u00f6k.<\/em><\/p>\n","protected":false},"excerpt":{"rendered":"<p>Da Jaakob wieder nach Hebron kam (&#8230;) nahm Isaak ab und starb, uralt und blind, ein Greis dieses Erbnamens, Jizchak, Abrahams Sohn, und redete in der Weihestunde des Todes vor Jaakob und allen, die da waren, in hohen und schauerlichen T\u00f6nen seherisch und verwirrt, von &#8222;sich&#8220; als von dem verwehrten Opfer und von dem Blute [&hellip;]<\/p>\n","protected":false},"author":10,"featured_media":0,"comment_status":"open","ping_status":"open","sticky":false,"template":"","format":"standard","meta":{"jetpack_post_was_ever_published":false,"_jetpack_newsletter_access":"","_jetpack_dont_email_post_to_subs":false,"_jetpack_newsletter_tier_id":0,"_jetpack_memberships_contains_paywalled_content":false,"_jetpack_memberships_contains_paid_content":false,"footnotes":"","jetpack_publicize_message":"","jetpack_publicize_feature_enabled":true,"jetpack_social_post_already_shared":false,"jetpack_social_options":{"image_generator_settings":{"template":"highway","enabled":false},"version":2}},"categories":[85],"tags":[],"class_list":["post-4646","post","type-post","status-publish","format-standard","hentry","category-a"],"jetpack_publicize_connections":[],"yoast_head":"<!-- This site is optimized with the Yoast SEO plugin v24.0 - https:\/\/yoast.com\/wordpress\/plugins\/seo\/ -->\n<title>Lekt\u00fcre zum Karfreitag - der goldene fisch<\/title>\n<meta name=\"robots\" content=\"index, follow, max-snippet:-1, max-image-preview:large, max-video-preview:-1\" \/>\n<link rel=\"canonical\" href=\"https:\/\/der-goldene-fisch.de\/ping\/lektuere-zum-karfreitag\/\" \/>\n<meta property=\"og:locale\" content=\"de_DE\" \/>\n<meta property=\"og:type\" content=\"article\" \/>\n<meta property=\"og:title\" content=\"Lekt\u00fcre zum Karfreitag - der goldene fisch\" \/>\n<meta property=\"og:description\" content=\"Da Jaakob wieder nach Hebron kam (&#8230;) nahm Isaak ab und starb, uralt und blind, ein Greis dieses Erbnamens, Jizchak, Abrahams Sohn, und redete in der Weihestunde des Todes vor Jaakob und allen, die da waren, in hohen und schauerlichen T\u00f6nen seherisch und verwirrt, von &#8222;sich&#8220; als von dem verwehrten Opfer und von dem Blute [&hellip;]\" \/>\n<meta property=\"og:url\" content=\"https:\/\/der-goldene-fisch.de\/ping\/lektuere-zum-karfreitag\/\" \/>\n<meta property=\"og:site_name\" content=\"der goldene fisch\" \/>\n<meta property=\"article:published_time\" content=\"2012-04-06T10:29:09+00:00\" \/>\n<meta name=\"author\" content=\"Gerald Koll\" \/>\n<meta name=\"twitter:card\" content=\"summary_large_image\" \/>\n<meta name=\"twitter:label1\" content=\"Verfasst von\" \/>\n\t<meta name=\"twitter:data1\" content=\"Gerald Koll\" \/>\n\t<meta name=\"twitter:label2\" content=\"Gesch\u00e4tzte Lesezeit\" \/>\n\t<meta name=\"twitter:data2\" content=\"2 Minuten\" \/>\n<script type=\"application\/ld+json\" class=\"yoast-schema-graph\">{\"@context\":\"https:\/\/schema.org\",\"@graph\":[{\"@type\":\"Article\",\"@id\":\"https:\/\/der-goldene-fisch.de\/ping\/lektuere-zum-karfreitag\/#article\",\"isPartOf\":{\"@id\":\"https:\/\/der-goldene-fisch.de\/ping\/lektuere-zum-karfreitag\/\"},\"author\":{\"name\":\"Gerald Koll\",\"@id\":\"https:\/\/der-goldene-fisch.de\/ping\/#\/schema\/person\/b4cb2b531063dfc4a80c1893365b7faf\"},\"headline\":\"Lekt\u00fcre zum Karfreitag\",\"datePublished\":\"2012-04-06T10:29:09+00:00\",\"dateModified\":\"2012-04-06T10:29:09+00:00\",\"mainEntityOfPage\":{\"@id\":\"https:\/\/der-goldene-fisch.de\/ping\/lektuere-zum-karfreitag\/\"},\"wordCount\":325,\"commentCount\":0,\"publisher\":{\"@id\":\"https:\/\/der-goldene-fisch.de\/ping\/#\/schema\/person\/c415140d7348926844a49b29cc105aa4\"},\"articleSection\":[\"a\"],\"inLanguage\":\"de\",\"potentialAction\":[{\"@type\":\"CommentAction\",\"name\":\"Comment\",\"target\":[\"https:\/\/der-goldene-fisch.de\/ping\/lektuere-zum-karfreitag\/#respond\"]}]},{\"@type\":\"WebPage\",\"@id\":\"https:\/\/der-goldene-fisch.de\/ping\/lektuere-zum-karfreitag\/\",\"url\":\"https:\/\/der-goldene-fisch.de\/ping\/lektuere-zum-karfreitag\/\",\"name\":\"Lekt\u00fcre zum Karfreitag - der goldene fisch\",\"isPartOf\":{\"@id\":\"https:\/\/der-goldene-fisch.de\/ping\/#website\"},\"datePublished\":\"2012-04-06T10:29:09+00:00\",\"dateModified\":\"2012-04-06T10:29:09+00:00\",\"breadcrumb\":{\"@id\":\"https:\/\/der-goldene-fisch.de\/ping\/lektuere-zum-karfreitag\/#breadcrumb\"},\"inLanguage\":\"de\",\"potentialAction\":[{\"@type\":\"ReadAction\",\"target\":[\"https:\/\/der-goldene-fisch.de\/ping\/lektuere-zum-karfreitag\/\"]}]},{\"@type\":\"BreadcrumbList\",\"@id\":\"https:\/\/der-goldene-fisch.de\/ping\/lektuere-zum-karfreitag\/#breadcrumb\",\"itemListElement\":[{\"@type\":\"ListItem\",\"position\":1,\"name\":\"Startseite\",\"item\":\"https:\/\/der-goldene-fisch.de\/ping\/\"},{\"@type\":\"ListItem\",\"position\":2,\"name\":\"Lekt\u00fcre zum Karfreitag\"}]},{\"@type\":\"WebSite\",\"@id\":\"https:\/\/der-goldene-fisch.de\/ping\/#website\",\"url\":\"https:\/\/der-goldene-fisch.de\/ping\/\",\"name\":\"der goldene fisch\",\"description\":\"\",\"publisher\":{\"@id\":\"https:\/\/der-goldene-fisch.de\/ping\/#\/schema\/person\/c415140d7348926844a49b29cc105aa4\"},\"potentialAction\":[{\"@type\":\"SearchAction\",\"target\":{\"@type\":\"EntryPoint\",\"urlTemplate\":\"https:\/\/der-goldene-fisch.de\/ping\/?s={search_term_string}\"},\"query-input\":{\"@type\":\"PropertyValueSpecification\",\"valueRequired\":true,\"valueName\":\"search_term_string\"}}],\"inLanguage\":\"de\"},{\"@type\":[\"Person\",\"Organization\"],\"@id\":\"https:\/\/der-goldene-fisch.de\/ping\/#\/schema\/person\/c415140d7348926844a49b29cc105aa4\",\"name\":\"Andreas Louis Seyerlein\",\"image\":{\"@type\":\"ImageObject\",\"inLanguage\":\"de\",\"@id\":\"https:\/\/der-goldene-fisch.de\/ping\/#\/schema\/person\/image\/\",\"url\":\"https:\/\/secure.gravatar.com\/avatar\/d233a6eb5d99a83abb911b2d89ddf42e?s=96&d=mm&r=g\",\"contentUrl\":\"https:\/\/secure.gravatar.com\/avatar\/d233a6eb5d99a83abb911b2d89ddf42e?s=96&d=mm&r=g\",\"caption\":\"Andreas Louis Seyerlein\"},\"logo\":{\"@id\":\"https:\/\/der-goldene-fisch.de\/ping\/#\/schema\/person\/image\/\"},\"sameAs\":[\"http:\/\/\"]},{\"@type\":\"Person\",\"@id\":\"https:\/\/der-goldene-fisch.de\/ping\/#\/schema\/person\/b4cb2b531063dfc4a80c1893365b7faf\",\"name\":\"Gerald Koll\",\"image\":{\"@type\":\"ImageObject\",\"inLanguage\":\"de\",\"@id\":\"https:\/\/der-goldene-fisch.de\/ping\/#\/schema\/person\/image\/\",\"url\":\"https:\/\/secure.gravatar.com\/avatar\/494c3ef1389ba6e021d9cac11e0c4e81?s=96&d=mm&r=g\",\"contentUrl\":\"https:\/\/secure.gravatar.com\/avatar\/494c3ef1389ba6e021d9cac11e0c4e81?s=96&d=mm&r=g\",\"caption\":\"Gerald Koll\"},\"sameAs\":[\"http:\/\/www.geraldkoll.de\"],\"url\":\"https:\/\/der-goldene-fisch.de\/ping\/author\/gerald667\/\"}]}<\/script>\n<!-- \/ Yoast SEO plugin. -->","yoast_head_json":{"title":"Lekt\u00fcre zum Karfreitag - der goldene fisch","robots":{"index":"index","follow":"follow","max-snippet":"max-snippet:-1","max-image-preview":"max-image-preview:large","max-video-preview":"max-video-preview:-1"},"canonical":"https:\/\/der-goldene-fisch.de\/ping\/lektuere-zum-karfreitag\/","og_locale":"de_DE","og_type":"article","og_title":"Lekt\u00fcre zum Karfreitag - der goldene fisch","og_description":"Da Jaakob wieder nach Hebron kam (&#8230;) nahm Isaak ab und starb, uralt und blind, ein Greis dieses Erbnamens, Jizchak, Abrahams Sohn, und redete in der Weihestunde des Todes vor Jaakob und allen, die da waren, in hohen und schauerlichen T\u00f6nen seherisch und verwirrt, von &#8222;sich&#8220; als von dem verwehrten Opfer und von dem Blute [&hellip;]","og_url":"https:\/\/der-goldene-fisch.de\/ping\/lektuere-zum-karfreitag\/","og_site_name":"der goldene fisch","article_published_time":"2012-04-06T10:29:09+00:00","author":"Gerald Koll","twitter_card":"summary_large_image","twitter_misc":{"Verfasst von":"Gerald Koll","Gesch\u00e4tzte Lesezeit":"2 Minuten"},"schema":{"@context":"https:\/\/schema.org","@graph":[{"@type":"Article","@id":"https:\/\/der-goldene-fisch.de\/ping\/lektuere-zum-karfreitag\/#article","isPartOf":{"@id":"https:\/\/der-goldene-fisch.de\/ping\/lektuere-zum-karfreitag\/"},"author":{"name":"Gerald Koll","@id":"https:\/\/der-goldene-fisch.de\/ping\/#\/schema\/person\/b4cb2b531063dfc4a80c1893365b7faf"},"headline":"Lekt\u00fcre zum Karfreitag","datePublished":"2012-04-06T10:29:09+00:00","dateModified":"2012-04-06T10:29:09+00:00","mainEntityOfPage":{"@id":"https:\/\/der-goldene-fisch.de\/ping\/lektuere-zum-karfreitag\/"},"wordCount":325,"commentCount":0,"publisher":{"@id":"https:\/\/der-goldene-fisch.de\/ping\/#\/schema\/person\/c415140d7348926844a49b29cc105aa4"},"articleSection":["a"],"inLanguage":"de","potentialAction":[{"@type":"CommentAction","name":"Comment","target":["https:\/\/der-goldene-fisch.de\/ping\/lektuere-zum-karfreitag\/#respond"]}]},{"@type":"WebPage","@id":"https:\/\/der-goldene-fisch.de\/ping\/lektuere-zum-karfreitag\/","url":"https:\/\/der-goldene-fisch.de\/ping\/lektuere-zum-karfreitag\/","name":"Lekt\u00fcre zum Karfreitag - der goldene fisch","isPartOf":{"@id":"https:\/\/der-goldene-fisch.de\/ping\/#website"},"datePublished":"2012-04-06T10:29:09+00:00","dateModified":"2012-04-06T10:29:09+00:00","breadcrumb":{"@id":"https:\/\/der-goldene-fisch.de\/ping\/lektuere-zum-karfreitag\/#breadcrumb"},"inLanguage":"de","potentialAction":[{"@type":"ReadAction","target":["https:\/\/der-goldene-fisch.de\/ping\/lektuere-zum-karfreitag\/"]}]},{"@type":"BreadcrumbList","@id":"https:\/\/der-goldene-fisch.de\/ping\/lektuere-zum-karfreitag\/#breadcrumb","itemListElement":[{"@type":"ListItem","position":1,"name":"Startseite","item":"https:\/\/der-goldene-fisch.de\/ping\/"},{"@type":"ListItem","position":2,"name":"Lekt\u00fcre zum Karfreitag"}]},{"@type":"WebSite","@id":"https:\/\/der-goldene-fisch.de\/ping\/#website","url":"https:\/\/der-goldene-fisch.de\/ping\/","name":"der goldene fisch","description":"","publisher":{"@id":"https:\/\/der-goldene-fisch.de\/ping\/#\/schema\/person\/c415140d7348926844a49b29cc105aa4"},"potentialAction":[{"@type":"SearchAction","target":{"@type":"EntryPoint","urlTemplate":"https:\/\/der-goldene-fisch.de\/ping\/?s={search_term_string}"},"query-input":{"@type":"PropertyValueSpecification","valueRequired":true,"valueName":"search_term_string"}}],"inLanguage":"de"},{"@type":["Person","Organization"],"@id":"https:\/\/der-goldene-fisch.de\/ping\/#\/schema\/person\/c415140d7348926844a49b29cc105aa4","name":"Andreas Louis Seyerlein","image":{"@type":"ImageObject","inLanguage":"de","@id":"https:\/\/der-goldene-fisch.de\/ping\/#\/schema\/person\/image\/","url":"https:\/\/secure.gravatar.com\/avatar\/d233a6eb5d99a83abb911b2d89ddf42e?s=96&d=mm&r=g","contentUrl":"https:\/\/secure.gravatar.com\/avatar\/d233a6eb5d99a83abb911b2d89ddf42e?s=96&d=mm&r=g","caption":"Andreas Louis Seyerlein"},"logo":{"@id":"https:\/\/der-goldene-fisch.de\/ping\/#\/schema\/person\/image\/"},"sameAs":["http:\/\/"]},{"@type":"Person","@id":"https:\/\/der-goldene-fisch.de\/ping\/#\/schema\/person\/b4cb2b531063dfc4a80c1893365b7faf","name":"Gerald Koll","image":{"@type":"ImageObject","inLanguage":"de","@id":"https:\/\/der-goldene-fisch.de\/ping\/#\/schema\/person\/image\/","url":"https:\/\/secure.gravatar.com\/avatar\/494c3ef1389ba6e021d9cac11e0c4e81?s=96&d=mm&r=g","contentUrl":"https:\/\/secure.gravatar.com\/avatar\/494c3ef1389ba6e021d9cac11e0c4e81?s=96&d=mm&r=g","caption":"Gerald Koll"},"sameAs":["http:\/\/www.geraldkoll.de"],"url":"https:\/\/der-goldene-fisch.de\/ping\/author\/gerald667\/"}]}},"jetpack_featured_media_url":"","jetpack_sharing_enabled":true,"jetpack_shortlink":"https:\/\/wp.me\/pxsFY-1cW","_links":{"self":[{"href":"https:\/\/der-goldene-fisch.de\/ping\/wp-json\/wp\/v2\/posts\/4646","targetHints":{"allow":["GET"]}}],"collection":[{"href":"https:\/\/der-goldene-fisch.de\/ping\/wp-json\/wp\/v2\/posts"}],"about":[{"href":"https:\/\/der-goldene-fisch.de\/ping\/wp-json\/wp\/v2\/types\/post"}],"author":[{"embeddable":true,"href":"https:\/\/der-goldene-fisch.de\/ping\/wp-json\/wp\/v2\/users\/10"}],"replies":[{"embeddable":true,"href":"https:\/\/der-goldene-fisch.de\/ping\/wp-json\/wp\/v2\/comments?post=4646"}],"version-history":[{"count":0,"href":"https:\/\/der-goldene-fisch.de\/ping\/wp-json\/wp\/v2\/posts\/4646\/revisions"}],"wp:attachment":[{"href":"https:\/\/der-goldene-fisch.de\/ping\/wp-json\/wp\/v2\/media?parent=4646"}],"wp:term":[{"taxonomy":"category","embeddable":true,"href":"https:\/\/der-goldene-fisch.de\/ping\/wp-json\/wp\/v2\/categories?post=4646"},{"taxonomy":"post_tag","embeddable":true,"href":"https:\/\/der-goldene-fisch.de\/ping\/wp-json\/wp\/v2\/tags?post=4646"}],"curies":[{"name":"wp","href":"https:\/\/api.w.org\/{rel}","templated":true}]}}