{"id":4762,"date":"2012-05-13T19:20:34","date_gmt":"2012-05-13T18:20:34","guid":{"rendered":"http:\/\/der-goldene-fisch.de\/ping\/?p=4762"},"modified":"2012-05-13T19:20:34","modified_gmt":"2012-05-13T18:20:34","slug":"zazen-sesshin-19","status":"publish","type":"post","link":"https:\/\/der-goldene-fisch.de\/ping\/zazen-sesshin-19\/","title":{"rendered":"Zazen-Sesshin (19)"},"content":{"rendered":"<p><font color=\"red\" size=\"5\">D<\/font>ie naht b\u00ee Parziv\u00e2le er stuont,<br \/>\nda in b\u00eaden was der walt unkuont<br \/>\nund d\u00e2 se b\u00eade s\u00eare vr\u00f4s.<br \/>\nd\u00f4 Parziv\u00e2l den tac erk\u00f4s,<br \/>\nim was versn\u00eet s\u00eens pfades pan:<br \/>\nvil ungevertes reit er dan<br \/>\n\u00fcber ronen und manegen stein.<br \/>\nder tac ie lanc h\u00f4her schein.<br \/>\nouch begunde liuhten sich der walt,<br \/>\nwan daz ein rone was gevalt<br \/>\n\u00fbf einem pl\u00e2n, zuo dem er sleich:<br \/>\nArt\u00fbs valke al mite streich;<br \/>\nd\u00e2 wol t\u00fbsent gense l\u00e2gen.<br \/>\nd\u00e2 wart ein michel g\u00e2gen.<br \/>\nmit hurte vlouger under sie,<br \/>\nder valke, und sluog ir eine hie,<br \/>\ndaz sim harte k\u00fbme enbrast<br \/>\nunder des gevallen ronen ast.<br \/>\nan ir h\u00f4hem fluge wart ir w\u00ea.<br \/>\n\u00fbz ir wunden \u00fbfen sn\u00ea<br \/>\nvieln dr\u00ee bluotes z\u00e4her r\u00f4t,<br \/>\ndie Parziv\u00e2le fuogten n\u00f4t.<br \/>\nvon s\u00eenen triwen daz geschach.<br \/>\ndo er die bluotes z\u00e4her sach<br \/>\n\u00fbf dem sn\u00ea (der was al w\u00eez),<br \/>\nd\u00f4 d\u00e2hter \u00abwer h\u00e2t s\u00eenen vl\u00eez<br \/>\ngewant an dise varwe cl\u00e2r?<br \/>\nCundwier \u00e2m\u00fbrs, sich mac f\u00fcr w\u00e2r<br \/>\ndisiu varwe dir gel\u00eechen.<br \/>\nmich wil got s\u00e6lden r\u00eechen,<\/p>\n<p>S\u00eet ich dir hie gel\u00eechez vant.<br \/>\ng\u00earet s\u00ee diu gotes hant<br \/>\nund al diu cr\u00eaatiure s\u00een.<br \/>\nCondw\u00eer \u00e2m\u00fbrs, hie l\u00eet d\u00een sch\u00een.<br \/>\ns\u00eet der sn\u00ea dem bluote w\u00eeze b\u00f4t,<br \/>\nund ez den sn\u00ea sus machet r\u00f4t,<br \/>\nCundw\u00eer \u00e2m\u00fbrs,<br \/>\ndem gl\u00eechet sich d\u00een b\u00ea\u00e2 curs:<br \/>\ndes enbistu niht erl\u00e2zen.\u00bb<br \/>\ndes heldes ougen m\u00e2zen,<br \/>\nals ez dort was ergangen,<br \/>\n<font color=\"red\" size=\"1,5\">zw\u00ean zaher an ir wangen,<br \/>\nden dritten an ir kinne.<\/font><br \/>\ner pflac der w\u00e2ren minne<br \/>\ngein ir gar \u00e2ne wenken.<br \/>\nsus begunder sich verdenken,<br \/>\nunz daz er unversunnen hielt:<br \/>\ndiu starke minne s\u00een d\u00e2 wielt,<br \/>\ns\u00f6lhe n\u00f4t fuogt im s\u00een w\u00eep.<br \/>\ndirre varwe truoc gel\u00eechen l\u00eep<br \/>\nvon Pelrapeir diu k\u00fcnegin:<br \/>\ndiu zuct im wizzenl\u00eechen sin.<br \/>\nsus hielt er als er sliefe.<\/p>\n<p><i>Auszug aus <b>Wolfram von Eschenbach: Parzival<\/b>. 6. Buch: 282\/283.<\/i><\/p>\n","protected":false},"excerpt":{"rendered":"<p>Die naht b\u00ee Parziv\u00e2le er stuont, da in b\u00eaden was der walt unkuont und d\u00e2 se b\u00eade s\u00eare vr\u00f4s. d\u00f4 Parziv\u00e2l den tac erk\u00f4s, im was versn\u00eet s\u00eens pfades pan: vil ungevertes reit er dan \u00fcber ronen und manegen stein. der tac ie lanc h\u00f4her schein. ouch begunde liuhten sich der walt, wan daz ein [&hellip;]<\/p>\n","protected":false},"author":10,"featured_media":0,"comment_status":"open","ping_status":"open","sticky":false,"template":"","format":"standard","meta":{"jetpack_post_was_ever_published":false,"_jetpack_newsletter_access":"","_jetpack_dont_email_post_to_subs":false,"_jetpack_newsletter_tier_id":0,"_jetpack_memberships_contains_paywalled_content":false,"_jetpack_memberships_contains_paid_content":false,"footnotes":"","jetpack_publicize_message":"","jetpack_publicize_feature_enabled":true,"jetpack_social_post_already_shared":false,"jetpack_social_options":{"image_generator_settings":{"template":"highway","enabled":false},"version":2}},"categories":[85],"tags":[],"class_list":["post-4762","post","type-post","status-publish","format-standard","hentry","category-a"],"jetpack_publicize_connections":[],"yoast_head":"<!-- This site is optimized with the Yoast SEO plugin v24.0 - https:\/\/yoast.com\/wordpress\/plugins\/seo\/ -->\n<title>Zazen-Sesshin (19) - der goldene fisch<\/title>\n<meta name=\"robots\" content=\"index, follow, max-snippet:-1, max-image-preview:large, max-video-preview:-1\" \/>\n<link rel=\"canonical\" href=\"https:\/\/der-goldene-fisch.de\/ping\/zazen-sesshin-19\/\" \/>\n<meta property=\"og:locale\" content=\"de_DE\" \/>\n<meta property=\"og:type\" content=\"article\" \/>\n<meta property=\"og:title\" content=\"Zazen-Sesshin (19) - der goldene fisch\" \/>\n<meta property=\"og:description\" content=\"Die naht b\u00ee Parziv\u00e2le er stuont, da in b\u00eaden was der walt unkuont und d\u00e2 se b\u00eade s\u00eare vr\u00f4s. d\u00f4 Parziv\u00e2l den tac erk\u00f4s, im was versn\u00eet s\u00eens pfades pan: vil ungevertes reit er dan \u00fcber ronen und manegen stein. der tac ie lanc h\u00f4her schein. ouch begunde liuhten sich der walt, wan daz ein [&hellip;]\" \/>\n<meta property=\"og:url\" content=\"https:\/\/der-goldene-fisch.de\/ping\/zazen-sesshin-19\/\" \/>\n<meta property=\"og:site_name\" content=\"der goldene fisch\" \/>\n<meta property=\"article:published_time\" content=\"2012-05-13T18:20:34+00:00\" \/>\n<meta name=\"author\" content=\"Gerald Koll\" \/>\n<meta name=\"twitter:card\" content=\"summary_large_image\" \/>\n<meta name=\"twitter:label1\" content=\"Verfasst von\" \/>\n\t<meta name=\"twitter:data1\" content=\"Gerald Koll\" \/>\n\t<meta name=\"twitter:label2\" content=\"Gesch\u00e4tzte Lesezeit\" \/>\n\t<meta name=\"twitter:data2\" content=\"2 Minuten\" \/>\n<script type=\"application\/ld+json\" class=\"yoast-schema-graph\">{\"@context\":\"https:\/\/schema.org\",\"@graph\":[{\"@type\":\"Article\",\"@id\":\"https:\/\/der-goldene-fisch.de\/ping\/zazen-sesshin-19\/#article\",\"isPartOf\":{\"@id\":\"https:\/\/der-goldene-fisch.de\/ping\/zazen-sesshin-19\/\"},\"author\":{\"name\":\"Gerald Koll\",\"@id\":\"https:\/\/der-goldene-fisch.de\/ping\/#\/schema\/person\/b4cb2b531063dfc4a80c1893365b7faf\"},\"headline\":\"Zazen-Sesshin (19)\",\"datePublished\":\"2012-05-13T18:20:34+00:00\",\"dateModified\":\"2012-05-13T18:20:34+00:00\",\"mainEntityOfPage\":{\"@id\":\"https:\/\/der-goldene-fisch.de\/ping\/zazen-sesshin-19\/\"},\"wordCount\":359,\"commentCount\":0,\"publisher\":{\"@id\":\"https:\/\/der-goldene-fisch.de\/ping\/#\/schema\/person\/c415140d7348926844a49b29cc105aa4\"},\"articleSection\":[\"a\"],\"inLanguage\":\"de\",\"potentialAction\":[{\"@type\":\"CommentAction\",\"name\":\"Comment\",\"target\":[\"https:\/\/der-goldene-fisch.de\/ping\/zazen-sesshin-19\/#respond\"]}]},{\"@type\":\"WebPage\",\"@id\":\"https:\/\/der-goldene-fisch.de\/ping\/zazen-sesshin-19\/\",\"url\":\"https:\/\/der-goldene-fisch.de\/ping\/zazen-sesshin-19\/\",\"name\":\"Zazen-Sesshin (19) - der goldene fisch\",\"isPartOf\":{\"@id\":\"https:\/\/der-goldene-fisch.de\/ping\/#website\"},\"datePublished\":\"2012-05-13T18:20:34+00:00\",\"dateModified\":\"2012-05-13T18:20:34+00:00\",\"breadcrumb\":{\"@id\":\"https:\/\/der-goldene-fisch.de\/ping\/zazen-sesshin-19\/#breadcrumb\"},\"inLanguage\":\"de\",\"potentialAction\":[{\"@type\":\"ReadAction\",\"target\":[\"https:\/\/der-goldene-fisch.de\/ping\/zazen-sesshin-19\/\"]}]},{\"@type\":\"BreadcrumbList\",\"@id\":\"https:\/\/der-goldene-fisch.de\/ping\/zazen-sesshin-19\/#breadcrumb\",\"itemListElement\":[{\"@type\":\"ListItem\",\"position\":1,\"name\":\"Startseite\",\"item\":\"https:\/\/der-goldene-fisch.de\/ping\/\"},{\"@type\":\"ListItem\",\"position\":2,\"name\":\"Zazen-Sesshin (19)\"}]},{\"@type\":\"WebSite\",\"@id\":\"https:\/\/der-goldene-fisch.de\/ping\/#website\",\"url\":\"https:\/\/der-goldene-fisch.de\/ping\/\",\"name\":\"der goldene fisch\",\"description\":\"\",\"publisher\":{\"@id\":\"https:\/\/der-goldene-fisch.de\/ping\/#\/schema\/person\/c415140d7348926844a49b29cc105aa4\"},\"potentialAction\":[{\"@type\":\"SearchAction\",\"target\":{\"@type\":\"EntryPoint\",\"urlTemplate\":\"https:\/\/der-goldene-fisch.de\/ping\/?s={search_term_string}\"},\"query-input\":{\"@type\":\"PropertyValueSpecification\",\"valueRequired\":true,\"valueName\":\"search_term_string\"}}],\"inLanguage\":\"de\"},{\"@type\":[\"Person\",\"Organization\"],\"@id\":\"https:\/\/der-goldene-fisch.de\/ping\/#\/schema\/person\/c415140d7348926844a49b29cc105aa4\",\"name\":\"Andreas Louis Seyerlein\",\"image\":{\"@type\":\"ImageObject\",\"inLanguage\":\"de\",\"@id\":\"https:\/\/der-goldene-fisch.de\/ping\/#\/schema\/person\/image\/\",\"url\":\"https:\/\/secure.gravatar.com\/avatar\/d233a6eb5d99a83abb911b2d89ddf42e?s=96&d=mm&r=g\",\"contentUrl\":\"https:\/\/secure.gravatar.com\/avatar\/d233a6eb5d99a83abb911b2d89ddf42e?s=96&d=mm&r=g\",\"caption\":\"Andreas Louis Seyerlein\"},\"logo\":{\"@id\":\"https:\/\/der-goldene-fisch.de\/ping\/#\/schema\/person\/image\/\"},\"sameAs\":[\"http:\/\/\"]},{\"@type\":\"Person\",\"@id\":\"https:\/\/der-goldene-fisch.de\/ping\/#\/schema\/person\/b4cb2b531063dfc4a80c1893365b7faf\",\"name\":\"Gerald Koll\",\"image\":{\"@type\":\"ImageObject\",\"inLanguage\":\"de\",\"@id\":\"https:\/\/der-goldene-fisch.de\/ping\/#\/schema\/person\/image\/\",\"url\":\"https:\/\/secure.gravatar.com\/avatar\/494c3ef1389ba6e021d9cac11e0c4e81?s=96&d=mm&r=g\",\"contentUrl\":\"https:\/\/secure.gravatar.com\/avatar\/494c3ef1389ba6e021d9cac11e0c4e81?s=96&d=mm&r=g\",\"caption\":\"Gerald Koll\"},\"sameAs\":[\"http:\/\/www.geraldkoll.de\"],\"url\":\"https:\/\/der-goldene-fisch.de\/ping\/author\/gerald667\/\"}]}<\/script>\n<!-- \/ Yoast SEO plugin. -->","yoast_head_json":{"title":"Zazen-Sesshin (19) - der goldene fisch","robots":{"index":"index","follow":"follow","max-snippet":"max-snippet:-1","max-image-preview":"max-image-preview:large","max-video-preview":"max-video-preview:-1"},"canonical":"https:\/\/der-goldene-fisch.de\/ping\/zazen-sesshin-19\/","og_locale":"de_DE","og_type":"article","og_title":"Zazen-Sesshin (19) - der goldene fisch","og_description":"Die naht b\u00ee Parziv\u00e2le er stuont, da in b\u00eaden was der walt unkuont und d\u00e2 se b\u00eade s\u00eare vr\u00f4s. d\u00f4 Parziv\u00e2l den tac erk\u00f4s, im was versn\u00eet s\u00eens pfades pan: vil ungevertes reit er dan \u00fcber ronen und manegen stein. der tac ie lanc h\u00f4her schein. ouch begunde liuhten sich der walt, wan daz ein [&hellip;]","og_url":"https:\/\/der-goldene-fisch.de\/ping\/zazen-sesshin-19\/","og_site_name":"der goldene fisch","article_published_time":"2012-05-13T18:20:34+00:00","author":"Gerald Koll","twitter_card":"summary_large_image","twitter_misc":{"Verfasst von":"Gerald Koll","Gesch\u00e4tzte Lesezeit":"2 Minuten"},"schema":{"@context":"https:\/\/schema.org","@graph":[{"@type":"Article","@id":"https:\/\/der-goldene-fisch.de\/ping\/zazen-sesshin-19\/#article","isPartOf":{"@id":"https:\/\/der-goldene-fisch.de\/ping\/zazen-sesshin-19\/"},"author":{"name":"Gerald Koll","@id":"https:\/\/der-goldene-fisch.de\/ping\/#\/schema\/person\/b4cb2b531063dfc4a80c1893365b7faf"},"headline":"Zazen-Sesshin (19)","datePublished":"2012-05-13T18:20:34+00:00","dateModified":"2012-05-13T18:20:34+00:00","mainEntityOfPage":{"@id":"https:\/\/der-goldene-fisch.de\/ping\/zazen-sesshin-19\/"},"wordCount":359,"commentCount":0,"publisher":{"@id":"https:\/\/der-goldene-fisch.de\/ping\/#\/schema\/person\/c415140d7348926844a49b29cc105aa4"},"articleSection":["a"],"inLanguage":"de","potentialAction":[{"@type":"CommentAction","name":"Comment","target":["https:\/\/der-goldene-fisch.de\/ping\/zazen-sesshin-19\/#respond"]}]},{"@type":"WebPage","@id":"https:\/\/der-goldene-fisch.de\/ping\/zazen-sesshin-19\/","url":"https:\/\/der-goldene-fisch.de\/ping\/zazen-sesshin-19\/","name":"Zazen-Sesshin (19) - der goldene fisch","isPartOf":{"@id":"https:\/\/der-goldene-fisch.de\/ping\/#website"},"datePublished":"2012-05-13T18:20:34+00:00","dateModified":"2012-05-13T18:20:34+00:00","breadcrumb":{"@id":"https:\/\/der-goldene-fisch.de\/ping\/zazen-sesshin-19\/#breadcrumb"},"inLanguage":"de","potentialAction":[{"@type":"ReadAction","target":["https:\/\/der-goldene-fisch.de\/ping\/zazen-sesshin-19\/"]}]},{"@type":"BreadcrumbList","@id":"https:\/\/der-goldene-fisch.de\/ping\/zazen-sesshin-19\/#breadcrumb","itemListElement":[{"@type":"ListItem","position":1,"name":"Startseite","item":"https:\/\/der-goldene-fisch.de\/ping\/"},{"@type":"ListItem","position":2,"name":"Zazen-Sesshin (19)"}]},{"@type":"WebSite","@id":"https:\/\/der-goldene-fisch.de\/ping\/#website","url":"https:\/\/der-goldene-fisch.de\/ping\/","name":"der goldene fisch","description":"","publisher":{"@id":"https:\/\/der-goldene-fisch.de\/ping\/#\/schema\/person\/c415140d7348926844a49b29cc105aa4"},"potentialAction":[{"@type":"SearchAction","target":{"@type":"EntryPoint","urlTemplate":"https:\/\/der-goldene-fisch.de\/ping\/?s={search_term_string}"},"query-input":{"@type":"PropertyValueSpecification","valueRequired":true,"valueName":"search_term_string"}}],"inLanguage":"de"},{"@type":["Person","Organization"],"@id":"https:\/\/der-goldene-fisch.de\/ping\/#\/schema\/person\/c415140d7348926844a49b29cc105aa4","name":"Andreas Louis Seyerlein","image":{"@type":"ImageObject","inLanguage":"de","@id":"https:\/\/der-goldene-fisch.de\/ping\/#\/schema\/person\/image\/","url":"https:\/\/secure.gravatar.com\/avatar\/d233a6eb5d99a83abb911b2d89ddf42e?s=96&d=mm&r=g","contentUrl":"https:\/\/secure.gravatar.com\/avatar\/d233a6eb5d99a83abb911b2d89ddf42e?s=96&d=mm&r=g","caption":"Andreas Louis Seyerlein"},"logo":{"@id":"https:\/\/der-goldene-fisch.de\/ping\/#\/schema\/person\/image\/"},"sameAs":["http:\/\/"]},{"@type":"Person","@id":"https:\/\/der-goldene-fisch.de\/ping\/#\/schema\/person\/b4cb2b531063dfc4a80c1893365b7faf","name":"Gerald Koll","image":{"@type":"ImageObject","inLanguage":"de","@id":"https:\/\/der-goldene-fisch.de\/ping\/#\/schema\/person\/image\/","url":"https:\/\/secure.gravatar.com\/avatar\/494c3ef1389ba6e021d9cac11e0c4e81?s=96&d=mm&r=g","contentUrl":"https:\/\/secure.gravatar.com\/avatar\/494c3ef1389ba6e021d9cac11e0c4e81?s=96&d=mm&r=g","caption":"Gerald Koll"},"sameAs":["http:\/\/www.geraldkoll.de"],"url":"https:\/\/der-goldene-fisch.de\/ping\/author\/gerald667\/"}]}},"jetpack_featured_media_url":"","jetpack_sharing_enabled":true,"jetpack_shortlink":"https:\/\/wp.me\/pxsFY-1eO","_links":{"self":[{"href":"https:\/\/der-goldene-fisch.de\/ping\/wp-json\/wp\/v2\/posts\/4762","targetHints":{"allow":["GET"]}}],"collection":[{"href":"https:\/\/der-goldene-fisch.de\/ping\/wp-json\/wp\/v2\/posts"}],"about":[{"href":"https:\/\/der-goldene-fisch.de\/ping\/wp-json\/wp\/v2\/types\/post"}],"author":[{"embeddable":true,"href":"https:\/\/der-goldene-fisch.de\/ping\/wp-json\/wp\/v2\/users\/10"}],"replies":[{"embeddable":true,"href":"https:\/\/der-goldene-fisch.de\/ping\/wp-json\/wp\/v2\/comments?post=4762"}],"version-history":[{"count":0,"href":"https:\/\/der-goldene-fisch.de\/ping\/wp-json\/wp\/v2\/posts\/4762\/revisions"}],"wp:attachment":[{"href":"https:\/\/der-goldene-fisch.de\/ping\/wp-json\/wp\/v2\/media?parent=4762"}],"wp:term":[{"taxonomy":"category","embeddable":true,"href":"https:\/\/der-goldene-fisch.de\/ping\/wp-json\/wp\/v2\/categories?post=4762"},{"taxonomy":"post_tag","embeddable":true,"href":"https:\/\/der-goldene-fisch.de\/ping\/wp-json\/wp\/v2\/tags?post=4762"}],"curies":[{"name":"wp","href":"https:\/\/api.w.org\/{rel}","templated":true}]}}