{"id":4771,"date":"2012-05-14T10:06:02","date_gmt":"2012-05-14T09:06:02","guid":{"rendered":"http:\/\/der-goldene-fisch.de\/ping\/?p=4771"},"modified":"2012-05-14T10:06:02","modified_gmt":"2012-05-14T09:06:02","slug":"karwendel-im-fruehling","status":"publish","type":"post","link":"https:\/\/der-goldene-fisch.de\/ping\/karwendel-im-fruehling\/","title":{"rendered":"Karwendel im Fr\u00fchling"},"content":{"rendered":"<p>Am ersten Fr\u00fchlingsmorgen nach langen, sich hinziehenden Wintertagen und vorschnell dr\u00e4ngelnden Sommertagen, ging Karwendel unter B\u00e4umen hin durch die von Lokalen und Caf\u00e9s flankierte Stra\u00dfe seines Viertels und staunte \u00fcber den Farbverlust, den das Gegenlicht verursachte. Er bemerkte eine Frau, die ihm entgegen kam, doch kaum dass er sie wahrgenommen hatte, verschwand ihre Gestalt hinter einem Baumstamm. Gleich w\u00fcrde sie wieder auftauchen, doch sie tauchte nicht wieder auf. Die Frau musste, dachte Karwendel, in genau der gleichen Geschwindigkeit den Baum passieren wie er, dachte Karwendel und f\u00fchlte eine gro\u00dfe Hingezogenheit und Seelenverwandtschaft und verliebte sich f\u00fcr drei Sekunden. Da war er an dem Baum vorbei, und hinter dem Baum war niemand.<br \/>\nHerr Karwendel bestellte beim B\u00e4cker einen Kaffee und las. Auf die sonnenbeschienene Seite seines Buches setzte sich ein r\u00f6tliches Insekt. Es verdeckte nicht einmal die H\u00e4lfte eines Buchstabens, aber in kurzer Irritation wischte Herr Karwendel das Insekt fort. Auf dem Papier blieb ein roter Strich, der um ein Vielfaches l\u00e4nger war als das gewesene Lebewesen. Wieder f\u00fchlte Karwendel eine gro\u00dfe Hingezogenheit und Seelenverwandtschaft. Und er dachte, dass das Insekt all dies wohl anders wahrnahm als er: m\u00f6glicherweise mit vielfach verlangsamter Zeit, in der es seinen Tod auf Jahre hinaus hat kommen sehen, w\u00e4hrend eine riesenhafte Hand ausholte und ihm entgegenkam, ohne dass es sich seinem Schicksal h\u00e4tte entziehen k\u00f6nnen.<\/p>\n","protected":false},"excerpt":{"rendered":"<p>Am ersten Fr\u00fchlingsmorgen nach langen, sich hinziehenden Wintertagen und vorschnell dr\u00e4ngelnden Sommertagen, ging Karwendel unter B\u00e4umen hin durch die von Lokalen und Caf\u00e9s flankierte Stra\u00dfe seines Viertels und staunte \u00fcber den Farbverlust, den das Gegenlicht verursachte. Er bemerkte eine Frau, die ihm entgegen kam, doch kaum dass er sie wahrgenommen hatte, verschwand ihre Gestalt hinter [&hellip;]<\/p>\n","protected":false},"author":10,"featured_media":0,"comment_status":"open","ping_status":"open","sticky":false,"template":"","format":"standard","meta":{"jetpack_post_was_ever_published":false,"_jetpack_newsletter_access":"","_jetpack_dont_email_post_to_subs":false,"_jetpack_newsletter_tier_id":0,"_jetpack_memberships_contains_paywalled_content":false,"_jetpack_memberships_contains_paid_content":false,"footnotes":"","jetpack_publicize_message":"","jetpack_publicize_feature_enabled":true,"jetpack_social_post_already_shared":false,"jetpack_social_options":{"image_generator_settings":{"template":"highway","enabled":false},"version":2}},"categories":[85],"tags":[],"class_list":["post-4771","post","type-post","status-publish","format-standard","hentry","category-a"],"jetpack_publicize_connections":[],"yoast_head":"<!-- This site is optimized with the Yoast SEO plugin v24.0 - https:\/\/yoast.com\/wordpress\/plugins\/seo\/ -->\n<title>Karwendel im Fr\u00fchling - der goldene fisch<\/title>\n<meta name=\"robots\" content=\"index, follow, max-snippet:-1, max-image-preview:large, max-video-preview:-1\" \/>\n<link rel=\"canonical\" href=\"https:\/\/der-goldene-fisch.de\/ping\/karwendel-im-fruehling\/\" \/>\n<meta property=\"og:locale\" content=\"de_DE\" \/>\n<meta property=\"og:type\" content=\"article\" \/>\n<meta property=\"og:title\" content=\"Karwendel im Fr\u00fchling - der goldene fisch\" \/>\n<meta property=\"og:description\" content=\"Am ersten Fr\u00fchlingsmorgen nach langen, sich hinziehenden Wintertagen und vorschnell dr\u00e4ngelnden Sommertagen, ging Karwendel unter B\u00e4umen hin durch die von Lokalen und Caf\u00e9s flankierte Stra\u00dfe seines Viertels und staunte \u00fcber den Farbverlust, den das Gegenlicht verursachte. Er bemerkte eine Frau, die ihm entgegen kam, doch kaum dass er sie wahrgenommen hatte, verschwand ihre Gestalt hinter [&hellip;]\" \/>\n<meta property=\"og:url\" content=\"https:\/\/der-goldene-fisch.de\/ping\/karwendel-im-fruehling\/\" \/>\n<meta property=\"og:site_name\" content=\"der goldene fisch\" \/>\n<meta property=\"article:published_time\" content=\"2012-05-14T09:06:02+00:00\" \/>\n<meta name=\"author\" content=\"Gerald Koll\" \/>\n<meta name=\"twitter:card\" content=\"summary_large_image\" \/>\n<meta name=\"twitter:label1\" content=\"Verfasst von\" \/>\n\t<meta name=\"twitter:data1\" content=\"Gerald Koll\" \/>\n\t<meta name=\"twitter:label2\" content=\"Gesch\u00e4tzte Lesezeit\" \/>\n\t<meta name=\"twitter:data2\" content=\"1 Minute\" \/>\n<script type=\"application\/ld+json\" class=\"yoast-schema-graph\">{\"@context\":\"https:\/\/schema.org\",\"@graph\":[{\"@type\":\"Article\",\"@id\":\"https:\/\/der-goldene-fisch.de\/ping\/karwendel-im-fruehling\/#article\",\"isPartOf\":{\"@id\":\"https:\/\/der-goldene-fisch.de\/ping\/karwendel-im-fruehling\/\"},\"author\":{\"name\":\"Gerald Koll\",\"@id\":\"https:\/\/der-goldene-fisch.de\/ping\/#\/schema\/person\/b4cb2b531063dfc4a80c1893365b7faf\"},\"headline\":\"Karwendel im Fr\u00fchling\",\"datePublished\":\"2012-05-14T09:06:02+00:00\",\"dateModified\":\"2012-05-14T09:06:02+00:00\",\"mainEntityOfPage\":{\"@id\":\"https:\/\/der-goldene-fisch.de\/ping\/karwendel-im-fruehling\/\"},\"wordCount\":243,\"commentCount\":0,\"publisher\":{\"@id\":\"https:\/\/der-goldene-fisch.de\/ping\/#\/schema\/person\/c415140d7348926844a49b29cc105aa4\"},\"articleSection\":[\"a\"],\"inLanguage\":\"de\",\"potentialAction\":[{\"@type\":\"CommentAction\",\"name\":\"Comment\",\"target\":[\"https:\/\/der-goldene-fisch.de\/ping\/karwendel-im-fruehling\/#respond\"]}]},{\"@type\":\"WebPage\",\"@id\":\"https:\/\/der-goldene-fisch.de\/ping\/karwendel-im-fruehling\/\",\"url\":\"https:\/\/der-goldene-fisch.de\/ping\/karwendel-im-fruehling\/\",\"name\":\"Karwendel im Fr\u00fchling - der goldene fisch\",\"isPartOf\":{\"@id\":\"https:\/\/der-goldene-fisch.de\/ping\/#website\"},\"datePublished\":\"2012-05-14T09:06:02+00:00\",\"dateModified\":\"2012-05-14T09:06:02+00:00\",\"breadcrumb\":{\"@id\":\"https:\/\/der-goldene-fisch.de\/ping\/karwendel-im-fruehling\/#breadcrumb\"},\"inLanguage\":\"de\",\"potentialAction\":[{\"@type\":\"ReadAction\",\"target\":[\"https:\/\/der-goldene-fisch.de\/ping\/karwendel-im-fruehling\/\"]}]},{\"@type\":\"BreadcrumbList\",\"@id\":\"https:\/\/der-goldene-fisch.de\/ping\/karwendel-im-fruehling\/#breadcrumb\",\"itemListElement\":[{\"@type\":\"ListItem\",\"position\":1,\"name\":\"Startseite\",\"item\":\"https:\/\/der-goldene-fisch.de\/ping\/\"},{\"@type\":\"ListItem\",\"position\":2,\"name\":\"Karwendel im Fr\u00fchling\"}]},{\"@type\":\"WebSite\",\"@id\":\"https:\/\/der-goldene-fisch.de\/ping\/#website\",\"url\":\"https:\/\/der-goldene-fisch.de\/ping\/\",\"name\":\"der goldene fisch\",\"description\":\"\",\"publisher\":{\"@id\":\"https:\/\/der-goldene-fisch.de\/ping\/#\/schema\/person\/c415140d7348926844a49b29cc105aa4\"},\"potentialAction\":[{\"@type\":\"SearchAction\",\"target\":{\"@type\":\"EntryPoint\",\"urlTemplate\":\"https:\/\/der-goldene-fisch.de\/ping\/?s={search_term_string}\"},\"query-input\":{\"@type\":\"PropertyValueSpecification\",\"valueRequired\":true,\"valueName\":\"search_term_string\"}}],\"inLanguage\":\"de\"},{\"@type\":[\"Person\",\"Organization\"],\"@id\":\"https:\/\/der-goldene-fisch.de\/ping\/#\/schema\/person\/c415140d7348926844a49b29cc105aa4\",\"name\":\"Andreas Louis Seyerlein\",\"image\":{\"@type\":\"ImageObject\",\"inLanguage\":\"de\",\"@id\":\"https:\/\/der-goldene-fisch.de\/ping\/#\/schema\/person\/image\/\",\"url\":\"https:\/\/secure.gravatar.com\/avatar\/d233a6eb5d99a83abb911b2d89ddf42e?s=96&d=mm&r=g\",\"contentUrl\":\"https:\/\/secure.gravatar.com\/avatar\/d233a6eb5d99a83abb911b2d89ddf42e?s=96&d=mm&r=g\",\"caption\":\"Andreas Louis Seyerlein\"},\"logo\":{\"@id\":\"https:\/\/der-goldene-fisch.de\/ping\/#\/schema\/person\/image\/\"},\"sameAs\":[\"http:\/\/\"]},{\"@type\":\"Person\",\"@id\":\"https:\/\/der-goldene-fisch.de\/ping\/#\/schema\/person\/b4cb2b531063dfc4a80c1893365b7faf\",\"name\":\"Gerald Koll\",\"image\":{\"@type\":\"ImageObject\",\"inLanguage\":\"de\",\"@id\":\"https:\/\/der-goldene-fisch.de\/ping\/#\/schema\/person\/image\/\",\"url\":\"https:\/\/secure.gravatar.com\/avatar\/494c3ef1389ba6e021d9cac11e0c4e81?s=96&d=mm&r=g\",\"contentUrl\":\"https:\/\/secure.gravatar.com\/avatar\/494c3ef1389ba6e021d9cac11e0c4e81?s=96&d=mm&r=g\",\"caption\":\"Gerald Koll\"},\"sameAs\":[\"http:\/\/www.geraldkoll.de\"],\"url\":\"https:\/\/der-goldene-fisch.de\/ping\/author\/gerald667\/\"}]}<\/script>\n<!-- \/ Yoast SEO plugin. -->","yoast_head_json":{"title":"Karwendel im Fr\u00fchling - der goldene fisch","robots":{"index":"index","follow":"follow","max-snippet":"max-snippet:-1","max-image-preview":"max-image-preview:large","max-video-preview":"max-video-preview:-1"},"canonical":"https:\/\/der-goldene-fisch.de\/ping\/karwendel-im-fruehling\/","og_locale":"de_DE","og_type":"article","og_title":"Karwendel im Fr\u00fchling - der goldene fisch","og_description":"Am ersten Fr\u00fchlingsmorgen nach langen, sich hinziehenden Wintertagen und vorschnell dr\u00e4ngelnden Sommertagen, ging Karwendel unter B\u00e4umen hin durch die von Lokalen und Caf\u00e9s flankierte Stra\u00dfe seines Viertels und staunte \u00fcber den Farbverlust, den das Gegenlicht verursachte. Er bemerkte eine Frau, die ihm entgegen kam, doch kaum dass er sie wahrgenommen hatte, verschwand ihre Gestalt hinter [&hellip;]","og_url":"https:\/\/der-goldene-fisch.de\/ping\/karwendel-im-fruehling\/","og_site_name":"der goldene fisch","article_published_time":"2012-05-14T09:06:02+00:00","author":"Gerald Koll","twitter_card":"summary_large_image","twitter_misc":{"Verfasst von":"Gerald Koll","Gesch\u00e4tzte Lesezeit":"1 Minute"},"schema":{"@context":"https:\/\/schema.org","@graph":[{"@type":"Article","@id":"https:\/\/der-goldene-fisch.de\/ping\/karwendel-im-fruehling\/#article","isPartOf":{"@id":"https:\/\/der-goldene-fisch.de\/ping\/karwendel-im-fruehling\/"},"author":{"name":"Gerald Koll","@id":"https:\/\/der-goldene-fisch.de\/ping\/#\/schema\/person\/b4cb2b531063dfc4a80c1893365b7faf"},"headline":"Karwendel im Fr\u00fchling","datePublished":"2012-05-14T09:06:02+00:00","dateModified":"2012-05-14T09:06:02+00:00","mainEntityOfPage":{"@id":"https:\/\/der-goldene-fisch.de\/ping\/karwendel-im-fruehling\/"},"wordCount":243,"commentCount":0,"publisher":{"@id":"https:\/\/der-goldene-fisch.de\/ping\/#\/schema\/person\/c415140d7348926844a49b29cc105aa4"},"articleSection":["a"],"inLanguage":"de","potentialAction":[{"@type":"CommentAction","name":"Comment","target":["https:\/\/der-goldene-fisch.de\/ping\/karwendel-im-fruehling\/#respond"]}]},{"@type":"WebPage","@id":"https:\/\/der-goldene-fisch.de\/ping\/karwendel-im-fruehling\/","url":"https:\/\/der-goldene-fisch.de\/ping\/karwendel-im-fruehling\/","name":"Karwendel im Fr\u00fchling - der goldene fisch","isPartOf":{"@id":"https:\/\/der-goldene-fisch.de\/ping\/#website"},"datePublished":"2012-05-14T09:06:02+00:00","dateModified":"2012-05-14T09:06:02+00:00","breadcrumb":{"@id":"https:\/\/der-goldene-fisch.de\/ping\/karwendel-im-fruehling\/#breadcrumb"},"inLanguage":"de","potentialAction":[{"@type":"ReadAction","target":["https:\/\/der-goldene-fisch.de\/ping\/karwendel-im-fruehling\/"]}]},{"@type":"BreadcrumbList","@id":"https:\/\/der-goldene-fisch.de\/ping\/karwendel-im-fruehling\/#breadcrumb","itemListElement":[{"@type":"ListItem","position":1,"name":"Startseite","item":"https:\/\/der-goldene-fisch.de\/ping\/"},{"@type":"ListItem","position":2,"name":"Karwendel im Fr\u00fchling"}]},{"@type":"WebSite","@id":"https:\/\/der-goldene-fisch.de\/ping\/#website","url":"https:\/\/der-goldene-fisch.de\/ping\/","name":"der goldene fisch","description":"","publisher":{"@id":"https:\/\/der-goldene-fisch.de\/ping\/#\/schema\/person\/c415140d7348926844a49b29cc105aa4"},"potentialAction":[{"@type":"SearchAction","target":{"@type":"EntryPoint","urlTemplate":"https:\/\/der-goldene-fisch.de\/ping\/?s={search_term_string}"},"query-input":{"@type":"PropertyValueSpecification","valueRequired":true,"valueName":"search_term_string"}}],"inLanguage":"de"},{"@type":["Person","Organization"],"@id":"https:\/\/der-goldene-fisch.de\/ping\/#\/schema\/person\/c415140d7348926844a49b29cc105aa4","name":"Andreas Louis Seyerlein","image":{"@type":"ImageObject","inLanguage":"de","@id":"https:\/\/der-goldene-fisch.de\/ping\/#\/schema\/person\/image\/","url":"https:\/\/secure.gravatar.com\/avatar\/d233a6eb5d99a83abb911b2d89ddf42e?s=96&d=mm&r=g","contentUrl":"https:\/\/secure.gravatar.com\/avatar\/d233a6eb5d99a83abb911b2d89ddf42e?s=96&d=mm&r=g","caption":"Andreas Louis Seyerlein"},"logo":{"@id":"https:\/\/der-goldene-fisch.de\/ping\/#\/schema\/person\/image\/"},"sameAs":["http:\/\/"]},{"@type":"Person","@id":"https:\/\/der-goldene-fisch.de\/ping\/#\/schema\/person\/b4cb2b531063dfc4a80c1893365b7faf","name":"Gerald Koll","image":{"@type":"ImageObject","inLanguage":"de","@id":"https:\/\/der-goldene-fisch.de\/ping\/#\/schema\/person\/image\/","url":"https:\/\/secure.gravatar.com\/avatar\/494c3ef1389ba6e021d9cac11e0c4e81?s=96&d=mm&r=g","contentUrl":"https:\/\/secure.gravatar.com\/avatar\/494c3ef1389ba6e021d9cac11e0c4e81?s=96&d=mm&r=g","caption":"Gerald Koll"},"sameAs":["http:\/\/www.geraldkoll.de"],"url":"https:\/\/der-goldene-fisch.de\/ping\/author\/gerald667\/"}]}},"jetpack_featured_media_url":"","jetpack_sharing_enabled":true,"jetpack_shortlink":"https:\/\/wp.me\/pxsFY-1eX","_links":{"self":[{"href":"https:\/\/der-goldene-fisch.de\/ping\/wp-json\/wp\/v2\/posts\/4771","targetHints":{"allow":["GET"]}}],"collection":[{"href":"https:\/\/der-goldene-fisch.de\/ping\/wp-json\/wp\/v2\/posts"}],"about":[{"href":"https:\/\/der-goldene-fisch.de\/ping\/wp-json\/wp\/v2\/types\/post"}],"author":[{"embeddable":true,"href":"https:\/\/der-goldene-fisch.de\/ping\/wp-json\/wp\/v2\/users\/10"}],"replies":[{"embeddable":true,"href":"https:\/\/der-goldene-fisch.de\/ping\/wp-json\/wp\/v2\/comments?post=4771"}],"version-history":[{"count":0,"href":"https:\/\/der-goldene-fisch.de\/ping\/wp-json\/wp\/v2\/posts\/4771\/revisions"}],"wp:attachment":[{"href":"https:\/\/der-goldene-fisch.de\/ping\/wp-json\/wp\/v2\/media?parent=4771"}],"wp:term":[{"taxonomy":"category","embeddable":true,"href":"https:\/\/der-goldene-fisch.de\/ping\/wp-json\/wp\/v2\/categories?post=4771"},{"taxonomy":"post_tag","embeddable":true,"href":"https:\/\/der-goldene-fisch.de\/ping\/wp-json\/wp\/v2\/tags?post=4771"}],"curies":[{"name":"wp","href":"https:\/\/api.w.org\/{rel}","templated":true}]}}