{"id":5008,"date":"2012-06-28T13:20:29","date_gmt":"2012-06-28T12:20:29","guid":{"rendered":"http:\/\/der-goldene-fisch.de\/ping\/?p=5008"},"modified":"2012-06-28T13:20:29","modified_gmt":"2012-06-28T12:20:29","slug":"kara-orman-und-ihre-schwestern","status":"publish","type":"post","link":"https:\/\/der-goldene-fisch.de\/ping\/kara-orman-und-ihre-schwestern\/","title":{"rendered":"Kara Orman und ihre Schwestern"},"content":{"rendered":"<p>Wozu ist die Stra\u00dfe da, wenn das Wasser<br \/>\ndoch in den See l\u00e4uft? Und wozu gibt es das<br \/>\n\u00a0<br \/>\nWeiche g, den Tigergeruch in den W\u00e4ldern und das<br \/>\nHandwerk der Engel, da sie in der Kaj\u00fcte \u00fcber den Tannen<br \/>\n\u00a0<br \/>\nOrangen sch\u00e4len? Die braunen M\u00e4dchen daselbst<br \/>\n(auf seidnem Boden) mit ihren gro\u00dfen M\u00fcndern tragen<br \/>\n\u00a0<br \/>\nSie was vom Wasser blieb (die Poren des Wassers) in<br \/>\ndie saure Zeit. Mad Mario Balotelli ist ein Fu\u00dfballer.<br \/>\n\u00a0<br \/>\nHem zenciyim hem albino. Er hat eine Frisur wie eine<br \/>\nZahnb\u00fcrste, die den Himmel teilt in Blau und Blau.<br \/>\n\u00a0<br \/>\nDie Steine nennen mich den Einheitisten, sie sagen zu<br \/>\nMir: Quecksilber, Bavul deines K\u00f6rpers und Yilan<br \/>\n\u00a0<br \/>\nDeines K\u00f6rpers. Dar\u00fcber lachen die W\u00e4lder, die Elster,<br \/>\ndar\u00fcber lacht auch G\u00fcns\u00fcr (der \u00fcberall mit dabei ist).<br \/>\n\u00a0<br \/>\nDie Damen sind \u00fcberall h\u00fcbscher als n\u00f6tig,<br \/>\nw\u00e4hrend eine Landkarte nur wenige sch\u00f6ne Stellen hat:<br \/>\n\u00a0<br \/>\nDen ruhigen See, tief wie eine Seele aus Tannen mit<br \/>\nSalznonnen drin und Meerm\u00e4dchen schwarz wie Feronia,<br \/>\n\u00a0<br \/>\nKara Orman. W\u00e4hrend mir der Fisch eine Gr\u00e4te in den<br \/>\nHals steckt, heisst das Pferd At und springt vielleicht<br \/>\n\u00a0<br \/>\n\u00dcber den weiblichen Wasserfall. Ich nehme mein Gesicht,<br \/>\nGehe hinaus, ich habe einen Garten gefunden, mit<br \/>\n\u00a0<br \/>\nH\u00e4nden an den B\u00e4umen, darunter Kinder, die Erde essen.<br \/>\nWir brauchen die Erde, wir brauchen die Stra\u00dfen, weil<br \/>\n\u00a0<br \/>\nRechts und links Wein w\u00e4chst.<\/p>\n<p>Begr\u00fcssungsgedicht f\u00fcr<br \/>\nNevzat \u00c7elik, Azad Ziya Eren, Gonca \u00d6zmen, Elif Sofya, Izzet Yasar, Sabine K\u00fcchler,  Klaus Reichert, Joachim Sartorius, Silke Scheuermann, Henning Ziebritzki, Dilek Dizdar, Sebnem Bahadir.<br \/>\nEdenkoben 26.06.2012<\/p>\n","protected":false},"excerpt":{"rendered":"<p>Wozu ist die Stra\u00dfe da, wenn das Wasser doch in den See l\u00e4uft? Und wozu gibt es das \u00a0 Weiche g, den Tigergeruch in den W\u00e4ldern und das Handwerk der Engel, da sie in der Kaj\u00fcte \u00fcber den Tannen \u00a0 Orangen sch\u00e4len? Die braunen M\u00e4dchen daselbst (auf seidnem Boden) mit ihren gro\u00dfen M\u00fcndern tragen \u00a0 [&hellip;]<\/p>\n","protected":false},"author":22,"featured_media":0,"comment_status":"open","ping_status":"open","sticky":false,"template":"","format":"standard","meta":{"jetpack_post_was_ever_published":false,"_jetpack_newsletter_access":"","_jetpack_dont_email_post_to_subs":false,"_jetpack_newsletter_tier_id":0,"_jetpack_memberships_contains_paywalled_content":false,"_jetpack_memberships_contains_paid_content":false,"footnotes":"","jetpack_publicize_message":"","jetpack_publicize_feature_enabled":true,"jetpack_social_post_already_shared":false,"jetpack_social_options":{"image_generator_settings":{"template":"highway","enabled":false},"version":2}},"categories":[85],"tags":[464,596,597],"class_list":["post-5008","post","type-post","status-publish","format-standard","hentry","category-a","tag-black-forest","tag-mad-mario","tag-turkish-poetry"],"jetpack_publicize_connections":[],"yoast_head":"<!-- This site is optimized with the Yoast SEO plugin v24.0 - https:\/\/yoast.com\/wordpress\/plugins\/seo\/ -->\n<title>Kara Orman und ihre Schwestern - der goldene fisch<\/title>\n<meta name=\"robots\" content=\"index, follow, max-snippet:-1, max-image-preview:large, max-video-preview:-1\" \/>\n<link rel=\"canonical\" href=\"https:\/\/der-goldene-fisch.de\/ping\/kara-orman-und-ihre-schwestern\/\" \/>\n<meta property=\"og:locale\" content=\"de_DE\" \/>\n<meta property=\"og:type\" content=\"article\" \/>\n<meta property=\"og:title\" content=\"Kara Orman und ihre Schwestern - der goldene fisch\" \/>\n<meta property=\"og:description\" content=\"Wozu ist die Stra\u00dfe da, wenn das Wasser doch in den See l\u00e4uft? Und wozu gibt es das \u00a0 Weiche g, den Tigergeruch in den W\u00e4ldern und das Handwerk der Engel, da sie in der Kaj\u00fcte \u00fcber den Tannen \u00a0 Orangen sch\u00e4len? Die braunen M\u00e4dchen daselbst (auf seidnem Boden) mit ihren gro\u00dfen M\u00fcndern tragen \u00a0 [&hellip;]\" \/>\n<meta property=\"og:url\" content=\"https:\/\/der-goldene-fisch.de\/ping\/kara-orman-und-ihre-schwestern\/\" \/>\n<meta property=\"og:site_name\" content=\"der goldene fisch\" \/>\n<meta property=\"article:published_time\" content=\"2012-06-28T12:20:29+00:00\" \/>\n<meta name=\"author\" content=\"Hans Thill\" \/>\n<meta name=\"twitter:card\" content=\"summary_large_image\" \/>\n<meta name=\"twitter:label1\" content=\"Verfasst von\" \/>\n\t<meta name=\"twitter:data1\" content=\"Hans Thill\" \/>\n\t<meta name=\"twitter:label2\" content=\"Gesch\u00e4tzte Lesezeit\" \/>\n\t<meta name=\"twitter:data2\" content=\"1 Minute\" \/>\n<script type=\"application\/ld+json\" class=\"yoast-schema-graph\">{\"@context\":\"https:\/\/schema.org\",\"@graph\":[{\"@type\":\"Article\",\"@id\":\"https:\/\/der-goldene-fisch.de\/ping\/kara-orman-und-ihre-schwestern\/#article\",\"isPartOf\":{\"@id\":\"https:\/\/der-goldene-fisch.de\/ping\/kara-orman-und-ihre-schwestern\/\"},\"author\":{\"name\":\"Hans Thill\",\"@id\":\"https:\/\/der-goldene-fisch.de\/ping\/#\/schema\/person\/355f4cf61e9f80823f87c46ec828e576\"},\"headline\":\"Kara Orman und ihre Schwestern\",\"datePublished\":\"2012-06-28T12:20:29+00:00\",\"dateModified\":\"2012-06-28T12:20:29+00:00\",\"mainEntityOfPage\":{\"@id\":\"https:\/\/der-goldene-fisch.de\/ping\/kara-orman-und-ihre-schwestern\/\"},\"wordCount\":277,\"commentCount\":0,\"publisher\":{\"@id\":\"https:\/\/der-goldene-fisch.de\/ping\/#\/schema\/person\/c415140d7348926844a49b29cc105aa4\"},\"keywords\":[\"black forest\",\"Mad Mario\",\"turkish poetry\"],\"articleSection\":[\"a\"],\"inLanguage\":\"de\",\"potentialAction\":[{\"@type\":\"CommentAction\",\"name\":\"Comment\",\"target\":[\"https:\/\/der-goldene-fisch.de\/ping\/kara-orman-und-ihre-schwestern\/#respond\"]}]},{\"@type\":\"WebPage\",\"@id\":\"https:\/\/der-goldene-fisch.de\/ping\/kara-orman-und-ihre-schwestern\/\",\"url\":\"https:\/\/der-goldene-fisch.de\/ping\/kara-orman-und-ihre-schwestern\/\",\"name\":\"Kara Orman und ihre Schwestern - der goldene fisch\",\"isPartOf\":{\"@id\":\"https:\/\/der-goldene-fisch.de\/ping\/#website\"},\"datePublished\":\"2012-06-28T12:20:29+00:00\",\"dateModified\":\"2012-06-28T12:20:29+00:00\",\"breadcrumb\":{\"@id\":\"https:\/\/der-goldene-fisch.de\/ping\/kara-orman-und-ihre-schwestern\/#breadcrumb\"},\"inLanguage\":\"de\",\"potentialAction\":[{\"@type\":\"ReadAction\",\"target\":[\"https:\/\/der-goldene-fisch.de\/ping\/kara-orman-und-ihre-schwestern\/\"]}]},{\"@type\":\"BreadcrumbList\",\"@id\":\"https:\/\/der-goldene-fisch.de\/ping\/kara-orman-und-ihre-schwestern\/#breadcrumb\",\"itemListElement\":[{\"@type\":\"ListItem\",\"position\":1,\"name\":\"Startseite\",\"item\":\"https:\/\/der-goldene-fisch.de\/ping\/\"},{\"@type\":\"ListItem\",\"position\":2,\"name\":\"Kara Orman und ihre Schwestern\"}]},{\"@type\":\"WebSite\",\"@id\":\"https:\/\/der-goldene-fisch.de\/ping\/#website\",\"url\":\"https:\/\/der-goldene-fisch.de\/ping\/\",\"name\":\"der goldene fisch\",\"description\":\"\",\"publisher\":{\"@id\":\"https:\/\/der-goldene-fisch.de\/ping\/#\/schema\/person\/c415140d7348926844a49b29cc105aa4\"},\"potentialAction\":[{\"@type\":\"SearchAction\",\"target\":{\"@type\":\"EntryPoint\",\"urlTemplate\":\"https:\/\/der-goldene-fisch.de\/ping\/?s={search_term_string}\"},\"query-input\":{\"@type\":\"PropertyValueSpecification\",\"valueRequired\":true,\"valueName\":\"search_term_string\"}}],\"inLanguage\":\"de\"},{\"@type\":[\"Person\",\"Organization\"],\"@id\":\"https:\/\/der-goldene-fisch.de\/ping\/#\/schema\/person\/c415140d7348926844a49b29cc105aa4\",\"name\":\"Andreas Louis Seyerlein\",\"image\":{\"@type\":\"ImageObject\",\"inLanguage\":\"de\",\"@id\":\"https:\/\/der-goldene-fisch.de\/ping\/#\/schema\/person\/image\/\",\"url\":\"https:\/\/secure.gravatar.com\/avatar\/d233a6eb5d99a83abb911b2d89ddf42e?s=96&d=mm&r=g\",\"contentUrl\":\"https:\/\/secure.gravatar.com\/avatar\/d233a6eb5d99a83abb911b2d89ddf42e?s=96&d=mm&r=g\",\"caption\":\"Andreas Louis Seyerlein\"},\"logo\":{\"@id\":\"https:\/\/der-goldene-fisch.de\/ping\/#\/schema\/person\/image\/\"},\"sameAs\":[\"http:\/\/\"]},{\"@type\":\"Person\",\"@id\":\"https:\/\/der-goldene-fisch.de\/ping\/#\/schema\/person\/355f4cf61e9f80823f87c46ec828e576\",\"name\":\"Hans Thill\",\"image\":{\"@type\":\"ImageObject\",\"inLanguage\":\"de\",\"@id\":\"https:\/\/der-goldene-fisch.de\/ping\/#\/schema\/person\/image\/\",\"url\":\"https:\/\/secure.gravatar.com\/avatar\/494c3ef1389ba6e021d9cac11e0c4e81?s=96&d=mm&r=g\",\"contentUrl\":\"https:\/\/secure.gravatar.com\/avatar\/494c3ef1389ba6e021d9cac11e0c4e81?s=96&d=mm&r=g\",\"caption\":\"Hans Thill\"},\"sameAs\":[\"http:\/\/\"],\"url\":\"https:\/\/der-goldene-fisch.de\/ping\/author\/hans778y\/\"}]}<\/script>\n<!-- \/ Yoast SEO plugin. -->","yoast_head_json":{"title":"Kara Orman und ihre Schwestern - der goldene fisch","robots":{"index":"index","follow":"follow","max-snippet":"max-snippet:-1","max-image-preview":"max-image-preview:large","max-video-preview":"max-video-preview:-1"},"canonical":"https:\/\/der-goldene-fisch.de\/ping\/kara-orman-und-ihre-schwestern\/","og_locale":"de_DE","og_type":"article","og_title":"Kara Orman und ihre Schwestern - der goldene fisch","og_description":"Wozu ist die Stra\u00dfe da, wenn das Wasser doch in den See l\u00e4uft? Und wozu gibt es das \u00a0 Weiche g, den Tigergeruch in den W\u00e4ldern und das Handwerk der Engel, da sie in der Kaj\u00fcte \u00fcber den Tannen \u00a0 Orangen sch\u00e4len? Die braunen M\u00e4dchen daselbst (auf seidnem Boden) mit ihren gro\u00dfen M\u00fcndern tragen \u00a0 [&hellip;]","og_url":"https:\/\/der-goldene-fisch.de\/ping\/kara-orman-und-ihre-schwestern\/","og_site_name":"der goldene fisch","article_published_time":"2012-06-28T12:20:29+00:00","author":"Hans Thill","twitter_card":"summary_large_image","twitter_misc":{"Verfasst von":"Hans Thill","Gesch\u00e4tzte Lesezeit":"1 Minute"},"schema":{"@context":"https:\/\/schema.org","@graph":[{"@type":"Article","@id":"https:\/\/der-goldene-fisch.de\/ping\/kara-orman-und-ihre-schwestern\/#article","isPartOf":{"@id":"https:\/\/der-goldene-fisch.de\/ping\/kara-orman-und-ihre-schwestern\/"},"author":{"name":"Hans Thill","@id":"https:\/\/der-goldene-fisch.de\/ping\/#\/schema\/person\/355f4cf61e9f80823f87c46ec828e576"},"headline":"Kara Orman und ihre Schwestern","datePublished":"2012-06-28T12:20:29+00:00","dateModified":"2012-06-28T12:20:29+00:00","mainEntityOfPage":{"@id":"https:\/\/der-goldene-fisch.de\/ping\/kara-orman-und-ihre-schwestern\/"},"wordCount":277,"commentCount":0,"publisher":{"@id":"https:\/\/der-goldene-fisch.de\/ping\/#\/schema\/person\/c415140d7348926844a49b29cc105aa4"},"keywords":["black forest","Mad Mario","turkish poetry"],"articleSection":["a"],"inLanguage":"de","potentialAction":[{"@type":"CommentAction","name":"Comment","target":["https:\/\/der-goldene-fisch.de\/ping\/kara-orman-und-ihre-schwestern\/#respond"]}]},{"@type":"WebPage","@id":"https:\/\/der-goldene-fisch.de\/ping\/kara-orman-und-ihre-schwestern\/","url":"https:\/\/der-goldene-fisch.de\/ping\/kara-orman-und-ihre-schwestern\/","name":"Kara Orman und ihre Schwestern - der goldene fisch","isPartOf":{"@id":"https:\/\/der-goldene-fisch.de\/ping\/#website"},"datePublished":"2012-06-28T12:20:29+00:00","dateModified":"2012-06-28T12:20:29+00:00","breadcrumb":{"@id":"https:\/\/der-goldene-fisch.de\/ping\/kara-orman-und-ihre-schwestern\/#breadcrumb"},"inLanguage":"de","potentialAction":[{"@type":"ReadAction","target":["https:\/\/der-goldene-fisch.de\/ping\/kara-orman-und-ihre-schwestern\/"]}]},{"@type":"BreadcrumbList","@id":"https:\/\/der-goldene-fisch.de\/ping\/kara-orman-und-ihre-schwestern\/#breadcrumb","itemListElement":[{"@type":"ListItem","position":1,"name":"Startseite","item":"https:\/\/der-goldene-fisch.de\/ping\/"},{"@type":"ListItem","position":2,"name":"Kara Orman und ihre Schwestern"}]},{"@type":"WebSite","@id":"https:\/\/der-goldene-fisch.de\/ping\/#website","url":"https:\/\/der-goldene-fisch.de\/ping\/","name":"der goldene fisch","description":"","publisher":{"@id":"https:\/\/der-goldene-fisch.de\/ping\/#\/schema\/person\/c415140d7348926844a49b29cc105aa4"},"potentialAction":[{"@type":"SearchAction","target":{"@type":"EntryPoint","urlTemplate":"https:\/\/der-goldene-fisch.de\/ping\/?s={search_term_string}"},"query-input":{"@type":"PropertyValueSpecification","valueRequired":true,"valueName":"search_term_string"}}],"inLanguage":"de"},{"@type":["Person","Organization"],"@id":"https:\/\/der-goldene-fisch.de\/ping\/#\/schema\/person\/c415140d7348926844a49b29cc105aa4","name":"Andreas Louis Seyerlein","image":{"@type":"ImageObject","inLanguage":"de","@id":"https:\/\/der-goldene-fisch.de\/ping\/#\/schema\/person\/image\/","url":"https:\/\/secure.gravatar.com\/avatar\/d233a6eb5d99a83abb911b2d89ddf42e?s=96&d=mm&r=g","contentUrl":"https:\/\/secure.gravatar.com\/avatar\/d233a6eb5d99a83abb911b2d89ddf42e?s=96&d=mm&r=g","caption":"Andreas Louis Seyerlein"},"logo":{"@id":"https:\/\/der-goldene-fisch.de\/ping\/#\/schema\/person\/image\/"},"sameAs":["http:\/\/"]},{"@type":"Person","@id":"https:\/\/der-goldene-fisch.de\/ping\/#\/schema\/person\/355f4cf61e9f80823f87c46ec828e576","name":"Hans Thill","image":{"@type":"ImageObject","inLanguage":"de","@id":"https:\/\/der-goldene-fisch.de\/ping\/#\/schema\/person\/image\/","url":"https:\/\/secure.gravatar.com\/avatar\/494c3ef1389ba6e021d9cac11e0c4e81?s=96&d=mm&r=g","contentUrl":"https:\/\/secure.gravatar.com\/avatar\/494c3ef1389ba6e021d9cac11e0c4e81?s=96&d=mm&r=g","caption":"Hans Thill"},"sameAs":["http:\/\/"],"url":"https:\/\/der-goldene-fisch.de\/ping\/author\/hans778y\/"}]}},"jetpack_featured_media_url":"","jetpack_sharing_enabled":true,"jetpack_shortlink":"https:\/\/wp.me\/pxsFY-1iM","_links":{"self":[{"href":"https:\/\/der-goldene-fisch.de\/ping\/wp-json\/wp\/v2\/posts\/5008","targetHints":{"allow":["GET"]}}],"collection":[{"href":"https:\/\/der-goldene-fisch.de\/ping\/wp-json\/wp\/v2\/posts"}],"about":[{"href":"https:\/\/der-goldene-fisch.de\/ping\/wp-json\/wp\/v2\/types\/post"}],"author":[{"embeddable":true,"href":"https:\/\/der-goldene-fisch.de\/ping\/wp-json\/wp\/v2\/users\/22"}],"replies":[{"embeddable":true,"href":"https:\/\/der-goldene-fisch.de\/ping\/wp-json\/wp\/v2\/comments?post=5008"}],"version-history":[{"count":0,"href":"https:\/\/der-goldene-fisch.de\/ping\/wp-json\/wp\/v2\/posts\/5008\/revisions"}],"wp:attachment":[{"href":"https:\/\/der-goldene-fisch.de\/ping\/wp-json\/wp\/v2\/media?parent=5008"}],"wp:term":[{"taxonomy":"category","embeddable":true,"href":"https:\/\/der-goldene-fisch.de\/ping\/wp-json\/wp\/v2\/categories?post=5008"},{"taxonomy":"post_tag","embeddable":true,"href":"https:\/\/der-goldene-fisch.de\/ping\/wp-json\/wp\/v2\/tags?post=5008"}],"curies":[{"name":"wp","href":"https:\/\/api.w.org\/{rel}","templated":true}]}}