{"id":5326,"date":"2012-10-15T17:57:56","date_gmt":"2012-10-15T16:57:56","guid":{"rendered":"http:\/\/der-goldene-fisch.de\/ping\/?p=5326"},"modified":"2012-12-07T18:35:32","modified_gmt":"2012-12-07T17:35:32","slug":"kahl","status":"publish","type":"post","link":"https:\/\/der-goldene-fisch.de\/ping\/kahl\/","title":{"rendered":"Kahl"},"content":{"rendered":"<p><span style=\"color: #f3efec\"> mmmm<\/span><span style=\"color: #f3efec\"> mmmm<\/span>&#8222;A world of bald white days in a shadeless socket.&#8220;<em><br \/>\n<span style=\"color: #f3efec\"> mmmm<\/span><span style=\"color: #f3efec\"> mmmm<\/span><\/em><em>Sylvia Plath<\/em><\/p>\n<p>Ich schreie nicht. Kein Gott hat mich<br \/>\nan den Haarwurzeln gepackt und nie<br \/>\nhat meine Hoffnung fliegen gelernt,<br \/>\nrichtig fliegen, wie die Kr\u00e4hen es tun,<br \/>\nachtsam mit dem Wind, die wilden<br \/>\nSch\u00e4del der Kastanien im Blick,<br \/>\nsie st\u00fcrzte sich nur immer auf<br \/>\nin die Stratosph\u00e4re oder schmolz<br \/>\nauf irgendeinem Acker im Schlamm.<\/p>\n<p>Kein Gott, der mich zog, Lichtbringerei,<br \/>\ndie mich aus hunderttausend Ankern hob.<br \/>\nM\u00fcde Hakenw\u00fcrmchen, Karabiner,<br \/>\ndie sich l\u00f6sen, \u00d6sen, durch die Augenblicke<br \/>\nihre F\u00e4den schoben wie viel Jahr \u2013<br \/>\n<span style=\"color: #f3efec\"> mmmm<\/span><span style=\"color: #f3efec\"> mmmm<\/span><span style=\"color: #f3efec\"> mmmm<\/span><span style=\"color: #f3efec\"> mmmm<\/span>Heute<br \/>\nleben alle gleich, Br\u00fcder und Schwestern<\/p>\n<p>eines Ordens der Steher, J\u00e4ger, Augentiere,<br \/>\nund ich mondk\u00f6pfiges Mannequin<br \/>\nwill die Toten nicht mehr z\u00e4hlen, kehre sie,<br \/>\ntraurige, immer noch gl\u00e4nzende Berge,<br \/>\nzusammen, leicht wie die Erscheinungen<br \/>\nam Morgen, als die Kr\u00e4hen sich satt fra\u00dfen<br \/>\nam gr\u00fcn behaarten Dach und ich nicht schrie.<\/p>\n<p>Es wird jetzt noch mal sonnig,<br \/>\nmit Brisen f\u00fcr meinen ersten sachten<br \/>\nFederflaum, und ich blende das Fenster,<br \/>\nindem ich es \u00f6ffne. Picke Kastanien<br \/>\naus ihren stachligen Per\u00fccken, streichle<br \/>\nblonde Innenfelle, Dunkelh\u00e4upter,<br \/>\nlippenglatt vor meinem achtsamen Verzehr.<\/p>\n","protected":false},"excerpt":{"rendered":"<p>mmmm mmmm&#8222;A world of bald white days in a shadeless socket.&#8220; mmmm mmmmSylvia Plath Ich schreie nicht. Kein Gott hat mich an den Haarwurzeln gepackt und nie hat meine Hoffnung fliegen gelernt, richtig fliegen, wie die Kr\u00e4hen es tun, achtsam mit dem Wind, die wilden Sch\u00e4del der Kastanien im Blick, sie st\u00fcrzte sich nur immer [&hellip;]<\/p>\n","protected":false},"author":8,"featured_media":0,"comment_status":"open","ping_status":"open","sticky":false,"template":"","format":"standard","meta":{"jetpack_post_was_ever_published":false,"_jetpack_newsletter_access":"","_jetpack_dont_email_post_to_subs":false,"_jetpack_newsletter_tier_id":0,"_jetpack_memberships_contains_paywalled_content":false,"_jetpack_memberships_contains_paid_content":false,"footnotes":"","jetpack_publicize_message":"","jetpack_publicize_feature_enabled":true,"jetpack_social_post_already_shared":false,"jetpack_social_options":{"image_generator_settings":{"template":"highway","enabled":false},"version":2}},"categories":[85],"tags":[],"class_list":["post-5326","post","type-post","status-publish","format-standard","hentry","category-a"],"jetpack_publicize_connections":[],"yoast_head":"<!-- This site is optimized with the Yoast SEO plugin v24.0 - https:\/\/yoast.com\/wordpress\/plugins\/seo\/ -->\n<title>Kahl - der goldene fisch<\/title>\n<meta name=\"robots\" content=\"index, follow, max-snippet:-1, max-image-preview:large, max-video-preview:-1\" \/>\n<link rel=\"canonical\" href=\"https:\/\/der-goldene-fisch.de\/ping\/kahl\/\" \/>\n<meta property=\"og:locale\" content=\"de_DE\" \/>\n<meta property=\"og:type\" content=\"article\" \/>\n<meta property=\"og:title\" content=\"Kahl - der goldene fisch\" \/>\n<meta property=\"og:description\" content=\"mmmm mmmm&#8222;A world of bald white days in a shadeless socket.&#8220; mmmm mmmmSylvia Plath Ich schreie nicht. Kein Gott hat mich an den Haarwurzeln gepackt und nie hat meine Hoffnung fliegen gelernt, richtig fliegen, wie die Kr\u00e4hen es tun, achtsam mit dem Wind, die wilden Sch\u00e4del der Kastanien im Blick, sie st\u00fcrzte sich nur immer [&hellip;]\" \/>\n<meta property=\"og:url\" content=\"https:\/\/der-goldene-fisch.de\/ping\/kahl\/\" \/>\n<meta property=\"og:site_name\" content=\"der goldene fisch\" \/>\n<meta property=\"article:published_time\" content=\"2012-10-15T16:57:56+00:00\" \/>\n<meta property=\"article:modified_time\" content=\"2012-12-07T17:35:32+00:00\" \/>\n<meta name=\"author\" content=\"Sylvia Geist\" \/>\n<meta name=\"twitter:card\" content=\"summary_large_image\" \/>\n<meta name=\"twitter:label1\" content=\"Verfasst von\" \/>\n\t<meta name=\"twitter:data1\" content=\"Sylvia Geist\" \/>\n\t<meta name=\"twitter:label2\" content=\"Gesch\u00e4tzte Lesezeit\" \/>\n\t<meta name=\"twitter:data2\" content=\"1 Minute\" \/>\n<script type=\"application\/ld+json\" class=\"yoast-schema-graph\">{\"@context\":\"https:\/\/schema.org\",\"@graph\":[{\"@type\":\"Article\",\"@id\":\"https:\/\/der-goldene-fisch.de\/ping\/kahl\/#article\",\"isPartOf\":{\"@id\":\"https:\/\/der-goldene-fisch.de\/ping\/kahl\/\"},\"author\":{\"name\":\"Sylvia Geist\",\"@id\":\"https:\/\/der-goldene-fisch.de\/ping\/#\/schema\/person\/1dd98663fad551531a597e1ca4391cda\"},\"headline\":\"Kahl\",\"datePublished\":\"2012-10-15T16:57:56+00:00\",\"dateModified\":\"2012-12-07T17:35:32+00:00\",\"mainEntityOfPage\":{\"@id\":\"https:\/\/der-goldene-fisch.de\/ping\/kahl\/\"},\"wordCount\":207,\"commentCount\":0,\"publisher\":{\"@id\":\"https:\/\/der-goldene-fisch.de\/ping\/#\/schema\/person\/c415140d7348926844a49b29cc105aa4\"},\"articleSection\":[\"a\"],\"inLanguage\":\"de\",\"potentialAction\":[{\"@type\":\"CommentAction\",\"name\":\"Comment\",\"target\":[\"https:\/\/der-goldene-fisch.de\/ping\/kahl\/#respond\"]}]},{\"@type\":\"WebPage\",\"@id\":\"https:\/\/der-goldene-fisch.de\/ping\/kahl\/\",\"url\":\"https:\/\/der-goldene-fisch.de\/ping\/kahl\/\",\"name\":\"Kahl - der goldene fisch\",\"isPartOf\":{\"@id\":\"https:\/\/der-goldene-fisch.de\/ping\/#website\"},\"datePublished\":\"2012-10-15T16:57:56+00:00\",\"dateModified\":\"2012-12-07T17:35:32+00:00\",\"breadcrumb\":{\"@id\":\"https:\/\/der-goldene-fisch.de\/ping\/kahl\/#breadcrumb\"},\"inLanguage\":\"de\",\"potentialAction\":[{\"@type\":\"ReadAction\",\"target\":[\"https:\/\/der-goldene-fisch.de\/ping\/kahl\/\"]}]},{\"@type\":\"BreadcrumbList\",\"@id\":\"https:\/\/der-goldene-fisch.de\/ping\/kahl\/#breadcrumb\",\"itemListElement\":[{\"@type\":\"ListItem\",\"position\":1,\"name\":\"Startseite\",\"item\":\"https:\/\/der-goldene-fisch.de\/ping\/\"},{\"@type\":\"ListItem\",\"position\":2,\"name\":\"Kahl\"}]},{\"@type\":\"WebSite\",\"@id\":\"https:\/\/der-goldene-fisch.de\/ping\/#website\",\"url\":\"https:\/\/der-goldene-fisch.de\/ping\/\",\"name\":\"der goldene fisch\",\"description\":\"\",\"publisher\":{\"@id\":\"https:\/\/der-goldene-fisch.de\/ping\/#\/schema\/person\/c415140d7348926844a49b29cc105aa4\"},\"potentialAction\":[{\"@type\":\"SearchAction\",\"target\":{\"@type\":\"EntryPoint\",\"urlTemplate\":\"https:\/\/der-goldene-fisch.de\/ping\/?s={search_term_string}\"},\"query-input\":{\"@type\":\"PropertyValueSpecification\",\"valueRequired\":true,\"valueName\":\"search_term_string\"}}],\"inLanguage\":\"de\"},{\"@type\":[\"Person\",\"Organization\"],\"@id\":\"https:\/\/der-goldene-fisch.de\/ping\/#\/schema\/person\/c415140d7348926844a49b29cc105aa4\",\"name\":\"Andreas Louis Seyerlein\",\"image\":{\"@type\":\"ImageObject\",\"inLanguage\":\"de\",\"@id\":\"https:\/\/der-goldene-fisch.de\/ping\/#\/schema\/person\/image\/\",\"url\":\"https:\/\/secure.gravatar.com\/avatar\/d233a6eb5d99a83abb911b2d89ddf42e?s=96&d=mm&r=g\",\"contentUrl\":\"https:\/\/secure.gravatar.com\/avatar\/d233a6eb5d99a83abb911b2d89ddf42e?s=96&d=mm&r=g\",\"caption\":\"Andreas Louis Seyerlein\"},\"logo\":{\"@id\":\"https:\/\/der-goldene-fisch.de\/ping\/#\/schema\/person\/image\/\"},\"sameAs\":[\"http:\/\/\"]},{\"@type\":\"Person\",\"@id\":\"https:\/\/der-goldene-fisch.de\/ping\/#\/schema\/person\/1dd98663fad551531a597e1ca4391cda\",\"name\":\"Sylvia Geist\",\"image\":{\"@type\":\"ImageObject\",\"inLanguage\":\"de\",\"@id\":\"https:\/\/der-goldene-fisch.de\/ping\/#\/schema\/person\/image\/\",\"url\":\"https:\/\/secure.gravatar.com\/avatar\/494c3ef1389ba6e021d9cac11e0c4e81?s=96&d=mm&r=g\",\"contentUrl\":\"https:\/\/secure.gravatar.com\/avatar\/494c3ef1389ba6e021d9cac11e0c4e81?s=96&d=mm&r=g\",\"caption\":\"Sylvia Geist\"},\"sameAs\":[\"http:\/\/\"],\"url\":\"https:\/\/der-goldene-fisch.de\/ping\/author\/sylvia449\/\"}]}<\/script>\n<!-- \/ Yoast SEO plugin. -->","yoast_head_json":{"title":"Kahl - der goldene fisch","robots":{"index":"index","follow":"follow","max-snippet":"max-snippet:-1","max-image-preview":"max-image-preview:large","max-video-preview":"max-video-preview:-1"},"canonical":"https:\/\/der-goldene-fisch.de\/ping\/kahl\/","og_locale":"de_DE","og_type":"article","og_title":"Kahl - der goldene fisch","og_description":"mmmm mmmm&#8222;A world of bald white days in a shadeless socket.&#8220; mmmm mmmmSylvia Plath Ich schreie nicht. Kein Gott hat mich an den Haarwurzeln gepackt und nie hat meine Hoffnung fliegen gelernt, richtig fliegen, wie die Kr\u00e4hen es tun, achtsam mit dem Wind, die wilden Sch\u00e4del der Kastanien im Blick, sie st\u00fcrzte sich nur immer [&hellip;]","og_url":"https:\/\/der-goldene-fisch.de\/ping\/kahl\/","og_site_name":"der goldene fisch","article_published_time":"2012-10-15T16:57:56+00:00","article_modified_time":"2012-12-07T17:35:32+00:00","author":"Sylvia Geist","twitter_card":"summary_large_image","twitter_misc":{"Verfasst von":"Sylvia Geist","Gesch\u00e4tzte Lesezeit":"1 Minute"},"schema":{"@context":"https:\/\/schema.org","@graph":[{"@type":"Article","@id":"https:\/\/der-goldene-fisch.de\/ping\/kahl\/#article","isPartOf":{"@id":"https:\/\/der-goldene-fisch.de\/ping\/kahl\/"},"author":{"name":"Sylvia Geist","@id":"https:\/\/der-goldene-fisch.de\/ping\/#\/schema\/person\/1dd98663fad551531a597e1ca4391cda"},"headline":"Kahl","datePublished":"2012-10-15T16:57:56+00:00","dateModified":"2012-12-07T17:35:32+00:00","mainEntityOfPage":{"@id":"https:\/\/der-goldene-fisch.de\/ping\/kahl\/"},"wordCount":207,"commentCount":0,"publisher":{"@id":"https:\/\/der-goldene-fisch.de\/ping\/#\/schema\/person\/c415140d7348926844a49b29cc105aa4"},"articleSection":["a"],"inLanguage":"de","potentialAction":[{"@type":"CommentAction","name":"Comment","target":["https:\/\/der-goldene-fisch.de\/ping\/kahl\/#respond"]}]},{"@type":"WebPage","@id":"https:\/\/der-goldene-fisch.de\/ping\/kahl\/","url":"https:\/\/der-goldene-fisch.de\/ping\/kahl\/","name":"Kahl - der goldene fisch","isPartOf":{"@id":"https:\/\/der-goldene-fisch.de\/ping\/#website"},"datePublished":"2012-10-15T16:57:56+00:00","dateModified":"2012-12-07T17:35:32+00:00","breadcrumb":{"@id":"https:\/\/der-goldene-fisch.de\/ping\/kahl\/#breadcrumb"},"inLanguage":"de","potentialAction":[{"@type":"ReadAction","target":["https:\/\/der-goldene-fisch.de\/ping\/kahl\/"]}]},{"@type":"BreadcrumbList","@id":"https:\/\/der-goldene-fisch.de\/ping\/kahl\/#breadcrumb","itemListElement":[{"@type":"ListItem","position":1,"name":"Startseite","item":"https:\/\/der-goldene-fisch.de\/ping\/"},{"@type":"ListItem","position":2,"name":"Kahl"}]},{"@type":"WebSite","@id":"https:\/\/der-goldene-fisch.de\/ping\/#website","url":"https:\/\/der-goldene-fisch.de\/ping\/","name":"der goldene fisch","description":"","publisher":{"@id":"https:\/\/der-goldene-fisch.de\/ping\/#\/schema\/person\/c415140d7348926844a49b29cc105aa4"},"potentialAction":[{"@type":"SearchAction","target":{"@type":"EntryPoint","urlTemplate":"https:\/\/der-goldene-fisch.de\/ping\/?s={search_term_string}"},"query-input":{"@type":"PropertyValueSpecification","valueRequired":true,"valueName":"search_term_string"}}],"inLanguage":"de"},{"@type":["Person","Organization"],"@id":"https:\/\/der-goldene-fisch.de\/ping\/#\/schema\/person\/c415140d7348926844a49b29cc105aa4","name":"Andreas Louis Seyerlein","image":{"@type":"ImageObject","inLanguage":"de","@id":"https:\/\/der-goldene-fisch.de\/ping\/#\/schema\/person\/image\/","url":"https:\/\/secure.gravatar.com\/avatar\/d233a6eb5d99a83abb911b2d89ddf42e?s=96&d=mm&r=g","contentUrl":"https:\/\/secure.gravatar.com\/avatar\/d233a6eb5d99a83abb911b2d89ddf42e?s=96&d=mm&r=g","caption":"Andreas Louis Seyerlein"},"logo":{"@id":"https:\/\/der-goldene-fisch.de\/ping\/#\/schema\/person\/image\/"},"sameAs":["http:\/\/"]},{"@type":"Person","@id":"https:\/\/der-goldene-fisch.de\/ping\/#\/schema\/person\/1dd98663fad551531a597e1ca4391cda","name":"Sylvia Geist","image":{"@type":"ImageObject","inLanguage":"de","@id":"https:\/\/der-goldene-fisch.de\/ping\/#\/schema\/person\/image\/","url":"https:\/\/secure.gravatar.com\/avatar\/494c3ef1389ba6e021d9cac11e0c4e81?s=96&d=mm&r=g","contentUrl":"https:\/\/secure.gravatar.com\/avatar\/494c3ef1389ba6e021d9cac11e0c4e81?s=96&d=mm&r=g","caption":"Sylvia Geist"},"sameAs":["http:\/\/"],"url":"https:\/\/der-goldene-fisch.de\/ping\/author\/sylvia449\/"}]}},"jetpack_featured_media_url":"","jetpack_sharing_enabled":true,"jetpack_shortlink":"https:\/\/wp.me\/sxsFY-kahl","_links":{"self":[{"href":"https:\/\/der-goldene-fisch.de\/ping\/wp-json\/wp\/v2\/posts\/5326","targetHints":{"allow":["GET"]}}],"collection":[{"href":"https:\/\/der-goldene-fisch.de\/ping\/wp-json\/wp\/v2\/posts"}],"about":[{"href":"https:\/\/der-goldene-fisch.de\/ping\/wp-json\/wp\/v2\/types\/post"}],"author":[{"embeddable":true,"href":"https:\/\/der-goldene-fisch.de\/ping\/wp-json\/wp\/v2\/users\/8"}],"replies":[{"embeddable":true,"href":"https:\/\/der-goldene-fisch.de\/ping\/wp-json\/wp\/v2\/comments?post=5326"}],"version-history":[{"count":0,"href":"https:\/\/der-goldene-fisch.de\/ping\/wp-json\/wp\/v2\/posts\/5326\/revisions"}],"wp:attachment":[{"href":"https:\/\/der-goldene-fisch.de\/ping\/wp-json\/wp\/v2\/media?parent=5326"}],"wp:term":[{"taxonomy":"category","embeddable":true,"href":"https:\/\/der-goldene-fisch.de\/ping\/wp-json\/wp\/v2\/categories?post=5326"},{"taxonomy":"post_tag","embeddable":true,"href":"https:\/\/der-goldene-fisch.de\/ping\/wp-json\/wp\/v2\/tags?post=5326"}],"curies":[{"name":"wp","href":"https:\/\/api.w.org\/{rel}","templated":true}]}}