{"id":7326,"date":"2014-05-29T10:37:15","date_gmt":"2014-05-29T09:37:15","guid":{"rendered":"http:\/\/der-goldene-fisch.de\/ping\/?p=7326"},"modified":"2014-05-29T10:37:15","modified_gmt":"2014-05-29T09:37:15","slug":"von-den-waeldern-2","status":"publish","type":"post","link":"https:\/\/der-goldene-fisch.de\/ping\/von-den-waeldern-2\/","title":{"rendered":"\u2026 von den W\u00e4ldern \u2026"},"content":{"rendered":"<p>man hat dich aus dem dichten<br \/>\nafrikanischen Wald gelockt. Birke und Doppeleiche,<br \/>\ngehegt oder von Tieren zerbissen.<br \/>\nDie Schrift liegt l\u00e4ngst hinter dir,<br \/>\nein Griffel <\/p>\n<p>in einem Leib aus Kreide oder die<br \/>\nSpur der Ersch\u00f6pfung. Fr\u00f6sche der Ersch\u00f6pfung.<br \/>\n<em>Von den W\u00e4ldern<\/em> haben wir noch das Moos, das weiche Bett<br \/>\nder Schrift auf einem Augenhintergrund,<br \/>\ngr\u00fcn wie ein Pullover, ein Lorbeer mit<br \/>\nAngsttrieben<\/p>\n","protected":false},"excerpt":{"rendered":"<p>man hat dich aus dem dichten afrikanischen Wald gelockt. Birke und Doppeleiche, gehegt oder von Tieren zerbissen. Die Schrift liegt l\u00e4ngst hinter dir, ein Griffel in einem Leib aus Kreide oder die Spur der Ersch\u00f6pfung. Fr\u00f6sche der Ersch\u00f6pfung. Von den W\u00e4ldern haben wir noch das Moos, das weiche Bett der Schrift auf einem Augenhintergrund, gr\u00fcn [&hellip;]<\/p>\n","protected":false},"author":22,"featured_media":0,"comment_status":"open","ping_status":"open","sticky":false,"template":"","format":"standard","meta":{"jetpack_post_was_ever_published":false,"_jetpack_newsletter_access":"","_jetpack_dont_email_post_to_subs":false,"_jetpack_newsletter_tier_id":0,"_jetpack_memberships_contains_paywalled_content":false,"_jetpack_memberships_contains_paid_content":false,"footnotes":"","jetpack_publicize_message":"","jetpack_publicize_feature_enabled":true,"jetpack_social_post_already_shared":false,"jetpack_social_options":{"image_generator_settings":{"template":"highway","enabled":false},"version":2}},"categories":[85],"tags":[696,694,697],"class_list":["post-7326","post","type-post","status-publish","format-standard","hentry","category-a","tag-africa","tag-forest-2","tag-pullover"],"jetpack_publicize_connections":[],"yoast_head":"<!-- This site is optimized with the Yoast SEO plugin v24.0 - https:\/\/yoast.com\/wordpress\/plugins\/seo\/ -->\n<title>\u2026 von den W\u00e4ldern \u2026 - der goldene fisch<\/title>\n<meta name=\"robots\" content=\"index, follow, max-snippet:-1, max-image-preview:large, max-video-preview:-1\" \/>\n<link rel=\"canonical\" href=\"https:\/\/der-goldene-fisch.de\/ping\/von-den-waeldern-2\/\" \/>\n<meta property=\"og:locale\" content=\"de_DE\" \/>\n<meta property=\"og:type\" content=\"article\" \/>\n<meta property=\"og:title\" content=\"\u2026 von den W\u00e4ldern \u2026 - der goldene fisch\" \/>\n<meta property=\"og:description\" content=\"man hat dich aus dem dichten afrikanischen Wald gelockt. Birke und Doppeleiche, gehegt oder von Tieren zerbissen. Die Schrift liegt l\u00e4ngst hinter dir, ein Griffel in einem Leib aus Kreide oder die Spur der Ersch\u00f6pfung. Fr\u00f6sche der Ersch\u00f6pfung. Von den W\u00e4ldern haben wir noch das Moos, das weiche Bett der Schrift auf einem Augenhintergrund, gr\u00fcn [&hellip;]\" \/>\n<meta property=\"og:url\" content=\"https:\/\/der-goldene-fisch.de\/ping\/von-den-waeldern-2\/\" \/>\n<meta property=\"og:site_name\" content=\"der goldene fisch\" \/>\n<meta property=\"article:published_time\" content=\"2014-05-29T09:37:15+00:00\" \/>\n<meta name=\"author\" content=\"Hans Thill\" \/>\n<meta name=\"twitter:card\" content=\"summary_large_image\" \/>\n<meta name=\"twitter:label1\" content=\"Verfasst von\" \/>\n\t<meta name=\"twitter:data1\" content=\"Hans Thill\" \/>\n<script type=\"application\/ld+json\" class=\"yoast-schema-graph\">{\"@context\":\"https:\/\/schema.org\",\"@graph\":[{\"@type\":\"Article\",\"@id\":\"https:\/\/der-goldene-fisch.de\/ping\/von-den-waeldern-2\/#article\",\"isPartOf\":{\"@id\":\"https:\/\/der-goldene-fisch.de\/ping\/von-den-waeldern-2\/\"},\"author\":{\"name\":\"Hans Thill\",\"@id\":\"https:\/\/der-goldene-fisch.de\/ping\/#\/schema\/person\/355f4cf61e9f80823f87c46ec828e576\"},\"headline\":\"\u2026 von den W\u00e4ldern \u2026\",\"datePublished\":\"2014-05-29T09:37:15+00:00\",\"dateModified\":\"2014-05-29T09:37:15+00:00\",\"mainEntityOfPage\":{\"@id\":\"https:\/\/der-goldene-fisch.de\/ping\/von-den-waeldern-2\/\"},\"wordCount\":72,\"commentCount\":0,\"publisher\":{\"@id\":\"https:\/\/der-goldene-fisch.de\/ping\/#\/schema\/person\/c415140d7348926844a49b29cc105aa4\"},\"keywords\":[\"Africa\",\"forest\",\"Pullover\"],\"articleSection\":[\"a\"],\"inLanguage\":\"de\",\"potentialAction\":[{\"@type\":\"CommentAction\",\"name\":\"Comment\",\"target\":[\"https:\/\/der-goldene-fisch.de\/ping\/von-den-waeldern-2\/#respond\"]}]},{\"@type\":\"WebPage\",\"@id\":\"https:\/\/der-goldene-fisch.de\/ping\/von-den-waeldern-2\/\",\"url\":\"https:\/\/der-goldene-fisch.de\/ping\/von-den-waeldern-2\/\",\"name\":\"\u2026 von den W\u00e4ldern \u2026 - der goldene fisch\",\"isPartOf\":{\"@id\":\"https:\/\/der-goldene-fisch.de\/ping\/#website\"},\"datePublished\":\"2014-05-29T09:37:15+00:00\",\"dateModified\":\"2014-05-29T09:37:15+00:00\",\"breadcrumb\":{\"@id\":\"https:\/\/der-goldene-fisch.de\/ping\/von-den-waeldern-2\/#breadcrumb\"},\"inLanguage\":\"de\",\"potentialAction\":[{\"@type\":\"ReadAction\",\"target\":[\"https:\/\/der-goldene-fisch.de\/ping\/von-den-waeldern-2\/\"]}]},{\"@type\":\"BreadcrumbList\",\"@id\":\"https:\/\/der-goldene-fisch.de\/ping\/von-den-waeldern-2\/#breadcrumb\",\"itemListElement\":[{\"@type\":\"ListItem\",\"position\":1,\"name\":\"Startseite\",\"item\":\"https:\/\/der-goldene-fisch.de\/ping\/\"},{\"@type\":\"ListItem\",\"position\":2,\"name\":\"\u2026 von den W\u00e4ldern \u2026\"}]},{\"@type\":\"WebSite\",\"@id\":\"https:\/\/der-goldene-fisch.de\/ping\/#website\",\"url\":\"https:\/\/der-goldene-fisch.de\/ping\/\",\"name\":\"der goldene fisch\",\"description\":\"\",\"publisher\":{\"@id\":\"https:\/\/der-goldene-fisch.de\/ping\/#\/schema\/person\/c415140d7348926844a49b29cc105aa4\"},\"potentialAction\":[{\"@type\":\"SearchAction\",\"target\":{\"@type\":\"EntryPoint\",\"urlTemplate\":\"https:\/\/der-goldene-fisch.de\/ping\/?s={search_term_string}\"},\"query-input\":{\"@type\":\"PropertyValueSpecification\",\"valueRequired\":true,\"valueName\":\"search_term_string\"}}],\"inLanguage\":\"de\"},{\"@type\":[\"Person\",\"Organization\"],\"@id\":\"https:\/\/der-goldene-fisch.de\/ping\/#\/schema\/person\/c415140d7348926844a49b29cc105aa4\",\"name\":\"Andreas Louis Seyerlein\",\"image\":{\"@type\":\"ImageObject\",\"inLanguage\":\"de\",\"@id\":\"https:\/\/der-goldene-fisch.de\/ping\/#\/schema\/person\/image\/\",\"url\":\"https:\/\/secure.gravatar.com\/avatar\/d233a6eb5d99a83abb911b2d89ddf42e?s=96&d=mm&r=g\",\"contentUrl\":\"https:\/\/secure.gravatar.com\/avatar\/d233a6eb5d99a83abb911b2d89ddf42e?s=96&d=mm&r=g\",\"caption\":\"Andreas Louis Seyerlein\"},\"logo\":{\"@id\":\"https:\/\/der-goldene-fisch.de\/ping\/#\/schema\/person\/image\/\"},\"sameAs\":[\"http:\/\/\"]},{\"@type\":\"Person\",\"@id\":\"https:\/\/der-goldene-fisch.de\/ping\/#\/schema\/person\/355f4cf61e9f80823f87c46ec828e576\",\"name\":\"Hans Thill\",\"image\":{\"@type\":\"ImageObject\",\"inLanguage\":\"de\",\"@id\":\"https:\/\/der-goldene-fisch.de\/ping\/#\/schema\/person\/image\/\",\"url\":\"https:\/\/secure.gravatar.com\/avatar\/494c3ef1389ba6e021d9cac11e0c4e81?s=96&d=mm&r=g\",\"contentUrl\":\"https:\/\/secure.gravatar.com\/avatar\/494c3ef1389ba6e021d9cac11e0c4e81?s=96&d=mm&r=g\",\"caption\":\"Hans Thill\"},\"sameAs\":[\"http:\/\/\"],\"url\":\"https:\/\/der-goldene-fisch.de\/ping\/author\/hans778y\/\"}]}<\/script>\n<!-- \/ Yoast SEO plugin. -->","yoast_head_json":{"title":"\u2026 von den W\u00e4ldern \u2026 - der goldene fisch","robots":{"index":"index","follow":"follow","max-snippet":"max-snippet:-1","max-image-preview":"max-image-preview:large","max-video-preview":"max-video-preview:-1"},"canonical":"https:\/\/der-goldene-fisch.de\/ping\/von-den-waeldern-2\/","og_locale":"de_DE","og_type":"article","og_title":"\u2026 von den W\u00e4ldern \u2026 - der goldene fisch","og_description":"man hat dich aus dem dichten afrikanischen Wald gelockt. Birke und Doppeleiche, gehegt oder von Tieren zerbissen. Die Schrift liegt l\u00e4ngst hinter dir, ein Griffel in einem Leib aus Kreide oder die Spur der Ersch\u00f6pfung. Fr\u00f6sche der Ersch\u00f6pfung. Von den W\u00e4ldern haben wir noch das Moos, das weiche Bett der Schrift auf einem Augenhintergrund, gr\u00fcn [&hellip;]","og_url":"https:\/\/der-goldene-fisch.de\/ping\/von-den-waeldern-2\/","og_site_name":"der goldene fisch","article_published_time":"2014-05-29T09:37:15+00:00","author":"Hans Thill","twitter_card":"summary_large_image","twitter_misc":{"Verfasst von":"Hans Thill"},"schema":{"@context":"https:\/\/schema.org","@graph":[{"@type":"Article","@id":"https:\/\/der-goldene-fisch.de\/ping\/von-den-waeldern-2\/#article","isPartOf":{"@id":"https:\/\/der-goldene-fisch.de\/ping\/von-den-waeldern-2\/"},"author":{"name":"Hans Thill","@id":"https:\/\/der-goldene-fisch.de\/ping\/#\/schema\/person\/355f4cf61e9f80823f87c46ec828e576"},"headline":"\u2026 von den W\u00e4ldern \u2026","datePublished":"2014-05-29T09:37:15+00:00","dateModified":"2014-05-29T09:37:15+00:00","mainEntityOfPage":{"@id":"https:\/\/der-goldene-fisch.de\/ping\/von-den-waeldern-2\/"},"wordCount":72,"commentCount":0,"publisher":{"@id":"https:\/\/der-goldene-fisch.de\/ping\/#\/schema\/person\/c415140d7348926844a49b29cc105aa4"},"keywords":["Africa","forest","Pullover"],"articleSection":["a"],"inLanguage":"de","potentialAction":[{"@type":"CommentAction","name":"Comment","target":["https:\/\/der-goldene-fisch.de\/ping\/von-den-waeldern-2\/#respond"]}]},{"@type":"WebPage","@id":"https:\/\/der-goldene-fisch.de\/ping\/von-den-waeldern-2\/","url":"https:\/\/der-goldene-fisch.de\/ping\/von-den-waeldern-2\/","name":"\u2026 von den W\u00e4ldern \u2026 - der goldene fisch","isPartOf":{"@id":"https:\/\/der-goldene-fisch.de\/ping\/#website"},"datePublished":"2014-05-29T09:37:15+00:00","dateModified":"2014-05-29T09:37:15+00:00","breadcrumb":{"@id":"https:\/\/der-goldene-fisch.de\/ping\/von-den-waeldern-2\/#breadcrumb"},"inLanguage":"de","potentialAction":[{"@type":"ReadAction","target":["https:\/\/der-goldene-fisch.de\/ping\/von-den-waeldern-2\/"]}]},{"@type":"BreadcrumbList","@id":"https:\/\/der-goldene-fisch.de\/ping\/von-den-waeldern-2\/#breadcrumb","itemListElement":[{"@type":"ListItem","position":1,"name":"Startseite","item":"https:\/\/der-goldene-fisch.de\/ping\/"},{"@type":"ListItem","position":2,"name":"\u2026 von den W\u00e4ldern \u2026"}]},{"@type":"WebSite","@id":"https:\/\/der-goldene-fisch.de\/ping\/#website","url":"https:\/\/der-goldene-fisch.de\/ping\/","name":"der goldene fisch","description":"","publisher":{"@id":"https:\/\/der-goldene-fisch.de\/ping\/#\/schema\/person\/c415140d7348926844a49b29cc105aa4"},"potentialAction":[{"@type":"SearchAction","target":{"@type":"EntryPoint","urlTemplate":"https:\/\/der-goldene-fisch.de\/ping\/?s={search_term_string}"},"query-input":{"@type":"PropertyValueSpecification","valueRequired":true,"valueName":"search_term_string"}}],"inLanguage":"de"},{"@type":["Person","Organization"],"@id":"https:\/\/der-goldene-fisch.de\/ping\/#\/schema\/person\/c415140d7348926844a49b29cc105aa4","name":"Andreas Louis Seyerlein","image":{"@type":"ImageObject","inLanguage":"de","@id":"https:\/\/der-goldene-fisch.de\/ping\/#\/schema\/person\/image\/","url":"https:\/\/secure.gravatar.com\/avatar\/d233a6eb5d99a83abb911b2d89ddf42e?s=96&d=mm&r=g","contentUrl":"https:\/\/secure.gravatar.com\/avatar\/d233a6eb5d99a83abb911b2d89ddf42e?s=96&d=mm&r=g","caption":"Andreas Louis Seyerlein"},"logo":{"@id":"https:\/\/der-goldene-fisch.de\/ping\/#\/schema\/person\/image\/"},"sameAs":["http:\/\/"]},{"@type":"Person","@id":"https:\/\/der-goldene-fisch.de\/ping\/#\/schema\/person\/355f4cf61e9f80823f87c46ec828e576","name":"Hans Thill","image":{"@type":"ImageObject","inLanguage":"de","@id":"https:\/\/der-goldene-fisch.de\/ping\/#\/schema\/person\/image\/","url":"https:\/\/secure.gravatar.com\/avatar\/494c3ef1389ba6e021d9cac11e0c4e81?s=96&d=mm&r=g","contentUrl":"https:\/\/secure.gravatar.com\/avatar\/494c3ef1389ba6e021d9cac11e0c4e81?s=96&d=mm&r=g","caption":"Hans Thill"},"sameAs":["http:\/\/"],"url":"https:\/\/der-goldene-fisch.de\/ping\/author\/hans778y\/"}]}},"jetpack_featured_media_url":"","jetpack_sharing_enabled":true,"jetpack_shortlink":"https:\/\/wp.me\/pxsFY-1Ua","_links":{"self":[{"href":"https:\/\/der-goldene-fisch.de\/ping\/wp-json\/wp\/v2\/posts\/7326","targetHints":{"allow":["GET"]}}],"collection":[{"href":"https:\/\/der-goldene-fisch.de\/ping\/wp-json\/wp\/v2\/posts"}],"about":[{"href":"https:\/\/der-goldene-fisch.de\/ping\/wp-json\/wp\/v2\/types\/post"}],"author":[{"embeddable":true,"href":"https:\/\/der-goldene-fisch.de\/ping\/wp-json\/wp\/v2\/users\/22"}],"replies":[{"embeddable":true,"href":"https:\/\/der-goldene-fisch.de\/ping\/wp-json\/wp\/v2\/comments?post=7326"}],"version-history":[{"count":0,"href":"https:\/\/der-goldene-fisch.de\/ping\/wp-json\/wp\/v2\/posts\/7326\/revisions"}],"wp:attachment":[{"href":"https:\/\/der-goldene-fisch.de\/ping\/wp-json\/wp\/v2\/media?parent=7326"}],"wp:term":[{"taxonomy":"category","embeddable":true,"href":"https:\/\/der-goldene-fisch.de\/ping\/wp-json\/wp\/v2\/categories?post=7326"},{"taxonomy":"post_tag","embeddable":true,"href":"https:\/\/der-goldene-fisch.de\/ping\/wp-json\/wp\/v2\/tags?post=7326"}],"curies":[{"name":"wp","href":"https:\/\/api.w.org\/{rel}","templated":true}]}}