{"id":7570,"date":"2014-07-08T22:32:24","date_gmt":"2014-07-08T21:32:24","guid":{"rendered":"http:\/\/der-goldene-fisch.de\/ping\/?p=7570"},"modified":"2014-07-08T22:32:24","modified_gmt":"2014-07-08T21:32:24","slug":"von-den-waeldern-6","status":"publish","type":"post","link":"https:\/\/der-goldene-fisch.de\/ping\/von-den-waeldern-6\/","title":{"rendered":"\u2026 von den W\u00e4ldern \u2026"},"content":{"rendered":"<p>(aus Bordeaux) um die eigene Schrift zu lesen, sch\u00f6n krumm,<br \/>\nwie am Hauberg gewachsen, ein Gestr\u00fcpp \u00fcberm weichen<br \/>\nklebrigen Boden. Das ist so schwarz aus der Ferne,<br \/>\nda\u00df man die Gliedertiere nicht<br \/>\nerkennt <\/p>\n<p>vor ihrem Hintergrund oder versteht<br \/>\nwas sie sagen k\u00f6nnten. Von den flachen W\u00e4ldern der Hardt<br \/>\nhaben wir noch die aufsteigende Lust am Zweifel,<br \/>\nder uns Mittags einnimmt im gesiebten<br \/>\nLicht <\/p>\n<p>der Gardinen, ein schw\u00e4bisches Verstummen<br \/>\nmitten im Kapitel, Erinnerung an ein Buch des<br \/>\nD\u00fcrfens. Von den <em>W\u00e4ldern bei Veterano <\/em>haben wir noch<br \/>\ngehobelte Zeilen, eine Masche, fallengelassen wie ein Viererwort<br \/>\nund ein Ach. <em>Von den wilden<br \/>\nW\u00e4ldern<\/em><\/p>\n","protected":false},"excerpt":{"rendered":"<p>(aus Bordeaux) um die eigene Schrift zu lesen, sch\u00f6n krumm, wie am Hauberg gewachsen, ein Gestr\u00fcpp \u00fcberm weichen klebrigen Boden. Das ist so schwarz aus der Ferne, da\u00df man die Gliedertiere nicht erkennt vor ihrem Hintergrund oder versteht was sie sagen k\u00f6nnten. Von den flachen W\u00e4ldern der Hardt haben wir noch die aufsteigende Lust am [&hellip;]<\/p>\n","protected":false},"author":22,"featured_media":0,"comment_status":"open","ping_status":"open","sticky":false,"template":"","format":"standard","meta":{"jetpack_post_was_ever_published":false,"_jetpack_newsletter_access":"","_jetpack_dont_email_post_to_subs":false,"_jetpack_newsletter_tier_id":0,"_jetpack_memberships_contains_paywalled_content":false,"_jetpack_memberships_contains_paid_content":false,"footnotes":"","jetpack_publicize_message":"","jetpack_publicize_feature_enabled":true,"jetpack_social_post_already_shared":false,"jetpack_social_options":{"image_generator_settings":{"template":"highway","enabled":false},"version":2}},"categories":[85],"tags":[712,694,80,713],"class_list":["post-7570","post","type-post","status-publish","format-standard","hentry","category-a","tag-bordeaux","tag-forest-2","tag-hoelderlin","tag-wuerttemberg"],"jetpack_publicize_connections":[],"yoast_head":"<!-- This site is optimized with the Yoast SEO plugin v24.0 - https:\/\/yoast.com\/wordpress\/plugins\/seo\/ -->\n<title>\u2026 von den W\u00e4ldern \u2026 - der goldene fisch<\/title>\n<meta name=\"robots\" content=\"index, follow, max-snippet:-1, max-image-preview:large, max-video-preview:-1\" \/>\n<link rel=\"canonical\" href=\"https:\/\/der-goldene-fisch.de\/ping\/von-den-waeldern-6\/\" \/>\n<meta property=\"og:locale\" content=\"de_DE\" \/>\n<meta property=\"og:type\" content=\"article\" \/>\n<meta property=\"og:title\" content=\"\u2026 von den W\u00e4ldern \u2026 - der goldene fisch\" \/>\n<meta property=\"og:description\" content=\"(aus Bordeaux) um die eigene Schrift zu lesen, sch\u00f6n krumm, wie am Hauberg gewachsen, ein Gestr\u00fcpp \u00fcberm weichen klebrigen Boden. Das ist so schwarz aus der Ferne, da\u00df man die Gliedertiere nicht erkennt vor ihrem Hintergrund oder versteht was sie sagen k\u00f6nnten. Von den flachen W\u00e4ldern der Hardt haben wir noch die aufsteigende Lust am [&hellip;]\" \/>\n<meta property=\"og:url\" content=\"https:\/\/der-goldene-fisch.de\/ping\/von-den-waeldern-6\/\" \/>\n<meta property=\"og:site_name\" content=\"der goldene fisch\" \/>\n<meta property=\"article:published_time\" content=\"2014-07-08T21:32:24+00:00\" \/>\n<meta name=\"author\" content=\"Hans Thill\" \/>\n<meta name=\"twitter:card\" content=\"summary_large_image\" \/>\n<meta name=\"twitter:label1\" content=\"Verfasst von\" \/>\n\t<meta name=\"twitter:data1\" content=\"Hans Thill\" \/>\n\t<meta name=\"twitter:label2\" content=\"Gesch\u00e4tzte Lesezeit\" \/>\n\t<meta name=\"twitter:data2\" content=\"1 Minute\" \/>\n<script type=\"application\/ld+json\" class=\"yoast-schema-graph\">{\"@context\":\"https:\/\/schema.org\",\"@graph\":[{\"@type\":\"Article\",\"@id\":\"https:\/\/der-goldene-fisch.de\/ping\/von-den-waeldern-6\/#article\",\"isPartOf\":{\"@id\":\"https:\/\/der-goldene-fisch.de\/ping\/von-den-waeldern-6\/\"},\"author\":{\"name\":\"Hans Thill\",\"@id\":\"https:\/\/der-goldene-fisch.de\/ping\/#\/schema\/person\/355f4cf61e9f80823f87c46ec828e576\"},\"headline\":\"\u2026 von den W\u00e4ldern \u2026\",\"datePublished\":\"2014-07-08T21:32:24+00:00\",\"dateModified\":\"2014-07-08T21:32:24+00:00\",\"mainEntityOfPage\":{\"@id\":\"https:\/\/der-goldene-fisch.de\/ping\/von-den-waeldern-6\/\"},\"wordCount\":112,\"commentCount\":0,\"publisher\":{\"@id\":\"https:\/\/der-goldene-fisch.de\/ping\/#\/schema\/person\/c415140d7348926844a49b29cc105aa4\"},\"keywords\":[\"Bordeaux\",\"forest\",\"H\u00f6lderlin\",\"W\u00fcrttemberg\"],\"articleSection\":[\"a\"],\"inLanguage\":\"de\",\"potentialAction\":[{\"@type\":\"CommentAction\",\"name\":\"Comment\",\"target\":[\"https:\/\/der-goldene-fisch.de\/ping\/von-den-waeldern-6\/#respond\"]}]},{\"@type\":\"WebPage\",\"@id\":\"https:\/\/der-goldene-fisch.de\/ping\/von-den-waeldern-6\/\",\"url\":\"https:\/\/der-goldene-fisch.de\/ping\/von-den-waeldern-6\/\",\"name\":\"\u2026 von den W\u00e4ldern \u2026 - der goldene fisch\",\"isPartOf\":{\"@id\":\"https:\/\/der-goldene-fisch.de\/ping\/#website\"},\"datePublished\":\"2014-07-08T21:32:24+00:00\",\"dateModified\":\"2014-07-08T21:32:24+00:00\",\"breadcrumb\":{\"@id\":\"https:\/\/der-goldene-fisch.de\/ping\/von-den-waeldern-6\/#breadcrumb\"},\"inLanguage\":\"de\",\"potentialAction\":[{\"@type\":\"ReadAction\",\"target\":[\"https:\/\/der-goldene-fisch.de\/ping\/von-den-waeldern-6\/\"]}]},{\"@type\":\"BreadcrumbList\",\"@id\":\"https:\/\/der-goldene-fisch.de\/ping\/von-den-waeldern-6\/#breadcrumb\",\"itemListElement\":[{\"@type\":\"ListItem\",\"position\":1,\"name\":\"Startseite\",\"item\":\"https:\/\/der-goldene-fisch.de\/ping\/\"},{\"@type\":\"ListItem\",\"position\":2,\"name\":\"\u2026 von den W\u00e4ldern \u2026\"}]},{\"@type\":\"WebSite\",\"@id\":\"https:\/\/der-goldene-fisch.de\/ping\/#website\",\"url\":\"https:\/\/der-goldene-fisch.de\/ping\/\",\"name\":\"der goldene fisch\",\"description\":\"\",\"publisher\":{\"@id\":\"https:\/\/der-goldene-fisch.de\/ping\/#\/schema\/person\/c415140d7348926844a49b29cc105aa4\"},\"potentialAction\":[{\"@type\":\"SearchAction\",\"target\":{\"@type\":\"EntryPoint\",\"urlTemplate\":\"https:\/\/der-goldene-fisch.de\/ping\/?s={search_term_string}\"},\"query-input\":{\"@type\":\"PropertyValueSpecification\",\"valueRequired\":true,\"valueName\":\"search_term_string\"}}],\"inLanguage\":\"de\"},{\"@type\":[\"Person\",\"Organization\"],\"@id\":\"https:\/\/der-goldene-fisch.de\/ping\/#\/schema\/person\/c415140d7348926844a49b29cc105aa4\",\"name\":\"Andreas Louis Seyerlein\",\"image\":{\"@type\":\"ImageObject\",\"inLanguage\":\"de\",\"@id\":\"https:\/\/der-goldene-fisch.de\/ping\/#\/schema\/person\/image\/\",\"url\":\"https:\/\/secure.gravatar.com\/avatar\/d233a6eb5d99a83abb911b2d89ddf42e?s=96&d=mm&r=g\",\"contentUrl\":\"https:\/\/secure.gravatar.com\/avatar\/d233a6eb5d99a83abb911b2d89ddf42e?s=96&d=mm&r=g\",\"caption\":\"Andreas Louis Seyerlein\"},\"logo\":{\"@id\":\"https:\/\/der-goldene-fisch.de\/ping\/#\/schema\/person\/image\/\"},\"sameAs\":[\"http:\/\/\"]},{\"@type\":\"Person\",\"@id\":\"https:\/\/der-goldene-fisch.de\/ping\/#\/schema\/person\/355f4cf61e9f80823f87c46ec828e576\",\"name\":\"Hans Thill\",\"image\":{\"@type\":\"ImageObject\",\"inLanguage\":\"de\",\"@id\":\"https:\/\/der-goldene-fisch.de\/ping\/#\/schema\/person\/image\/\",\"url\":\"https:\/\/secure.gravatar.com\/avatar\/494c3ef1389ba6e021d9cac11e0c4e81?s=96&d=mm&r=g\",\"contentUrl\":\"https:\/\/secure.gravatar.com\/avatar\/494c3ef1389ba6e021d9cac11e0c4e81?s=96&d=mm&r=g\",\"caption\":\"Hans Thill\"},\"sameAs\":[\"http:\/\/\"],\"url\":\"https:\/\/der-goldene-fisch.de\/ping\/author\/hans778y\/\"}]}<\/script>\n<!-- \/ Yoast SEO plugin. -->","yoast_head_json":{"title":"\u2026 von den W\u00e4ldern \u2026 - der goldene fisch","robots":{"index":"index","follow":"follow","max-snippet":"max-snippet:-1","max-image-preview":"max-image-preview:large","max-video-preview":"max-video-preview:-1"},"canonical":"https:\/\/der-goldene-fisch.de\/ping\/von-den-waeldern-6\/","og_locale":"de_DE","og_type":"article","og_title":"\u2026 von den W\u00e4ldern \u2026 - der goldene fisch","og_description":"(aus Bordeaux) um die eigene Schrift zu lesen, sch\u00f6n krumm, wie am Hauberg gewachsen, ein Gestr\u00fcpp \u00fcberm weichen klebrigen Boden. Das ist so schwarz aus der Ferne, da\u00df man die Gliedertiere nicht erkennt vor ihrem Hintergrund oder versteht was sie sagen k\u00f6nnten. Von den flachen W\u00e4ldern der Hardt haben wir noch die aufsteigende Lust am [&hellip;]","og_url":"https:\/\/der-goldene-fisch.de\/ping\/von-den-waeldern-6\/","og_site_name":"der goldene fisch","article_published_time":"2014-07-08T21:32:24+00:00","author":"Hans Thill","twitter_card":"summary_large_image","twitter_misc":{"Verfasst von":"Hans Thill","Gesch\u00e4tzte Lesezeit":"1 Minute"},"schema":{"@context":"https:\/\/schema.org","@graph":[{"@type":"Article","@id":"https:\/\/der-goldene-fisch.de\/ping\/von-den-waeldern-6\/#article","isPartOf":{"@id":"https:\/\/der-goldene-fisch.de\/ping\/von-den-waeldern-6\/"},"author":{"name":"Hans Thill","@id":"https:\/\/der-goldene-fisch.de\/ping\/#\/schema\/person\/355f4cf61e9f80823f87c46ec828e576"},"headline":"\u2026 von den W\u00e4ldern \u2026","datePublished":"2014-07-08T21:32:24+00:00","dateModified":"2014-07-08T21:32:24+00:00","mainEntityOfPage":{"@id":"https:\/\/der-goldene-fisch.de\/ping\/von-den-waeldern-6\/"},"wordCount":112,"commentCount":0,"publisher":{"@id":"https:\/\/der-goldene-fisch.de\/ping\/#\/schema\/person\/c415140d7348926844a49b29cc105aa4"},"keywords":["Bordeaux","forest","H\u00f6lderlin","W\u00fcrttemberg"],"articleSection":["a"],"inLanguage":"de","potentialAction":[{"@type":"CommentAction","name":"Comment","target":["https:\/\/der-goldene-fisch.de\/ping\/von-den-waeldern-6\/#respond"]}]},{"@type":"WebPage","@id":"https:\/\/der-goldene-fisch.de\/ping\/von-den-waeldern-6\/","url":"https:\/\/der-goldene-fisch.de\/ping\/von-den-waeldern-6\/","name":"\u2026 von den W\u00e4ldern \u2026 - der goldene fisch","isPartOf":{"@id":"https:\/\/der-goldene-fisch.de\/ping\/#website"},"datePublished":"2014-07-08T21:32:24+00:00","dateModified":"2014-07-08T21:32:24+00:00","breadcrumb":{"@id":"https:\/\/der-goldene-fisch.de\/ping\/von-den-waeldern-6\/#breadcrumb"},"inLanguage":"de","potentialAction":[{"@type":"ReadAction","target":["https:\/\/der-goldene-fisch.de\/ping\/von-den-waeldern-6\/"]}]},{"@type":"BreadcrumbList","@id":"https:\/\/der-goldene-fisch.de\/ping\/von-den-waeldern-6\/#breadcrumb","itemListElement":[{"@type":"ListItem","position":1,"name":"Startseite","item":"https:\/\/der-goldene-fisch.de\/ping\/"},{"@type":"ListItem","position":2,"name":"\u2026 von den W\u00e4ldern \u2026"}]},{"@type":"WebSite","@id":"https:\/\/der-goldene-fisch.de\/ping\/#website","url":"https:\/\/der-goldene-fisch.de\/ping\/","name":"der goldene fisch","description":"","publisher":{"@id":"https:\/\/der-goldene-fisch.de\/ping\/#\/schema\/person\/c415140d7348926844a49b29cc105aa4"},"potentialAction":[{"@type":"SearchAction","target":{"@type":"EntryPoint","urlTemplate":"https:\/\/der-goldene-fisch.de\/ping\/?s={search_term_string}"},"query-input":{"@type":"PropertyValueSpecification","valueRequired":true,"valueName":"search_term_string"}}],"inLanguage":"de"},{"@type":["Person","Organization"],"@id":"https:\/\/der-goldene-fisch.de\/ping\/#\/schema\/person\/c415140d7348926844a49b29cc105aa4","name":"Andreas Louis Seyerlein","image":{"@type":"ImageObject","inLanguage":"de","@id":"https:\/\/der-goldene-fisch.de\/ping\/#\/schema\/person\/image\/","url":"https:\/\/secure.gravatar.com\/avatar\/d233a6eb5d99a83abb911b2d89ddf42e?s=96&d=mm&r=g","contentUrl":"https:\/\/secure.gravatar.com\/avatar\/d233a6eb5d99a83abb911b2d89ddf42e?s=96&d=mm&r=g","caption":"Andreas Louis Seyerlein"},"logo":{"@id":"https:\/\/der-goldene-fisch.de\/ping\/#\/schema\/person\/image\/"},"sameAs":["http:\/\/"]},{"@type":"Person","@id":"https:\/\/der-goldene-fisch.de\/ping\/#\/schema\/person\/355f4cf61e9f80823f87c46ec828e576","name":"Hans Thill","image":{"@type":"ImageObject","inLanguage":"de","@id":"https:\/\/der-goldene-fisch.de\/ping\/#\/schema\/person\/image\/","url":"https:\/\/secure.gravatar.com\/avatar\/494c3ef1389ba6e021d9cac11e0c4e81?s=96&d=mm&r=g","contentUrl":"https:\/\/secure.gravatar.com\/avatar\/494c3ef1389ba6e021d9cac11e0c4e81?s=96&d=mm&r=g","caption":"Hans Thill"},"sameAs":["http:\/\/"],"url":"https:\/\/der-goldene-fisch.de\/ping\/author\/hans778y\/"}]}},"jetpack_featured_media_url":"","jetpack_sharing_enabled":true,"jetpack_shortlink":"https:\/\/wp.me\/pxsFY-1Y6","_links":{"self":[{"href":"https:\/\/der-goldene-fisch.de\/ping\/wp-json\/wp\/v2\/posts\/7570","targetHints":{"allow":["GET"]}}],"collection":[{"href":"https:\/\/der-goldene-fisch.de\/ping\/wp-json\/wp\/v2\/posts"}],"about":[{"href":"https:\/\/der-goldene-fisch.de\/ping\/wp-json\/wp\/v2\/types\/post"}],"author":[{"embeddable":true,"href":"https:\/\/der-goldene-fisch.de\/ping\/wp-json\/wp\/v2\/users\/22"}],"replies":[{"embeddable":true,"href":"https:\/\/der-goldene-fisch.de\/ping\/wp-json\/wp\/v2\/comments?post=7570"}],"version-history":[{"count":0,"href":"https:\/\/der-goldene-fisch.de\/ping\/wp-json\/wp\/v2\/posts\/7570\/revisions"}],"wp:attachment":[{"href":"https:\/\/der-goldene-fisch.de\/ping\/wp-json\/wp\/v2\/media?parent=7570"}],"wp:term":[{"taxonomy":"category","embeddable":true,"href":"https:\/\/der-goldene-fisch.de\/ping\/wp-json\/wp\/v2\/categories?post=7570"},{"taxonomy":"post_tag","embeddable":true,"href":"https:\/\/der-goldene-fisch.de\/ping\/wp-json\/wp\/v2\/tags?post=7570"}],"curies":[{"name":"wp","href":"https:\/\/api.w.org\/{rel}","templated":true}]}}