{"id":7677,"date":"2014-08-04T12:41:00","date_gmt":"2014-08-04T11:41:00","guid":{"rendered":"http:\/\/der-goldene-fisch.de\/ping\/?p=7677"},"modified":"2014-08-04T12:41:00","modified_gmt":"2014-08-04T11:41:00","slug":"palo-alto","status":"publish","type":"post","link":"https:\/\/der-goldene-fisch.de\/ping\/palo-alto\/","title":{"rendered":"Palo Alto"},"content":{"rendered":"<p>Ein Verh\u00f6rer \u00fcber der Stadt, erstarrte<br \/>\nDeixis zur besseren Orientierung.<br \/>\n(In Zeiten der Homophonie darf man das sagen.)<\/p>\n<p>Ein Zirkeln um parallele Historien, auch<br \/>\nhier versagen die Bilder, wenn es um Dichtung geht.<br \/>\n(Wer der Spiegelschrift folgt, findet den Weg.)<\/p>\n<p>Palimpseste &#8211; Maleste &#8211; Oeste<br \/>\n(Odysseus kam nie bis an den Niederrhein.)<\/p>\n<p>Die Welt ist alles, was falsch verstanden werden kann.<\/p>\n<p><em>(f\u00fcr Tobias Schoofs)<\/em><\/p>\n","protected":false},"excerpt":{"rendered":"<p>Ein Verh\u00f6rer \u00fcber der Stadt, erstarrte Deixis zur besseren Orientierung. (In Zeiten der Homophonie darf man das sagen.) Ein Zirkeln um parallele Historien, auch hier versagen die Bilder, wenn es um Dichtung geht. (Wer der Spiegelschrift folgt, findet den Weg.) Palimpseste &#8211; Maleste &#8211; Oeste (Odysseus kam nie bis an den Niederrhein.) Die Welt ist [&hellip;]<\/p>\n","protected":false},"author":11,"featured_media":0,"comment_status":"open","ping_status":"open","sticky":false,"template":"","format":"standard","meta":{"jetpack_post_was_ever_published":false,"_jetpack_newsletter_access":"","_jetpack_dont_email_post_to_subs":false,"_jetpack_newsletter_tier_id":0,"_jetpack_memberships_contains_paywalled_content":false,"_jetpack_memberships_contains_paid_content":false,"footnotes":"","jetpack_publicize_message":"","jetpack_publicize_feature_enabled":true,"jetpack_social_post_already_shared":false,"jetpack_social_options":{"image_generator_settings":{"template":"highway","enabled":false},"version":2}},"categories":[85],"tags":[717,714,8,716,715,49],"class_list":["post-7677","post","type-post","status-publish","format-standard","hentry","category-a","tag-deixis","tag-lissabon","tag-lyrik","tag-niederrhein","tag-odysseus","tag-thorsten-kraemer"],"jetpack_publicize_connections":[],"yoast_head":"<!-- This site is optimized with the Yoast SEO plugin v24.0 - https:\/\/yoast.com\/wordpress\/plugins\/seo\/ -->\n<title>Palo Alto - der goldene fisch<\/title>\n<meta name=\"robots\" content=\"index, follow, max-snippet:-1, max-image-preview:large, max-video-preview:-1\" \/>\n<link rel=\"canonical\" href=\"https:\/\/der-goldene-fisch.de\/ping\/palo-alto\/\" \/>\n<meta property=\"og:locale\" content=\"de_DE\" \/>\n<meta property=\"og:type\" content=\"article\" \/>\n<meta property=\"og:title\" content=\"Palo Alto - der goldene fisch\" \/>\n<meta property=\"og:description\" content=\"Ein Verh\u00f6rer \u00fcber der Stadt, erstarrte Deixis zur besseren Orientierung. (In Zeiten der Homophonie darf man das sagen.) Ein Zirkeln um parallele Historien, auch hier versagen die Bilder, wenn es um Dichtung geht. (Wer der Spiegelschrift folgt, findet den Weg.) Palimpseste &#8211; Maleste &#8211; Oeste (Odysseus kam nie bis an den Niederrhein.) Die Welt ist [&hellip;]\" \/>\n<meta property=\"og:url\" content=\"https:\/\/der-goldene-fisch.de\/ping\/palo-alto\/\" \/>\n<meta property=\"og:site_name\" content=\"der goldene fisch\" \/>\n<meta property=\"article:published_time\" content=\"2014-08-04T11:41:00+00:00\" \/>\n<meta name=\"author\" content=\"Thorsten Kr\u00e4mer\" \/>\n<meta name=\"twitter:card\" content=\"summary_large_image\" \/>\n<meta name=\"twitter:label1\" content=\"Verfasst von\" \/>\n\t<meta name=\"twitter:data1\" content=\"Thorsten Kr\u00e4mer\" \/>\n<script type=\"application\/ld+json\" class=\"yoast-schema-graph\">{\"@context\":\"https:\/\/schema.org\",\"@graph\":[{\"@type\":\"Article\",\"@id\":\"https:\/\/der-goldene-fisch.de\/ping\/palo-alto\/#article\",\"isPartOf\":{\"@id\":\"https:\/\/der-goldene-fisch.de\/ping\/palo-alto\/\"},\"author\":{\"name\":\"Thorsten Kr\u00e4mer\",\"@id\":\"https:\/\/der-goldene-fisch.de\/ping\/#\/schema\/person\/ae65445cb29baaaf911bb3751ad66f76\"},\"headline\":\"Palo Alto\",\"datePublished\":\"2014-08-04T11:41:00+00:00\",\"dateModified\":\"2014-08-04T11:41:00+00:00\",\"mainEntityOfPage\":{\"@id\":\"https:\/\/der-goldene-fisch.de\/ping\/palo-alto\/\"},\"wordCount\":68,\"commentCount\":0,\"publisher\":{\"@id\":\"https:\/\/der-goldene-fisch.de\/ping\/#\/schema\/person\/c415140d7348926844a49b29cc105aa4\"},\"keywords\":[\"deixis\",\"Lissabon\",\"lyrik\",\"niederrhein\",\"odysseus\",\"Thorsten Kr\u00e4mer\"],\"articleSection\":[\"a\"],\"inLanguage\":\"de\",\"potentialAction\":[{\"@type\":\"CommentAction\",\"name\":\"Comment\",\"target\":[\"https:\/\/der-goldene-fisch.de\/ping\/palo-alto\/#respond\"]}]},{\"@type\":\"WebPage\",\"@id\":\"https:\/\/der-goldene-fisch.de\/ping\/palo-alto\/\",\"url\":\"https:\/\/der-goldene-fisch.de\/ping\/palo-alto\/\",\"name\":\"Palo Alto - der goldene fisch\",\"isPartOf\":{\"@id\":\"https:\/\/der-goldene-fisch.de\/ping\/#website\"},\"datePublished\":\"2014-08-04T11:41:00+00:00\",\"dateModified\":\"2014-08-04T11:41:00+00:00\",\"breadcrumb\":{\"@id\":\"https:\/\/der-goldene-fisch.de\/ping\/palo-alto\/#breadcrumb\"},\"inLanguage\":\"de\",\"potentialAction\":[{\"@type\":\"ReadAction\",\"target\":[\"https:\/\/der-goldene-fisch.de\/ping\/palo-alto\/\"]}]},{\"@type\":\"BreadcrumbList\",\"@id\":\"https:\/\/der-goldene-fisch.de\/ping\/palo-alto\/#breadcrumb\",\"itemListElement\":[{\"@type\":\"ListItem\",\"position\":1,\"name\":\"Startseite\",\"item\":\"https:\/\/der-goldene-fisch.de\/ping\/\"},{\"@type\":\"ListItem\",\"position\":2,\"name\":\"Palo Alto\"}]},{\"@type\":\"WebSite\",\"@id\":\"https:\/\/der-goldene-fisch.de\/ping\/#website\",\"url\":\"https:\/\/der-goldene-fisch.de\/ping\/\",\"name\":\"der goldene fisch\",\"description\":\"\",\"publisher\":{\"@id\":\"https:\/\/der-goldene-fisch.de\/ping\/#\/schema\/person\/c415140d7348926844a49b29cc105aa4\"},\"potentialAction\":[{\"@type\":\"SearchAction\",\"target\":{\"@type\":\"EntryPoint\",\"urlTemplate\":\"https:\/\/der-goldene-fisch.de\/ping\/?s={search_term_string}\"},\"query-input\":{\"@type\":\"PropertyValueSpecification\",\"valueRequired\":true,\"valueName\":\"search_term_string\"}}],\"inLanguage\":\"de\"},{\"@type\":[\"Person\",\"Organization\"],\"@id\":\"https:\/\/der-goldene-fisch.de\/ping\/#\/schema\/person\/c415140d7348926844a49b29cc105aa4\",\"name\":\"Andreas Louis Seyerlein\",\"image\":{\"@type\":\"ImageObject\",\"inLanguage\":\"de\",\"@id\":\"https:\/\/der-goldene-fisch.de\/ping\/#\/schema\/person\/image\/\",\"url\":\"https:\/\/secure.gravatar.com\/avatar\/d233a6eb5d99a83abb911b2d89ddf42e?s=96&d=mm&r=g\",\"contentUrl\":\"https:\/\/secure.gravatar.com\/avatar\/d233a6eb5d99a83abb911b2d89ddf42e?s=96&d=mm&r=g\",\"caption\":\"Andreas Louis Seyerlein\"},\"logo\":{\"@id\":\"https:\/\/der-goldene-fisch.de\/ping\/#\/schema\/person\/image\/\"},\"sameAs\":[\"http:\/\/\"]},{\"@type\":\"Person\",\"@id\":\"https:\/\/der-goldene-fisch.de\/ping\/#\/schema\/person\/ae65445cb29baaaf911bb3751ad66f76\",\"name\":\"Thorsten Kr\u00e4mer\",\"image\":{\"@type\":\"ImageObject\",\"inLanguage\":\"de\",\"@id\":\"https:\/\/der-goldene-fisch.de\/ping\/#\/schema\/person\/image\/\",\"url\":\"https:\/\/secure.gravatar.com\/avatar\/494c3ef1389ba6e021d9cac11e0c4e81?s=96&d=mm&r=g\",\"contentUrl\":\"https:\/\/secure.gravatar.com\/avatar\/494c3ef1389ba6e021d9cac11e0c4e81?s=96&d=mm&r=g\",\"caption\":\"Thorsten Kr\u00e4mer\"},\"description\":\"Thorsten Kr\u00e4mer geboren 1971, lebt in K\u00f6ln. Ver\u00f6ffentlichungen: \u201cFast schon ein Gl\u00fcck\u201d, Erz\u00e4hlungen, Emons 1998 \u201cIch hei\u00dfe Hal Hartley\u201d, Film in Worten, Tropen 1998 \u201cNeue Musik aus Japan\u201d, Roman, Kiepenheuer &amp; Witsch 1999 \u201cThe Democratic Forest\u201d, Gedichte, Parasitenpresse 2008\",\"url\":\"https:\/\/der-goldene-fisch.de\/ping\/author\/thorsten214\/\"}]}<\/script>\n<!-- \/ Yoast SEO plugin. -->","yoast_head_json":{"title":"Palo Alto - der goldene fisch","robots":{"index":"index","follow":"follow","max-snippet":"max-snippet:-1","max-image-preview":"max-image-preview:large","max-video-preview":"max-video-preview:-1"},"canonical":"https:\/\/der-goldene-fisch.de\/ping\/palo-alto\/","og_locale":"de_DE","og_type":"article","og_title":"Palo Alto - der goldene fisch","og_description":"Ein Verh\u00f6rer \u00fcber der Stadt, erstarrte Deixis zur besseren Orientierung. (In Zeiten der Homophonie darf man das sagen.) Ein Zirkeln um parallele Historien, auch hier versagen die Bilder, wenn es um Dichtung geht. (Wer der Spiegelschrift folgt, findet den Weg.) Palimpseste &#8211; Maleste &#8211; Oeste (Odysseus kam nie bis an den Niederrhein.) Die Welt ist [&hellip;]","og_url":"https:\/\/der-goldene-fisch.de\/ping\/palo-alto\/","og_site_name":"der goldene fisch","article_published_time":"2014-08-04T11:41:00+00:00","author":"Thorsten Kr\u00e4mer","twitter_card":"summary_large_image","twitter_misc":{"Verfasst von":"Thorsten Kr\u00e4mer"},"schema":{"@context":"https:\/\/schema.org","@graph":[{"@type":"Article","@id":"https:\/\/der-goldene-fisch.de\/ping\/palo-alto\/#article","isPartOf":{"@id":"https:\/\/der-goldene-fisch.de\/ping\/palo-alto\/"},"author":{"name":"Thorsten Kr\u00e4mer","@id":"https:\/\/der-goldene-fisch.de\/ping\/#\/schema\/person\/ae65445cb29baaaf911bb3751ad66f76"},"headline":"Palo Alto","datePublished":"2014-08-04T11:41:00+00:00","dateModified":"2014-08-04T11:41:00+00:00","mainEntityOfPage":{"@id":"https:\/\/der-goldene-fisch.de\/ping\/palo-alto\/"},"wordCount":68,"commentCount":0,"publisher":{"@id":"https:\/\/der-goldene-fisch.de\/ping\/#\/schema\/person\/c415140d7348926844a49b29cc105aa4"},"keywords":["deixis","Lissabon","lyrik","niederrhein","odysseus","Thorsten Kr\u00e4mer"],"articleSection":["a"],"inLanguage":"de","potentialAction":[{"@type":"CommentAction","name":"Comment","target":["https:\/\/der-goldene-fisch.de\/ping\/palo-alto\/#respond"]}]},{"@type":"WebPage","@id":"https:\/\/der-goldene-fisch.de\/ping\/palo-alto\/","url":"https:\/\/der-goldene-fisch.de\/ping\/palo-alto\/","name":"Palo Alto - der goldene fisch","isPartOf":{"@id":"https:\/\/der-goldene-fisch.de\/ping\/#website"},"datePublished":"2014-08-04T11:41:00+00:00","dateModified":"2014-08-04T11:41:00+00:00","breadcrumb":{"@id":"https:\/\/der-goldene-fisch.de\/ping\/palo-alto\/#breadcrumb"},"inLanguage":"de","potentialAction":[{"@type":"ReadAction","target":["https:\/\/der-goldene-fisch.de\/ping\/palo-alto\/"]}]},{"@type":"BreadcrumbList","@id":"https:\/\/der-goldene-fisch.de\/ping\/palo-alto\/#breadcrumb","itemListElement":[{"@type":"ListItem","position":1,"name":"Startseite","item":"https:\/\/der-goldene-fisch.de\/ping\/"},{"@type":"ListItem","position":2,"name":"Palo Alto"}]},{"@type":"WebSite","@id":"https:\/\/der-goldene-fisch.de\/ping\/#website","url":"https:\/\/der-goldene-fisch.de\/ping\/","name":"der goldene fisch","description":"","publisher":{"@id":"https:\/\/der-goldene-fisch.de\/ping\/#\/schema\/person\/c415140d7348926844a49b29cc105aa4"},"potentialAction":[{"@type":"SearchAction","target":{"@type":"EntryPoint","urlTemplate":"https:\/\/der-goldene-fisch.de\/ping\/?s={search_term_string}"},"query-input":{"@type":"PropertyValueSpecification","valueRequired":true,"valueName":"search_term_string"}}],"inLanguage":"de"},{"@type":["Person","Organization"],"@id":"https:\/\/der-goldene-fisch.de\/ping\/#\/schema\/person\/c415140d7348926844a49b29cc105aa4","name":"Andreas Louis Seyerlein","image":{"@type":"ImageObject","inLanguage":"de","@id":"https:\/\/der-goldene-fisch.de\/ping\/#\/schema\/person\/image\/","url":"https:\/\/secure.gravatar.com\/avatar\/d233a6eb5d99a83abb911b2d89ddf42e?s=96&d=mm&r=g","contentUrl":"https:\/\/secure.gravatar.com\/avatar\/d233a6eb5d99a83abb911b2d89ddf42e?s=96&d=mm&r=g","caption":"Andreas Louis Seyerlein"},"logo":{"@id":"https:\/\/der-goldene-fisch.de\/ping\/#\/schema\/person\/image\/"},"sameAs":["http:\/\/"]},{"@type":"Person","@id":"https:\/\/der-goldene-fisch.de\/ping\/#\/schema\/person\/ae65445cb29baaaf911bb3751ad66f76","name":"Thorsten Kr\u00e4mer","image":{"@type":"ImageObject","inLanguage":"de","@id":"https:\/\/der-goldene-fisch.de\/ping\/#\/schema\/person\/image\/","url":"https:\/\/secure.gravatar.com\/avatar\/494c3ef1389ba6e021d9cac11e0c4e81?s=96&d=mm&r=g","contentUrl":"https:\/\/secure.gravatar.com\/avatar\/494c3ef1389ba6e021d9cac11e0c4e81?s=96&d=mm&r=g","caption":"Thorsten Kr\u00e4mer"},"description":"Thorsten Kr\u00e4mer geboren 1971, lebt in K\u00f6ln. Ver\u00f6ffentlichungen: \u201cFast schon ein Gl\u00fcck\u201d, Erz\u00e4hlungen, Emons 1998 \u201cIch hei\u00dfe Hal Hartley\u201d, Film in Worten, Tropen 1998 \u201cNeue Musik aus Japan\u201d, Roman, Kiepenheuer &amp; Witsch 1999 \u201cThe Democratic Forest\u201d, Gedichte, Parasitenpresse 2008","url":"https:\/\/der-goldene-fisch.de\/ping\/author\/thorsten214\/"}]}},"jetpack_featured_media_url":"","jetpack_sharing_enabled":true,"jetpack_shortlink":"https:\/\/wp.me\/pxsFY-1ZP","_links":{"self":[{"href":"https:\/\/der-goldene-fisch.de\/ping\/wp-json\/wp\/v2\/posts\/7677","targetHints":{"allow":["GET"]}}],"collection":[{"href":"https:\/\/der-goldene-fisch.de\/ping\/wp-json\/wp\/v2\/posts"}],"about":[{"href":"https:\/\/der-goldene-fisch.de\/ping\/wp-json\/wp\/v2\/types\/post"}],"author":[{"embeddable":true,"href":"https:\/\/der-goldene-fisch.de\/ping\/wp-json\/wp\/v2\/users\/11"}],"replies":[{"embeddable":true,"href":"https:\/\/der-goldene-fisch.de\/ping\/wp-json\/wp\/v2\/comments?post=7677"}],"version-history":[{"count":0,"href":"https:\/\/der-goldene-fisch.de\/ping\/wp-json\/wp\/v2\/posts\/7677\/revisions"}],"wp:attachment":[{"href":"https:\/\/der-goldene-fisch.de\/ping\/wp-json\/wp\/v2\/media?parent=7677"}],"wp:term":[{"taxonomy":"category","embeddable":true,"href":"https:\/\/der-goldene-fisch.de\/ping\/wp-json\/wp\/v2\/categories?post=7677"},{"taxonomy":"post_tag","embeddable":true,"href":"https:\/\/der-goldene-fisch.de\/ping\/wp-json\/wp\/v2\/tags?post=7677"}],"curies":[{"name":"wp","href":"https:\/\/api.w.org\/{rel}","templated":true}]}}