{"id":7940,"date":"2014-11-13T14:04:59","date_gmt":"2014-11-13T13:04:59","guid":{"rendered":"http:\/\/der-goldene-fisch.de\/ping\/?p=7940"},"modified":"2014-11-13T14:04:59","modified_gmt":"2014-11-13T13:04:59","slug":"wetter-im-berg","status":"publish","type":"post","link":"https:\/\/der-goldene-fisch.de\/ping\/wetter-im-berg\/","title":{"rendered":"wetter im berg"},"content":{"rendered":"<p><a href=\"http:\/\/der-goldene-fisch.de\/ping\/wp-content\/2014\/11\/P1030605-Wolken-kupferrot-klein.jpg\"><img loading=\"lazy\" decoding=\"async\" class=\"alignleft size-full wp-image-7941\" src=\"http:\/\/der-goldene-fisch.de\/ping\/wp-content\/2014\/11\/P1030605-Wolken-kupferrot-klein.jpg\" alt=\"\" width=\"418\" height=\"744\" srcset=\"https:\/\/der-goldene-fisch.de\/ping\/wp-content\/2014\/11\/P1030605-Wolken-kupferrot-klein.jpg 597w, https:\/\/der-goldene-fisch.de\/ping\/wp-content\/2014\/11\/P1030605-Wolken-kupferrot-klein-168x300.jpg 168w, https:\/\/der-goldene-fisch.de\/ping\/wp-content\/2014\/11\/P1030605-Wolken-kupferrot-klein-575x1024.jpg 575w\" sizes=\"auto, (max-width: 418px) 100vw, 418px\" \/><\/a><\/p>\n<p>kennt ihr das wettergeschehen am berge, wenn ihr vom biwaklager aufschaut in die schroffen steine, in die ihr hinein sollt am n\u00e4chsten morgen? und auf schaut ihr und seht die wolken sich st\u00fclpen \u00fcber die gipfel und einsinken ins tal. nur scheinen sie zu z\u00f6gern und sich auf die drohgeb\u00e4rde zu verlegen. sie sinken und heben sich, sinken wieder, steigen wieder. zu langsam, als dass sie wippen w\u00fcrden. zu schnell, als dass man nicht gebannt hin\u00fcber blicken w\u00fcrde in die wesen, die uns morgen fr\u00fch verschlingen werden.<\/p>\n","protected":false},"excerpt":{"rendered":"<p>kennt ihr das wettergeschehen am berge, wenn ihr vom biwaklager aufschaut in die schroffen steine, in die ihr hinein sollt am n\u00e4chsten morgen? und auf schaut ihr und seht die wolken sich st\u00fclpen \u00fcber die gipfel und einsinken ins tal. nur scheinen sie zu z\u00f6gern und sich auf die drohgeb\u00e4rde zu verlegen. sie sinken und [&hellip;]<\/p>\n","protected":false},"author":10,"featured_media":0,"comment_status":"open","ping_status":"open","sticky":false,"template":"","format":"standard","meta":{"jetpack_post_was_ever_published":false,"_jetpack_newsletter_access":"","_jetpack_dont_email_post_to_subs":false,"_jetpack_newsletter_tier_id":0,"_jetpack_memberships_contains_paywalled_content":false,"_jetpack_memberships_contains_paid_content":false,"footnotes":"","jetpack_publicize_message":"","jetpack_publicize_feature_enabled":true,"jetpack_social_post_already_shared":false,"jetpack_social_options":{"image_generator_settings":{"template":"highway","enabled":false},"version":2}},"categories":[85],"tags":[],"class_list":["post-7940","post","type-post","status-publish","format-standard","hentry","category-a"],"jetpack_publicize_connections":[],"yoast_head":"<!-- This site is optimized with the Yoast SEO plugin v24.0 - https:\/\/yoast.com\/wordpress\/plugins\/seo\/ -->\n<title>wetter im berg - der goldene fisch<\/title>\n<meta name=\"robots\" content=\"index, follow, max-snippet:-1, max-image-preview:large, max-video-preview:-1\" \/>\n<link rel=\"canonical\" href=\"https:\/\/der-goldene-fisch.de\/ping\/wetter-im-berg\/\" \/>\n<meta property=\"og:locale\" content=\"de_DE\" \/>\n<meta property=\"og:type\" content=\"article\" \/>\n<meta property=\"og:title\" content=\"wetter im berg - der goldene fisch\" \/>\n<meta property=\"og:description\" content=\"kennt ihr das wettergeschehen am berge, wenn ihr vom biwaklager aufschaut in die schroffen steine, in die ihr hinein sollt am n\u00e4chsten morgen? und auf schaut ihr und seht die wolken sich st\u00fclpen \u00fcber die gipfel und einsinken ins tal. nur scheinen sie zu z\u00f6gern und sich auf die drohgeb\u00e4rde zu verlegen. sie sinken und [&hellip;]\" \/>\n<meta property=\"og:url\" content=\"https:\/\/der-goldene-fisch.de\/ping\/wetter-im-berg\/\" \/>\n<meta property=\"og:site_name\" content=\"der goldene fisch\" \/>\n<meta property=\"article:published_time\" content=\"2014-11-13T13:04:59+00:00\" \/>\n<meta property=\"og:image\" content=\"http:\/\/der-goldene-fisch.de\/ping\/wp-content\/2014\/11\/P1030605-Wolken-kupferrot-klein.jpg\" \/>\n<meta name=\"author\" content=\"Gerald Koll\" \/>\n<meta name=\"twitter:card\" content=\"summary_large_image\" \/>\n<meta name=\"twitter:label1\" content=\"Verfasst von\" \/>\n\t<meta name=\"twitter:data1\" content=\"Gerald Koll\" \/>\n<script type=\"application\/ld+json\" class=\"yoast-schema-graph\">{\"@context\":\"https:\/\/schema.org\",\"@graph\":[{\"@type\":\"Article\",\"@id\":\"https:\/\/der-goldene-fisch.de\/ping\/wetter-im-berg\/#article\",\"isPartOf\":{\"@id\":\"https:\/\/der-goldene-fisch.de\/ping\/wetter-im-berg\/\"},\"author\":{\"name\":\"Gerald Koll\",\"@id\":\"https:\/\/der-goldene-fisch.de\/ping\/#\/schema\/person\/b4cb2b531063dfc4a80c1893365b7faf\"},\"headline\":\"wetter im berg\",\"datePublished\":\"2014-11-13T13:04:59+00:00\",\"dateModified\":\"2014-11-13T13:04:59+00:00\",\"mainEntityOfPage\":{\"@id\":\"https:\/\/der-goldene-fisch.de\/ping\/wetter-im-berg\/\"},\"wordCount\":98,\"commentCount\":0,\"publisher\":{\"@id\":\"https:\/\/der-goldene-fisch.de\/ping\/#\/schema\/person\/c415140d7348926844a49b29cc105aa4\"},\"image\":{\"@id\":\"https:\/\/der-goldene-fisch.de\/ping\/wetter-im-berg\/#primaryimage\"},\"thumbnailUrl\":\"http:\/\/der-goldene-fisch.de\/ping\/wp-content\/2014\/11\/P1030605-Wolken-kupferrot-klein.jpg\",\"articleSection\":[\"a\"],\"inLanguage\":\"de\",\"potentialAction\":[{\"@type\":\"CommentAction\",\"name\":\"Comment\",\"target\":[\"https:\/\/der-goldene-fisch.de\/ping\/wetter-im-berg\/#respond\"]}]},{\"@type\":\"WebPage\",\"@id\":\"https:\/\/der-goldene-fisch.de\/ping\/wetter-im-berg\/\",\"url\":\"https:\/\/der-goldene-fisch.de\/ping\/wetter-im-berg\/\",\"name\":\"wetter im berg - der goldene fisch\",\"isPartOf\":{\"@id\":\"https:\/\/der-goldene-fisch.de\/ping\/#website\"},\"primaryImageOfPage\":{\"@id\":\"https:\/\/der-goldene-fisch.de\/ping\/wetter-im-berg\/#primaryimage\"},\"image\":{\"@id\":\"https:\/\/der-goldene-fisch.de\/ping\/wetter-im-berg\/#primaryimage\"},\"thumbnailUrl\":\"http:\/\/der-goldene-fisch.de\/ping\/wp-content\/2014\/11\/P1030605-Wolken-kupferrot-klein.jpg\",\"datePublished\":\"2014-11-13T13:04:59+00:00\",\"dateModified\":\"2014-11-13T13:04:59+00:00\",\"breadcrumb\":{\"@id\":\"https:\/\/der-goldene-fisch.de\/ping\/wetter-im-berg\/#breadcrumb\"},\"inLanguage\":\"de\",\"potentialAction\":[{\"@type\":\"ReadAction\",\"target\":[\"https:\/\/der-goldene-fisch.de\/ping\/wetter-im-berg\/\"]}]},{\"@type\":\"ImageObject\",\"inLanguage\":\"de\",\"@id\":\"https:\/\/der-goldene-fisch.de\/ping\/wetter-im-berg\/#primaryimage\",\"url\":\"http:\/\/der-goldene-fisch.de\/ping\/wp-content\/2014\/11\/P1030605-Wolken-kupferrot-klein.jpg\",\"contentUrl\":\"http:\/\/der-goldene-fisch.de\/ping\/wp-content\/2014\/11\/P1030605-Wolken-kupferrot-klein.jpg\"},{\"@type\":\"BreadcrumbList\",\"@id\":\"https:\/\/der-goldene-fisch.de\/ping\/wetter-im-berg\/#breadcrumb\",\"itemListElement\":[{\"@type\":\"ListItem\",\"position\":1,\"name\":\"Startseite\",\"item\":\"https:\/\/der-goldene-fisch.de\/ping\/\"},{\"@type\":\"ListItem\",\"position\":2,\"name\":\"wetter im berg\"}]},{\"@type\":\"WebSite\",\"@id\":\"https:\/\/der-goldene-fisch.de\/ping\/#website\",\"url\":\"https:\/\/der-goldene-fisch.de\/ping\/\",\"name\":\"der goldene fisch\",\"description\":\"\",\"publisher\":{\"@id\":\"https:\/\/der-goldene-fisch.de\/ping\/#\/schema\/person\/c415140d7348926844a49b29cc105aa4\"},\"potentialAction\":[{\"@type\":\"SearchAction\",\"target\":{\"@type\":\"EntryPoint\",\"urlTemplate\":\"https:\/\/der-goldene-fisch.de\/ping\/?s={search_term_string}\"},\"query-input\":{\"@type\":\"PropertyValueSpecification\",\"valueRequired\":true,\"valueName\":\"search_term_string\"}}],\"inLanguage\":\"de\"},{\"@type\":[\"Person\",\"Organization\"],\"@id\":\"https:\/\/der-goldene-fisch.de\/ping\/#\/schema\/person\/c415140d7348926844a49b29cc105aa4\",\"name\":\"Andreas Louis Seyerlein\",\"image\":{\"@type\":\"ImageObject\",\"inLanguage\":\"de\",\"@id\":\"https:\/\/der-goldene-fisch.de\/ping\/#\/schema\/person\/image\/\",\"url\":\"https:\/\/secure.gravatar.com\/avatar\/d233a6eb5d99a83abb911b2d89ddf42e?s=96&d=mm&r=g\",\"contentUrl\":\"https:\/\/secure.gravatar.com\/avatar\/d233a6eb5d99a83abb911b2d89ddf42e?s=96&d=mm&r=g\",\"caption\":\"Andreas Louis Seyerlein\"},\"logo\":{\"@id\":\"https:\/\/der-goldene-fisch.de\/ping\/#\/schema\/person\/image\/\"},\"sameAs\":[\"http:\/\/\"]},{\"@type\":\"Person\",\"@id\":\"https:\/\/der-goldene-fisch.de\/ping\/#\/schema\/person\/b4cb2b531063dfc4a80c1893365b7faf\",\"name\":\"Gerald Koll\",\"image\":{\"@type\":\"ImageObject\",\"inLanguage\":\"de\",\"@id\":\"https:\/\/der-goldene-fisch.de\/ping\/#\/schema\/person\/image\/\",\"url\":\"https:\/\/secure.gravatar.com\/avatar\/494c3ef1389ba6e021d9cac11e0c4e81?s=96&d=mm&r=g\",\"contentUrl\":\"https:\/\/secure.gravatar.com\/avatar\/494c3ef1389ba6e021d9cac11e0c4e81?s=96&d=mm&r=g\",\"caption\":\"Gerald Koll\"},\"sameAs\":[\"http:\/\/www.geraldkoll.de\"],\"url\":\"https:\/\/der-goldene-fisch.de\/ping\/author\/gerald667\/\"}]}<\/script>\n<!-- \/ Yoast SEO plugin. -->","yoast_head_json":{"title":"wetter im berg - der goldene fisch","robots":{"index":"index","follow":"follow","max-snippet":"max-snippet:-1","max-image-preview":"max-image-preview:large","max-video-preview":"max-video-preview:-1"},"canonical":"https:\/\/der-goldene-fisch.de\/ping\/wetter-im-berg\/","og_locale":"de_DE","og_type":"article","og_title":"wetter im berg - der goldene fisch","og_description":"kennt ihr das wettergeschehen am berge, wenn ihr vom biwaklager aufschaut in die schroffen steine, in die ihr hinein sollt am n\u00e4chsten morgen? und auf schaut ihr und seht die wolken sich st\u00fclpen \u00fcber die gipfel und einsinken ins tal. nur scheinen sie zu z\u00f6gern und sich auf die drohgeb\u00e4rde zu verlegen. sie sinken und [&hellip;]","og_url":"https:\/\/der-goldene-fisch.de\/ping\/wetter-im-berg\/","og_site_name":"der goldene fisch","article_published_time":"2014-11-13T13:04:59+00:00","og_image":[{"url":"http:\/\/der-goldene-fisch.de\/ping\/wp-content\/2014\/11\/P1030605-Wolken-kupferrot-klein.jpg","type":"","width":"","height":""}],"author":"Gerald Koll","twitter_card":"summary_large_image","twitter_misc":{"Verfasst von":"Gerald Koll"},"schema":{"@context":"https:\/\/schema.org","@graph":[{"@type":"Article","@id":"https:\/\/der-goldene-fisch.de\/ping\/wetter-im-berg\/#article","isPartOf":{"@id":"https:\/\/der-goldene-fisch.de\/ping\/wetter-im-berg\/"},"author":{"name":"Gerald Koll","@id":"https:\/\/der-goldene-fisch.de\/ping\/#\/schema\/person\/b4cb2b531063dfc4a80c1893365b7faf"},"headline":"wetter im berg","datePublished":"2014-11-13T13:04:59+00:00","dateModified":"2014-11-13T13:04:59+00:00","mainEntityOfPage":{"@id":"https:\/\/der-goldene-fisch.de\/ping\/wetter-im-berg\/"},"wordCount":98,"commentCount":0,"publisher":{"@id":"https:\/\/der-goldene-fisch.de\/ping\/#\/schema\/person\/c415140d7348926844a49b29cc105aa4"},"image":{"@id":"https:\/\/der-goldene-fisch.de\/ping\/wetter-im-berg\/#primaryimage"},"thumbnailUrl":"http:\/\/der-goldene-fisch.de\/ping\/wp-content\/2014\/11\/P1030605-Wolken-kupferrot-klein.jpg","articleSection":["a"],"inLanguage":"de","potentialAction":[{"@type":"CommentAction","name":"Comment","target":["https:\/\/der-goldene-fisch.de\/ping\/wetter-im-berg\/#respond"]}]},{"@type":"WebPage","@id":"https:\/\/der-goldene-fisch.de\/ping\/wetter-im-berg\/","url":"https:\/\/der-goldene-fisch.de\/ping\/wetter-im-berg\/","name":"wetter im berg - der goldene fisch","isPartOf":{"@id":"https:\/\/der-goldene-fisch.de\/ping\/#website"},"primaryImageOfPage":{"@id":"https:\/\/der-goldene-fisch.de\/ping\/wetter-im-berg\/#primaryimage"},"image":{"@id":"https:\/\/der-goldene-fisch.de\/ping\/wetter-im-berg\/#primaryimage"},"thumbnailUrl":"http:\/\/der-goldene-fisch.de\/ping\/wp-content\/2014\/11\/P1030605-Wolken-kupferrot-klein.jpg","datePublished":"2014-11-13T13:04:59+00:00","dateModified":"2014-11-13T13:04:59+00:00","breadcrumb":{"@id":"https:\/\/der-goldene-fisch.de\/ping\/wetter-im-berg\/#breadcrumb"},"inLanguage":"de","potentialAction":[{"@type":"ReadAction","target":["https:\/\/der-goldene-fisch.de\/ping\/wetter-im-berg\/"]}]},{"@type":"ImageObject","inLanguage":"de","@id":"https:\/\/der-goldene-fisch.de\/ping\/wetter-im-berg\/#primaryimage","url":"http:\/\/der-goldene-fisch.de\/ping\/wp-content\/2014\/11\/P1030605-Wolken-kupferrot-klein.jpg","contentUrl":"http:\/\/der-goldene-fisch.de\/ping\/wp-content\/2014\/11\/P1030605-Wolken-kupferrot-klein.jpg"},{"@type":"BreadcrumbList","@id":"https:\/\/der-goldene-fisch.de\/ping\/wetter-im-berg\/#breadcrumb","itemListElement":[{"@type":"ListItem","position":1,"name":"Startseite","item":"https:\/\/der-goldene-fisch.de\/ping\/"},{"@type":"ListItem","position":2,"name":"wetter im berg"}]},{"@type":"WebSite","@id":"https:\/\/der-goldene-fisch.de\/ping\/#website","url":"https:\/\/der-goldene-fisch.de\/ping\/","name":"der goldene fisch","description":"","publisher":{"@id":"https:\/\/der-goldene-fisch.de\/ping\/#\/schema\/person\/c415140d7348926844a49b29cc105aa4"},"potentialAction":[{"@type":"SearchAction","target":{"@type":"EntryPoint","urlTemplate":"https:\/\/der-goldene-fisch.de\/ping\/?s={search_term_string}"},"query-input":{"@type":"PropertyValueSpecification","valueRequired":true,"valueName":"search_term_string"}}],"inLanguage":"de"},{"@type":["Person","Organization"],"@id":"https:\/\/der-goldene-fisch.de\/ping\/#\/schema\/person\/c415140d7348926844a49b29cc105aa4","name":"Andreas Louis Seyerlein","image":{"@type":"ImageObject","inLanguage":"de","@id":"https:\/\/der-goldene-fisch.de\/ping\/#\/schema\/person\/image\/","url":"https:\/\/secure.gravatar.com\/avatar\/d233a6eb5d99a83abb911b2d89ddf42e?s=96&d=mm&r=g","contentUrl":"https:\/\/secure.gravatar.com\/avatar\/d233a6eb5d99a83abb911b2d89ddf42e?s=96&d=mm&r=g","caption":"Andreas Louis Seyerlein"},"logo":{"@id":"https:\/\/der-goldene-fisch.de\/ping\/#\/schema\/person\/image\/"},"sameAs":["http:\/\/"]},{"@type":"Person","@id":"https:\/\/der-goldene-fisch.de\/ping\/#\/schema\/person\/b4cb2b531063dfc4a80c1893365b7faf","name":"Gerald Koll","image":{"@type":"ImageObject","inLanguage":"de","@id":"https:\/\/der-goldene-fisch.de\/ping\/#\/schema\/person\/image\/","url":"https:\/\/secure.gravatar.com\/avatar\/494c3ef1389ba6e021d9cac11e0c4e81?s=96&d=mm&r=g","contentUrl":"https:\/\/secure.gravatar.com\/avatar\/494c3ef1389ba6e021d9cac11e0c4e81?s=96&d=mm&r=g","caption":"Gerald Koll"},"sameAs":["http:\/\/www.geraldkoll.de"],"url":"https:\/\/der-goldene-fisch.de\/ping\/author\/gerald667\/"}]}},"jetpack_featured_media_url":"","jetpack_sharing_enabled":true,"jetpack_shortlink":"https:\/\/wp.me\/pxsFY-244","_links":{"self":[{"href":"https:\/\/der-goldene-fisch.de\/ping\/wp-json\/wp\/v2\/posts\/7940","targetHints":{"allow":["GET"]}}],"collection":[{"href":"https:\/\/der-goldene-fisch.de\/ping\/wp-json\/wp\/v2\/posts"}],"about":[{"href":"https:\/\/der-goldene-fisch.de\/ping\/wp-json\/wp\/v2\/types\/post"}],"author":[{"embeddable":true,"href":"https:\/\/der-goldene-fisch.de\/ping\/wp-json\/wp\/v2\/users\/10"}],"replies":[{"embeddable":true,"href":"https:\/\/der-goldene-fisch.de\/ping\/wp-json\/wp\/v2\/comments?post=7940"}],"version-history":[{"count":0,"href":"https:\/\/der-goldene-fisch.de\/ping\/wp-json\/wp\/v2\/posts\/7940\/revisions"}],"wp:attachment":[{"href":"https:\/\/der-goldene-fisch.de\/ping\/wp-json\/wp\/v2\/media?parent=7940"}],"wp:term":[{"taxonomy":"category","embeddable":true,"href":"https:\/\/der-goldene-fisch.de\/ping\/wp-json\/wp\/v2\/categories?post=7940"},{"taxonomy":"post_tag","embeddable":true,"href":"https:\/\/der-goldene-fisch.de\/ping\/wp-json\/wp\/v2\/tags?post=7940"}],"curies":[{"name":"wp","href":"https:\/\/api.w.org\/{rel}","templated":true}]}}