{"id":9756,"date":"2016-07-08T19:50:46","date_gmt":"2016-07-08T18:50:46","guid":{"rendered":"http:\/\/der-goldene-fisch.de\/ping\/?p=9756"},"modified":"2016-07-08T19:52:11","modified_gmt":"2016-07-08T18:52:11","slug":"die-luft-entweicht","status":"publish","type":"post","link":"https:\/\/der-goldene-fisch.de\/ping\/die-luft-entweicht\/","title":{"rendered":"Die Luft entweicht"},"content":{"rendered":"<p>Das Halbfinale der EM sehe ich mir allein an, die Kinder schlafen ermattet nebenan, ihre Mutter liegt fiebernd ebenfalls im Bett, Kimmich steht ganz weit au\u00dfen und ich sp\u00fcre meinen Herzschlag im Hals, auch ein Kratzen im Rachen, Salbeitee. Den Tag \u00fcber hat es nicht geregnet, um heute wieder zu sch\u00fctten. Mir fehlt noch Teil VI der Sonette aus der Reihe \u201eFahrradcharismatiker\u201c, mit denen ich die Eindr\u00fccke aus drei strammen Jahren des Fahrradpendelns in Hamburg verarbeite. Da, wieder eine sehenswerte Ballstafette. Ich bleibe zuhause und k\u00fcmmere mich. Ein Tag im Home Office, merke ich, ist wie eine Woche im B\u00fcro: Kinder zur Schule begleiten, einkaufen, kochen, arbeiten, Kleinkind tr\u00f6sten, arbeiten, Kleinkind f\u00fcttern, Kimmich auf \u00d6zil, Kinder von der Schule holen, Fragen beantworten (wenn findest du besser, Matth\u00e4us oder Messi?), essen, arbeiten, sich reinsteigern wegen Schweinsteiger, Dateien retten, die Kleinkind mit einem Patschen auf die Tastatur in den Orbit gejagt hat, Teil VI planen im Hinterkopf (\u201edies sind keine Klagen, sondern das Gl\u00fcck, in der Ewigkeit nur eine kurze Strecke ableisten zu m\u00fcssen\u201c) &#8230; Irgendwann halte ich es nicht mehr aus, stelle den Fernseher auf leise und bereite Frikadellen in der K\u00fcche f\u00fcr den n\u00e4chsten Tag. Sie simmern herrlich im hei\u00dfen Fett, pl\u00f6tzlich steht es still und leise 0:2 und mir f\u00e4llt ein, dass Teil VI aus jeweils zwei Zeilen der ersten Teile bestehen wird plus zwei zus\u00e4tzlichen Zeilen, dem schlie\u00dfenden Couplet. Kleinkind stolpert, Boateng patzt. Mit dem Ausscheiden der Mannschaft sind die Halsschmerzen verschwunden. Ach \u00fcbrigens, wer nicht findet, dass es vermessen ist, immer nur auf Leistung und Gr\u00f6\u00dfe zu schielen, der leiste sich was und werde gro\u00df. Kinder wachen auf, das Fieber sinkt. Und dann f\u00e4ngt die Arbeit wieder, endlich an.<\/p>\n","protected":false},"excerpt":{"rendered":"<p>Das Halbfinale der EM sehe ich mir allein an, die Kinder schlafen ermattet nebenan, ihre Mutter liegt fiebernd ebenfalls im Bett, Kimmich steht ganz weit au\u00dfen und ich sp\u00fcre meinen Herzschlag im Hals, auch ein Kratzen im Rachen, Salbeitee. Den Tag \u00fcber hat es nicht geregnet, um heute wieder zu sch\u00fctten. Mir fehlt noch Teil [&hellip;]<\/p>\n","protected":false},"author":18,"featured_media":0,"comment_status":"open","ping_status":"open","sticky":false,"template":"","format":"standard","meta":{"jetpack_post_was_ever_published":false,"_jetpack_newsletter_access":"","_jetpack_dont_email_post_to_subs":false,"_jetpack_newsletter_tier_id":0,"_jetpack_memberships_contains_paywalled_content":false,"_jetpack_memberships_contains_paid_content":false,"footnotes":"","jetpack_publicize_message":"","jetpack_publicize_feature_enabled":true,"jetpack_social_post_already_shared":false,"jetpack_social_options":{"image_generator_settings":{"template":"highway","enabled":false},"version":2}},"categories":[85],"tags":[],"class_list":["post-9756","post","type-post","status-publish","format-standard","hentry","category-a"],"jetpack_publicize_connections":[],"yoast_head":"<!-- This site is optimized with the Yoast SEO plugin v24.0 - https:\/\/yoast.com\/wordpress\/plugins\/seo\/ -->\n<title>Die Luft entweicht - der goldene fisch<\/title>\n<meta name=\"robots\" content=\"index, follow, max-snippet:-1, max-image-preview:large, max-video-preview:-1\" \/>\n<link rel=\"canonical\" href=\"https:\/\/der-goldene-fisch.de\/ping\/die-luft-entweicht\/\" \/>\n<meta property=\"og:locale\" content=\"de_DE\" \/>\n<meta property=\"og:type\" content=\"article\" \/>\n<meta property=\"og:title\" content=\"Die Luft entweicht - der goldene fisch\" \/>\n<meta property=\"og:description\" content=\"Das Halbfinale der EM sehe ich mir allein an, die Kinder schlafen ermattet nebenan, ihre Mutter liegt fiebernd ebenfalls im Bett, Kimmich steht ganz weit au\u00dfen und ich sp\u00fcre meinen Herzschlag im Hals, auch ein Kratzen im Rachen, Salbeitee. Den Tag \u00fcber hat es nicht geregnet, um heute wieder zu sch\u00fctten. Mir fehlt noch Teil [&hellip;]\" \/>\n<meta property=\"og:url\" content=\"https:\/\/der-goldene-fisch.de\/ping\/die-luft-entweicht\/\" \/>\n<meta property=\"og:site_name\" content=\"der goldene fisch\" \/>\n<meta property=\"article:published_time\" content=\"2016-07-08T18:50:46+00:00\" \/>\n<meta property=\"article:modified_time\" content=\"2016-07-08T18:52:11+00:00\" \/>\n<meta name=\"author\" content=\"Hendrik Rost\" \/>\n<meta name=\"twitter:card\" content=\"summary_large_image\" \/>\n<meta name=\"twitter:label1\" content=\"Verfasst von\" \/>\n\t<meta name=\"twitter:data1\" content=\"Hendrik Rost\" \/>\n\t<meta name=\"twitter:label2\" content=\"Gesch\u00e4tzte Lesezeit\" \/>\n\t<meta name=\"twitter:data2\" content=\"2 Minuten\" \/>\n<script type=\"application\/ld+json\" class=\"yoast-schema-graph\">{\"@context\":\"https:\/\/schema.org\",\"@graph\":[{\"@type\":\"Article\",\"@id\":\"https:\/\/der-goldene-fisch.de\/ping\/die-luft-entweicht\/#article\",\"isPartOf\":{\"@id\":\"https:\/\/der-goldene-fisch.de\/ping\/die-luft-entweicht\/\"},\"author\":{\"name\":\"Hendrik Rost\",\"@id\":\"https:\/\/der-goldene-fisch.de\/ping\/#\/schema\/person\/98b2c9edf23d22652eb4b2a0a9a758dd\"},\"headline\":\"Die Luft entweicht\",\"datePublished\":\"2016-07-08T18:50:46+00:00\",\"dateModified\":\"2016-07-08T18:52:11+00:00\",\"mainEntityOfPage\":{\"@id\":\"https:\/\/der-goldene-fisch.de\/ping\/die-luft-entweicht\/\"},\"wordCount\":304,\"commentCount\":0,\"publisher\":{\"@id\":\"https:\/\/der-goldene-fisch.de\/ping\/#\/schema\/person\/c415140d7348926844a49b29cc105aa4\"},\"articleSection\":[\"a\"],\"inLanguage\":\"de\",\"potentialAction\":[{\"@type\":\"CommentAction\",\"name\":\"Comment\",\"target\":[\"https:\/\/der-goldene-fisch.de\/ping\/die-luft-entweicht\/#respond\"]}]},{\"@type\":\"WebPage\",\"@id\":\"https:\/\/der-goldene-fisch.de\/ping\/die-luft-entweicht\/\",\"url\":\"https:\/\/der-goldene-fisch.de\/ping\/die-luft-entweicht\/\",\"name\":\"Die Luft entweicht - der goldene fisch\",\"isPartOf\":{\"@id\":\"https:\/\/der-goldene-fisch.de\/ping\/#website\"},\"datePublished\":\"2016-07-08T18:50:46+00:00\",\"dateModified\":\"2016-07-08T18:52:11+00:00\",\"breadcrumb\":{\"@id\":\"https:\/\/der-goldene-fisch.de\/ping\/die-luft-entweicht\/#breadcrumb\"},\"inLanguage\":\"de\",\"potentialAction\":[{\"@type\":\"ReadAction\",\"target\":[\"https:\/\/der-goldene-fisch.de\/ping\/die-luft-entweicht\/\"]}]},{\"@type\":\"BreadcrumbList\",\"@id\":\"https:\/\/der-goldene-fisch.de\/ping\/die-luft-entweicht\/#breadcrumb\",\"itemListElement\":[{\"@type\":\"ListItem\",\"position\":1,\"name\":\"Startseite\",\"item\":\"https:\/\/der-goldene-fisch.de\/ping\/\"},{\"@type\":\"ListItem\",\"position\":2,\"name\":\"Die Luft entweicht\"}]},{\"@type\":\"WebSite\",\"@id\":\"https:\/\/der-goldene-fisch.de\/ping\/#website\",\"url\":\"https:\/\/der-goldene-fisch.de\/ping\/\",\"name\":\"der goldene fisch\",\"description\":\"\",\"publisher\":{\"@id\":\"https:\/\/der-goldene-fisch.de\/ping\/#\/schema\/person\/c415140d7348926844a49b29cc105aa4\"},\"potentialAction\":[{\"@type\":\"SearchAction\",\"target\":{\"@type\":\"EntryPoint\",\"urlTemplate\":\"https:\/\/der-goldene-fisch.de\/ping\/?s={search_term_string}\"},\"query-input\":{\"@type\":\"PropertyValueSpecification\",\"valueRequired\":true,\"valueName\":\"search_term_string\"}}],\"inLanguage\":\"de\"},{\"@type\":[\"Person\",\"Organization\"],\"@id\":\"https:\/\/der-goldene-fisch.de\/ping\/#\/schema\/person\/c415140d7348926844a49b29cc105aa4\",\"name\":\"Andreas Louis Seyerlein\",\"image\":{\"@type\":\"ImageObject\",\"inLanguage\":\"de\",\"@id\":\"https:\/\/der-goldene-fisch.de\/ping\/#\/schema\/person\/image\/\",\"url\":\"https:\/\/secure.gravatar.com\/avatar\/d233a6eb5d99a83abb911b2d89ddf42e?s=96&d=mm&r=g\",\"contentUrl\":\"https:\/\/secure.gravatar.com\/avatar\/d233a6eb5d99a83abb911b2d89ddf42e?s=96&d=mm&r=g\",\"caption\":\"Andreas Louis Seyerlein\"},\"logo\":{\"@id\":\"https:\/\/der-goldene-fisch.de\/ping\/#\/schema\/person\/image\/\"},\"sameAs\":[\"http:\/\/\"]},{\"@type\":\"Person\",\"@id\":\"https:\/\/der-goldene-fisch.de\/ping\/#\/schema\/person\/98b2c9edf23d22652eb4b2a0a9a758dd\",\"name\":\"Hendrik Rost\",\"image\":{\"@type\":\"ImageObject\",\"inLanguage\":\"de\",\"@id\":\"https:\/\/der-goldene-fisch.de\/ping\/#\/schema\/person\/image\/\",\"url\":\"https:\/\/secure.gravatar.com\/avatar\/494c3ef1389ba6e021d9cac11e0c4e81?s=96&d=mm&r=g\",\"contentUrl\":\"https:\/\/secure.gravatar.com\/avatar\/494c3ef1389ba6e021d9cac11e0c4e81?s=96&d=mm&r=g\",\"caption\":\"Hendrik Rost\"},\"description\":\"Im M\u00e4rz 2016 erschien \u201eDas Liebesleben der Stimmen\u201c, Gedichte, im Wallstein Verlag, G\u00f6ttingen. Im August 2013 erschien sein Gedichtband \u201eLicht f\u00fcr andere Augen\u201c ebendort. Lebt mit seiner Familie als Autor, Lektor und \u00dcbersetzer in Hamburg.\",\"url\":\"https:\/\/der-goldene-fisch.de\/ping\/author\/hendrik776\/\"}]}<\/script>\n<!-- \/ Yoast SEO plugin. -->","yoast_head_json":{"title":"Die Luft entweicht - der goldene fisch","robots":{"index":"index","follow":"follow","max-snippet":"max-snippet:-1","max-image-preview":"max-image-preview:large","max-video-preview":"max-video-preview:-1"},"canonical":"https:\/\/der-goldene-fisch.de\/ping\/die-luft-entweicht\/","og_locale":"de_DE","og_type":"article","og_title":"Die Luft entweicht - der goldene fisch","og_description":"Das Halbfinale der EM sehe ich mir allein an, die Kinder schlafen ermattet nebenan, ihre Mutter liegt fiebernd ebenfalls im Bett, Kimmich steht ganz weit au\u00dfen und ich sp\u00fcre meinen Herzschlag im Hals, auch ein Kratzen im Rachen, Salbeitee. Den Tag \u00fcber hat es nicht geregnet, um heute wieder zu sch\u00fctten. Mir fehlt noch Teil [&hellip;]","og_url":"https:\/\/der-goldene-fisch.de\/ping\/die-luft-entweicht\/","og_site_name":"der goldene fisch","article_published_time":"2016-07-08T18:50:46+00:00","article_modified_time":"2016-07-08T18:52:11+00:00","author":"Hendrik Rost","twitter_card":"summary_large_image","twitter_misc":{"Verfasst von":"Hendrik Rost","Gesch\u00e4tzte Lesezeit":"2 Minuten"},"schema":{"@context":"https:\/\/schema.org","@graph":[{"@type":"Article","@id":"https:\/\/der-goldene-fisch.de\/ping\/die-luft-entweicht\/#article","isPartOf":{"@id":"https:\/\/der-goldene-fisch.de\/ping\/die-luft-entweicht\/"},"author":{"name":"Hendrik Rost","@id":"https:\/\/der-goldene-fisch.de\/ping\/#\/schema\/person\/98b2c9edf23d22652eb4b2a0a9a758dd"},"headline":"Die Luft entweicht","datePublished":"2016-07-08T18:50:46+00:00","dateModified":"2016-07-08T18:52:11+00:00","mainEntityOfPage":{"@id":"https:\/\/der-goldene-fisch.de\/ping\/die-luft-entweicht\/"},"wordCount":304,"commentCount":0,"publisher":{"@id":"https:\/\/der-goldene-fisch.de\/ping\/#\/schema\/person\/c415140d7348926844a49b29cc105aa4"},"articleSection":["a"],"inLanguage":"de","potentialAction":[{"@type":"CommentAction","name":"Comment","target":["https:\/\/der-goldene-fisch.de\/ping\/die-luft-entweicht\/#respond"]}]},{"@type":"WebPage","@id":"https:\/\/der-goldene-fisch.de\/ping\/die-luft-entweicht\/","url":"https:\/\/der-goldene-fisch.de\/ping\/die-luft-entweicht\/","name":"Die Luft entweicht - der goldene fisch","isPartOf":{"@id":"https:\/\/der-goldene-fisch.de\/ping\/#website"},"datePublished":"2016-07-08T18:50:46+00:00","dateModified":"2016-07-08T18:52:11+00:00","breadcrumb":{"@id":"https:\/\/der-goldene-fisch.de\/ping\/die-luft-entweicht\/#breadcrumb"},"inLanguage":"de","potentialAction":[{"@type":"ReadAction","target":["https:\/\/der-goldene-fisch.de\/ping\/die-luft-entweicht\/"]}]},{"@type":"BreadcrumbList","@id":"https:\/\/der-goldene-fisch.de\/ping\/die-luft-entweicht\/#breadcrumb","itemListElement":[{"@type":"ListItem","position":1,"name":"Startseite","item":"https:\/\/der-goldene-fisch.de\/ping\/"},{"@type":"ListItem","position":2,"name":"Die Luft entweicht"}]},{"@type":"WebSite","@id":"https:\/\/der-goldene-fisch.de\/ping\/#website","url":"https:\/\/der-goldene-fisch.de\/ping\/","name":"der goldene fisch","description":"","publisher":{"@id":"https:\/\/der-goldene-fisch.de\/ping\/#\/schema\/person\/c415140d7348926844a49b29cc105aa4"},"potentialAction":[{"@type":"SearchAction","target":{"@type":"EntryPoint","urlTemplate":"https:\/\/der-goldene-fisch.de\/ping\/?s={search_term_string}"},"query-input":{"@type":"PropertyValueSpecification","valueRequired":true,"valueName":"search_term_string"}}],"inLanguage":"de"},{"@type":["Person","Organization"],"@id":"https:\/\/der-goldene-fisch.de\/ping\/#\/schema\/person\/c415140d7348926844a49b29cc105aa4","name":"Andreas Louis Seyerlein","image":{"@type":"ImageObject","inLanguage":"de","@id":"https:\/\/der-goldene-fisch.de\/ping\/#\/schema\/person\/image\/","url":"https:\/\/secure.gravatar.com\/avatar\/d233a6eb5d99a83abb911b2d89ddf42e?s=96&d=mm&r=g","contentUrl":"https:\/\/secure.gravatar.com\/avatar\/d233a6eb5d99a83abb911b2d89ddf42e?s=96&d=mm&r=g","caption":"Andreas Louis Seyerlein"},"logo":{"@id":"https:\/\/der-goldene-fisch.de\/ping\/#\/schema\/person\/image\/"},"sameAs":["http:\/\/"]},{"@type":"Person","@id":"https:\/\/der-goldene-fisch.de\/ping\/#\/schema\/person\/98b2c9edf23d22652eb4b2a0a9a758dd","name":"Hendrik Rost","image":{"@type":"ImageObject","inLanguage":"de","@id":"https:\/\/der-goldene-fisch.de\/ping\/#\/schema\/person\/image\/","url":"https:\/\/secure.gravatar.com\/avatar\/494c3ef1389ba6e021d9cac11e0c4e81?s=96&d=mm&r=g","contentUrl":"https:\/\/secure.gravatar.com\/avatar\/494c3ef1389ba6e021d9cac11e0c4e81?s=96&d=mm&r=g","caption":"Hendrik Rost"},"description":"Im M\u00e4rz 2016 erschien \u201eDas Liebesleben der Stimmen\u201c, Gedichte, im Wallstein Verlag, G\u00f6ttingen. Im August 2013 erschien sein Gedichtband \u201eLicht f\u00fcr andere Augen\u201c ebendort. Lebt mit seiner Familie als Autor, Lektor und \u00dcbersetzer in Hamburg.","url":"https:\/\/der-goldene-fisch.de\/ping\/author\/hendrik776\/"}]}},"jetpack_featured_media_url":"","jetpack_sharing_enabled":true,"jetpack_shortlink":"https:\/\/wp.me\/pxsFY-2xm","_links":{"self":[{"href":"https:\/\/der-goldene-fisch.de\/ping\/wp-json\/wp\/v2\/posts\/9756","targetHints":{"allow":["GET"]}}],"collection":[{"href":"https:\/\/der-goldene-fisch.de\/ping\/wp-json\/wp\/v2\/posts"}],"about":[{"href":"https:\/\/der-goldene-fisch.de\/ping\/wp-json\/wp\/v2\/types\/post"}],"author":[{"embeddable":true,"href":"https:\/\/der-goldene-fisch.de\/ping\/wp-json\/wp\/v2\/users\/18"}],"replies":[{"embeddable":true,"href":"https:\/\/der-goldene-fisch.de\/ping\/wp-json\/wp\/v2\/comments?post=9756"}],"version-history":[{"count":0,"href":"https:\/\/der-goldene-fisch.de\/ping\/wp-json\/wp\/v2\/posts\/9756\/revisions"}],"wp:attachment":[{"href":"https:\/\/der-goldene-fisch.de\/ping\/wp-json\/wp\/v2\/media?parent=9756"}],"wp:term":[{"taxonomy":"category","embeddable":true,"href":"https:\/\/der-goldene-fisch.de\/ping\/wp-json\/wp\/v2\/categories?post=9756"},{"taxonomy":"post_tag","embeddable":true,"href":"https:\/\/der-goldene-fisch.de\/ping\/wp-json\/wp\/v2\/tags?post=9756"}],"curies":[{"name":"wp","href":"https:\/\/api.w.org\/{rel}","templated":true}]}}