{"id":9764,"date":"2016-07-12T11:40:49","date_gmt":"2016-07-12T10:40:49","guid":{"rendered":"http:\/\/der-goldene-fisch.de\/ping\/?p=9764"},"modified":"2016-07-12T11:40:49","modified_gmt":"2016-07-12T10:40:49","slug":"das-fuenfzigste-jahr-1","status":"publish","type":"post","link":"https:\/\/der-goldene-fisch.de\/ping\/das-fuenfzigste-jahr-1\/","title":{"rendered":"Das f\u00fcnfzigste Jahr (1)"},"content":{"rendered":"<p><strong>29. Mai 2015, <\/strong><strong>ein Freitag.<\/strong><\/p>\n<p>In einigerma\u00dfen ged\u00e4mpfter Stimmung startete ich in diesen Geburtstag, obwohl ich immerhin neben Kitty erwachte. Aber was sollte er bringen in dieser allzu dummen Zeit, in der soeben die Einnahmequelle versiegte, die Zukunft offen bis leer, die Projekte ohne Zahl (n\u00e4mlich null) und die Wohnsituation nur leidlich (Fortsetzung der Untermiete) gel\u00f6st ist? Nichts ist vorbereitet, keine Party, keine Einladung.<\/p>\n<p>Kitty sagte: Lass uns laufen. Also gingen wir laufen. Ein guter Start, obwohl wir ja den Baum, den wir &#8211; eine dringende Empfehlung Frau Hoppes bei der vort\u00e4gigen Sitzung bei Behandlung nach kinesiologischer und familienaufstellungstechnischer Methode &#8211; zu Mitternacht gemeinsam sehr inniglich und lange umarmt hatten, partout nicht wiederfinden wollten. Wohl eine halbe Stunde irrten wir dort im Volkspark Friedrichshain umher, bis wir ihn doch noch fanden, eine Eiche &#8211; einen Zweig nahm ich mir gleich mit nach Hause.<\/p>\n<p>Dort wieder angelangt, zogen wir zum Fr\u00fchst\u00fcck aus, in die &#8222;Bekarei&#8220;, diese ja sehr lustige portugiesische Lokalit\u00e4t mit ihren nussigen und eiigen Geb\u00e4cken. Mittags also entschieden, doch noch ein Dutzend zu einem Picknick in den Park am Weinbergplatz einzuladen. Aber dann &#8230;<\/p>\n<p>Kitty ihrerseits ging backen, denn mein Wunsch, die Fassbinder-Ausstellung aufzusuchen, war nun allzuweit von ihren Interessen entfernt. Also allein zum Gropius-Bau. Geradezu hindurchgerannt, denn nur eine Stunde war Zeit, um anschlie\u00dfend zu einer Lesung zu kommen. Im Schnelldurchlauf war klar: Vieles interessiert mich nicht, schon gar nicht die Fassbinder-Impulse im Werk der Nachgeborenen. Aber die Manuskriptseiten von eigener Hand, die Tonbandprotokolle f\u00fcr &#8222;Berlin Alexanderplatz&#8220; (78 Stunden am St\u00fcck eingesprochen!), die Monitorwand mit dem fr\u00fch gealterten &#8211; ja eher unappetitlichen Rossb\u00e4rtigen -, dazu die fr\u00fchen Bewerbungsschreiben beim dffb, seine Lederjacke, sein Breitner-Trikot, die Set-Fotos, all das warf mich doch sehr zur\u00fcck in die l\u00e4ngst verblichen geglaubte Faszination f\u00fcr diesen Energiemenschen, diesen unbedingten Mann.<\/p>\n<p>Dann aber los zur Lesung des Herrn Jang, eines Nordkoreaners, der einstmals Hofpoet und wichtiger Mann im Propagandaministerium des Geliebten F\u00fchrers war, bis er immer n\u00e4her an diesen Geliebten F\u00fchrer kam, sogar mit ihm die Gl\u00e4ser klingen lie\u00df und dabei aber merkte, dass zwischen hochtoupierter Frisur und Plateausohlen ein sehr kleiner, ein sehr flacher Mensch \u00fcbrig blieb, der Subjekt mit Pr\u00e4dikat verwechselte und gar nicht so charismatisch war, wie es die Doktrin vorschrieb. Da floh Herr Jang \u00fcber einen Fluss und sah, dass in S\u00fcdkorea die V\u00f6gel freier zwitscherten und der Himmel blauer war. Ob er, aus Nordkoreas Sicht ein Verr\u00e4ter, denn nun in Gefahr sei, wollte ich wissen. Er habe durch S\u00fcdkorea Personenschutz, lie\u00df mich Herr Jang wissen.<\/p>\n<p>Fraglich, ob es gut ist, in ein Land zu reisen, dessen emotionale Kraft und Psyche darauf geeicht ist, entweder zu bewundern (den Geliebten F\u00fchrer) oder zu hassen (den westlichen Gast). Wie soll da Begegnung funktionieren, nur weil man selbst die Ideologie au\u00dfen vor l\u00e4sst?<\/p>\n<p>Dann also in den Park, best\u00fcckt mit vier Flaschen Sekt. Dort zun\u00e4chst allein. Mit Rainer telefoniert, dessen Gratulation nach einigen Informationen \u00fcber die letzten Ereignisse eher zu einer Kondolation wurde. Etwas traurig in den Himmel geschaut. Dann Ablenkung: Jascha und Luis waren schon da. Dazu kam Lucile. Sp\u00e4ter Klemens. Sektlaune. Sehr aufger\u00e4umt. Ich als Zeitzeuge, der Fahrt aufnahm, um \u00fcber Fassbinder und Schlingensief auszuk\u00fcnftlen. Was da alles hoch kam! Meine Zeiten mit Schlingensief, diesem Menschen zwischen Genie, Herz, Provokation. Sekt regt ja entschieden an. Regen schien zu kommen, kam aber nicht. Nur einige Tropfen. Man holte D\u00f6ner. Man a\u00df und spa\u00dfte sehr unverdrossen in die Dunkelheit hinein. Und dort, im Dunkel, bewegte sich ein Kerzenschein. Mein Verdacht &#8211; Das musste Kitty sein &#8211; erwies sich als richtig. Flankiert von Diesem und Jenem bahnte sie sich ihren Weg durch den Park, hin zu uns, zu mir, mit einer entz\u00fcckenden Mandarinentorte, verziert mit Gr\u00fcn und Fu\u00dfballtoren und Fu\u00dfballspielern. Dazu ein Plakat mit ihrem legend\u00e4ren Hintern. Dazu einen silbrigen Abguss ihrer B\u00fcste! Wie nett das alles war, bis wir uns sehr gl\u00fccklich gegen Mitternacht voneinander, und Kitty &amp; ich gingen nach Hause, schliefen bald.<\/p>\n<p>Einziger Nachteil: Irgendwann meldete sich unten rechts ein Zahnweh. Dort, wo er sich die ganze Zeit, als der Termin bevorstand, nicht gemeldet hatte. Jetzt ist der Termin verstrichen, und der Zahnweh ist wieder da. H\u00e4lt sich zudem irgendwie bis zum Zeitpunkt der Niederschrift (30.5.2015, 20 Uhr), und das ist nun ein wirklich unfassbarer psychosomatischer Unfug. Aber sei&#8217;s drum.<\/p>\n","protected":false},"excerpt":{"rendered":"<p>29. Mai 2015, ein Freitag. In einigerma\u00dfen ged\u00e4mpfter Stimmung startete ich in diesen Geburtstag, obwohl ich immerhin neben Kitty erwachte. Aber was sollte er bringen in dieser allzu dummen Zeit, in der soeben die Einnahmequelle versiegte, die Zukunft offen bis leer, die Projekte ohne Zahl (n\u00e4mlich null) und die Wohnsituation nur leidlich (Fortsetzung der Untermiete) [&hellip;]<\/p>\n","protected":false},"author":10,"featured_media":0,"comment_status":"open","ping_status":"open","sticky":false,"template":"","format":"standard","meta":{"jetpack_post_was_ever_published":false,"_jetpack_newsletter_access":"","_jetpack_dont_email_post_to_subs":false,"_jetpack_newsletter_tier_id":0,"_jetpack_memberships_contains_paywalled_content":false,"_jetpack_memberships_contains_paid_content":false,"footnotes":"","jetpack_publicize_message":"","jetpack_publicize_feature_enabled":true,"jetpack_social_post_already_shared":false,"jetpack_social_options":{"image_generator_settings":{"template":"highway","enabled":false},"version":2}},"categories":[85],"tags":[],"class_list":["post-9764","post","type-post","status-publish","format-standard","hentry","category-a"],"jetpack_publicize_connections":[],"yoast_head":"<!-- This site is optimized with the Yoast SEO plugin v24.0 - https:\/\/yoast.com\/wordpress\/plugins\/seo\/ -->\n<title>Das f\u00fcnfzigste Jahr (1) - der goldene fisch<\/title>\n<meta name=\"robots\" content=\"index, follow, max-snippet:-1, max-image-preview:large, max-video-preview:-1\" \/>\n<link rel=\"canonical\" href=\"https:\/\/der-goldene-fisch.de\/ping\/das-fuenfzigste-jahr-1\/\" \/>\n<meta property=\"og:locale\" content=\"de_DE\" \/>\n<meta property=\"og:type\" content=\"article\" \/>\n<meta property=\"og:title\" content=\"Das f\u00fcnfzigste Jahr (1) - der goldene fisch\" \/>\n<meta property=\"og:description\" content=\"29. Mai 2015, ein Freitag. In einigerma\u00dfen ged\u00e4mpfter Stimmung startete ich in diesen Geburtstag, obwohl ich immerhin neben Kitty erwachte. Aber was sollte er bringen in dieser allzu dummen Zeit, in der soeben die Einnahmequelle versiegte, die Zukunft offen bis leer, die Projekte ohne Zahl (n\u00e4mlich null) und die Wohnsituation nur leidlich (Fortsetzung der Untermiete) [&hellip;]\" \/>\n<meta property=\"og:url\" content=\"https:\/\/der-goldene-fisch.de\/ping\/das-fuenfzigste-jahr-1\/\" \/>\n<meta property=\"og:site_name\" content=\"der goldene fisch\" \/>\n<meta property=\"article:published_time\" content=\"2016-07-12T10:40:49+00:00\" \/>\n<meta name=\"author\" content=\"Gerald Koll\" \/>\n<meta name=\"twitter:card\" content=\"summary_large_image\" \/>\n<meta name=\"twitter:label1\" content=\"Verfasst von\" \/>\n\t<meta name=\"twitter:data1\" content=\"Gerald Koll\" \/>\n\t<meta name=\"twitter:label2\" content=\"Gesch\u00e4tzte Lesezeit\" \/>\n\t<meta name=\"twitter:data2\" content=\"4 Minuten\" \/>\n<script type=\"application\/ld+json\" class=\"yoast-schema-graph\">{\"@context\":\"https:\/\/schema.org\",\"@graph\":[{\"@type\":\"Article\",\"@id\":\"https:\/\/der-goldene-fisch.de\/ping\/das-fuenfzigste-jahr-1\/#article\",\"isPartOf\":{\"@id\":\"https:\/\/der-goldene-fisch.de\/ping\/das-fuenfzigste-jahr-1\/\"},\"author\":{\"name\":\"Gerald Koll\",\"@id\":\"https:\/\/der-goldene-fisch.de\/ping\/#\/schema\/person\/b4cb2b531063dfc4a80c1893365b7faf\"},\"headline\":\"Das f\u00fcnfzigste Jahr (1)\",\"datePublished\":\"2016-07-12T10:40:49+00:00\",\"dateModified\":\"2016-07-12T10:40:49+00:00\",\"mainEntityOfPage\":{\"@id\":\"https:\/\/der-goldene-fisch.de\/ping\/das-fuenfzigste-jahr-1\/\"},\"wordCount\":752,\"commentCount\":0,\"publisher\":{\"@id\":\"https:\/\/der-goldene-fisch.de\/ping\/#\/schema\/person\/c415140d7348926844a49b29cc105aa4\"},\"articleSection\":[\"a\"],\"inLanguage\":\"de\",\"potentialAction\":[{\"@type\":\"CommentAction\",\"name\":\"Comment\",\"target\":[\"https:\/\/der-goldene-fisch.de\/ping\/das-fuenfzigste-jahr-1\/#respond\"]}]},{\"@type\":\"WebPage\",\"@id\":\"https:\/\/der-goldene-fisch.de\/ping\/das-fuenfzigste-jahr-1\/\",\"url\":\"https:\/\/der-goldene-fisch.de\/ping\/das-fuenfzigste-jahr-1\/\",\"name\":\"Das f\u00fcnfzigste Jahr (1) - der goldene fisch\",\"isPartOf\":{\"@id\":\"https:\/\/der-goldene-fisch.de\/ping\/#website\"},\"datePublished\":\"2016-07-12T10:40:49+00:00\",\"dateModified\":\"2016-07-12T10:40:49+00:00\",\"breadcrumb\":{\"@id\":\"https:\/\/der-goldene-fisch.de\/ping\/das-fuenfzigste-jahr-1\/#breadcrumb\"},\"inLanguage\":\"de\",\"potentialAction\":[{\"@type\":\"ReadAction\",\"target\":[\"https:\/\/der-goldene-fisch.de\/ping\/das-fuenfzigste-jahr-1\/\"]}]},{\"@type\":\"BreadcrumbList\",\"@id\":\"https:\/\/der-goldene-fisch.de\/ping\/das-fuenfzigste-jahr-1\/#breadcrumb\",\"itemListElement\":[{\"@type\":\"ListItem\",\"position\":1,\"name\":\"Startseite\",\"item\":\"https:\/\/der-goldene-fisch.de\/ping\/\"},{\"@type\":\"ListItem\",\"position\":2,\"name\":\"Das f\u00fcnfzigste Jahr (1)\"}]},{\"@type\":\"WebSite\",\"@id\":\"https:\/\/der-goldene-fisch.de\/ping\/#website\",\"url\":\"https:\/\/der-goldene-fisch.de\/ping\/\",\"name\":\"der goldene fisch\",\"description\":\"\",\"publisher\":{\"@id\":\"https:\/\/der-goldene-fisch.de\/ping\/#\/schema\/person\/c415140d7348926844a49b29cc105aa4\"},\"potentialAction\":[{\"@type\":\"SearchAction\",\"target\":{\"@type\":\"EntryPoint\",\"urlTemplate\":\"https:\/\/der-goldene-fisch.de\/ping\/?s={search_term_string}\"},\"query-input\":{\"@type\":\"PropertyValueSpecification\",\"valueRequired\":true,\"valueName\":\"search_term_string\"}}],\"inLanguage\":\"de\"},{\"@type\":[\"Person\",\"Organization\"],\"@id\":\"https:\/\/der-goldene-fisch.de\/ping\/#\/schema\/person\/c415140d7348926844a49b29cc105aa4\",\"name\":\"Andreas Louis Seyerlein\",\"image\":{\"@type\":\"ImageObject\",\"inLanguage\":\"de\",\"@id\":\"https:\/\/der-goldene-fisch.de\/ping\/#\/schema\/person\/image\/\",\"url\":\"https:\/\/secure.gravatar.com\/avatar\/d233a6eb5d99a83abb911b2d89ddf42e?s=96&d=mm&r=g\",\"contentUrl\":\"https:\/\/secure.gravatar.com\/avatar\/d233a6eb5d99a83abb911b2d89ddf42e?s=96&d=mm&r=g\",\"caption\":\"Andreas Louis Seyerlein\"},\"logo\":{\"@id\":\"https:\/\/der-goldene-fisch.de\/ping\/#\/schema\/person\/image\/\"},\"sameAs\":[\"http:\/\/\"]},{\"@type\":\"Person\",\"@id\":\"https:\/\/der-goldene-fisch.de\/ping\/#\/schema\/person\/b4cb2b531063dfc4a80c1893365b7faf\",\"name\":\"Gerald Koll\",\"image\":{\"@type\":\"ImageObject\",\"inLanguage\":\"de\",\"@id\":\"https:\/\/der-goldene-fisch.de\/ping\/#\/schema\/person\/image\/\",\"url\":\"https:\/\/secure.gravatar.com\/avatar\/494c3ef1389ba6e021d9cac11e0c4e81?s=96&d=mm&r=g\",\"contentUrl\":\"https:\/\/secure.gravatar.com\/avatar\/494c3ef1389ba6e021d9cac11e0c4e81?s=96&d=mm&r=g\",\"caption\":\"Gerald Koll\"},\"sameAs\":[\"http:\/\/www.geraldkoll.de\"],\"url\":\"https:\/\/der-goldene-fisch.de\/ping\/author\/gerald667\/\"}]}<\/script>\n<!-- \/ Yoast SEO plugin. -->","yoast_head_json":{"title":"Das f\u00fcnfzigste Jahr (1) - der goldene fisch","robots":{"index":"index","follow":"follow","max-snippet":"max-snippet:-1","max-image-preview":"max-image-preview:large","max-video-preview":"max-video-preview:-1"},"canonical":"https:\/\/der-goldene-fisch.de\/ping\/das-fuenfzigste-jahr-1\/","og_locale":"de_DE","og_type":"article","og_title":"Das f\u00fcnfzigste Jahr (1) - der goldene fisch","og_description":"29. Mai 2015, ein Freitag. In einigerma\u00dfen ged\u00e4mpfter Stimmung startete ich in diesen Geburtstag, obwohl ich immerhin neben Kitty erwachte. Aber was sollte er bringen in dieser allzu dummen Zeit, in der soeben die Einnahmequelle versiegte, die Zukunft offen bis leer, die Projekte ohne Zahl (n\u00e4mlich null) und die Wohnsituation nur leidlich (Fortsetzung der Untermiete) [&hellip;]","og_url":"https:\/\/der-goldene-fisch.de\/ping\/das-fuenfzigste-jahr-1\/","og_site_name":"der goldene fisch","article_published_time":"2016-07-12T10:40:49+00:00","author":"Gerald Koll","twitter_card":"summary_large_image","twitter_misc":{"Verfasst von":"Gerald Koll","Gesch\u00e4tzte Lesezeit":"4 Minuten"},"schema":{"@context":"https:\/\/schema.org","@graph":[{"@type":"Article","@id":"https:\/\/der-goldene-fisch.de\/ping\/das-fuenfzigste-jahr-1\/#article","isPartOf":{"@id":"https:\/\/der-goldene-fisch.de\/ping\/das-fuenfzigste-jahr-1\/"},"author":{"name":"Gerald Koll","@id":"https:\/\/der-goldene-fisch.de\/ping\/#\/schema\/person\/b4cb2b531063dfc4a80c1893365b7faf"},"headline":"Das f\u00fcnfzigste Jahr (1)","datePublished":"2016-07-12T10:40:49+00:00","dateModified":"2016-07-12T10:40:49+00:00","mainEntityOfPage":{"@id":"https:\/\/der-goldene-fisch.de\/ping\/das-fuenfzigste-jahr-1\/"},"wordCount":752,"commentCount":0,"publisher":{"@id":"https:\/\/der-goldene-fisch.de\/ping\/#\/schema\/person\/c415140d7348926844a49b29cc105aa4"},"articleSection":["a"],"inLanguage":"de","potentialAction":[{"@type":"CommentAction","name":"Comment","target":["https:\/\/der-goldene-fisch.de\/ping\/das-fuenfzigste-jahr-1\/#respond"]}]},{"@type":"WebPage","@id":"https:\/\/der-goldene-fisch.de\/ping\/das-fuenfzigste-jahr-1\/","url":"https:\/\/der-goldene-fisch.de\/ping\/das-fuenfzigste-jahr-1\/","name":"Das f\u00fcnfzigste Jahr (1) - der goldene fisch","isPartOf":{"@id":"https:\/\/der-goldene-fisch.de\/ping\/#website"},"datePublished":"2016-07-12T10:40:49+00:00","dateModified":"2016-07-12T10:40:49+00:00","breadcrumb":{"@id":"https:\/\/der-goldene-fisch.de\/ping\/das-fuenfzigste-jahr-1\/#breadcrumb"},"inLanguage":"de","potentialAction":[{"@type":"ReadAction","target":["https:\/\/der-goldene-fisch.de\/ping\/das-fuenfzigste-jahr-1\/"]}]},{"@type":"BreadcrumbList","@id":"https:\/\/der-goldene-fisch.de\/ping\/das-fuenfzigste-jahr-1\/#breadcrumb","itemListElement":[{"@type":"ListItem","position":1,"name":"Startseite","item":"https:\/\/der-goldene-fisch.de\/ping\/"},{"@type":"ListItem","position":2,"name":"Das f\u00fcnfzigste Jahr (1)"}]},{"@type":"WebSite","@id":"https:\/\/der-goldene-fisch.de\/ping\/#website","url":"https:\/\/der-goldene-fisch.de\/ping\/","name":"der goldene fisch","description":"","publisher":{"@id":"https:\/\/der-goldene-fisch.de\/ping\/#\/schema\/person\/c415140d7348926844a49b29cc105aa4"},"potentialAction":[{"@type":"SearchAction","target":{"@type":"EntryPoint","urlTemplate":"https:\/\/der-goldene-fisch.de\/ping\/?s={search_term_string}"},"query-input":{"@type":"PropertyValueSpecification","valueRequired":true,"valueName":"search_term_string"}}],"inLanguage":"de"},{"@type":["Person","Organization"],"@id":"https:\/\/der-goldene-fisch.de\/ping\/#\/schema\/person\/c415140d7348926844a49b29cc105aa4","name":"Andreas Louis Seyerlein","image":{"@type":"ImageObject","inLanguage":"de","@id":"https:\/\/der-goldene-fisch.de\/ping\/#\/schema\/person\/image\/","url":"https:\/\/secure.gravatar.com\/avatar\/d233a6eb5d99a83abb911b2d89ddf42e?s=96&d=mm&r=g","contentUrl":"https:\/\/secure.gravatar.com\/avatar\/d233a6eb5d99a83abb911b2d89ddf42e?s=96&d=mm&r=g","caption":"Andreas Louis Seyerlein"},"logo":{"@id":"https:\/\/der-goldene-fisch.de\/ping\/#\/schema\/person\/image\/"},"sameAs":["http:\/\/"]},{"@type":"Person","@id":"https:\/\/der-goldene-fisch.de\/ping\/#\/schema\/person\/b4cb2b531063dfc4a80c1893365b7faf","name":"Gerald Koll","image":{"@type":"ImageObject","inLanguage":"de","@id":"https:\/\/der-goldene-fisch.de\/ping\/#\/schema\/person\/image\/","url":"https:\/\/secure.gravatar.com\/avatar\/494c3ef1389ba6e021d9cac11e0c4e81?s=96&d=mm&r=g","contentUrl":"https:\/\/secure.gravatar.com\/avatar\/494c3ef1389ba6e021d9cac11e0c4e81?s=96&d=mm&r=g","caption":"Gerald Koll"},"sameAs":["http:\/\/www.geraldkoll.de"],"url":"https:\/\/der-goldene-fisch.de\/ping\/author\/gerald667\/"}]}},"jetpack_featured_media_url":"","jetpack_sharing_enabled":true,"jetpack_shortlink":"https:\/\/wp.me\/pxsFY-2xu","_links":{"self":[{"href":"https:\/\/der-goldene-fisch.de\/ping\/wp-json\/wp\/v2\/posts\/9764","targetHints":{"allow":["GET"]}}],"collection":[{"href":"https:\/\/der-goldene-fisch.de\/ping\/wp-json\/wp\/v2\/posts"}],"about":[{"href":"https:\/\/der-goldene-fisch.de\/ping\/wp-json\/wp\/v2\/types\/post"}],"author":[{"embeddable":true,"href":"https:\/\/der-goldene-fisch.de\/ping\/wp-json\/wp\/v2\/users\/10"}],"replies":[{"embeddable":true,"href":"https:\/\/der-goldene-fisch.de\/ping\/wp-json\/wp\/v2\/comments?post=9764"}],"version-history":[{"count":0,"href":"https:\/\/der-goldene-fisch.de\/ping\/wp-json\/wp\/v2\/posts\/9764\/revisions"}],"wp:attachment":[{"href":"https:\/\/der-goldene-fisch.de\/ping\/wp-json\/wp\/v2\/media?parent=9764"}],"wp:term":[{"taxonomy":"category","embeddable":true,"href":"https:\/\/der-goldene-fisch.de\/ping\/wp-json\/wp\/v2\/categories?post=9764"},{"taxonomy":"post_tag","embeddable":true,"href":"https:\/\/der-goldene-fisch.de\/ping\/wp-json\/wp\/v2\/tags?post=9764"}],"curies":[{"name":"wp","href":"https:\/\/api.w.org\/{rel}","templated":true}]}}