{"id":9770,"date":"2016-07-13T13:23:09","date_gmt":"2016-07-13T12:23:09","guid":{"rendered":"http:\/\/der-goldene-fisch.de\/ping\/?p=9770"},"modified":"2016-07-13T13:23:09","modified_gmt":"2016-07-13T12:23:09","slug":"das-fuenfzigste-jahr-2","status":"publish","type":"post","link":"https:\/\/der-goldene-fisch.de\/ping\/das-fuenfzigste-jahr-2\/","title":{"rendered":"Das f\u00fcnfzigste Jahr (2)"},"content":{"rendered":"<p><strong>1. Juni, ein Montag<\/strong><\/p>\n<p>Dies ist also nach unz\u00e4hligen Jahren der erste normale Montag ohne Arbeit, ohne die Film\u00fcbersicht, ohne die Ordnung der Papiere, die Anrufe beim Cinemaxx, das Warten auf die Programme und das Erstellen der Eintr\u00e4ge. Nicht, dass ich es geliebt h\u00e4tte. Aber ich habe mich daran gew\u00f6hnt. Es gab doch das Gef\u00fchl einer bezahlten Arbeit, also eines Wochenbeginns, der leidlich die Woche finanzieren w\u00fcrde. Das ist nun vorbei, da die Seite zum 1.6. eingestellt wurde, wie mir Ressortleiter Bockem\u00fchl Ende April telefonisch mitteilte.<\/p>\n<p>Immerhin aufgewacht neben Kitty. Aber kein Sex. Sehr seltsam. Zun\u00e4chst bekam Kitty ja gar nicht genug davon. Es wurde ja schon l\u00e4stig. Immerzu Sex. Wie eine Pr\u00fcfung. Nun, sehr pl\u00f6tzlich, ist dieser Quell versiegt, und Kitty m\u00f6chte zun\u00e4chst ihr Vater-Projektions-Problem l\u00f6sen. Da findet nun seit Wochen, bestimmt zwei Wochen, nun rein gar nichts mehr statt. Erst zu viel, jetzt zu wenig &#8211; und das ist untertrieben. Au\u00dferdem ist da dieser erkl\u00e4rte &#8222;Kuschel-Freund Armin&#8220;, der sie dauernd anklingelt und auf dem Kitty besteht, und ich wei\u00df absolut nicht, ob ich vor diesem Herrn irgendeinen Vorsprung habe und wohin das f\u00fchren soll, wenn nicht in die allersinnloseste Irre.<\/p>\n<p>Schnell die Hausaufgaben erledigen: Reserviert und klargemacht werden soll die anstehende Juni-Wanderung in der S\u00e4chsischen Schweiz mit Klemens, die die gescheiterte Mai-Wanderung mit Kitty kompensieren soll. Ochelbaude reservieren, Villa Anna reservieren. Au\u00dferdem: Zahnarzttermin, nachdem ich ja die k\u00fcrzlichen Termine habe sausen lassen, weil der infragestehende Zahn partout schmerzfrei blieb &#8211; eben bis ich den Termin platzen lie\u00df. Am 26.5. w\u00e4re der Termin gewesen, am 29.5. meldete sich der Zahn zur\u00fcck. Nun muss ich bis Juli warten, denn vorher sind keine Termine frei.<\/p>\n<p>Holte Kitty also Fr\u00fchst\u00fcck, und sehr artig strichen wir die von Doris zum Geburtstag \u00fcbereignete Erdbeer-Rhabarber-Marmelade auf die frische Schrippe. Dann ein Paket abholen, ein Geburtstagspaket, das der faule Postbote, statt es im Hause abzuliefern, ins Postzentrum in die Sch\u00f6nhauser Allee spediert hat, was doppelt dumm ist, denn der Weg ist weit, und im Paket ist das Parzinger-Buch von Susanne, das ich mir ja auch gew\u00fcnscht hatte, allerdings ohne zu wissen, dass Rainer mir es auch schenken w\u00fcrde. Nun brauche ich es nicht mehr, aber ich kann&#8217;s nicht zur\u00fcckgehen lassen, denn im Geschenk steckt auch ein Brief von Susanne. Ich hab&#8217;s also doppelt. Und es regnet.<\/p>\n<p>Weil es regnet, fahren wir in den Park und stellen uns unter den Baum, die Eiche, die ich ja in der Geburtstagsnacht auf Anraten Frau Hoppes umarmt hatte &#8211; als ich das\u00a0 am Sonnabend Abend Irina erz\u00e4hlte, bog sie sich krumm vor Lachen. Unter der Eiche wich die etwas gereizte Stimmung zwischen Kitty und mir (sie fragt mich andauernd, was ich denke, und meistens denke ich h\u00f6chstens Gedankensplitter; aber kaum, dass ich sie dann ausplaudere, macht sich Kitty den allerbl\u00f6desten Reim darauf und versaut die Stimmung), man lehnte sehr schmieglich traulich, man ging sogar noch ein Eis essen, aber dann ging Kitty doch.<\/p>\n<p>Deshalb dann ja auch kleinlaut in die Wohnung, dumme Emails checken und jene Emails, die die normale mont\u00e4gliche Arbeit betreffen, zuckend wegl\u00f6schen. Dann zu Bette, gegen 13 Uhr. Schlechte Tr\u00e4ume: von einem R\u00e4ucherst\u00e4bchen, das abbricht und von dem ich argw\u00f6hne, es werde das Bett entz\u00fcnden.<\/p>\n","protected":false},"excerpt":{"rendered":"<p>1. Juni, ein Montag Dies ist also nach unz\u00e4hligen Jahren der erste normale Montag ohne Arbeit, ohne die Film\u00fcbersicht, ohne die Ordnung der Papiere, die Anrufe beim Cinemaxx, das Warten auf die Programme und das Erstellen der Eintr\u00e4ge. Nicht, dass ich es geliebt h\u00e4tte. Aber ich habe mich daran gew\u00f6hnt. Es gab doch das Gef\u00fchl [&hellip;]<\/p>\n","protected":false},"author":10,"featured_media":0,"comment_status":"open","ping_status":"open","sticky":false,"template":"","format":"standard","meta":{"jetpack_post_was_ever_published":false,"_jetpack_newsletter_access":"","_jetpack_dont_email_post_to_subs":false,"_jetpack_newsletter_tier_id":0,"_jetpack_memberships_contains_paywalled_content":false,"_jetpack_memberships_contains_paid_content":false,"footnotes":"","jetpack_publicize_message":"","jetpack_publicize_feature_enabled":true,"jetpack_social_post_already_shared":false,"jetpack_social_options":{"image_generator_settings":{"template":"highway","enabled":false},"version":2}},"categories":[85],"tags":[],"class_list":["post-9770","post","type-post","status-publish","format-standard","hentry","category-a"],"jetpack_publicize_connections":[],"yoast_head":"<!-- This site is optimized with the Yoast SEO plugin v24.0 - https:\/\/yoast.com\/wordpress\/plugins\/seo\/ -->\n<title>Das f\u00fcnfzigste Jahr (2) - der goldene fisch<\/title>\n<meta name=\"robots\" content=\"index, follow, max-snippet:-1, max-image-preview:large, max-video-preview:-1\" \/>\n<link rel=\"canonical\" href=\"https:\/\/der-goldene-fisch.de\/ping\/das-fuenfzigste-jahr-2\/\" \/>\n<meta property=\"og:locale\" content=\"de_DE\" \/>\n<meta property=\"og:type\" content=\"article\" \/>\n<meta property=\"og:title\" content=\"Das f\u00fcnfzigste Jahr (2) - der goldene fisch\" \/>\n<meta property=\"og:description\" content=\"1. Juni, ein Montag Dies ist also nach unz\u00e4hligen Jahren der erste normale Montag ohne Arbeit, ohne die Film\u00fcbersicht, ohne die Ordnung der Papiere, die Anrufe beim Cinemaxx, das Warten auf die Programme und das Erstellen der Eintr\u00e4ge. Nicht, dass ich es geliebt h\u00e4tte. Aber ich habe mich daran gew\u00f6hnt. Es gab doch das Gef\u00fchl [&hellip;]\" \/>\n<meta property=\"og:url\" content=\"https:\/\/der-goldene-fisch.de\/ping\/das-fuenfzigste-jahr-2\/\" \/>\n<meta property=\"og:site_name\" content=\"der goldene fisch\" \/>\n<meta property=\"article:published_time\" content=\"2016-07-13T12:23:09+00:00\" \/>\n<meta name=\"author\" content=\"Gerald Koll\" \/>\n<meta name=\"twitter:card\" content=\"summary_large_image\" \/>\n<meta name=\"twitter:label1\" content=\"Verfasst von\" \/>\n\t<meta name=\"twitter:data1\" content=\"Gerald Koll\" \/>\n\t<meta name=\"twitter:label2\" content=\"Gesch\u00e4tzte Lesezeit\" \/>\n\t<meta name=\"twitter:data2\" content=\"3 Minuten\" \/>\n<script type=\"application\/ld+json\" class=\"yoast-schema-graph\">{\"@context\":\"https:\/\/schema.org\",\"@graph\":[{\"@type\":\"Article\",\"@id\":\"https:\/\/der-goldene-fisch.de\/ping\/das-fuenfzigste-jahr-2\/#article\",\"isPartOf\":{\"@id\":\"https:\/\/der-goldene-fisch.de\/ping\/das-fuenfzigste-jahr-2\/\"},\"author\":{\"name\":\"Gerald Koll\",\"@id\":\"https:\/\/der-goldene-fisch.de\/ping\/#\/schema\/person\/b4cb2b531063dfc4a80c1893365b7faf\"},\"headline\":\"Das f\u00fcnfzigste Jahr (2)\",\"datePublished\":\"2016-07-13T12:23:09+00:00\",\"dateModified\":\"2016-07-13T12:23:09+00:00\",\"mainEntityOfPage\":{\"@id\":\"https:\/\/der-goldene-fisch.de\/ping\/das-fuenfzigste-jahr-2\/\"},\"wordCount\":566,\"commentCount\":0,\"publisher\":{\"@id\":\"https:\/\/der-goldene-fisch.de\/ping\/#\/schema\/person\/c415140d7348926844a49b29cc105aa4\"},\"articleSection\":[\"a\"],\"inLanguage\":\"de\",\"potentialAction\":[{\"@type\":\"CommentAction\",\"name\":\"Comment\",\"target\":[\"https:\/\/der-goldene-fisch.de\/ping\/das-fuenfzigste-jahr-2\/#respond\"]}]},{\"@type\":\"WebPage\",\"@id\":\"https:\/\/der-goldene-fisch.de\/ping\/das-fuenfzigste-jahr-2\/\",\"url\":\"https:\/\/der-goldene-fisch.de\/ping\/das-fuenfzigste-jahr-2\/\",\"name\":\"Das f\u00fcnfzigste Jahr (2) - der goldene fisch\",\"isPartOf\":{\"@id\":\"https:\/\/der-goldene-fisch.de\/ping\/#website\"},\"datePublished\":\"2016-07-13T12:23:09+00:00\",\"dateModified\":\"2016-07-13T12:23:09+00:00\",\"breadcrumb\":{\"@id\":\"https:\/\/der-goldene-fisch.de\/ping\/das-fuenfzigste-jahr-2\/#breadcrumb\"},\"inLanguage\":\"de\",\"potentialAction\":[{\"@type\":\"ReadAction\",\"target\":[\"https:\/\/der-goldene-fisch.de\/ping\/das-fuenfzigste-jahr-2\/\"]}]},{\"@type\":\"BreadcrumbList\",\"@id\":\"https:\/\/der-goldene-fisch.de\/ping\/das-fuenfzigste-jahr-2\/#breadcrumb\",\"itemListElement\":[{\"@type\":\"ListItem\",\"position\":1,\"name\":\"Startseite\",\"item\":\"https:\/\/der-goldene-fisch.de\/ping\/\"},{\"@type\":\"ListItem\",\"position\":2,\"name\":\"Das f\u00fcnfzigste Jahr (2)\"}]},{\"@type\":\"WebSite\",\"@id\":\"https:\/\/der-goldene-fisch.de\/ping\/#website\",\"url\":\"https:\/\/der-goldene-fisch.de\/ping\/\",\"name\":\"der goldene fisch\",\"description\":\"\",\"publisher\":{\"@id\":\"https:\/\/der-goldene-fisch.de\/ping\/#\/schema\/person\/c415140d7348926844a49b29cc105aa4\"},\"potentialAction\":[{\"@type\":\"SearchAction\",\"target\":{\"@type\":\"EntryPoint\",\"urlTemplate\":\"https:\/\/der-goldene-fisch.de\/ping\/?s={search_term_string}\"},\"query-input\":{\"@type\":\"PropertyValueSpecification\",\"valueRequired\":true,\"valueName\":\"search_term_string\"}}],\"inLanguage\":\"de\"},{\"@type\":[\"Person\",\"Organization\"],\"@id\":\"https:\/\/der-goldene-fisch.de\/ping\/#\/schema\/person\/c415140d7348926844a49b29cc105aa4\",\"name\":\"Andreas Louis Seyerlein\",\"image\":{\"@type\":\"ImageObject\",\"inLanguage\":\"de\",\"@id\":\"https:\/\/der-goldene-fisch.de\/ping\/#\/schema\/person\/image\/\",\"url\":\"https:\/\/secure.gravatar.com\/avatar\/d233a6eb5d99a83abb911b2d89ddf42e?s=96&d=mm&r=g\",\"contentUrl\":\"https:\/\/secure.gravatar.com\/avatar\/d233a6eb5d99a83abb911b2d89ddf42e?s=96&d=mm&r=g\",\"caption\":\"Andreas Louis Seyerlein\"},\"logo\":{\"@id\":\"https:\/\/der-goldene-fisch.de\/ping\/#\/schema\/person\/image\/\"},\"sameAs\":[\"http:\/\/\"]},{\"@type\":\"Person\",\"@id\":\"https:\/\/der-goldene-fisch.de\/ping\/#\/schema\/person\/b4cb2b531063dfc4a80c1893365b7faf\",\"name\":\"Gerald Koll\",\"image\":{\"@type\":\"ImageObject\",\"inLanguage\":\"de\",\"@id\":\"https:\/\/der-goldene-fisch.de\/ping\/#\/schema\/person\/image\/\",\"url\":\"https:\/\/secure.gravatar.com\/avatar\/494c3ef1389ba6e021d9cac11e0c4e81?s=96&d=mm&r=g\",\"contentUrl\":\"https:\/\/secure.gravatar.com\/avatar\/494c3ef1389ba6e021d9cac11e0c4e81?s=96&d=mm&r=g\",\"caption\":\"Gerald Koll\"},\"sameAs\":[\"http:\/\/www.geraldkoll.de\"],\"url\":\"https:\/\/der-goldene-fisch.de\/ping\/author\/gerald667\/\"}]}<\/script>\n<!-- \/ Yoast SEO plugin. -->","yoast_head_json":{"title":"Das f\u00fcnfzigste Jahr (2) - der goldene fisch","robots":{"index":"index","follow":"follow","max-snippet":"max-snippet:-1","max-image-preview":"max-image-preview:large","max-video-preview":"max-video-preview:-1"},"canonical":"https:\/\/der-goldene-fisch.de\/ping\/das-fuenfzigste-jahr-2\/","og_locale":"de_DE","og_type":"article","og_title":"Das f\u00fcnfzigste Jahr (2) - der goldene fisch","og_description":"1. Juni, ein Montag Dies ist also nach unz\u00e4hligen Jahren der erste normale Montag ohne Arbeit, ohne die Film\u00fcbersicht, ohne die Ordnung der Papiere, die Anrufe beim Cinemaxx, das Warten auf die Programme und das Erstellen der Eintr\u00e4ge. Nicht, dass ich es geliebt h\u00e4tte. Aber ich habe mich daran gew\u00f6hnt. Es gab doch das Gef\u00fchl [&hellip;]","og_url":"https:\/\/der-goldene-fisch.de\/ping\/das-fuenfzigste-jahr-2\/","og_site_name":"der goldene fisch","article_published_time":"2016-07-13T12:23:09+00:00","author":"Gerald Koll","twitter_card":"summary_large_image","twitter_misc":{"Verfasst von":"Gerald Koll","Gesch\u00e4tzte Lesezeit":"3 Minuten"},"schema":{"@context":"https:\/\/schema.org","@graph":[{"@type":"Article","@id":"https:\/\/der-goldene-fisch.de\/ping\/das-fuenfzigste-jahr-2\/#article","isPartOf":{"@id":"https:\/\/der-goldene-fisch.de\/ping\/das-fuenfzigste-jahr-2\/"},"author":{"name":"Gerald Koll","@id":"https:\/\/der-goldene-fisch.de\/ping\/#\/schema\/person\/b4cb2b531063dfc4a80c1893365b7faf"},"headline":"Das f\u00fcnfzigste Jahr (2)","datePublished":"2016-07-13T12:23:09+00:00","dateModified":"2016-07-13T12:23:09+00:00","mainEntityOfPage":{"@id":"https:\/\/der-goldene-fisch.de\/ping\/das-fuenfzigste-jahr-2\/"},"wordCount":566,"commentCount":0,"publisher":{"@id":"https:\/\/der-goldene-fisch.de\/ping\/#\/schema\/person\/c415140d7348926844a49b29cc105aa4"},"articleSection":["a"],"inLanguage":"de","potentialAction":[{"@type":"CommentAction","name":"Comment","target":["https:\/\/der-goldene-fisch.de\/ping\/das-fuenfzigste-jahr-2\/#respond"]}]},{"@type":"WebPage","@id":"https:\/\/der-goldene-fisch.de\/ping\/das-fuenfzigste-jahr-2\/","url":"https:\/\/der-goldene-fisch.de\/ping\/das-fuenfzigste-jahr-2\/","name":"Das f\u00fcnfzigste Jahr (2) - der goldene fisch","isPartOf":{"@id":"https:\/\/der-goldene-fisch.de\/ping\/#website"},"datePublished":"2016-07-13T12:23:09+00:00","dateModified":"2016-07-13T12:23:09+00:00","breadcrumb":{"@id":"https:\/\/der-goldene-fisch.de\/ping\/das-fuenfzigste-jahr-2\/#breadcrumb"},"inLanguage":"de","potentialAction":[{"@type":"ReadAction","target":["https:\/\/der-goldene-fisch.de\/ping\/das-fuenfzigste-jahr-2\/"]}]},{"@type":"BreadcrumbList","@id":"https:\/\/der-goldene-fisch.de\/ping\/das-fuenfzigste-jahr-2\/#breadcrumb","itemListElement":[{"@type":"ListItem","position":1,"name":"Startseite","item":"https:\/\/der-goldene-fisch.de\/ping\/"},{"@type":"ListItem","position":2,"name":"Das f\u00fcnfzigste Jahr (2)"}]},{"@type":"WebSite","@id":"https:\/\/der-goldene-fisch.de\/ping\/#website","url":"https:\/\/der-goldene-fisch.de\/ping\/","name":"der goldene fisch","description":"","publisher":{"@id":"https:\/\/der-goldene-fisch.de\/ping\/#\/schema\/person\/c415140d7348926844a49b29cc105aa4"},"potentialAction":[{"@type":"SearchAction","target":{"@type":"EntryPoint","urlTemplate":"https:\/\/der-goldene-fisch.de\/ping\/?s={search_term_string}"},"query-input":{"@type":"PropertyValueSpecification","valueRequired":true,"valueName":"search_term_string"}}],"inLanguage":"de"},{"@type":["Person","Organization"],"@id":"https:\/\/der-goldene-fisch.de\/ping\/#\/schema\/person\/c415140d7348926844a49b29cc105aa4","name":"Andreas Louis Seyerlein","image":{"@type":"ImageObject","inLanguage":"de","@id":"https:\/\/der-goldene-fisch.de\/ping\/#\/schema\/person\/image\/","url":"https:\/\/secure.gravatar.com\/avatar\/d233a6eb5d99a83abb911b2d89ddf42e?s=96&d=mm&r=g","contentUrl":"https:\/\/secure.gravatar.com\/avatar\/d233a6eb5d99a83abb911b2d89ddf42e?s=96&d=mm&r=g","caption":"Andreas Louis Seyerlein"},"logo":{"@id":"https:\/\/der-goldene-fisch.de\/ping\/#\/schema\/person\/image\/"},"sameAs":["http:\/\/"]},{"@type":"Person","@id":"https:\/\/der-goldene-fisch.de\/ping\/#\/schema\/person\/b4cb2b531063dfc4a80c1893365b7faf","name":"Gerald Koll","image":{"@type":"ImageObject","inLanguage":"de","@id":"https:\/\/der-goldene-fisch.de\/ping\/#\/schema\/person\/image\/","url":"https:\/\/secure.gravatar.com\/avatar\/494c3ef1389ba6e021d9cac11e0c4e81?s=96&d=mm&r=g","contentUrl":"https:\/\/secure.gravatar.com\/avatar\/494c3ef1389ba6e021d9cac11e0c4e81?s=96&d=mm&r=g","caption":"Gerald Koll"},"sameAs":["http:\/\/www.geraldkoll.de"],"url":"https:\/\/der-goldene-fisch.de\/ping\/author\/gerald667\/"}]}},"jetpack_featured_media_url":"","jetpack_sharing_enabled":true,"jetpack_shortlink":"https:\/\/wp.me\/pxsFY-2xA","_links":{"self":[{"href":"https:\/\/der-goldene-fisch.de\/ping\/wp-json\/wp\/v2\/posts\/9770","targetHints":{"allow":["GET"]}}],"collection":[{"href":"https:\/\/der-goldene-fisch.de\/ping\/wp-json\/wp\/v2\/posts"}],"about":[{"href":"https:\/\/der-goldene-fisch.de\/ping\/wp-json\/wp\/v2\/types\/post"}],"author":[{"embeddable":true,"href":"https:\/\/der-goldene-fisch.de\/ping\/wp-json\/wp\/v2\/users\/10"}],"replies":[{"embeddable":true,"href":"https:\/\/der-goldene-fisch.de\/ping\/wp-json\/wp\/v2\/comments?post=9770"}],"version-history":[{"count":0,"href":"https:\/\/der-goldene-fisch.de\/ping\/wp-json\/wp\/v2\/posts\/9770\/revisions"}],"wp:attachment":[{"href":"https:\/\/der-goldene-fisch.de\/ping\/wp-json\/wp\/v2\/media?parent=9770"}],"wp:term":[{"taxonomy":"category","embeddable":true,"href":"https:\/\/der-goldene-fisch.de\/ping\/wp-json\/wp\/v2\/categories?post=9770"},{"taxonomy":"post_tag","embeddable":true,"href":"https:\/\/der-goldene-fisch.de\/ping\/wp-json\/wp\/v2\/tags?post=9770"}],"curies":[{"name":"wp","href":"https:\/\/api.w.org\/{rel}","templated":true}]}}