{"id":9786,"date":"2016-07-17T10:25:42","date_gmt":"2016-07-17T09:25:42","guid":{"rendered":"http:\/\/der-goldene-fisch.de\/ping\/?p=9786"},"modified":"2016-07-17T10:25:42","modified_gmt":"2016-07-17T09:25:42","slug":"das-fuenfzigste-jahr-89","status":"publish","type":"post","link":"https:\/\/der-goldene-fisch.de\/ping\/das-fuenfzigste-jahr-89\/","title":{"rendered":"Das f\u00fcnfzigste Jahr (8\/9)"},"content":{"rendered":"<p><strong>10. Juni 2015, <\/strong><strong>ein Mittwoch<\/strong><\/p>\n<p>Kitty will mit zum Geburtstag von M. (zumindest will sie nicht absagen), besteht aber darauf, am Sonntag um 15.45 Uhr zur\u00fcck in Frohnau zu sein und besteht zus\u00e4tzlich darauf, statt der normalerweise angesetzten drei Stunden mit sechs zu rechnen, damit sie auf keinen Fall zu sp\u00e4t komme. Zudem habe Freundin L. vorgeschlagen, am Sonntag zum Nacktbaden zum Heiligensee zu fahren. Keine so h\u00fcbsche Aussicht: Ich sehe Kitty nur noch im Kreisrund ihrer Frohnauer Sekte. (&#8230;) Es bestehen beste Chancen, dass diese Fahrt in einer Katastrophe endet. (&#8230;)<\/p>\n<p><strong> <\/strong><\/p>\n<p><strong>15. Juni, <\/strong><strong>ein Montag<\/strong><\/p>\n<p>Tja, seltsam. Wir haben uns gar nicht getrennt. Jedenfalls nicht am Donnerstag. Im Moment sieht es allerdings wieder danach aus, und sehr wahrscheinlich handelt es sich auch lediglich um den Verz\u00f6gerungseffekt des Donnerstags, aber vielleicht der Reihe nach.<\/p>\n<p>(&#8230;) am Freitag verlief unser gemeinsames Tortebacken sogar recht h\u00fcbsch, auch wenn wir keinen Fruchtzucker fanden und f\u00fcrchten mussten (wie sich herausstellen sollte: mit Recht), dass die Torte nicht schmeckt. Aber egal: N\u00fcsse, Sauerkirschen, Quark usw. und fr\u00f6hlich gebacken. Miteinander (&#8230; ) so satt vor Gl\u00fcck (&#8230;) und nette Ankunft in dem seri\u00f6s-schmucken Weinkeller in H., wo Sangliches und Dichtkunst anhob, auch Gespr\u00e4ch und Scherz, nur scheiterte ich dauernd, Kitty daf\u00fcr zu erw\u00e4rmen (&#8230;) Kitty (\u2026) wollte im Auto warten, einfach die Zeit im Auto absitzen (\u2026), doch M. kam nun hinzu, bat um Bleiben, und Kitty zeigte Bleibewille, stieg in den Tanzkeller und bot aber nun das Bild einer g\u00e4nzlich eingekapselten Bewegungsminimalistin im demonstrativen noli me tangere. (&#8230;) Ich v\u00f6llig hilflos (\u2026) Morgens Heimfahrt nach Berlin (&#8230;) Dann das Bl\u00f6deste: H. rief an, der uralte Freund, und ich Esel raunzte ihm am Wasserturm das ganze Desaster zu, als auch schon Kitty anrief und fragte, ob sie dazukommen k\u00f6nne. Worauf wiederum, als man selbdritt im Cr\u00eape Suzette den ersten Cidre gl\u00fccklich schluckte, H., dieser Hund, das heikle Thema anschnitt und, getrieben von seinem Mediatoren-Ehrgeiz, alles den Bach runterging. (&#8230;) Heute morgen aufgewacht mit rei\u00dfendem Kopfweh. Dann Kittys Satz, dass unsere Beziehung &#8222;f\u00fcr&#8217;n Arsch&#8220; sei. Nach erstem Z\u00f6gern beigepflichtet.<\/p>\n<p>Beim B\u00e4cker \u00fcberlegte Kitty angestrengt, ob ihr nun die Idee einer Beziehung grunds\u00e4tzlich nicht gefalle, oder ob ihr eine Beziehung <em>mit mir<\/em> nicht gefalle. Es wurde nun fast heiter, als wir die mathematischen &#8211; polygamen, monogamen &#8211; L\u00f6sungsm\u00f6glichkeiten durchspielten. Nur das Ergebnis war nicht so sch\u00f6n. Heute zieht sie zur Probe f\u00fcr drei Tage nach Frohnau.<\/p>\n","protected":false},"excerpt":{"rendered":"<p>10. Juni 2015, ein Mittwoch Kitty will mit zum Geburtstag von M. (zumindest will sie nicht absagen), besteht aber darauf, am Sonntag um 15.45 Uhr zur\u00fcck in Frohnau zu sein und besteht zus\u00e4tzlich darauf, statt der normalerweise angesetzten drei Stunden mit sechs zu rechnen, damit sie auf keinen Fall zu sp\u00e4t komme. Zudem habe Freundin [&hellip;]<\/p>\n","protected":false},"author":10,"featured_media":0,"comment_status":"open","ping_status":"open","sticky":false,"template":"","format":"standard","meta":{"jetpack_post_was_ever_published":false,"_jetpack_newsletter_access":"","_jetpack_dont_email_post_to_subs":false,"_jetpack_newsletter_tier_id":0,"_jetpack_memberships_contains_paywalled_content":false,"_jetpack_memberships_contains_paid_content":false,"footnotes":"","jetpack_publicize_message":"","jetpack_publicize_feature_enabled":true,"jetpack_social_post_already_shared":false,"jetpack_social_options":{"image_generator_settings":{"template":"highway","enabled":false},"version":2}},"categories":[85],"tags":[],"class_list":["post-9786","post","type-post","status-publish","format-standard","hentry","category-a"],"jetpack_publicize_connections":[],"yoast_head":"<!-- This site is optimized with the Yoast SEO plugin v24.0 - https:\/\/yoast.com\/wordpress\/plugins\/seo\/ -->\n<title>Das f\u00fcnfzigste Jahr (8\/9) - der goldene fisch<\/title>\n<meta name=\"robots\" content=\"index, follow, max-snippet:-1, max-image-preview:large, max-video-preview:-1\" \/>\n<link rel=\"canonical\" href=\"https:\/\/der-goldene-fisch.de\/ping\/das-fuenfzigste-jahr-89\/\" \/>\n<meta property=\"og:locale\" content=\"de_DE\" \/>\n<meta property=\"og:type\" content=\"article\" \/>\n<meta property=\"og:title\" content=\"Das f\u00fcnfzigste Jahr (8\/9) - der goldene fisch\" \/>\n<meta property=\"og:description\" content=\"10. Juni 2015, ein Mittwoch Kitty will mit zum Geburtstag von M. (zumindest will sie nicht absagen), besteht aber darauf, am Sonntag um 15.45 Uhr zur\u00fcck in Frohnau zu sein und besteht zus\u00e4tzlich darauf, statt der normalerweise angesetzten drei Stunden mit sechs zu rechnen, damit sie auf keinen Fall zu sp\u00e4t komme. Zudem habe Freundin [&hellip;]\" \/>\n<meta property=\"og:url\" content=\"https:\/\/der-goldene-fisch.de\/ping\/das-fuenfzigste-jahr-89\/\" \/>\n<meta property=\"og:site_name\" content=\"der goldene fisch\" \/>\n<meta property=\"article:published_time\" content=\"2016-07-17T09:25:42+00:00\" \/>\n<meta name=\"author\" content=\"Gerald Koll\" \/>\n<meta name=\"twitter:card\" content=\"summary_large_image\" \/>\n<meta name=\"twitter:label1\" content=\"Verfasst von\" \/>\n\t<meta name=\"twitter:data1\" content=\"Gerald Koll\" \/>\n\t<meta name=\"twitter:label2\" content=\"Gesch\u00e4tzte Lesezeit\" \/>\n\t<meta name=\"twitter:data2\" content=\"2 Minuten\" \/>\n<script type=\"application\/ld+json\" class=\"yoast-schema-graph\">{\"@context\":\"https:\/\/schema.org\",\"@graph\":[{\"@type\":\"Article\",\"@id\":\"https:\/\/der-goldene-fisch.de\/ping\/das-fuenfzigste-jahr-89\/#article\",\"isPartOf\":{\"@id\":\"https:\/\/der-goldene-fisch.de\/ping\/das-fuenfzigste-jahr-89\/\"},\"author\":{\"name\":\"Gerald Koll\",\"@id\":\"https:\/\/der-goldene-fisch.de\/ping\/#\/schema\/person\/b4cb2b531063dfc4a80c1893365b7faf\"},\"headline\":\"Das f\u00fcnfzigste Jahr (8\/9)\",\"datePublished\":\"2016-07-17T09:25:42+00:00\",\"dateModified\":\"2016-07-17T09:25:42+00:00\",\"mainEntityOfPage\":{\"@id\":\"https:\/\/der-goldene-fisch.de\/ping\/das-fuenfzigste-jahr-89\/\"},\"wordCount\":414,\"commentCount\":0,\"publisher\":{\"@id\":\"https:\/\/der-goldene-fisch.de\/ping\/#\/schema\/person\/c415140d7348926844a49b29cc105aa4\"},\"articleSection\":[\"a\"],\"inLanguage\":\"de\",\"potentialAction\":[{\"@type\":\"CommentAction\",\"name\":\"Comment\",\"target\":[\"https:\/\/der-goldene-fisch.de\/ping\/das-fuenfzigste-jahr-89\/#respond\"]}]},{\"@type\":\"WebPage\",\"@id\":\"https:\/\/der-goldene-fisch.de\/ping\/das-fuenfzigste-jahr-89\/\",\"url\":\"https:\/\/der-goldene-fisch.de\/ping\/das-fuenfzigste-jahr-89\/\",\"name\":\"Das f\u00fcnfzigste Jahr (8\/9) - der goldene fisch\",\"isPartOf\":{\"@id\":\"https:\/\/der-goldene-fisch.de\/ping\/#website\"},\"datePublished\":\"2016-07-17T09:25:42+00:00\",\"dateModified\":\"2016-07-17T09:25:42+00:00\",\"breadcrumb\":{\"@id\":\"https:\/\/der-goldene-fisch.de\/ping\/das-fuenfzigste-jahr-89\/#breadcrumb\"},\"inLanguage\":\"de\",\"potentialAction\":[{\"@type\":\"ReadAction\",\"target\":[\"https:\/\/der-goldene-fisch.de\/ping\/das-fuenfzigste-jahr-89\/\"]}]},{\"@type\":\"BreadcrumbList\",\"@id\":\"https:\/\/der-goldene-fisch.de\/ping\/das-fuenfzigste-jahr-89\/#breadcrumb\",\"itemListElement\":[{\"@type\":\"ListItem\",\"position\":1,\"name\":\"Startseite\",\"item\":\"https:\/\/der-goldene-fisch.de\/ping\/\"},{\"@type\":\"ListItem\",\"position\":2,\"name\":\"Das f\u00fcnfzigste Jahr (8\/9)\"}]},{\"@type\":\"WebSite\",\"@id\":\"https:\/\/der-goldene-fisch.de\/ping\/#website\",\"url\":\"https:\/\/der-goldene-fisch.de\/ping\/\",\"name\":\"der goldene fisch\",\"description\":\"\",\"publisher\":{\"@id\":\"https:\/\/der-goldene-fisch.de\/ping\/#\/schema\/person\/c415140d7348926844a49b29cc105aa4\"},\"potentialAction\":[{\"@type\":\"SearchAction\",\"target\":{\"@type\":\"EntryPoint\",\"urlTemplate\":\"https:\/\/der-goldene-fisch.de\/ping\/?s={search_term_string}\"},\"query-input\":{\"@type\":\"PropertyValueSpecification\",\"valueRequired\":true,\"valueName\":\"search_term_string\"}}],\"inLanguage\":\"de\"},{\"@type\":[\"Person\",\"Organization\"],\"@id\":\"https:\/\/der-goldene-fisch.de\/ping\/#\/schema\/person\/c415140d7348926844a49b29cc105aa4\",\"name\":\"Andreas Louis Seyerlein\",\"image\":{\"@type\":\"ImageObject\",\"inLanguage\":\"de\",\"@id\":\"https:\/\/der-goldene-fisch.de\/ping\/#\/schema\/person\/image\/\",\"url\":\"https:\/\/secure.gravatar.com\/avatar\/d233a6eb5d99a83abb911b2d89ddf42e?s=96&d=mm&r=g\",\"contentUrl\":\"https:\/\/secure.gravatar.com\/avatar\/d233a6eb5d99a83abb911b2d89ddf42e?s=96&d=mm&r=g\",\"caption\":\"Andreas Louis Seyerlein\"},\"logo\":{\"@id\":\"https:\/\/der-goldene-fisch.de\/ping\/#\/schema\/person\/image\/\"},\"sameAs\":[\"http:\/\/\"]},{\"@type\":\"Person\",\"@id\":\"https:\/\/der-goldene-fisch.de\/ping\/#\/schema\/person\/b4cb2b531063dfc4a80c1893365b7faf\",\"name\":\"Gerald Koll\",\"image\":{\"@type\":\"ImageObject\",\"inLanguage\":\"de\",\"@id\":\"https:\/\/der-goldene-fisch.de\/ping\/#\/schema\/person\/image\/\",\"url\":\"https:\/\/secure.gravatar.com\/avatar\/494c3ef1389ba6e021d9cac11e0c4e81?s=96&d=mm&r=g\",\"contentUrl\":\"https:\/\/secure.gravatar.com\/avatar\/494c3ef1389ba6e021d9cac11e0c4e81?s=96&d=mm&r=g\",\"caption\":\"Gerald Koll\"},\"sameAs\":[\"http:\/\/www.geraldkoll.de\"],\"url\":\"https:\/\/der-goldene-fisch.de\/ping\/author\/gerald667\/\"}]}<\/script>\n<!-- \/ Yoast SEO plugin. -->","yoast_head_json":{"title":"Das f\u00fcnfzigste Jahr (8\/9) - der goldene fisch","robots":{"index":"index","follow":"follow","max-snippet":"max-snippet:-1","max-image-preview":"max-image-preview:large","max-video-preview":"max-video-preview:-1"},"canonical":"https:\/\/der-goldene-fisch.de\/ping\/das-fuenfzigste-jahr-89\/","og_locale":"de_DE","og_type":"article","og_title":"Das f\u00fcnfzigste Jahr (8\/9) - der goldene fisch","og_description":"10. Juni 2015, ein Mittwoch Kitty will mit zum Geburtstag von M. (zumindest will sie nicht absagen), besteht aber darauf, am Sonntag um 15.45 Uhr zur\u00fcck in Frohnau zu sein und besteht zus\u00e4tzlich darauf, statt der normalerweise angesetzten drei Stunden mit sechs zu rechnen, damit sie auf keinen Fall zu sp\u00e4t komme. Zudem habe Freundin [&hellip;]","og_url":"https:\/\/der-goldene-fisch.de\/ping\/das-fuenfzigste-jahr-89\/","og_site_name":"der goldene fisch","article_published_time":"2016-07-17T09:25:42+00:00","author":"Gerald Koll","twitter_card":"summary_large_image","twitter_misc":{"Verfasst von":"Gerald Koll","Gesch\u00e4tzte Lesezeit":"2 Minuten"},"schema":{"@context":"https:\/\/schema.org","@graph":[{"@type":"Article","@id":"https:\/\/der-goldene-fisch.de\/ping\/das-fuenfzigste-jahr-89\/#article","isPartOf":{"@id":"https:\/\/der-goldene-fisch.de\/ping\/das-fuenfzigste-jahr-89\/"},"author":{"name":"Gerald Koll","@id":"https:\/\/der-goldene-fisch.de\/ping\/#\/schema\/person\/b4cb2b531063dfc4a80c1893365b7faf"},"headline":"Das f\u00fcnfzigste Jahr (8\/9)","datePublished":"2016-07-17T09:25:42+00:00","dateModified":"2016-07-17T09:25:42+00:00","mainEntityOfPage":{"@id":"https:\/\/der-goldene-fisch.de\/ping\/das-fuenfzigste-jahr-89\/"},"wordCount":414,"commentCount":0,"publisher":{"@id":"https:\/\/der-goldene-fisch.de\/ping\/#\/schema\/person\/c415140d7348926844a49b29cc105aa4"},"articleSection":["a"],"inLanguage":"de","potentialAction":[{"@type":"CommentAction","name":"Comment","target":["https:\/\/der-goldene-fisch.de\/ping\/das-fuenfzigste-jahr-89\/#respond"]}]},{"@type":"WebPage","@id":"https:\/\/der-goldene-fisch.de\/ping\/das-fuenfzigste-jahr-89\/","url":"https:\/\/der-goldene-fisch.de\/ping\/das-fuenfzigste-jahr-89\/","name":"Das f\u00fcnfzigste Jahr (8\/9) - der goldene fisch","isPartOf":{"@id":"https:\/\/der-goldene-fisch.de\/ping\/#website"},"datePublished":"2016-07-17T09:25:42+00:00","dateModified":"2016-07-17T09:25:42+00:00","breadcrumb":{"@id":"https:\/\/der-goldene-fisch.de\/ping\/das-fuenfzigste-jahr-89\/#breadcrumb"},"inLanguage":"de","potentialAction":[{"@type":"ReadAction","target":["https:\/\/der-goldene-fisch.de\/ping\/das-fuenfzigste-jahr-89\/"]}]},{"@type":"BreadcrumbList","@id":"https:\/\/der-goldene-fisch.de\/ping\/das-fuenfzigste-jahr-89\/#breadcrumb","itemListElement":[{"@type":"ListItem","position":1,"name":"Startseite","item":"https:\/\/der-goldene-fisch.de\/ping\/"},{"@type":"ListItem","position":2,"name":"Das f\u00fcnfzigste Jahr (8\/9)"}]},{"@type":"WebSite","@id":"https:\/\/der-goldene-fisch.de\/ping\/#website","url":"https:\/\/der-goldene-fisch.de\/ping\/","name":"der goldene fisch","description":"","publisher":{"@id":"https:\/\/der-goldene-fisch.de\/ping\/#\/schema\/person\/c415140d7348926844a49b29cc105aa4"},"potentialAction":[{"@type":"SearchAction","target":{"@type":"EntryPoint","urlTemplate":"https:\/\/der-goldene-fisch.de\/ping\/?s={search_term_string}"},"query-input":{"@type":"PropertyValueSpecification","valueRequired":true,"valueName":"search_term_string"}}],"inLanguage":"de"},{"@type":["Person","Organization"],"@id":"https:\/\/der-goldene-fisch.de\/ping\/#\/schema\/person\/c415140d7348926844a49b29cc105aa4","name":"Andreas Louis Seyerlein","image":{"@type":"ImageObject","inLanguage":"de","@id":"https:\/\/der-goldene-fisch.de\/ping\/#\/schema\/person\/image\/","url":"https:\/\/secure.gravatar.com\/avatar\/d233a6eb5d99a83abb911b2d89ddf42e?s=96&d=mm&r=g","contentUrl":"https:\/\/secure.gravatar.com\/avatar\/d233a6eb5d99a83abb911b2d89ddf42e?s=96&d=mm&r=g","caption":"Andreas Louis Seyerlein"},"logo":{"@id":"https:\/\/der-goldene-fisch.de\/ping\/#\/schema\/person\/image\/"},"sameAs":["http:\/\/"]},{"@type":"Person","@id":"https:\/\/der-goldene-fisch.de\/ping\/#\/schema\/person\/b4cb2b531063dfc4a80c1893365b7faf","name":"Gerald Koll","image":{"@type":"ImageObject","inLanguage":"de","@id":"https:\/\/der-goldene-fisch.de\/ping\/#\/schema\/person\/image\/","url":"https:\/\/secure.gravatar.com\/avatar\/494c3ef1389ba6e021d9cac11e0c4e81?s=96&d=mm&r=g","contentUrl":"https:\/\/secure.gravatar.com\/avatar\/494c3ef1389ba6e021d9cac11e0c4e81?s=96&d=mm&r=g","caption":"Gerald Koll"},"sameAs":["http:\/\/www.geraldkoll.de"],"url":"https:\/\/der-goldene-fisch.de\/ping\/author\/gerald667\/"}]}},"jetpack_featured_media_url":"","jetpack_sharing_enabled":true,"jetpack_shortlink":"https:\/\/wp.me\/pxsFY-2xQ","_links":{"self":[{"href":"https:\/\/der-goldene-fisch.de\/ping\/wp-json\/wp\/v2\/posts\/9786","targetHints":{"allow":["GET"]}}],"collection":[{"href":"https:\/\/der-goldene-fisch.de\/ping\/wp-json\/wp\/v2\/posts"}],"about":[{"href":"https:\/\/der-goldene-fisch.de\/ping\/wp-json\/wp\/v2\/types\/post"}],"author":[{"embeddable":true,"href":"https:\/\/der-goldene-fisch.de\/ping\/wp-json\/wp\/v2\/users\/10"}],"replies":[{"embeddable":true,"href":"https:\/\/der-goldene-fisch.de\/ping\/wp-json\/wp\/v2\/comments?post=9786"}],"version-history":[{"count":0,"href":"https:\/\/der-goldene-fisch.de\/ping\/wp-json\/wp\/v2\/posts\/9786\/revisions"}],"wp:attachment":[{"href":"https:\/\/der-goldene-fisch.de\/ping\/wp-json\/wp\/v2\/media?parent=9786"}],"wp:term":[{"taxonomy":"category","embeddable":true,"href":"https:\/\/der-goldene-fisch.de\/ping\/wp-json\/wp\/v2\/categories?post=9786"},{"taxonomy":"post_tag","embeddable":true,"href":"https:\/\/der-goldene-fisch.de\/ping\/wp-json\/wp\/v2\/tags?post=9786"}],"curies":[{"name":"wp","href":"https:\/\/api.w.org\/{rel}","templated":true}]}}