{"id":9816,"date":"2016-07-20T11:44:22","date_gmt":"2016-07-20T10:44:22","guid":{"rendered":"http:\/\/der-goldene-fisch.de\/ping\/?p=9816"},"modified":"2016-07-20T11:44:22","modified_gmt":"2016-07-20T10:44:22","slug":"das-fuenfzigste-jahr-1516","status":"publish","type":"post","link":"https:\/\/der-goldene-fisch.de\/ping\/das-fuenfzigste-jahr-1516\/","title":{"rendered":"Das f\u00fcnfzigste Jahr (15\/16)"},"content":{"rendered":"<p><em> <\/em><\/p>\n<p><strong><em> <\/em><\/strong><\/p>\n<p><strong>26. Juni 2015, <\/strong><strong>ein Freitag<\/strong><\/p>\n<p>Mit rei\u00dfendem Kopfweh erwacht. Nasenspray, sp\u00e4ter auch Aspirin. Nach dem Aufstehen sofort wieder flach gelegen. Die ganze Zeit die Sorge, wie das gehen soll, um 9:30 Uhr mein erstens Aikido-Training zu leiten. Verbissenes Gr\u00fcbeln, ob der Kopfschmerz nur Lampenfieber sei, oder ob Durchbei\u00dfen den Schmerz schlimmer macht.<\/p>\n<p>Training ging: vor allem Kontakt\u00fcbungen. Der Kopfschmerz blieb nur als Schatten haften. Aikido zu lehren macht Spa\u00df, ich kann viel lernen dabei.<\/p>\n<p>Der Kopfschmerz ist jetzt, 12:40 Uhr, ann\u00e4hernd weg. Es f\u00fchlte sich ja geradenach wie Migr\u00e4ne an, wie ein krampfartiges Verknoten der Kopfadern rund um die Stirnh\u00f6hlen. Gleich, 12:45 Uhr, geht es zum Belastungs-EKG. Danach, gegen 16 Uhr, fahren Freund K. und ich in die S\u00e4chsische Schweiz zum Wandern &#8211; der zweite Anlauf heuer in diese Gegend. Der erste &#8211; zusammen mit Kitty &#8211; endete ja damit, dass der Wagen auf der Hinreise liegen blieb.<\/p>\n<p>Ergebnisse vom Belastungs-EKG: normale Werte eines Sporttreibenden. Ziemliches Gestrampel auf dem Rad. Erh\u00f6hte Cholesterinwerte, die der Doktor aber als genetische Veranlagung fortwinkt. Sogar Zucker sei normal. Kurzum: keine Beanstandung. Mal abgesehen vom \u00dcbergewicht. Was haben \u00c4rzte nur f\u00fcr freche Waagen! Selbst beim Knie, das ja immer noch zwickt, r\u00e4t der Arzt von einem atroskopischen Eingriff ab.<\/p>\n<p><strong>29. Juni, <\/strong><strong>ein Montag<\/strong><\/p>\n<p>Wochenend-Urlaub mit Freund K. in der S\u00e4chsischen Schweiz. Nach sp\u00e4ter Ankunft spontan &#8211; noch in Latschen &#8211; abenteuerlustig in die steinigen H\u00e4nge gestiegen. Dann beim Bier drau\u00dfen vor der Baude gesessen und geplaudert. Klingelnde Diskurse, Echos aus akademischer Periode. Ich werde in solchen Dingen immer mehr zum Taschenspieler, der sich mit diesem oder jenen Trick begn\u00fcgt.<\/p>\n<p>Am Sonnabend entdeckten wir eine verlassene Fabrik, die den Namen Linolit trug, PVC-Fu\u00dfbodenbel\u00e4ge hergestellt hatte und nun ruin\u00f6s und zerborsten vor sich hin schimmelt. Stinkt auch. Da Betreten verboten war, stieg Freund K. umgehend \u00fcber den Zaun, um mit der penetranten Lust eines Casanova einzudringen und alles zu durchst\u00f6bern. Er ist dreifacher Familienvater.<\/p>\n<p>Dazu dieses entz\u00fcckende Klein-Gebirge, das uns das Gef\u00fchl des Wie-Wanderns gab. Zum Richtigwandern ist der Raum zu klein. Es k\u00f6nnte alles auch der Park eines romantisch entz\u00fcndeten Sachsen-F\u00fcrsten sein. Reichlich Fotos. \u00dcbergewicht, ja, das ist sichtbar. Solche Fotos werden nat\u00fcrlich sofort gel\u00f6scht.<\/p>\n<p>Zum Abschluss sp\u00e4hten wir am Sonntag in P. die Wohnst\u00e4tte der Kitty-Familie aus. Wir spionierten in einem Wohngebiet herum und fanden tats\u00e4chlich ein Haus, dessen Beschreibung passte. Auch bewegte sich ein Schemen hinter der Glaswand &#8230; Dann heimw\u00e4rts.<\/p>\n<p>Dort in &#8222;The Tribe&#8220;, den Er\u00f6ffnungsfilm des ukrainischen Filmfests: ohne Worte, ein Drama unter Geh\u00f6rlosen \u00fcber einen Jugendlichen, der neu in eine sehr ruin\u00f6se Anstalt kommt, wo Gangs herrschen und zwei junge Frauen an LKW-Fahrer vertickern. Der Neue verliebt sich in eine der beiden und verdirbt es allen damit. Er fleddert und frisst ihren neuen Pass, der ihr die Ausreise nach Italien erm\u00f6glicht h\u00e4tte, wird verdroschen und gefoltert. Am Ende r\u00e4cht er sich an seinen Peinigern und zertr\u00fcmmert den Schlafenden mit ihren Nachtschr\u00e4nken die K\u00f6pfe, einen nach dem anderen.<\/p>\n<p><em> <\/em><\/p>\n","protected":false},"excerpt":{"rendered":"<p>26. Juni 2015, ein Freitag Mit rei\u00dfendem Kopfweh erwacht. Nasenspray, sp\u00e4ter auch Aspirin. Nach dem Aufstehen sofort wieder flach gelegen. Die ganze Zeit die Sorge, wie das gehen soll, um 9:30 Uhr mein erstens Aikido-Training zu leiten. Verbissenes Gr\u00fcbeln, ob der Kopfschmerz nur Lampenfieber sei, oder ob Durchbei\u00dfen den Schmerz schlimmer macht. Training ging: vor [&hellip;]<\/p>\n","protected":false},"author":10,"featured_media":0,"comment_status":"open","ping_status":"open","sticky":false,"template":"","format":"standard","meta":{"jetpack_post_was_ever_published":false,"_jetpack_newsletter_access":"","_jetpack_dont_email_post_to_subs":false,"_jetpack_newsletter_tier_id":0,"_jetpack_memberships_contains_paywalled_content":false,"_jetpack_memberships_contains_paid_content":false,"footnotes":"","jetpack_publicize_message":"","jetpack_publicize_feature_enabled":true,"jetpack_social_post_already_shared":false,"jetpack_social_options":{"image_generator_settings":{"template":"highway","enabled":false},"version":2}},"categories":[85],"tags":[],"class_list":["post-9816","post","type-post","status-publish","format-standard","hentry","category-a"],"jetpack_publicize_connections":[],"yoast_head":"<!-- This site is optimized with the Yoast SEO plugin v24.0 - https:\/\/yoast.com\/wordpress\/plugins\/seo\/ -->\n<title>Das f\u00fcnfzigste Jahr (15\/16) - der goldene fisch<\/title>\n<meta name=\"robots\" content=\"index, follow, max-snippet:-1, max-image-preview:large, max-video-preview:-1\" \/>\n<link rel=\"canonical\" href=\"https:\/\/der-goldene-fisch.de\/ping\/das-fuenfzigste-jahr-1516\/\" \/>\n<meta property=\"og:locale\" content=\"de_DE\" \/>\n<meta property=\"og:type\" content=\"article\" \/>\n<meta property=\"og:title\" content=\"Das f\u00fcnfzigste Jahr (15\/16) - der goldene fisch\" \/>\n<meta property=\"og:description\" content=\"26. Juni 2015, ein Freitag Mit rei\u00dfendem Kopfweh erwacht. Nasenspray, sp\u00e4ter auch Aspirin. Nach dem Aufstehen sofort wieder flach gelegen. Die ganze Zeit die Sorge, wie das gehen soll, um 9:30 Uhr mein erstens Aikido-Training zu leiten. Verbissenes Gr\u00fcbeln, ob der Kopfschmerz nur Lampenfieber sei, oder ob Durchbei\u00dfen den Schmerz schlimmer macht. Training ging: vor [&hellip;]\" \/>\n<meta property=\"og:url\" content=\"https:\/\/der-goldene-fisch.de\/ping\/das-fuenfzigste-jahr-1516\/\" \/>\n<meta property=\"og:site_name\" content=\"der goldene fisch\" \/>\n<meta property=\"article:published_time\" content=\"2016-07-20T10:44:22+00:00\" \/>\n<meta name=\"author\" content=\"Gerald Koll\" \/>\n<meta name=\"twitter:card\" content=\"summary_large_image\" \/>\n<meta name=\"twitter:label1\" content=\"Verfasst von\" \/>\n\t<meta name=\"twitter:data1\" content=\"Gerald Koll\" \/>\n\t<meta name=\"twitter:label2\" content=\"Gesch\u00e4tzte Lesezeit\" \/>\n\t<meta name=\"twitter:data2\" content=\"3 Minuten\" \/>\n<script type=\"application\/ld+json\" class=\"yoast-schema-graph\">{\"@context\":\"https:\/\/schema.org\",\"@graph\":[{\"@type\":\"Article\",\"@id\":\"https:\/\/der-goldene-fisch.de\/ping\/das-fuenfzigste-jahr-1516\/#article\",\"isPartOf\":{\"@id\":\"https:\/\/der-goldene-fisch.de\/ping\/das-fuenfzigste-jahr-1516\/\"},\"author\":{\"name\":\"Gerald Koll\",\"@id\":\"https:\/\/der-goldene-fisch.de\/ping\/#\/schema\/person\/b4cb2b531063dfc4a80c1893365b7faf\"},\"headline\":\"Das f\u00fcnfzigste Jahr (15\/16)\",\"datePublished\":\"2016-07-20T10:44:22+00:00\",\"dateModified\":\"2016-07-20T10:44:22+00:00\",\"mainEntityOfPage\":{\"@id\":\"https:\/\/der-goldene-fisch.de\/ping\/das-fuenfzigste-jahr-1516\/\"},\"wordCount\":524,\"commentCount\":0,\"publisher\":{\"@id\":\"https:\/\/der-goldene-fisch.de\/ping\/#\/schema\/person\/c415140d7348926844a49b29cc105aa4\"},\"articleSection\":[\"a\"],\"inLanguage\":\"de\",\"potentialAction\":[{\"@type\":\"CommentAction\",\"name\":\"Comment\",\"target\":[\"https:\/\/der-goldene-fisch.de\/ping\/das-fuenfzigste-jahr-1516\/#respond\"]}]},{\"@type\":\"WebPage\",\"@id\":\"https:\/\/der-goldene-fisch.de\/ping\/das-fuenfzigste-jahr-1516\/\",\"url\":\"https:\/\/der-goldene-fisch.de\/ping\/das-fuenfzigste-jahr-1516\/\",\"name\":\"Das f\u00fcnfzigste Jahr (15\/16) - der goldene fisch\",\"isPartOf\":{\"@id\":\"https:\/\/der-goldene-fisch.de\/ping\/#website\"},\"datePublished\":\"2016-07-20T10:44:22+00:00\",\"dateModified\":\"2016-07-20T10:44:22+00:00\",\"breadcrumb\":{\"@id\":\"https:\/\/der-goldene-fisch.de\/ping\/das-fuenfzigste-jahr-1516\/#breadcrumb\"},\"inLanguage\":\"de\",\"potentialAction\":[{\"@type\":\"ReadAction\",\"target\":[\"https:\/\/der-goldene-fisch.de\/ping\/das-fuenfzigste-jahr-1516\/\"]}]},{\"@type\":\"BreadcrumbList\",\"@id\":\"https:\/\/der-goldene-fisch.de\/ping\/das-fuenfzigste-jahr-1516\/#breadcrumb\",\"itemListElement\":[{\"@type\":\"ListItem\",\"position\":1,\"name\":\"Startseite\",\"item\":\"https:\/\/der-goldene-fisch.de\/ping\/\"},{\"@type\":\"ListItem\",\"position\":2,\"name\":\"Das f\u00fcnfzigste Jahr (15\/16)\"}]},{\"@type\":\"WebSite\",\"@id\":\"https:\/\/der-goldene-fisch.de\/ping\/#website\",\"url\":\"https:\/\/der-goldene-fisch.de\/ping\/\",\"name\":\"der goldene fisch\",\"description\":\"\",\"publisher\":{\"@id\":\"https:\/\/der-goldene-fisch.de\/ping\/#\/schema\/person\/c415140d7348926844a49b29cc105aa4\"},\"potentialAction\":[{\"@type\":\"SearchAction\",\"target\":{\"@type\":\"EntryPoint\",\"urlTemplate\":\"https:\/\/der-goldene-fisch.de\/ping\/?s={search_term_string}\"},\"query-input\":{\"@type\":\"PropertyValueSpecification\",\"valueRequired\":true,\"valueName\":\"search_term_string\"}}],\"inLanguage\":\"de\"},{\"@type\":[\"Person\",\"Organization\"],\"@id\":\"https:\/\/der-goldene-fisch.de\/ping\/#\/schema\/person\/c415140d7348926844a49b29cc105aa4\",\"name\":\"Andreas Louis Seyerlein\",\"image\":{\"@type\":\"ImageObject\",\"inLanguage\":\"de\",\"@id\":\"https:\/\/der-goldene-fisch.de\/ping\/#\/schema\/person\/image\/\",\"url\":\"https:\/\/secure.gravatar.com\/avatar\/d233a6eb5d99a83abb911b2d89ddf42e?s=96&d=mm&r=g\",\"contentUrl\":\"https:\/\/secure.gravatar.com\/avatar\/d233a6eb5d99a83abb911b2d89ddf42e?s=96&d=mm&r=g\",\"caption\":\"Andreas Louis Seyerlein\"},\"logo\":{\"@id\":\"https:\/\/der-goldene-fisch.de\/ping\/#\/schema\/person\/image\/\"},\"sameAs\":[\"http:\/\/\"]},{\"@type\":\"Person\",\"@id\":\"https:\/\/der-goldene-fisch.de\/ping\/#\/schema\/person\/b4cb2b531063dfc4a80c1893365b7faf\",\"name\":\"Gerald Koll\",\"image\":{\"@type\":\"ImageObject\",\"inLanguage\":\"de\",\"@id\":\"https:\/\/der-goldene-fisch.de\/ping\/#\/schema\/person\/image\/\",\"url\":\"https:\/\/secure.gravatar.com\/avatar\/494c3ef1389ba6e021d9cac11e0c4e81?s=96&d=mm&r=g\",\"contentUrl\":\"https:\/\/secure.gravatar.com\/avatar\/494c3ef1389ba6e021d9cac11e0c4e81?s=96&d=mm&r=g\",\"caption\":\"Gerald Koll\"},\"sameAs\":[\"http:\/\/www.geraldkoll.de\"],\"url\":\"https:\/\/der-goldene-fisch.de\/ping\/author\/gerald667\/\"}]}<\/script>\n<!-- \/ Yoast SEO plugin. -->","yoast_head_json":{"title":"Das f\u00fcnfzigste Jahr (15\/16) - der goldene fisch","robots":{"index":"index","follow":"follow","max-snippet":"max-snippet:-1","max-image-preview":"max-image-preview:large","max-video-preview":"max-video-preview:-1"},"canonical":"https:\/\/der-goldene-fisch.de\/ping\/das-fuenfzigste-jahr-1516\/","og_locale":"de_DE","og_type":"article","og_title":"Das f\u00fcnfzigste Jahr (15\/16) - der goldene fisch","og_description":"26. Juni 2015, ein Freitag Mit rei\u00dfendem Kopfweh erwacht. Nasenspray, sp\u00e4ter auch Aspirin. Nach dem Aufstehen sofort wieder flach gelegen. Die ganze Zeit die Sorge, wie das gehen soll, um 9:30 Uhr mein erstens Aikido-Training zu leiten. Verbissenes Gr\u00fcbeln, ob der Kopfschmerz nur Lampenfieber sei, oder ob Durchbei\u00dfen den Schmerz schlimmer macht. Training ging: vor [&hellip;]","og_url":"https:\/\/der-goldene-fisch.de\/ping\/das-fuenfzigste-jahr-1516\/","og_site_name":"der goldene fisch","article_published_time":"2016-07-20T10:44:22+00:00","author":"Gerald Koll","twitter_card":"summary_large_image","twitter_misc":{"Verfasst von":"Gerald Koll","Gesch\u00e4tzte Lesezeit":"3 Minuten"},"schema":{"@context":"https:\/\/schema.org","@graph":[{"@type":"Article","@id":"https:\/\/der-goldene-fisch.de\/ping\/das-fuenfzigste-jahr-1516\/#article","isPartOf":{"@id":"https:\/\/der-goldene-fisch.de\/ping\/das-fuenfzigste-jahr-1516\/"},"author":{"name":"Gerald Koll","@id":"https:\/\/der-goldene-fisch.de\/ping\/#\/schema\/person\/b4cb2b531063dfc4a80c1893365b7faf"},"headline":"Das f\u00fcnfzigste Jahr (15\/16)","datePublished":"2016-07-20T10:44:22+00:00","dateModified":"2016-07-20T10:44:22+00:00","mainEntityOfPage":{"@id":"https:\/\/der-goldene-fisch.de\/ping\/das-fuenfzigste-jahr-1516\/"},"wordCount":524,"commentCount":0,"publisher":{"@id":"https:\/\/der-goldene-fisch.de\/ping\/#\/schema\/person\/c415140d7348926844a49b29cc105aa4"},"articleSection":["a"],"inLanguage":"de","potentialAction":[{"@type":"CommentAction","name":"Comment","target":["https:\/\/der-goldene-fisch.de\/ping\/das-fuenfzigste-jahr-1516\/#respond"]}]},{"@type":"WebPage","@id":"https:\/\/der-goldene-fisch.de\/ping\/das-fuenfzigste-jahr-1516\/","url":"https:\/\/der-goldene-fisch.de\/ping\/das-fuenfzigste-jahr-1516\/","name":"Das f\u00fcnfzigste Jahr (15\/16) - der goldene fisch","isPartOf":{"@id":"https:\/\/der-goldene-fisch.de\/ping\/#website"},"datePublished":"2016-07-20T10:44:22+00:00","dateModified":"2016-07-20T10:44:22+00:00","breadcrumb":{"@id":"https:\/\/der-goldene-fisch.de\/ping\/das-fuenfzigste-jahr-1516\/#breadcrumb"},"inLanguage":"de","potentialAction":[{"@type":"ReadAction","target":["https:\/\/der-goldene-fisch.de\/ping\/das-fuenfzigste-jahr-1516\/"]}]},{"@type":"BreadcrumbList","@id":"https:\/\/der-goldene-fisch.de\/ping\/das-fuenfzigste-jahr-1516\/#breadcrumb","itemListElement":[{"@type":"ListItem","position":1,"name":"Startseite","item":"https:\/\/der-goldene-fisch.de\/ping\/"},{"@type":"ListItem","position":2,"name":"Das f\u00fcnfzigste Jahr (15\/16)"}]},{"@type":"WebSite","@id":"https:\/\/der-goldene-fisch.de\/ping\/#website","url":"https:\/\/der-goldene-fisch.de\/ping\/","name":"der goldene fisch","description":"","publisher":{"@id":"https:\/\/der-goldene-fisch.de\/ping\/#\/schema\/person\/c415140d7348926844a49b29cc105aa4"},"potentialAction":[{"@type":"SearchAction","target":{"@type":"EntryPoint","urlTemplate":"https:\/\/der-goldene-fisch.de\/ping\/?s={search_term_string}"},"query-input":{"@type":"PropertyValueSpecification","valueRequired":true,"valueName":"search_term_string"}}],"inLanguage":"de"},{"@type":["Person","Organization"],"@id":"https:\/\/der-goldene-fisch.de\/ping\/#\/schema\/person\/c415140d7348926844a49b29cc105aa4","name":"Andreas Louis Seyerlein","image":{"@type":"ImageObject","inLanguage":"de","@id":"https:\/\/der-goldene-fisch.de\/ping\/#\/schema\/person\/image\/","url":"https:\/\/secure.gravatar.com\/avatar\/d233a6eb5d99a83abb911b2d89ddf42e?s=96&d=mm&r=g","contentUrl":"https:\/\/secure.gravatar.com\/avatar\/d233a6eb5d99a83abb911b2d89ddf42e?s=96&d=mm&r=g","caption":"Andreas Louis Seyerlein"},"logo":{"@id":"https:\/\/der-goldene-fisch.de\/ping\/#\/schema\/person\/image\/"},"sameAs":["http:\/\/"]},{"@type":"Person","@id":"https:\/\/der-goldene-fisch.de\/ping\/#\/schema\/person\/b4cb2b531063dfc4a80c1893365b7faf","name":"Gerald Koll","image":{"@type":"ImageObject","inLanguage":"de","@id":"https:\/\/der-goldene-fisch.de\/ping\/#\/schema\/person\/image\/","url":"https:\/\/secure.gravatar.com\/avatar\/494c3ef1389ba6e021d9cac11e0c4e81?s=96&d=mm&r=g","contentUrl":"https:\/\/secure.gravatar.com\/avatar\/494c3ef1389ba6e021d9cac11e0c4e81?s=96&d=mm&r=g","caption":"Gerald Koll"},"sameAs":["http:\/\/www.geraldkoll.de"],"url":"https:\/\/der-goldene-fisch.de\/ping\/author\/gerald667\/"}]}},"jetpack_featured_media_url":"","jetpack_sharing_enabled":true,"jetpack_shortlink":"https:\/\/wp.me\/pxsFY-2yk","_links":{"self":[{"href":"https:\/\/der-goldene-fisch.de\/ping\/wp-json\/wp\/v2\/posts\/9816","targetHints":{"allow":["GET"]}}],"collection":[{"href":"https:\/\/der-goldene-fisch.de\/ping\/wp-json\/wp\/v2\/posts"}],"about":[{"href":"https:\/\/der-goldene-fisch.de\/ping\/wp-json\/wp\/v2\/types\/post"}],"author":[{"embeddable":true,"href":"https:\/\/der-goldene-fisch.de\/ping\/wp-json\/wp\/v2\/users\/10"}],"replies":[{"embeddable":true,"href":"https:\/\/der-goldene-fisch.de\/ping\/wp-json\/wp\/v2\/comments?post=9816"}],"version-history":[{"count":0,"href":"https:\/\/der-goldene-fisch.de\/ping\/wp-json\/wp\/v2\/posts\/9816\/revisions"}],"wp:attachment":[{"href":"https:\/\/der-goldene-fisch.de\/ping\/wp-json\/wp\/v2\/media?parent=9816"}],"wp:term":[{"taxonomy":"category","embeddable":true,"href":"https:\/\/der-goldene-fisch.de\/ping\/wp-json\/wp\/v2\/categories?post=9816"},{"taxonomy":"post_tag","embeddable":true,"href":"https:\/\/der-goldene-fisch.de\/ping\/wp-json\/wp\/v2\/tags?post=9816"}],"curies":[{"name":"wp","href":"https:\/\/api.w.org\/{rel}","templated":true}]}}