{"id":9856,"date":"2016-07-29T13:31:00","date_gmt":"2016-07-29T12:31:00","guid":{"rendered":"http:\/\/der-goldene-fisch.de\/ping\/?p=9856"},"modified":"2016-07-29T13:31:00","modified_gmt":"2016-07-29T12:31:00","slug":"das-fuenfzigste-jahr-192021","status":"publish","type":"post","link":"https:\/\/der-goldene-fisch.de\/ping\/das-fuenfzigste-jahr-192021\/","title":{"rendered":"Das f\u00fcnfzigste Jahr (19\/20\/21)"},"content":{"rendered":"<p><strong>4. Juli 2015, <\/strong><strong>ein Sonnabend<\/strong><\/p>\n<p>Noch so eine Kitty-facebook-Konferenz. Noch eine Schluss-Erkl\u00e4rung. Hoffentlich die letzte. Sie hat Recht damit, dass unsere Welten nicht zueinander passen. Da ist das schale Gef\u00fchl, dass meine Funktion von Beginn an als Episode angelegt war. Auch das Ohnmachts-Gef\u00fchl gegen\u00fcber diesen viertelklugen Einsichten, vermutlich Zufl\u00fcsterungen der Sekte, die ihre Fl\u00fcgel sch\u00fctzend \u00fcber sie breitet. Und Wut gegen alle anderen Rechthaber, die seit jeher den Kopf sch\u00fcttelten \u00fcber eine Beziehung mit einer 27-j\u00e4hrigen. Jetzt aber los: emsig dem Alter entgegen kr\u00fcmmen und k\u00fcmmern.<\/p>\n<p><strong> <\/strong><\/p>\n<p><strong>5. Juli, <\/strong><strong>ein Sonntag<\/strong><\/p>\n<p>Talkshow: In Krisenzeiten hei\u00dfen die gef\u00e4hrlichsten Ratgeber <em>Angst<\/em> und<em> Zorn<\/em>. Davon diktiert ist wom\u00f6glich meine Stellungnahme zur Genossenschaft, die ja nun unser Haus erworben hat und sich mit den Mietern ins Benehmen gesetzt hat, nur eben nicht mit meiner Person, weil ich nur Untermieter sei und als Untermieter kein Ansprechpartner f\u00fcr sie sei. Untermieter soll es k\u00fcnftig nicht mehr geben, der Hauptmieter aber will selbst nicht nach Berlin, und nun hat die Genossenschaft ein Interesse daran, entweder den Hauptmieter oder den Untermieter zu halten, aber nicht beide. Der Hauptmieter h\u00e4lt sich bedeckt, die Genossenschaft verlegt sich auf Taktieren und Hinterzimmer-Diplomatie. Sieht nicht gut aus, die Wohnungslage.<\/p>\n<p><strong>6. Juli, <\/strong><strong>ein Montag<\/strong><\/p>\n<p>F\u00fcr das Mietertreffen habe ich einen offenen Brief gegen den Vorstand der Genossenschaft \u00fcberarbeitet, wei\u00df aber nicht, ob ich diese Attacke reite oder mir lieber Zaumzeug anlege in R\u00fccksicht auf die Querelen und Intrigen, die in einem solchen Fall seitens der Nachbarin &lt;&gt; auf mich zuk\u00e4men.<\/p>\n<p>Diese dunkle Zeit: all das Verdrie\u00dfliche mit Kitty, mit dem Beruf, mit der Wohnung. Alles, sagen die Lebenshelfer, sei ein Anfang. Aber schei\u00df was drauf. Ich will ja gar keinen Anfang. Ich w\u00e4re gern irgendwo mittendrin, in einem Projekt, aber da ist kein Projekt, auch nichts G\u00e4rendes, sondern einfach ein unsinniger Zustand in einem kalten Wartezimmer.<\/p>\n<p>Um 23:09 eine \u00fcberraschende SMS von &#8230; Kitty!: &#8222;Lieber Gerald, ich kann deine Liebe nicht in mich reinlassen.mir ist das bewussterg. (sic) ich arbeite weiter an mir. Ich w\u00fcnsche dir eine sch\u00f6ne Zeit. Kitt \/ sms.de&#8220;<\/p>\n<p>Ich habe lauter Stellen, als h\u00e4tte ich Fl\u00f6he. Es juckt und juckt.<\/p>\n<p><em> <\/em><\/p>\n","protected":false},"excerpt":{"rendered":"<p>4. Juli 2015, ein Sonnabend Noch so eine Kitty-facebook-Konferenz. Noch eine Schluss-Erkl\u00e4rung. Hoffentlich die letzte. Sie hat Recht damit, dass unsere Welten nicht zueinander passen. Da ist das schale Gef\u00fchl, dass meine Funktion von Beginn an als Episode angelegt war. Auch das Ohnmachts-Gef\u00fchl gegen\u00fcber diesen viertelklugen Einsichten, vermutlich Zufl\u00fcsterungen der Sekte, die ihre Fl\u00fcgel sch\u00fctzend [&hellip;]<\/p>\n","protected":false},"author":10,"featured_media":0,"comment_status":"open","ping_status":"open","sticky":false,"template":"","format":"standard","meta":{"jetpack_post_was_ever_published":false,"_jetpack_newsletter_access":"","_jetpack_dont_email_post_to_subs":false,"_jetpack_newsletter_tier_id":0,"_jetpack_memberships_contains_paywalled_content":false,"_jetpack_memberships_contains_paid_content":false,"footnotes":"","jetpack_publicize_message":"","jetpack_publicize_feature_enabled":true,"jetpack_social_post_already_shared":false,"jetpack_social_options":{"image_generator_settings":{"template":"highway","enabled":false},"version":2}},"categories":[85],"tags":[],"class_list":["post-9856","post","type-post","status-publish","format-standard","hentry","category-a"],"jetpack_publicize_connections":[],"yoast_head":"<!-- This site is optimized with the Yoast SEO plugin v24.0 - https:\/\/yoast.com\/wordpress\/plugins\/seo\/ -->\n<title>Das f\u00fcnfzigste Jahr (19\/20\/21) - der goldene fisch<\/title>\n<meta name=\"robots\" content=\"index, follow, max-snippet:-1, max-image-preview:large, max-video-preview:-1\" \/>\n<link rel=\"canonical\" href=\"https:\/\/der-goldene-fisch.de\/ping\/das-fuenfzigste-jahr-192021\/\" \/>\n<meta property=\"og:locale\" content=\"de_DE\" \/>\n<meta property=\"og:type\" content=\"article\" \/>\n<meta property=\"og:title\" content=\"Das f\u00fcnfzigste Jahr (19\/20\/21) - der goldene fisch\" \/>\n<meta property=\"og:description\" content=\"4. Juli 2015, ein Sonnabend Noch so eine Kitty-facebook-Konferenz. Noch eine Schluss-Erkl\u00e4rung. Hoffentlich die letzte. Sie hat Recht damit, dass unsere Welten nicht zueinander passen. Da ist das schale Gef\u00fchl, dass meine Funktion von Beginn an als Episode angelegt war. Auch das Ohnmachts-Gef\u00fchl gegen\u00fcber diesen viertelklugen Einsichten, vermutlich Zufl\u00fcsterungen der Sekte, die ihre Fl\u00fcgel sch\u00fctzend [&hellip;]\" \/>\n<meta property=\"og:url\" content=\"https:\/\/der-goldene-fisch.de\/ping\/das-fuenfzigste-jahr-192021\/\" \/>\n<meta property=\"og:site_name\" content=\"der goldene fisch\" \/>\n<meta property=\"article:published_time\" content=\"2016-07-29T12:31:00+00:00\" \/>\n<meta name=\"author\" content=\"Gerald Koll\" \/>\n<meta name=\"twitter:card\" content=\"summary_large_image\" \/>\n<meta name=\"twitter:label1\" content=\"Verfasst von\" \/>\n\t<meta name=\"twitter:data1\" content=\"Gerald Koll\" \/>\n\t<meta name=\"twitter:label2\" content=\"Gesch\u00e4tzte Lesezeit\" \/>\n\t<meta name=\"twitter:data2\" content=\"2 Minuten\" \/>\n<script type=\"application\/ld+json\" class=\"yoast-schema-graph\">{\"@context\":\"https:\/\/schema.org\",\"@graph\":[{\"@type\":\"Article\",\"@id\":\"https:\/\/der-goldene-fisch.de\/ping\/das-fuenfzigste-jahr-192021\/#article\",\"isPartOf\":{\"@id\":\"https:\/\/der-goldene-fisch.de\/ping\/das-fuenfzigste-jahr-192021\/\"},\"author\":{\"name\":\"Gerald Koll\",\"@id\":\"https:\/\/der-goldene-fisch.de\/ping\/#\/schema\/person\/b4cb2b531063dfc4a80c1893365b7faf\"},\"headline\":\"Das f\u00fcnfzigste Jahr (19\/20\/21)\",\"datePublished\":\"2016-07-29T12:31:00+00:00\",\"dateModified\":\"2016-07-29T12:31:00+00:00\",\"mainEntityOfPage\":{\"@id\":\"https:\/\/der-goldene-fisch.de\/ping\/das-fuenfzigste-jahr-192021\/\"},\"wordCount\":377,\"commentCount\":0,\"publisher\":{\"@id\":\"https:\/\/der-goldene-fisch.de\/ping\/#\/schema\/person\/c415140d7348926844a49b29cc105aa4\"},\"articleSection\":[\"a\"],\"inLanguage\":\"de\",\"potentialAction\":[{\"@type\":\"CommentAction\",\"name\":\"Comment\",\"target\":[\"https:\/\/der-goldene-fisch.de\/ping\/das-fuenfzigste-jahr-192021\/#respond\"]}]},{\"@type\":\"WebPage\",\"@id\":\"https:\/\/der-goldene-fisch.de\/ping\/das-fuenfzigste-jahr-192021\/\",\"url\":\"https:\/\/der-goldene-fisch.de\/ping\/das-fuenfzigste-jahr-192021\/\",\"name\":\"Das f\u00fcnfzigste Jahr (19\/20\/21) - der goldene fisch\",\"isPartOf\":{\"@id\":\"https:\/\/der-goldene-fisch.de\/ping\/#website\"},\"datePublished\":\"2016-07-29T12:31:00+00:00\",\"dateModified\":\"2016-07-29T12:31:00+00:00\",\"breadcrumb\":{\"@id\":\"https:\/\/der-goldene-fisch.de\/ping\/das-fuenfzigste-jahr-192021\/#breadcrumb\"},\"inLanguage\":\"de\",\"potentialAction\":[{\"@type\":\"ReadAction\",\"target\":[\"https:\/\/der-goldene-fisch.de\/ping\/das-fuenfzigste-jahr-192021\/\"]}]},{\"@type\":\"BreadcrumbList\",\"@id\":\"https:\/\/der-goldene-fisch.de\/ping\/das-fuenfzigste-jahr-192021\/#breadcrumb\",\"itemListElement\":[{\"@type\":\"ListItem\",\"position\":1,\"name\":\"Startseite\",\"item\":\"https:\/\/der-goldene-fisch.de\/ping\/\"},{\"@type\":\"ListItem\",\"position\":2,\"name\":\"Das f\u00fcnfzigste Jahr (19\/20\/21)\"}]},{\"@type\":\"WebSite\",\"@id\":\"https:\/\/der-goldene-fisch.de\/ping\/#website\",\"url\":\"https:\/\/der-goldene-fisch.de\/ping\/\",\"name\":\"der goldene fisch\",\"description\":\"\",\"publisher\":{\"@id\":\"https:\/\/der-goldene-fisch.de\/ping\/#\/schema\/person\/c415140d7348926844a49b29cc105aa4\"},\"potentialAction\":[{\"@type\":\"SearchAction\",\"target\":{\"@type\":\"EntryPoint\",\"urlTemplate\":\"https:\/\/der-goldene-fisch.de\/ping\/?s={search_term_string}\"},\"query-input\":{\"@type\":\"PropertyValueSpecification\",\"valueRequired\":true,\"valueName\":\"search_term_string\"}}],\"inLanguage\":\"de\"},{\"@type\":[\"Person\",\"Organization\"],\"@id\":\"https:\/\/der-goldene-fisch.de\/ping\/#\/schema\/person\/c415140d7348926844a49b29cc105aa4\",\"name\":\"Andreas Louis Seyerlein\",\"image\":{\"@type\":\"ImageObject\",\"inLanguage\":\"de\",\"@id\":\"https:\/\/der-goldene-fisch.de\/ping\/#\/schema\/person\/image\/\",\"url\":\"https:\/\/secure.gravatar.com\/avatar\/d233a6eb5d99a83abb911b2d89ddf42e?s=96&d=mm&r=g\",\"contentUrl\":\"https:\/\/secure.gravatar.com\/avatar\/d233a6eb5d99a83abb911b2d89ddf42e?s=96&d=mm&r=g\",\"caption\":\"Andreas Louis Seyerlein\"},\"logo\":{\"@id\":\"https:\/\/der-goldene-fisch.de\/ping\/#\/schema\/person\/image\/\"},\"sameAs\":[\"http:\/\/\"]},{\"@type\":\"Person\",\"@id\":\"https:\/\/der-goldene-fisch.de\/ping\/#\/schema\/person\/b4cb2b531063dfc4a80c1893365b7faf\",\"name\":\"Gerald Koll\",\"image\":{\"@type\":\"ImageObject\",\"inLanguage\":\"de\",\"@id\":\"https:\/\/der-goldene-fisch.de\/ping\/#\/schema\/person\/image\/\",\"url\":\"https:\/\/secure.gravatar.com\/avatar\/494c3ef1389ba6e021d9cac11e0c4e81?s=96&d=mm&r=g\",\"contentUrl\":\"https:\/\/secure.gravatar.com\/avatar\/494c3ef1389ba6e021d9cac11e0c4e81?s=96&d=mm&r=g\",\"caption\":\"Gerald Koll\"},\"sameAs\":[\"http:\/\/www.geraldkoll.de\"],\"url\":\"https:\/\/der-goldene-fisch.de\/ping\/author\/gerald667\/\"}]}<\/script>\n<!-- \/ Yoast SEO plugin. -->","yoast_head_json":{"title":"Das f\u00fcnfzigste Jahr (19\/20\/21) - der goldene fisch","robots":{"index":"index","follow":"follow","max-snippet":"max-snippet:-1","max-image-preview":"max-image-preview:large","max-video-preview":"max-video-preview:-1"},"canonical":"https:\/\/der-goldene-fisch.de\/ping\/das-fuenfzigste-jahr-192021\/","og_locale":"de_DE","og_type":"article","og_title":"Das f\u00fcnfzigste Jahr (19\/20\/21) - der goldene fisch","og_description":"4. Juli 2015, ein Sonnabend Noch so eine Kitty-facebook-Konferenz. Noch eine Schluss-Erkl\u00e4rung. Hoffentlich die letzte. Sie hat Recht damit, dass unsere Welten nicht zueinander passen. Da ist das schale Gef\u00fchl, dass meine Funktion von Beginn an als Episode angelegt war. Auch das Ohnmachts-Gef\u00fchl gegen\u00fcber diesen viertelklugen Einsichten, vermutlich Zufl\u00fcsterungen der Sekte, die ihre Fl\u00fcgel sch\u00fctzend [&hellip;]","og_url":"https:\/\/der-goldene-fisch.de\/ping\/das-fuenfzigste-jahr-192021\/","og_site_name":"der goldene fisch","article_published_time":"2016-07-29T12:31:00+00:00","author":"Gerald Koll","twitter_card":"summary_large_image","twitter_misc":{"Verfasst von":"Gerald Koll","Gesch\u00e4tzte Lesezeit":"2 Minuten"},"schema":{"@context":"https:\/\/schema.org","@graph":[{"@type":"Article","@id":"https:\/\/der-goldene-fisch.de\/ping\/das-fuenfzigste-jahr-192021\/#article","isPartOf":{"@id":"https:\/\/der-goldene-fisch.de\/ping\/das-fuenfzigste-jahr-192021\/"},"author":{"name":"Gerald Koll","@id":"https:\/\/der-goldene-fisch.de\/ping\/#\/schema\/person\/b4cb2b531063dfc4a80c1893365b7faf"},"headline":"Das f\u00fcnfzigste Jahr (19\/20\/21)","datePublished":"2016-07-29T12:31:00+00:00","dateModified":"2016-07-29T12:31:00+00:00","mainEntityOfPage":{"@id":"https:\/\/der-goldene-fisch.de\/ping\/das-fuenfzigste-jahr-192021\/"},"wordCount":377,"commentCount":0,"publisher":{"@id":"https:\/\/der-goldene-fisch.de\/ping\/#\/schema\/person\/c415140d7348926844a49b29cc105aa4"},"articleSection":["a"],"inLanguage":"de","potentialAction":[{"@type":"CommentAction","name":"Comment","target":["https:\/\/der-goldene-fisch.de\/ping\/das-fuenfzigste-jahr-192021\/#respond"]}]},{"@type":"WebPage","@id":"https:\/\/der-goldene-fisch.de\/ping\/das-fuenfzigste-jahr-192021\/","url":"https:\/\/der-goldene-fisch.de\/ping\/das-fuenfzigste-jahr-192021\/","name":"Das f\u00fcnfzigste Jahr (19\/20\/21) - der goldene fisch","isPartOf":{"@id":"https:\/\/der-goldene-fisch.de\/ping\/#website"},"datePublished":"2016-07-29T12:31:00+00:00","dateModified":"2016-07-29T12:31:00+00:00","breadcrumb":{"@id":"https:\/\/der-goldene-fisch.de\/ping\/das-fuenfzigste-jahr-192021\/#breadcrumb"},"inLanguage":"de","potentialAction":[{"@type":"ReadAction","target":["https:\/\/der-goldene-fisch.de\/ping\/das-fuenfzigste-jahr-192021\/"]}]},{"@type":"BreadcrumbList","@id":"https:\/\/der-goldene-fisch.de\/ping\/das-fuenfzigste-jahr-192021\/#breadcrumb","itemListElement":[{"@type":"ListItem","position":1,"name":"Startseite","item":"https:\/\/der-goldene-fisch.de\/ping\/"},{"@type":"ListItem","position":2,"name":"Das f\u00fcnfzigste Jahr (19\/20\/21)"}]},{"@type":"WebSite","@id":"https:\/\/der-goldene-fisch.de\/ping\/#website","url":"https:\/\/der-goldene-fisch.de\/ping\/","name":"der goldene fisch","description":"","publisher":{"@id":"https:\/\/der-goldene-fisch.de\/ping\/#\/schema\/person\/c415140d7348926844a49b29cc105aa4"},"potentialAction":[{"@type":"SearchAction","target":{"@type":"EntryPoint","urlTemplate":"https:\/\/der-goldene-fisch.de\/ping\/?s={search_term_string}"},"query-input":{"@type":"PropertyValueSpecification","valueRequired":true,"valueName":"search_term_string"}}],"inLanguage":"de"},{"@type":["Person","Organization"],"@id":"https:\/\/der-goldene-fisch.de\/ping\/#\/schema\/person\/c415140d7348926844a49b29cc105aa4","name":"Andreas Louis Seyerlein","image":{"@type":"ImageObject","inLanguage":"de","@id":"https:\/\/der-goldene-fisch.de\/ping\/#\/schema\/person\/image\/","url":"https:\/\/secure.gravatar.com\/avatar\/d233a6eb5d99a83abb911b2d89ddf42e?s=96&d=mm&r=g","contentUrl":"https:\/\/secure.gravatar.com\/avatar\/d233a6eb5d99a83abb911b2d89ddf42e?s=96&d=mm&r=g","caption":"Andreas Louis Seyerlein"},"logo":{"@id":"https:\/\/der-goldene-fisch.de\/ping\/#\/schema\/person\/image\/"},"sameAs":["http:\/\/"]},{"@type":"Person","@id":"https:\/\/der-goldene-fisch.de\/ping\/#\/schema\/person\/b4cb2b531063dfc4a80c1893365b7faf","name":"Gerald Koll","image":{"@type":"ImageObject","inLanguage":"de","@id":"https:\/\/der-goldene-fisch.de\/ping\/#\/schema\/person\/image\/","url":"https:\/\/secure.gravatar.com\/avatar\/494c3ef1389ba6e021d9cac11e0c4e81?s=96&d=mm&r=g","contentUrl":"https:\/\/secure.gravatar.com\/avatar\/494c3ef1389ba6e021d9cac11e0c4e81?s=96&d=mm&r=g","caption":"Gerald Koll"},"sameAs":["http:\/\/www.geraldkoll.de"],"url":"https:\/\/der-goldene-fisch.de\/ping\/author\/gerald667\/"}]}},"jetpack_featured_media_url":"","jetpack_sharing_enabled":true,"jetpack_shortlink":"https:\/\/wp.me\/pxsFY-2yY","_links":{"self":[{"href":"https:\/\/der-goldene-fisch.de\/ping\/wp-json\/wp\/v2\/posts\/9856","targetHints":{"allow":["GET"]}}],"collection":[{"href":"https:\/\/der-goldene-fisch.de\/ping\/wp-json\/wp\/v2\/posts"}],"about":[{"href":"https:\/\/der-goldene-fisch.de\/ping\/wp-json\/wp\/v2\/types\/post"}],"author":[{"embeddable":true,"href":"https:\/\/der-goldene-fisch.de\/ping\/wp-json\/wp\/v2\/users\/10"}],"replies":[{"embeddable":true,"href":"https:\/\/der-goldene-fisch.de\/ping\/wp-json\/wp\/v2\/comments?post=9856"}],"version-history":[{"count":0,"href":"https:\/\/der-goldene-fisch.de\/ping\/wp-json\/wp\/v2\/posts\/9856\/revisions"}],"wp:attachment":[{"href":"https:\/\/der-goldene-fisch.de\/ping\/wp-json\/wp\/v2\/media?parent=9856"}],"wp:term":[{"taxonomy":"category","embeddable":true,"href":"https:\/\/der-goldene-fisch.de\/ping\/wp-json\/wp\/v2\/categories?post=9856"},{"taxonomy":"post_tag","embeddable":true,"href":"https:\/\/der-goldene-fisch.de\/ping\/wp-json\/wp\/v2\/tags?post=9856"}],"curies":[{"name":"wp","href":"https:\/\/api.w.org\/{rel}","templated":true}]}}