{"id":9871,"date":"2016-08-02T11:25:30","date_gmt":"2016-08-02T10:25:30","guid":{"rendered":"http:\/\/der-goldene-fisch.de\/ping\/?p=9871"},"modified":"2016-08-02T11:27:29","modified_gmt":"2016-08-02T10:27:29","slug":"das-fuenfzigste-jahr-3031","status":"publish","type":"post","link":"https:\/\/der-goldene-fisch.de\/ping\/das-fuenfzigste-jahr-3031\/","title":{"rendered":"Das f\u00fcnfzigste Jahr (30\/31)"},"content":{"rendered":"<p><strong>16. Juli 2015, <\/strong><strong>ein Donnerstag<\/strong><\/p>\n<p><strong> <\/strong><\/p>\n<p>Wie sehr ich inzwischen dieses Tagebuch liebe. Es protokolliert meinen Niedergang. Vielleicht heroisiert es ihn bzw. schreibt vor, was ich hier zu beschreiben glaube. Jeder richtet sich nach dem Wort, das er \u00fcber sich abgibt.<\/p>\n<p>Auff\u00e4llig, wie selten es mir derzeit gelingt, die richtigen Worte zu finden. Sie sch\u00fcren Unmut und verderben die Absicht. Heute, beim B\u00e4cker, stellte eine Verk\u00e4uferin zwei L\u00f6ffel in meinen Kaffee und rieb sich den Bauch, als ob er krampfe. So warm wie m\u00f6glich sagte ich am\u00fcsiert: &#8222;Jetzt haben Sie mir sogar zwei L\u00f6ffel in den Kaffee gestellt&#8220;, worauf die arme Frau eine Entschuldigung dahinstotterte, worauf ich wiederum in hocheilendster Beschwichtigung sorglich mich erkundigte: &#8222;Ist Ihnen nicht wohl?&#8220; Sofort erstarb alle Unterhaltung in der B\u00e4ckerei, als wittere man den gr\u00e4migen Kunden, der wegen eines \u00fcbersch\u00fcssigen L\u00f6ffels pers\u00f6nlich beleidigt. Nun stammelte die Verk\u00e4uferin erst recht und alles war nur noch peinlich.<\/p>\n<p>Nietzsche l\u00e4sst Zarathustra predigen: &#8222;Ihr haltet es mit euch selber nicht aus und liebt euch nicht genug: nun wollt ihr den N\u00e4chsten zur Liebe verf\u00fchren und euch mit seinem Irrtum vergolden.&#8220; (S. 147)<\/p>\n<p>Im Nebenan im Hause f\u00e4chelt man gnadenreiche G\u00fcte \u00fcber meine ungebilligten offenen Briefe: Es werde Zeit vergehen, man werde vergessen. Was sie keineswegs vergessen wird, wird sein, dass sie vergessen wollte. Sie wird im Ged\u00e4chtnis verwahren, dass sie es war, die verzeiht.<\/p>\n<p><strong>17. Juli, <\/strong><strong>ein Freitag<\/strong><\/p>\n<p>Um 8:15 beim Zahnarzt. Kronen-Einsatz, 2. Versuch. Empfang mit der Mitteilung, das Labor habe mit dem letzten Abdruck nicht arbeiten k\u00f6nnen. Daher werde nun ein neuer angefertigt. In einer Woche folgt der 3. Termin.<\/p>\n<p>Beim Amt reiche ich Unterlagen auf Erteilung eines K\u00fcnstler-Wohnberechtigungsscheins nach. Die Frau am Schalter ruft ihrer Kollegin vis-\u00e0-vis zu: &#8222;K\u00fcnstler-WBS? Noch nie geh\u00f6rt! Du?!&#8220; &#8222;Nee!&#8220; Sie pr\u00fcft die Unterlagen: Der zust\u00e4ndige Sachbearbeiter hatte, obwohl er das richtige Formular von mir ausgeh\u00e4ndigt bekommen hat, das Falsche angekreuzt, n\u00e4mlich: Antrag auf Wohngeld. Ich ahne B\u00f6ses. Auch, weil ich irgendeinen Mietvertrag vorweisen muss, aber mein Hauptmieter sich dr\u00fcckt, mir den erbetenen Mietvertrag zu schicken. Leider. Da h\u00e4tte ich in der Vergangenheit mehr hinterher sein m\u00fcssen, statt naiv auf Vertrauen zu setzen.<\/p>\n<p>Beim Aikido hat Gerd Sensei mich zum ersten Mal nach vorn geholt &#8211; es war keiner der Stamm-Ukes da, so dass die zweite Garde zum Zuge kam. Und sofort: Gerd karikiert Gerald als Stein. Dennoch genossen.<\/p>\n<p>Sehr sch\u00f6n: <em>Der Schatz der Sierra Madre<\/em> (USA 1947) mit Humphrey Bogart als Bettler in Mexiko, den die Goldsuche zum gierigen Knilch verwandelt &#8211; eine un\u00fcbliche Rolle, die Bogart mit Lust am Ekel f\u00fcllt.<\/p>\n<p><em> <\/em><\/p>\n<p><em> <\/em><\/p>\n","protected":false},"excerpt":{"rendered":"<p>16. Juli 2015, ein Donnerstag Wie sehr ich inzwischen dieses Tagebuch liebe. Es protokolliert meinen Niedergang. Vielleicht heroisiert es ihn bzw. schreibt vor, was ich hier zu beschreiben glaube. Jeder richtet sich nach dem Wort, das er \u00fcber sich abgibt. Auff\u00e4llig, wie selten es mir derzeit gelingt, die richtigen Worte zu finden. Sie sch\u00fcren Unmut [&hellip;]<\/p>\n","protected":false},"author":10,"featured_media":0,"comment_status":"open","ping_status":"open","sticky":false,"template":"","format":"standard","meta":{"jetpack_post_was_ever_published":false,"_jetpack_newsletter_access":"","_jetpack_dont_email_post_to_subs":false,"_jetpack_newsletter_tier_id":0,"_jetpack_memberships_contains_paywalled_content":false,"_jetpack_memberships_contains_paid_content":false,"footnotes":"","jetpack_publicize_message":"","jetpack_publicize_feature_enabled":true,"jetpack_social_post_already_shared":false,"jetpack_social_options":{"image_generator_settings":{"template":"highway","enabled":false},"version":2}},"categories":[85],"tags":[],"class_list":["post-9871","post","type-post","status-publish","format-standard","hentry","category-a"],"jetpack_publicize_connections":[],"yoast_head":"<!-- This site is optimized with the Yoast SEO plugin v24.0 - https:\/\/yoast.com\/wordpress\/plugins\/seo\/ -->\n<title>Das f\u00fcnfzigste Jahr (30\/31) - der goldene fisch<\/title>\n<meta name=\"robots\" content=\"index, follow, max-snippet:-1, max-image-preview:large, max-video-preview:-1\" \/>\n<link rel=\"canonical\" href=\"https:\/\/der-goldene-fisch.de\/ping\/das-fuenfzigste-jahr-3031\/\" \/>\n<meta property=\"og:locale\" content=\"de_DE\" \/>\n<meta property=\"og:type\" content=\"article\" \/>\n<meta property=\"og:title\" content=\"Das f\u00fcnfzigste Jahr (30\/31) - der goldene fisch\" \/>\n<meta property=\"og:description\" content=\"16. Juli 2015, ein Donnerstag Wie sehr ich inzwischen dieses Tagebuch liebe. Es protokolliert meinen Niedergang. Vielleicht heroisiert es ihn bzw. schreibt vor, was ich hier zu beschreiben glaube. Jeder richtet sich nach dem Wort, das er \u00fcber sich abgibt. Auff\u00e4llig, wie selten es mir derzeit gelingt, die richtigen Worte zu finden. Sie sch\u00fcren Unmut [&hellip;]\" \/>\n<meta property=\"og:url\" content=\"https:\/\/der-goldene-fisch.de\/ping\/das-fuenfzigste-jahr-3031\/\" \/>\n<meta property=\"og:site_name\" content=\"der goldene fisch\" \/>\n<meta property=\"article:published_time\" content=\"2016-08-02T10:25:30+00:00\" \/>\n<meta property=\"article:modified_time\" content=\"2016-08-02T10:27:29+00:00\" \/>\n<meta name=\"author\" content=\"Gerald Koll\" \/>\n<meta name=\"twitter:card\" content=\"summary_large_image\" \/>\n<meta name=\"twitter:label1\" content=\"Verfasst von\" \/>\n\t<meta name=\"twitter:data1\" content=\"Gerald Koll\" \/>\n\t<meta name=\"twitter:label2\" content=\"Gesch\u00e4tzte Lesezeit\" \/>\n\t<meta name=\"twitter:data2\" content=\"2 Minuten\" \/>\n<script type=\"application\/ld+json\" class=\"yoast-schema-graph\">{\"@context\":\"https:\/\/schema.org\",\"@graph\":[{\"@type\":\"Article\",\"@id\":\"https:\/\/der-goldene-fisch.de\/ping\/das-fuenfzigste-jahr-3031\/#article\",\"isPartOf\":{\"@id\":\"https:\/\/der-goldene-fisch.de\/ping\/das-fuenfzigste-jahr-3031\/\"},\"author\":{\"name\":\"Gerald Koll\",\"@id\":\"https:\/\/der-goldene-fisch.de\/ping\/#\/schema\/person\/b4cb2b531063dfc4a80c1893365b7faf\"},\"headline\":\"Das f\u00fcnfzigste Jahr (30\/31)\",\"datePublished\":\"2016-08-02T10:25:30+00:00\",\"dateModified\":\"2016-08-02T10:27:29+00:00\",\"mainEntityOfPage\":{\"@id\":\"https:\/\/der-goldene-fisch.de\/ping\/das-fuenfzigste-jahr-3031\/\"},\"wordCount\":452,\"commentCount\":0,\"publisher\":{\"@id\":\"https:\/\/der-goldene-fisch.de\/ping\/#\/schema\/person\/c415140d7348926844a49b29cc105aa4\"},\"articleSection\":[\"a\"],\"inLanguage\":\"de\",\"potentialAction\":[{\"@type\":\"CommentAction\",\"name\":\"Comment\",\"target\":[\"https:\/\/der-goldene-fisch.de\/ping\/das-fuenfzigste-jahr-3031\/#respond\"]}]},{\"@type\":\"WebPage\",\"@id\":\"https:\/\/der-goldene-fisch.de\/ping\/das-fuenfzigste-jahr-3031\/\",\"url\":\"https:\/\/der-goldene-fisch.de\/ping\/das-fuenfzigste-jahr-3031\/\",\"name\":\"Das f\u00fcnfzigste Jahr (30\/31) - der goldene fisch\",\"isPartOf\":{\"@id\":\"https:\/\/der-goldene-fisch.de\/ping\/#website\"},\"datePublished\":\"2016-08-02T10:25:30+00:00\",\"dateModified\":\"2016-08-02T10:27:29+00:00\",\"breadcrumb\":{\"@id\":\"https:\/\/der-goldene-fisch.de\/ping\/das-fuenfzigste-jahr-3031\/#breadcrumb\"},\"inLanguage\":\"de\",\"potentialAction\":[{\"@type\":\"ReadAction\",\"target\":[\"https:\/\/der-goldene-fisch.de\/ping\/das-fuenfzigste-jahr-3031\/\"]}]},{\"@type\":\"BreadcrumbList\",\"@id\":\"https:\/\/der-goldene-fisch.de\/ping\/das-fuenfzigste-jahr-3031\/#breadcrumb\",\"itemListElement\":[{\"@type\":\"ListItem\",\"position\":1,\"name\":\"Startseite\",\"item\":\"https:\/\/der-goldene-fisch.de\/ping\/\"},{\"@type\":\"ListItem\",\"position\":2,\"name\":\"Das f\u00fcnfzigste Jahr (30\/31)\"}]},{\"@type\":\"WebSite\",\"@id\":\"https:\/\/der-goldene-fisch.de\/ping\/#website\",\"url\":\"https:\/\/der-goldene-fisch.de\/ping\/\",\"name\":\"der goldene fisch\",\"description\":\"\",\"publisher\":{\"@id\":\"https:\/\/der-goldene-fisch.de\/ping\/#\/schema\/person\/c415140d7348926844a49b29cc105aa4\"},\"potentialAction\":[{\"@type\":\"SearchAction\",\"target\":{\"@type\":\"EntryPoint\",\"urlTemplate\":\"https:\/\/der-goldene-fisch.de\/ping\/?s={search_term_string}\"},\"query-input\":{\"@type\":\"PropertyValueSpecification\",\"valueRequired\":true,\"valueName\":\"search_term_string\"}}],\"inLanguage\":\"de\"},{\"@type\":[\"Person\",\"Organization\"],\"@id\":\"https:\/\/der-goldene-fisch.de\/ping\/#\/schema\/person\/c415140d7348926844a49b29cc105aa4\",\"name\":\"Andreas Louis Seyerlein\",\"image\":{\"@type\":\"ImageObject\",\"inLanguage\":\"de\",\"@id\":\"https:\/\/der-goldene-fisch.de\/ping\/#\/schema\/person\/image\/\",\"url\":\"https:\/\/secure.gravatar.com\/avatar\/d233a6eb5d99a83abb911b2d89ddf42e?s=96&d=mm&r=g\",\"contentUrl\":\"https:\/\/secure.gravatar.com\/avatar\/d233a6eb5d99a83abb911b2d89ddf42e?s=96&d=mm&r=g\",\"caption\":\"Andreas Louis Seyerlein\"},\"logo\":{\"@id\":\"https:\/\/der-goldene-fisch.de\/ping\/#\/schema\/person\/image\/\"},\"sameAs\":[\"http:\/\/\"]},{\"@type\":\"Person\",\"@id\":\"https:\/\/der-goldene-fisch.de\/ping\/#\/schema\/person\/b4cb2b531063dfc4a80c1893365b7faf\",\"name\":\"Gerald Koll\",\"image\":{\"@type\":\"ImageObject\",\"inLanguage\":\"de\",\"@id\":\"https:\/\/der-goldene-fisch.de\/ping\/#\/schema\/person\/image\/\",\"url\":\"https:\/\/secure.gravatar.com\/avatar\/494c3ef1389ba6e021d9cac11e0c4e81?s=96&d=mm&r=g\",\"contentUrl\":\"https:\/\/secure.gravatar.com\/avatar\/494c3ef1389ba6e021d9cac11e0c4e81?s=96&d=mm&r=g\",\"caption\":\"Gerald Koll\"},\"sameAs\":[\"http:\/\/www.geraldkoll.de\"],\"url\":\"https:\/\/der-goldene-fisch.de\/ping\/author\/gerald667\/\"}]}<\/script>\n<!-- \/ Yoast SEO plugin. -->","yoast_head_json":{"title":"Das f\u00fcnfzigste Jahr (30\/31) - der goldene fisch","robots":{"index":"index","follow":"follow","max-snippet":"max-snippet:-1","max-image-preview":"max-image-preview:large","max-video-preview":"max-video-preview:-1"},"canonical":"https:\/\/der-goldene-fisch.de\/ping\/das-fuenfzigste-jahr-3031\/","og_locale":"de_DE","og_type":"article","og_title":"Das f\u00fcnfzigste Jahr (30\/31) - der goldene fisch","og_description":"16. Juli 2015, ein Donnerstag Wie sehr ich inzwischen dieses Tagebuch liebe. Es protokolliert meinen Niedergang. Vielleicht heroisiert es ihn bzw. schreibt vor, was ich hier zu beschreiben glaube. Jeder richtet sich nach dem Wort, das er \u00fcber sich abgibt. Auff\u00e4llig, wie selten es mir derzeit gelingt, die richtigen Worte zu finden. Sie sch\u00fcren Unmut [&hellip;]","og_url":"https:\/\/der-goldene-fisch.de\/ping\/das-fuenfzigste-jahr-3031\/","og_site_name":"der goldene fisch","article_published_time":"2016-08-02T10:25:30+00:00","article_modified_time":"2016-08-02T10:27:29+00:00","author":"Gerald Koll","twitter_card":"summary_large_image","twitter_misc":{"Verfasst von":"Gerald Koll","Gesch\u00e4tzte Lesezeit":"2 Minuten"},"schema":{"@context":"https:\/\/schema.org","@graph":[{"@type":"Article","@id":"https:\/\/der-goldene-fisch.de\/ping\/das-fuenfzigste-jahr-3031\/#article","isPartOf":{"@id":"https:\/\/der-goldene-fisch.de\/ping\/das-fuenfzigste-jahr-3031\/"},"author":{"name":"Gerald Koll","@id":"https:\/\/der-goldene-fisch.de\/ping\/#\/schema\/person\/b4cb2b531063dfc4a80c1893365b7faf"},"headline":"Das f\u00fcnfzigste Jahr (30\/31)","datePublished":"2016-08-02T10:25:30+00:00","dateModified":"2016-08-02T10:27:29+00:00","mainEntityOfPage":{"@id":"https:\/\/der-goldene-fisch.de\/ping\/das-fuenfzigste-jahr-3031\/"},"wordCount":452,"commentCount":0,"publisher":{"@id":"https:\/\/der-goldene-fisch.de\/ping\/#\/schema\/person\/c415140d7348926844a49b29cc105aa4"},"articleSection":["a"],"inLanguage":"de","potentialAction":[{"@type":"CommentAction","name":"Comment","target":["https:\/\/der-goldene-fisch.de\/ping\/das-fuenfzigste-jahr-3031\/#respond"]}]},{"@type":"WebPage","@id":"https:\/\/der-goldene-fisch.de\/ping\/das-fuenfzigste-jahr-3031\/","url":"https:\/\/der-goldene-fisch.de\/ping\/das-fuenfzigste-jahr-3031\/","name":"Das f\u00fcnfzigste Jahr (30\/31) - der goldene fisch","isPartOf":{"@id":"https:\/\/der-goldene-fisch.de\/ping\/#website"},"datePublished":"2016-08-02T10:25:30+00:00","dateModified":"2016-08-02T10:27:29+00:00","breadcrumb":{"@id":"https:\/\/der-goldene-fisch.de\/ping\/das-fuenfzigste-jahr-3031\/#breadcrumb"},"inLanguage":"de","potentialAction":[{"@type":"ReadAction","target":["https:\/\/der-goldene-fisch.de\/ping\/das-fuenfzigste-jahr-3031\/"]}]},{"@type":"BreadcrumbList","@id":"https:\/\/der-goldene-fisch.de\/ping\/das-fuenfzigste-jahr-3031\/#breadcrumb","itemListElement":[{"@type":"ListItem","position":1,"name":"Startseite","item":"https:\/\/der-goldene-fisch.de\/ping\/"},{"@type":"ListItem","position":2,"name":"Das f\u00fcnfzigste Jahr (30\/31)"}]},{"@type":"WebSite","@id":"https:\/\/der-goldene-fisch.de\/ping\/#website","url":"https:\/\/der-goldene-fisch.de\/ping\/","name":"der goldene fisch","description":"","publisher":{"@id":"https:\/\/der-goldene-fisch.de\/ping\/#\/schema\/person\/c415140d7348926844a49b29cc105aa4"},"potentialAction":[{"@type":"SearchAction","target":{"@type":"EntryPoint","urlTemplate":"https:\/\/der-goldene-fisch.de\/ping\/?s={search_term_string}"},"query-input":{"@type":"PropertyValueSpecification","valueRequired":true,"valueName":"search_term_string"}}],"inLanguage":"de"},{"@type":["Person","Organization"],"@id":"https:\/\/der-goldene-fisch.de\/ping\/#\/schema\/person\/c415140d7348926844a49b29cc105aa4","name":"Andreas Louis Seyerlein","image":{"@type":"ImageObject","inLanguage":"de","@id":"https:\/\/der-goldene-fisch.de\/ping\/#\/schema\/person\/image\/","url":"https:\/\/secure.gravatar.com\/avatar\/d233a6eb5d99a83abb911b2d89ddf42e?s=96&d=mm&r=g","contentUrl":"https:\/\/secure.gravatar.com\/avatar\/d233a6eb5d99a83abb911b2d89ddf42e?s=96&d=mm&r=g","caption":"Andreas Louis Seyerlein"},"logo":{"@id":"https:\/\/der-goldene-fisch.de\/ping\/#\/schema\/person\/image\/"},"sameAs":["http:\/\/"]},{"@type":"Person","@id":"https:\/\/der-goldene-fisch.de\/ping\/#\/schema\/person\/b4cb2b531063dfc4a80c1893365b7faf","name":"Gerald Koll","image":{"@type":"ImageObject","inLanguage":"de","@id":"https:\/\/der-goldene-fisch.de\/ping\/#\/schema\/person\/image\/","url":"https:\/\/secure.gravatar.com\/avatar\/494c3ef1389ba6e021d9cac11e0c4e81?s=96&d=mm&r=g","contentUrl":"https:\/\/secure.gravatar.com\/avatar\/494c3ef1389ba6e021d9cac11e0c4e81?s=96&d=mm&r=g","caption":"Gerald Koll"},"sameAs":["http:\/\/www.geraldkoll.de"],"url":"https:\/\/der-goldene-fisch.de\/ping\/author\/gerald667\/"}]}},"jetpack_featured_media_url":"","jetpack_sharing_enabled":true,"jetpack_shortlink":"https:\/\/wp.me\/pxsFY-2zd","_links":{"self":[{"href":"https:\/\/der-goldene-fisch.de\/ping\/wp-json\/wp\/v2\/posts\/9871","targetHints":{"allow":["GET"]}}],"collection":[{"href":"https:\/\/der-goldene-fisch.de\/ping\/wp-json\/wp\/v2\/posts"}],"about":[{"href":"https:\/\/der-goldene-fisch.de\/ping\/wp-json\/wp\/v2\/types\/post"}],"author":[{"embeddable":true,"href":"https:\/\/der-goldene-fisch.de\/ping\/wp-json\/wp\/v2\/users\/10"}],"replies":[{"embeddable":true,"href":"https:\/\/der-goldene-fisch.de\/ping\/wp-json\/wp\/v2\/comments?post=9871"}],"version-history":[{"count":0,"href":"https:\/\/der-goldene-fisch.de\/ping\/wp-json\/wp\/v2\/posts\/9871\/revisions"}],"wp:attachment":[{"href":"https:\/\/der-goldene-fisch.de\/ping\/wp-json\/wp\/v2\/media?parent=9871"}],"wp:term":[{"taxonomy":"category","embeddable":true,"href":"https:\/\/der-goldene-fisch.de\/ping\/wp-json\/wp\/v2\/categories?post=9871"},{"taxonomy":"post_tag","embeddable":true,"href":"https:\/\/der-goldene-fisch.de\/ping\/wp-json\/wp\/v2\/tags?post=9871"}],"curies":[{"name":"wp","href":"https:\/\/api.w.org\/{rel}","templated":true}]}}