{"id":9891,"date":"2016-08-04T10:28:00","date_gmt":"2016-08-04T09:28:00","guid":{"rendered":"http:\/\/der-goldene-fisch.de\/ping\/?p=9891"},"modified":"2017-05-26T23:04:40","modified_gmt":"2017-05-26T22:04:40","slug":"das-fuenfzigste-jahr-343536","status":"publish","type":"post","link":"https:\/\/der-goldene-fisch.de\/ping\/das-fuenfzigste-jahr-343536\/","title":{"rendered":"Das f\u00fcnfzigste Jahr (34\/35\/36)"},"content":{"rendered":"<p><strong>20. Juli 2015, <\/strong><strong>ein Montag<\/strong><\/p>\n<p>Das zwickende rechte Knie mit seinem Haarriss im Miniskus. Nach Aikido-Lehrgang und Wanderung sollte ich ran, so kann das ja nicht bleiben.<\/p>\n<p>Bei\u00dfe mich durch Wittgensteins <em>Tractatus logico philosophicus<\/em>, seine sprachkritische Grundlagenarbeit, die die Grenzen des Diskutablen definieren m\u00f6chte, so weit ich verstehe. Aber ich verstehe nur manches. Mir scheint, hier werde Metasprachliches und Meta-Denkliches ausgeklammert, was immerhin sch\u00fctzt vor haltlosen Spekulationen, aber eigentlich wei\u00df ich, dass ich zu wenig davon verstehe, um mit diesem logischen Geist zu reden.<br \/>\nSo viel meine ich zu verstehen: dass Wittgenstein in seinem Rigorismus stur gegen Psychologie und Philosophie und deren Aus- und H\u00f6henfl\u00fcge angeht, indem er sagt, dass &#8222;Werte&#8220; und &#8222;Ethik&#8220; und &#8222;h\u00f6herer Sinn&#8220; nicht beantwortet werden k\u00f6nnen, weil sie nicht Teil der Welt (der Welt der Logik und Elemente, zu der eben auch Sprache und Denken geh\u00f6ren) sind. Damit verbietet sich auch die Frage danach (denn die Frage selbst ist ja Teil der Welt und der Logik und der Elemente). Und das wiederum f\u00fchrt nat\u00fcrlich zu einer gewisserma\u00dfen resignativen Begrenzung unserer Zweifel, der ja immer etwas Anma\u00dfend-H\u00f6henfliegerisches hat.<br \/>\nUnd leider muss ich dabei abermals bekennen, dass schon die hiesigen und diesseitigen Fragen\/Antworten der Logik zu hoch f\u00fcr mich sind. Ich \u00fcberfliege all die Logarithmen, eigentlich untergrabe ich sie eher, schlie\u00dfe die Augen davor, um sie beim n\u00e4chstverst\u00e4ndlichen Satzes wieder zu \u00f6ffnen.<\/p>\n<p>All die B\u00fccher, die ich irgendwann einmal unbedingt gelesen haben wollte &#8230; Ich lese zu viel. Ein passives Lesen ohne eigenen Schreibimpuls. Bestenfalls wird diese Zeit sp\u00e4ter als verplemperte Zeit verkl\u00e4rt. Ich h\u00e4tte Zeit f\u00fcr soziale Arbeiten, aber ich nutze sie nicht. Begonnen mit Dickens&#8216; <em>Bleak House<\/em> &#8211; sehr vielversprechend.<\/p>\n<p><strong>21. Juli, <\/strong><strong>ein Dienstag<\/strong><\/p>\n<p>Unterlagen scannen, zur Mieterberatung &#8211; ein l\u00e4hmender Zeitaufwand, und doch: fast befriedigend, aktiv und im Sinne von Zukunft t\u00e4tig zu sein.<\/p>\n<p>Nach Aikido (\u00fcbrigens sehr sch\u00f6ne Einheiten mit C.) noch einen William Wyler (<em>Die besten Jahre unseres Lebens<\/em>) und einen Preminger (<em>Laura<\/em>) gesehen. Sucht nach Serie und Struktur.<\/p>\n<p>Kitty will und will nicht aus meinem Kopf. Was sie wohl macht ??? Na, was wohl! Bitter, bitter.<\/p>\n<p><strong>22. Juli, <\/strong><strong>ein Mittwoch<\/strong><\/p>\n<p>Weiter mit Beh\u00f6rdenkram: scannen, nochmal scannen, dreimal scannen, von morgens bis zur Mietbewerbung um 15:30 Uhr, weil Fehler unterlaufen und alles f\u00fcnfmal l\u00e4nger dauert als geplant und n\u00f6tig. Gl\u00fcck f\u00fcr diejenigen (wie mich), die ja auch sonst nichts Besseres zu tun haben.<\/p>\n<p>Zwischendurch mit Aikidoka R., der hier im Kiez seine exquisiten Scheren feilbietet, einen Kaffee getrunken und gemerkt, dass man mit allen Aikidoka nach k\u00fcrzester Frist nur \u00fcber Aikido sprechen kann.<\/p>\n<p>Ex-Freundin M. erscheint nach Jahren (?) auf der Bildfl\u00e4che, zumindest per sms und am Telefon. Erotische Erinnerungs-Reflexe, gefolgt von ebenso reflexhafter rationaler Z\u00fcgelung.<\/p>\n<p><em>Die Ungetreue<\/em> von Preston Sturges (1948) &#8211; der erste wirklich langweilig-bl\u00f6de Film meiner 40er-Serie, eine Kom\u00f6die um einen eifers\u00fcchtigen Dirigenten mit einem chargierenden Rex Harrison.<\/p>\n<p><em> <\/em><\/p>\n<p><em> <\/em><\/p>\n","protected":false},"excerpt":{"rendered":"<p>20. Juli 2015, ein Montag Das zwickende rechte Knie mit seinem Haarriss im Miniskus. Nach Aikido-Lehrgang und Wanderung sollte ich ran, so kann das ja nicht bleiben. Bei\u00dfe mich durch Wittgensteins Tractatus logico philosophicus, seine sprachkritische Grundlagenarbeit, die die Grenzen des Diskutablen definieren m\u00f6chte, so weit ich verstehe. Aber ich verstehe nur manches. Mir scheint, [&hellip;]<\/p>\n","protected":false},"author":10,"featured_media":0,"comment_status":"open","ping_status":"open","sticky":false,"template":"","format":"standard","meta":{"jetpack_post_was_ever_published":false,"_jetpack_newsletter_access":"","_jetpack_dont_email_post_to_subs":false,"_jetpack_newsletter_tier_id":0,"_jetpack_memberships_contains_paywalled_content":false,"_jetpack_memberships_contains_paid_content":false,"footnotes":"","jetpack_publicize_message":"","jetpack_publicize_feature_enabled":true,"jetpack_social_post_already_shared":false,"jetpack_social_options":{"image_generator_settings":{"template":"highway","enabled":false},"version":2}},"categories":[85],"tags":[],"class_list":["post-9891","post","type-post","status-publish","format-standard","hentry","category-a"],"jetpack_publicize_connections":[],"yoast_head":"<!-- This site is optimized with the Yoast SEO plugin v24.0 - https:\/\/yoast.com\/wordpress\/plugins\/seo\/ -->\n<title>Das f\u00fcnfzigste Jahr (34\/35\/36) - der goldene fisch<\/title>\n<meta name=\"robots\" content=\"index, follow, max-snippet:-1, max-image-preview:large, max-video-preview:-1\" \/>\n<link rel=\"canonical\" href=\"https:\/\/der-goldene-fisch.de\/ping\/das-fuenfzigste-jahr-343536\/\" \/>\n<meta property=\"og:locale\" content=\"de_DE\" \/>\n<meta property=\"og:type\" content=\"article\" \/>\n<meta property=\"og:title\" content=\"Das f\u00fcnfzigste Jahr (34\/35\/36) - der goldene fisch\" \/>\n<meta property=\"og:description\" content=\"20. Juli 2015, ein Montag Das zwickende rechte Knie mit seinem Haarriss im Miniskus. Nach Aikido-Lehrgang und Wanderung sollte ich ran, so kann das ja nicht bleiben. Bei\u00dfe mich durch Wittgensteins Tractatus logico philosophicus, seine sprachkritische Grundlagenarbeit, die die Grenzen des Diskutablen definieren m\u00f6chte, so weit ich verstehe. Aber ich verstehe nur manches. Mir scheint, [&hellip;]\" \/>\n<meta property=\"og:url\" content=\"https:\/\/der-goldene-fisch.de\/ping\/das-fuenfzigste-jahr-343536\/\" \/>\n<meta property=\"og:site_name\" content=\"der goldene fisch\" \/>\n<meta property=\"article:published_time\" content=\"2016-08-04T09:28:00+00:00\" \/>\n<meta property=\"article:modified_time\" content=\"2017-05-26T22:04:40+00:00\" \/>\n<meta name=\"author\" content=\"Gerald Koll\" \/>\n<meta name=\"twitter:card\" content=\"summary_large_image\" \/>\n<meta name=\"twitter:label1\" content=\"Verfasst von\" \/>\n\t<meta name=\"twitter:data1\" content=\"Gerald Koll\" \/>\n\t<meta name=\"twitter:label2\" content=\"Gesch\u00e4tzte Lesezeit\" \/>\n\t<meta name=\"twitter:data2\" content=\"2 Minuten\" \/>\n<script type=\"application\/ld+json\" class=\"yoast-schema-graph\">{\"@context\":\"https:\/\/schema.org\",\"@graph\":[{\"@type\":\"Article\",\"@id\":\"https:\/\/der-goldene-fisch.de\/ping\/das-fuenfzigste-jahr-343536\/#article\",\"isPartOf\":{\"@id\":\"https:\/\/der-goldene-fisch.de\/ping\/das-fuenfzigste-jahr-343536\/\"},\"author\":{\"name\":\"Gerald Koll\",\"@id\":\"https:\/\/der-goldene-fisch.de\/ping\/#\/schema\/person\/b4cb2b531063dfc4a80c1893365b7faf\"},\"headline\":\"Das f\u00fcnfzigste Jahr (34\/35\/36)\",\"datePublished\":\"2016-08-04T09:28:00+00:00\",\"dateModified\":\"2017-05-26T22:04:40+00:00\",\"mainEntityOfPage\":{\"@id\":\"https:\/\/der-goldene-fisch.de\/ping\/das-fuenfzigste-jahr-343536\/\"},\"wordCount\":501,\"commentCount\":0,\"publisher\":{\"@id\":\"https:\/\/der-goldene-fisch.de\/ping\/#\/schema\/person\/c415140d7348926844a49b29cc105aa4\"},\"articleSection\":[\"a\"],\"inLanguage\":\"de\",\"potentialAction\":[{\"@type\":\"CommentAction\",\"name\":\"Comment\",\"target\":[\"https:\/\/der-goldene-fisch.de\/ping\/das-fuenfzigste-jahr-343536\/#respond\"]}]},{\"@type\":\"WebPage\",\"@id\":\"https:\/\/der-goldene-fisch.de\/ping\/das-fuenfzigste-jahr-343536\/\",\"url\":\"https:\/\/der-goldene-fisch.de\/ping\/das-fuenfzigste-jahr-343536\/\",\"name\":\"Das f\u00fcnfzigste Jahr (34\/35\/36) - der goldene fisch\",\"isPartOf\":{\"@id\":\"https:\/\/der-goldene-fisch.de\/ping\/#website\"},\"datePublished\":\"2016-08-04T09:28:00+00:00\",\"dateModified\":\"2017-05-26T22:04:40+00:00\",\"breadcrumb\":{\"@id\":\"https:\/\/der-goldene-fisch.de\/ping\/das-fuenfzigste-jahr-343536\/#breadcrumb\"},\"inLanguage\":\"de\",\"potentialAction\":[{\"@type\":\"ReadAction\",\"target\":[\"https:\/\/der-goldene-fisch.de\/ping\/das-fuenfzigste-jahr-343536\/\"]}]},{\"@type\":\"BreadcrumbList\",\"@id\":\"https:\/\/der-goldene-fisch.de\/ping\/das-fuenfzigste-jahr-343536\/#breadcrumb\",\"itemListElement\":[{\"@type\":\"ListItem\",\"position\":1,\"name\":\"Startseite\",\"item\":\"https:\/\/der-goldene-fisch.de\/ping\/\"},{\"@type\":\"ListItem\",\"position\":2,\"name\":\"Das f\u00fcnfzigste Jahr (34\/35\/36)\"}]},{\"@type\":\"WebSite\",\"@id\":\"https:\/\/der-goldene-fisch.de\/ping\/#website\",\"url\":\"https:\/\/der-goldene-fisch.de\/ping\/\",\"name\":\"der goldene fisch\",\"description\":\"\",\"publisher\":{\"@id\":\"https:\/\/der-goldene-fisch.de\/ping\/#\/schema\/person\/c415140d7348926844a49b29cc105aa4\"},\"potentialAction\":[{\"@type\":\"SearchAction\",\"target\":{\"@type\":\"EntryPoint\",\"urlTemplate\":\"https:\/\/der-goldene-fisch.de\/ping\/?s={search_term_string}\"},\"query-input\":{\"@type\":\"PropertyValueSpecification\",\"valueRequired\":true,\"valueName\":\"search_term_string\"}}],\"inLanguage\":\"de\"},{\"@type\":[\"Person\",\"Organization\"],\"@id\":\"https:\/\/der-goldene-fisch.de\/ping\/#\/schema\/person\/c415140d7348926844a49b29cc105aa4\",\"name\":\"Andreas Louis Seyerlein\",\"image\":{\"@type\":\"ImageObject\",\"inLanguage\":\"de\",\"@id\":\"https:\/\/der-goldene-fisch.de\/ping\/#\/schema\/person\/image\/\",\"url\":\"https:\/\/secure.gravatar.com\/avatar\/d233a6eb5d99a83abb911b2d89ddf42e?s=96&d=mm&r=g\",\"contentUrl\":\"https:\/\/secure.gravatar.com\/avatar\/d233a6eb5d99a83abb911b2d89ddf42e?s=96&d=mm&r=g\",\"caption\":\"Andreas Louis Seyerlein\"},\"logo\":{\"@id\":\"https:\/\/der-goldene-fisch.de\/ping\/#\/schema\/person\/image\/\"},\"sameAs\":[\"http:\/\/\"]},{\"@type\":\"Person\",\"@id\":\"https:\/\/der-goldene-fisch.de\/ping\/#\/schema\/person\/b4cb2b531063dfc4a80c1893365b7faf\",\"name\":\"Gerald Koll\",\"image\":{\"@type\":\"ImageObject\",\"inLanguage\":\"de\",\"@id\":\"https:\/\/der-goldene-fisch.de\/ping\/#\/schema\/person\/image\/\",\"url\":\"https:\/\/secure.gravatar.com\/avatar\/494c3ef1389ba6e021d9cac11e0c4e81?s=96&d=mm&r=g\",\"contentUrl\":\"https:\/\/secure.gravatar.com\/avatar\/494c3ef1389ba6e021d9cac11e0c4e81?s=96&d=mm&r=g\",\"caption\":\"Gerald Koll\"},\"sameAs\":[\"http:\/\/www.geraldkoll.de\"],\"url\":\"https:\/\/der-goldene-fisch.de\/ping\/author\/gerald667\/\"}]}<\/script>\n<!-- \/ Yoast SEO plugin. -->","yoast_head_json":{"title":"Das f\u00fcnfzigste Jahr (34\/35\/36) - der goldene fisch","robots":{"index":"index","follow":"follow","max-snippet":"max-snippet:-1","max-image-preview":"max-image-preview:large","max-video-preview":"max-video-preview:-1"},"canonical":"https:\/\/der-goldene-fisch.de\/ping\/das-fuenfzigste-jahr-343536\/","og_locale":"de_DE","og_type":"article","og_title":"Das f\u00fcnfzigste Jahr (34\/35\/36) - der goldene fisch","og_description":"20. Juli 2015, ein Montag Das zwickende rechte Knie mit seinem Haarriss im Miniskus. Nach Aikido-Lehrgang und Wanderung sollte ich ran, so kann das ja nicht bleiben. Bei\u00dfe mich durch Wittgensteins Tractatus logico philosophicus, seine sprachkritische Grundlagenarbeit, die die Grenzen des Diskutablen definieren m\u00f6chte, so weit ich verstehe. Aber ich verstehe nur manches. Mir scheint, [&hellip;]","og_url":"https:\/\/der-goldene-fisch.de\/ping\/das-fuenfzigste-jahr-343536\/","og_site_name":"der goldene fisch","article_published_time":"2016-08-04T09:28:00+00:00","article_modified_time":"2017-05-26T22:04:40+00:00","author":"Gerald Koll","twitter_card":"summary_large_image","twitter_misc":{"Verfasst von":"Gerald Koll","Gesch\u00e4tzte Lesezeit":"2 Minuten"},"schema":{"@context":"https:\/\/schema.org","@graph":[{"@type":"Article","@id":"https:\/\/der-goldene-fisch.de\/ping\/das-fuenfzigste-jahr-343536\/#article","isPartOf":{"@id":"https:\/\/der-goldene-fisch.de\/ping\/das-fuenfzigste-jahr-343536\/"},"author":{"name":"Gerald Koll","@id":"https:\/\/der-goldene-fisch.de\/ping\/#\/schema\/person\/b4cb2b531063dfc4a80c1893365b7faf"},"headline":"Das f\u00fcnfzigste Jahr (34\/35\/36)","datePublished":"2016-08-04T09:28:00+00:00","dateModified":"2017-05-26T22:04:40+00:00","mainEntityOfPage":{"@id":"https:\/\/der-goldene-fisch.de\/ping\/das-fuenfzigste-jahr-343536\/"},"wordCount":501,"commentCount":0,"publisher":{"@id":"https:\/\/der-goldene-fisch.de\/ping\/#\/schema\/person\/c415140d7348926844a49b29cc105aa4"},"articleSection":["a"],"inLanguage":"de","potentialAction":[{"@type":"CommentAction","name":"Comment","target":["https:\/\/der-goldene-fisch.de\/ping\/das-fuenfzigste-jahr-343536\/#respond"]}]},{"@type":"WebPage","@id":"https:\/\/der-goldene-fisch.de\/ping\/das-fuenfzigste-jahr-343536\/","url":"https:\/\/der-goldene-fisch.de\/ping\/das-fuenfzigste-jahr-343536\/","name":"Das f\u00fcnfzigste Jahr (34\/35\/36) - der goldene fisch","isPartOf":{"@id":"https:\/\/der-goldene-fisch.de\/ping\/#website"},"datePublished":"2016-08-04T09:28:00+00:00","dateModified":"2017-05-26T22:04:40+00:00","breadcrumb":{"@id":"https:\/\/der-goldene-fisch.de\/ping\/das-fuenfzigste-jahr-343536\/#breadcrumb"},"inLanguage":"de","potentialAction":[{"@type":"ReadAction","target":["https:\/\/der-goldene-fisch.de\/ping\/das-fuenfzigste-jahr-343536\/"]}]},{"@type":"BreadcrumbList","@id":"https:\/\/der-goldene-fisch.de\/ping\/das-fuenfzigste-jahr-343536\/#breadcrumb","itemListElement":[{"@type":"ListItem","position":1,"name":"Startseite","item":"https:\/\/der-goldene-fisch.de\/ping\/"},{"@type":"ListItem","position":2,"name":"Das f\u00fcnfzigste Jahr (34\/35\/36)"}]},{"@type":"WebSite","@id":"https:\/\/der-goldene-fisch.de\/ping\/#website","url":"https:\/\/der-goldene-fisch.de\/ping\/","name":"der goldene fisch","description":"","publisher":{"@id":"https:\/\/der-goldene-fisch.de\/ping\/#\/schema\/person\/c415140d7348926844a49b29cc105aa4"},"potentialAction":[{"@type":"SearchAction","target":{"@type":"EntryPoint","urlTemplate":"https:\/\/der-goldene-fisch.de\/ping\/?s={search_term_string}"},"query-input":{"@type":"PropertyValueSpecification","valueRequired":true,"valueName":"search_term_string"}}],"inLanguage":"de"},{"@type":["Person","Organization"],"@id":"https:\/\/der-goldene-fisch.de\/ping\/#\/schema\/person\/c415140d7348926844a49b29cc105aa4","name":"Andreas Louis Seyerlein","image":{"@type":"ImageObject","inLanguage":"de","@id":"https:\/\/der-goldene-fisch.de\/ping\/#\/schema\/person\/image\/","url":"https:\/\/secure.gravatar.com\/avatar\/d233a6eb5d99a83abb911b2d89ddf42e?s=96&d=mm&r=g","contentUrl":"https:\/\/secure.gravatar.com\/avatar\/d233a6eb5d99a83abb911b2d89ddf42e?s=96&d=mm&r=g","caption":"Andreas Louis Seyerlein"},"logo":{"@id":"https:\/\/der-goldene-fisch.de\/ping\/#\/schema\/person\/image\/"},"sameAs":["http:\/\/"]},{"@type":"Person","@id":"https:\/\/der-goldene-fisch.de\/ping\/#\/schema\/person\/b4cb2b531063dfc4a80c1893365b7faf","name":"Gerald Koll","image":{"@type":"ImageObject","inLanguage":"de","@id":"https:\/\/der-goldene-fisch.de\/ping\/#\/schema\/person\/image\/","url":"https:\/\/secure.gravatar.com\/avatar\/494c3ef1389ba6e021d9cac11e0c4e81?s=96&d=mm&r=g","contentUrl":"https:\/\/secure.gravatar.com\/avatar\/494c3ef1389ba6e021d9cac11e0c4e81?s=96&d=mm&r=g","caption":"Gerald Koll"},"sameAs":["http:\/\/www.geraldkoll.de"],"url":"https:\/\/der-goldene-fisch.de\/ping\/author\/gerald667\/"}]}},"jetpack_featured_media_url":"","jetpack_sharing_enabled":true,"jetpack_shortlink":"https:\/\/wp.me\/pxsFY-2zx","_links":{"self":[{"href":"https:\/\/der-goldene-fisch.de\/ping\/wp-json\/wp\/v2\/posts\/9891","targetHints":{"allow":["GET"]}}],"collection":[{"href":"https:\/\/der-goldene-fisch.de\/ping\/wp-json\/wp\/v2\/posts"}],"about":[{"href":"https:\/\/der-goldene-fisch.de\/ping\/wp-json\/wp\/v2\/types\/post"}],"author":[{"embeddable":true,"href":"https:\/\/der-goldene-fisch.de\/ping\/wp-json\/wp\/v2\/users\/10"}],"replies":[{"embeddable":true,"href":"https:\/\/der-goldene-fisch.de\/ping\/wp-json\/wp\/v2\/comments?post=9891"}],"version-history":[{"count":0,"href":"https:\/\/der-goldene-fisch.de\/ping\/wp-json\/wp\/v2\/posts\/9891\/revisions"}],"wp:attachment":[{"href":"https:\/\/der-goldene-fisch.de\/ping\/wp-json\/wp\/v2\/media?parent=9891"}],"wp:term":[{"taxonomy":"category","embeddable":true,"href":"https:\/\/der-goldene-fisch.de\/ping\/wp-json\/wp\/v2\/categories?post=9891"},{"taxonomy":"post_tag","embeddable":true,"href":"https:\/\/der-goldene-fisch.de\/ping\/wp-json\/wp\/v2\/tags?post=9891"}],"curies":[{"name":"wp","href":"https:\/\/api.w.org\/{rel}","templated":true}]}}