{"id":9917,"date":"2016-08-06T17:10:32","date_gmt":"2016-08-06T16:10:32","guid":{"rendered":"http:\/\/der-goldene-fisch.de\/ping\/?p=9917"},"modified":"2017-04-24T07:47:30","modified_gmt":"2017-04-24T06:47:30","slug":"das-fuenfzigste-jahr-394041","status":"publish","type":"post","link":"https:\/\/der-goldene-fisch.de\/ping\/das-fuenfzigste-jahr-394041\/","title":{"rendered":"Das f\u00fcnfzigste Jahr (39\/40\/41)"},"content":{"rendered":"<p><strong>25. Juli 2015, ein Sonnabend<\/strong><\/p>\n<p>Der sch\u00f6nste Tag der Woche: morgens freies Training. Viel ushiro-ryote-dori. Wenn keine Verletzungen auftreten, d\u00fcrfte alles geschmeidig ablaufen bei der Pr\u00fcfung.<\/p>\n<p>Danach mit dem Fahrrad zum sogenannten Berliner Fotomarathon; mit dem \u00dcbertreten der Schwelle flutet mich das Gef\u00fchl, kaum eines der Fotos k\u00f6nne mich interessieren und ich sei lediglich dort, um ein selbstgestecktes kulturelles Wochen-Soll zu erf\u00fcllen. Speditives Checkern, fr\u00fche Flucht.<\/p>\n<p>Wylers <em>Sackgasse<\/em> (USA 1939) &#8211; Humphrey Bogart vor seinem gro\u00dfen Ruhm. Anr\u00fchrend: Er gibt dem Gangster Seele, und Wyler dreht ein wirkliches Sozialdrama mit einer Prise Gangstertum. Eine h\u00fcbsche Entdeckung, auch wenn Gram und Gr\u00fcbeln nur f\u00fcr Momente verschwinden.<\/p>\n<p><strong>26. Juli, e<\/strong><strong>in Sonntag<\/strong><\/p>\n<p>Das allsonntagliche Telefonat mit den Eltern. Vati k\u00fcndigt an, er werde mir seine Familienchronik noch mal zur Durchsicht zusenden (wie oft denn noch?), aber es habe keine Eile, ich m\u00f6ge danach gehen, &#8222;wie es meine Gesch\u00e4fte zulassen&#8220;. Innerlich sofort aufgebracht. Ich bin Wunde. Man h\u00f6rt: Schwester U. verzeichnet Arthrose-Befund in den Knien. Man wei\u00df: Schwester S. mit rheumatischen Beschwerden. Man ahnt: marodes Erbmaterial, demn\u00e4chst verschrottet durch die familiale Lust an Hoch-und \u00dcberdruck.<\/p>\n<p>Tee-Treffen zur Dojo-Sache bzw. zu J. und seinen Entgleisungen: Ein Aikidoka-Zirkel findet sich ein im Garten des Sensei, debattiert mit dem St\u00f6renfried und \u00fcber ihn. Auf dem Heimweg Unbehagen trotz Einsichten des Friedlosen \u00fcber seinen Tunnelblick. Unbehagen \u00fcber Debattierverhalten, \u00fcber Diplomaten, die ihre Verst\u00e4ndnissinnigkeit demonstrieren mit Einleitungss\u00e4tzen wie &#8222;Mich hat sehr ber\u00fchrt, wie &#8230;&#8220;, was mich sehr unangenehm ber\u00fchrt. Aber letztlich: die Arbeit ist getan. Ab jetzt: Urlaub davon. Was J. damit anf\u00e4ngt, ist seine Sache.<\/p>\n<p><strong>27. Juli, <\/strong><strong>ein Montag<\/strong><\/p>\n<p>Fr\u00fchst\u00fcck mit Verleger Z., &#8222;meinem&#8220; Verleger (haha: <em>ein<\/em> Buch!). Der ist ja nun charmant und beredt und lustig gesegnet mit vielerlei Wissen und Interessen. Vielleicht aber werde ich langsam bl\u00f6de. Ich vermisse eine gedankliche Sch\u00e4rfe bei mir, ein pointiertes Denken. Ich tappe recht oft im Nebel halber Gedanken und hoffe auf halber Strecke, irgendwo heil herauszukommen. Auch verhehle ich ihm gar nicht, dass im Augenblick nicht viel los ist mit mir. Das k\u00f6nnte man noch als Klarsichtigkeit verbuchen, bringt aber nat\u00fcrlich nicht viel.<\/p>\n<p><em> <\/em><\/p>\n<p><strong><em> <\/em><\/strong><\/p>\n","protected":false},"excerpt":{"rendered":"<p>25. Juli 2015, ein Sonnabend Der sch\u00f6nste Tag der Woche: morgens freies Training. Viel ushiro-ryote-dori. Wenn keine Verletzungen auftreten, d\u00fcrfte alles geschmeidig ablaufen bei der Pr\u00fcfung. Danach mit dem Fahrrad zum sogenannten Berliner Fotomarathon; mit dem \u00dcbertreten der Schwelle flutet mich das Gef\u00fchl, kaum eines der Fotos k\u00f6nne mich interessieren und ich sei lediglich dort, [&hellip;]<\/p>\n","protected":false},"author":10,"featured_media":0,"comment_status":"open","ping_status":"open","sticky":false,"template":"","format":"standard","meta":{"jetpack_post_was_ever_published":false,"_jetpack_newsletter_access":"","_jetpack_dont_email_post_to_subs":false,"_jetpack_newsletter_tier_id":0,"_jetpack_memberships_contains_paywalled_content":false,"_jetpack_memberships_contains_paid_content":false,"footnotes":"","jetpack_publicize_message":"","jetpack_publicize_feature_enabled":true,"jetpack_social_post_already_shared":false,"jetpack_social_options":{"image_generator_settings":{"template":"highway","enabled":false},"version":2}},"categories":[85],"tags":[],"class_list":["post-9917","post","type-post","status-publish","format-standard","hentry","category-a"],"jetpack_publicize_connections":[],"yoast_head":"<!-- This site is optimized with the Yoast SEO plugin v24.0 - https:\/\/yoast.com\/wordpress\/plugins\/seo\/ -->\n<title>Das f\u00fcnfzigste Jahr (39\/40\/41) - der goldene fisch<\/title>\n<meta name=\"robots\" content=\"index, follow, max-snippet:-1, max-image-preview:large, max-video-preview:-1\" \/>\n<link rel=\"canonical\" href=\"https:\/\/der-goldene-fisch.de\/ping\/das-fuenfzigste-jahr-394041\/\" \/>\n<meta property=\"og:locale\" content=\"de_DE\" \/>\n<meta property=\"og:type\" content=\"article\" \/>\n<meta property=\"og:title\" content=\"Das f\u00fcnfzigste Jahr (39\/40\/41) - der goldene fisch\" \/>\n<meta property=\"og:description\" content=\"25. Juli 2015, ein Sonnabend Der sch\u00f6nste Tag der Woche: morgens freies Training. Viel ushiro-ryote-dori. Wenn keine Verletzungen auftreten, d\u00fcrfte alles geschmeidig ablaufen bei der Pr\u00fcfung. Danach mit dem Fahrrad zum sogenannten Berliner Fotomarathon; mit dem \u00dcbertreten der Schwelle flutet mich das Gef\u00fchl, kaum eines der Fotos k\u00f6nne mich interessieren und ich sei lediglich dort, [&hellip;]\" \/>\n<meta property=\"og:url\" content=\"https:\/\/der-goldene-fisch.de\/ping\/das-fuenfzigste-jahr-394041\/\" \/>\n<meta property=\"og:site_name\" content=\"der goldene fisch\" \/>\n<meta property=\"article:published_time\" content=\"2016-08-06T16:10:32+00:00\" \/>\n<meta property=\"article:modified_time\" content=\"2017-04-24T06:47:30+00:00\" \/>\n<meta name=\"author\" content=\"Gerald Koll\" \/>\n<meta name=\"twitter:card\" content=\"summary_large_image\" \/>\n<meta name=\"twitter:label1\" content=\"Verfasst von\" \/>\n\t<meta name=\"twitter:data1\" content=\"Gerald Koll\" \/>\n\t<meta name=\"twitter:label2\" content=\"Gesch\u00e4tzte Lesezeit\" \/>\n\t<meta name=\"twitter:data2\" content=\"2 Minuten\" \/>\n<script type=\"application\/ld+json\" class=\"yoast-schema-graph\">{\"@context\":\"https:\/\/schema.org\",\"@graph\":[{\"@type\":\"Article\",\"@id\":\"https:\/\/der-goldene-fisch.de\/ping\/das-fuenfzigste-jahr-394041\/#article\",\"isPartOf\":{\"@id\":\"https:\/\/der-goldene-fisch.de\/ping\/das-fuenfzigste-jahr-394041\/\"},\"author\":{\"name\":\"Gerald Koll\",\"@id\":\"https:\/\/der-goldene-fisch.de\/ping\/#\/schema\/person\/b4cb2b531063dfc4a80c1893365b7faf\"},\"headline\":\"Das f\u00fcnfzigste Jahr (39\/40\/41)\",\"datePublished\":\"2016-08-06T16:10:32+00:00\",\"dateModified\":\"2017-04-24T06:47:30+00:00\",\"mainEntityOfPage\":{\"@id\":\"https:\/\/der-goldene-fisch.de\/ping\/das-fuenfzigste-jahr-394041\/\"},\"wordCount\":372,\"commentCount\":0,\"publisher\":{\"@id\":\"https:\/\/der-goldene-fisch.de\/ping\/#\/schema\/person\/c415140d7348926844a49b29cc105aa4\"},\"articleSection\":[\"a\"],\"inLanguage\":\"de\",\"potentialAction\":[{\"@type\":\"CommentAction\",\"name\":\"Comment\",\"target\":[\"https:\/\/der-goldene-fisch.de\/ping\/das-fuenfzigste-jahr-394041\/#respond\"]}]},{\"@type\":\"WebPage\",\"@id\":\"https:\/\/der-goldene-fisch.de\/ping\/das-fuenfzigste-jahr-394041\/\",\"url\":\"https:\/\/der-goldene-fisch.de\/ping\/das-fuenfzigste-jahr-394041\/\",\"name\":\"Das f\u00fcnfzigste Jahr (39\/40\/41) - der goldene fisch\",\"isPartOf\":{\"@id\":\"https:\/\/der-goldene-fisch.de\/ping\/#website\"},\"datePublished\":\"2016-08-06T16:10:32+00:00\",\"dateModified\":\"2017-04-24T06:47:30+00:00\",\"breadcrumb\":{\"@id\":\"https:\/\/der-goldene-fisch.de\/ping\/das-fuenfzigste-jahr-394041\/#breadcrumb\"},\"inLanguage\":\"de\",\"potentialAction\":[{\"@type\":\"ReadAction\",\"target\":[\"https:\/\/der-goldene-fisch.de\/ping\/das-fuenfzigste-jahr-394041\/\"]}]},{\"@type\":\"BreadcrumbList\",\"@id\":\"https:\/\/der-goldene-fisch.de\/ping\/das-fuenfzigste-jahr-394041\/#breadcrumb\",\"itemListElement\":[{\"@type\":\"ListItem\",\"position\":1,\"name\":\"Startseite\",\"item\":\"https:\/\/der-goldene-fisch.de\/ping\/\"},{\"@type\":\"ListItem\",\"position\":2,\"name\":\"Das f\u00fcnfzigste Jahr (39\/40\/41)\"}]},{\"@type\":\"WebSite\",\"@id\":\"https:\/\/der-goldene-fisch.de\/ping\/#website\",\"url\":\"https:\/\/der-goldene-fisch.de\/ping\/\",\"name\":\"der goldene fisch\",\"description\":\"\",\"publisher\":{\"@id\":\"https:\/\/der-goldene-fisch.de\/ping\/#\/schema\/person\/c415140d7348926844a49b29cc105aa4\"},\"potentialAction\":[{\"@type\":\"SearchAction\",\"target\":{\"@type\":\"EntryPoint\",\"urlTemplate\":\"https:\/\/der-goldene-fisch.de\/ping\/?s={search_term_string}\"},\"query-input\":{\"@type\":\"PropertyValueSpecification\",\"valueRequired\":true,\"valueName\":\"search_term_string\"}}],\"inLanguage\":\"de\"},{\"@type\":[\"Person\",\"Organization\"],\"@id\":\"https:\/\/der-goldene-fisch.de\/ping\/#\/schema\/person\/c415140d7348926844a49b29cc105aa4\",\"name\":\"Andreas Louis Seyerlein\",\"image\":{\"@type\":\"ImageObject\",\"inLanguage\":\"de\",\"@id\":\"https:\/\/der-goldene-fisch.de\/ping\/#\/schema\/person\/image\/\",\"url\":\"https:\/\/secure.gravatar.com\/avatar\/d233a6eb5d99a83abb911b2d89ddf42e?s=96&d=mm&r=g\",\"contentUrl\":\"https:\/\/secure.gravatar.com\/avatar\/d233a6eb5d99a83abb911b2d89ddf42e?s=96&d=mm&r=g\",\"caption\":\"Andreas Louis Seyerlein\"},\"logo\":{\"@id\":\"https:\/\/der-goldene-fisch.de\/ping\/#\/schema\/person\/image\/\"},\"sameAs\":[\"http:\/\/\"]},{\"@type\":\"Person\",\"@id\":\"https:\/\/der-goldene-fisch.de\/ping\/#\/schema\/person\/b4cb2b531063dfc4a80c1893365b7faf\",\"name\":\"Gerald Koll\",\"image\":{\"@type\":\"ImageObject\",\"inLanguage\":\"de\",\"@id\":\"https:\/\/der-goldene-fisch.de\/ping\/#\/schema\/person\/image\/\",\"url\":\"https:\/\/secure.gravatar.com\/avatar\/494c3ef1389ba6e021d9cac11e0c4e81?s=96&d=mm&r=g\",\"contentUrl\":\"https:\/\/secure.gravatar.com\/avatar\/494c3ef1389ba6e021d9cac11e0c4e81?s=96&d=mm&r=g\",\"caption\":\"Gerald Koll\"},\"sameAs\":[\"http:\/\/www.geraldkoll.de\"],\"url\":\"https:\/\/der-goldene-fisch.de\/ping\/author\/gerald667\/\"}]}<\/script>\n<!-- \/ Yoast SEO plugin. -->","yoast_head_json":{"title":"Das f\u00fcnfzigste Jahr (39\/40\/41) - der goldene fisch","robots":{"index":"index","follow":"follow","max-snippet":"max-snippet:-1","max-image-preview":"max-image-preview:large","max-video-preview":"max-video-preview:-1"},"canonical":"https:\/\/der-goldene-fisch.de\/ping\/das-fuenfzigste-jahr-394041\/","og_locale":"de_DE","og_type":"article","og_title":"Das f\u00fcnfzigste Jahr (39\/40\/41) - der goldene fisch","og_description":"25. Juli 2015, ein Sonnabend Der sch\u00f6nste Tag der Woche: morgens freies Training. Viel ushiro-ryote-dori. Wenn keine Verletzungen auftreten, d\u00fcrfte alles geschmeidig ablaufen bei der Pr\u00fcfung. Danach mit dem Fahrrad zum sogenannten Berliner Fotomarathon; mit dem \u00dcbertreten der Schwelle flutet mich das Gef\u00fchl, kaum eines der Fotos k\u00f6nne mich interessieren und ich sei lediglich dort, [&hellip;]","og_url":"https:\/\/der-goldene-fisch.de\/ping\/das-fuenfzigste-jahr-394041\/","og_site_name":"der goldene fisch","article_published_time":"2016-08-06T16:10:32+00:00","article_modified_time":"2017-04-24T06:47:30+00:00","author":"Gerald Koll","twitter_card":"summary_large_image","twitter_misc":{"Verfasst von":"Gerald Koll","Gesch\u00e4tzte Lesezeit":"2 Minuten"},"schema":{"@context":"https:\/\/schema.org","@graph":[{"@type":"Article","@id":"https:\/\/der-goldene-fisch.de\/ping\/das-fuenfzigste-jahr-394041\/#article","isPartOf":{"@id":"https:\/\/der-goldene-fisch.de\/ping\/das-fuenfzigste-jahr-394041\/"},"author":{"name":"Gerald Koll","@id":"https:\/\/der-goldene-fisch.de\/ping\/#\/schema\/person\/b4cb2b531063dfc4a80c1893365b7faf"},"headline":"Das f\u00fcnfzigste Jahr (39\/40\/41)","datePublished":"2016-08-06T16:10:32+00:00","dateModified":"2017-04-24T06:47:30+00:00","mainEntityOfPage":{"@id":"https:\/\/der-goldene-fisch.de\/ping\/das-fuenfzigste-jahr-394041\/"},"wordCount":372,"commentCount":0,"publisher":{"@id":"https:\/\/der-goldene-fisch.de\/ping\/#\/schema\/person\/c415140d7348926844a49b29cc105aa4"},"articleSection":["a"],"inLanguage":"de","potentialAction":[{"@type":"CommentAction","name":"Comment","target":["https:\/\/der-goldene-fisch.de\/ping\/das-fuenfzigste-jahr-394041\/#respond"]}]},{"@type":"WebPage","@id":"https:\/\/der-goldene-fisch.de\/ping\/das-fuenfzigste-jahr-394041\/","url":"https:\/\/der-goldene-fisch.de\/ping\/das-fuenfzigste-jahr-394041\/","name":"Das f\u00fcnfzigste Jahr (39\/40\/41) - der goldene fisch","isPartOf":{"@id":"https:\/\/der-goldene-fisch.de\/ping\/#website"},"datePublished":"2016-08-06T16:10:32+00:00","dateModified":"2017-04-24T06:47:30+00:00","breadcrumb":{"@id":"https:\/\/der-goldene-fisch.de\/ping\/das-fuenfzigste-jahr-394041\/#breadcrumb"},"inLanguage":"de","potentialAction":[{"@type":"ReadAction","target":["https:\/\/der-goldene-fisch.de\/ping\/das-fuenfzigste-jahr-394041\/"]}]},{"@type":"BreadcrumbList","@id":"https:\/\/der-goldene-fisch.de\/ping\/das-fuenfzigste-jahr-394041\/#breadcrumb","itemListElement":[{"@type":"ListItem","position":1,"name":"Startseite","item":"https:\/\/der-goldene-fisch.de\/ping\/"},{"@type":"ListItem","position":2,"name":"Das f\u00fcnfzigste Jahr (39\/40\/41)"}]},{"@type":"WebSite","@id":"https:\/\/der-goldene-fisch.de\/ping\/#website","url":"https:\/\/der-goldene-fisch.de\/ping\/","name":"der goldene fisch","description":"","publisher":{"@id":"https:\/\/der-goldene-fisch.de\/ping\/#\/schema\/person\/c415140d7348926844a49b29cc105aa4"},"potentialAction":[{"@type":"SearchAction","target":{"@type":"EntryPoint","urlTemplate":"https:\/\/der-goldene-fisch.de\/ping\/?s={search_term_string}"},"query-input":{"@type":"PropertyValueSpecification","valueRequired":true,"valueName":"search_term_string"}}],"inLanguage":"de"},{"@type":["Person","Organization"],"@id":"https:\/\/der-goldene-fisch.de\/ping\/#\/schema\/person\/c415140d7348926844a49b29cc105aa4","name":"Andreas Louis Seyerlein","image":{"@type":"ImageObject","inLanguage":"de","@id":"https:\/\/der-goldene-fisch.de\/ping\/#\/schema\/person\/image\/","url":"https:\/\/secure.gravatar.com\/avatar\/d233a6eb5d99a83abb911b2d89ddf42e?s=96&d=mm&r=g","contentUrl":"https:\/\/secure.gravatar.com\/avatar\/d233a6eb5d99a83abb911b2d89ddf42e?s=96&d=mm&r=g","caption":"Andreas Louis Seyerlein"},"logo":{"@id":"https:\/\/der-goldene-fisch.de\/ping\/#\/schema\/person\/image\/"},"sameAs":["http:\/\/"]},{"@type":"Person","@id":"https:\/\/der-goldene-fisch.de\/ping\/#\/schema\/person\/b4cb2b531063dfc4a80c1893365b7faf","name":"Gerald Koll","image":{"@type":"ImageObject","inLanguage":"de","@id":"https:\/\/der-goldene-fisch.de\/ping\/#\/schema\/person\/image\/","url":"https:\/\/secure.gravatar.com\/avatar\/494c3ef1389ba6e021d9cac11e0c4e81?s=96&d=mm&r=g","contentUrl":"https:\/\/secure.gravatar.com\/avatar\/494c3ef1389ba6e021d9cac11e0c4e81?s=96&d=mm&r=g","caption":"Gerald Koll"},"sameAs":["http:\/\/www.geraldkoll.de"],"url":"https:\/\/der-goldene-fisch.de\/ping\/author\/gerald667\/"}]}},"jetpack_featured_media_url":"","jetpack_sharing_enabled":true,"jetpack_shortlink":"https:\/\/wp.me\/pxsFY-2zX","_links":{"self":[{"href":"https:\/\/der-goldene-fisch.de\/ping\/wp-json\/wp\/v2\/posts\/9917","targetHints":{"allow":["GET"]}}],"collection":[{"href":"https:\/\/der-goldene-fisch.de\/ping\/wp-json\/wp\/v2\/posts"}],"about":[{"href":"https:\/\/der-goldene-fisch.de\/ping\/wp-json\/wp\/v2\/types\/post"}],"author":[{"embeddable":true,"href":"https:\/\/der-goldene-fisch.de\/ping\/wp-json\/wp\/v2\/users\/10"}],"replies":[{"embeddable":true,"href":"https:\/\/der-goldene-fisch.de\/ping\/wp-json\/wp\/v2\/comments?post=9917"}],"version-history":[{"count":0,"href":"https:\/\/der-goldene-fisch.de\/ping\/wp-json\/wp\/v2\/posts\/9917\/revisions"}],"wp:attachment":[{"href":"https:\/\/der-goldene-fisch.de\/ping\/wp-json\/wp\/v2\/media?parent=9917"}],"wp:term":[{"taxonomy":"category","embeddable":true,"href":"https:\/\/der-goldene-fisch.de\/ping\/wp-json\/wp\/v2\/categories?post=9917"},{"taxonomy":"post_tag","embeddable":true,"href":"https:\/\/der-goldene-fisch.de\/ping\/wp-json\/wp\/v2\/tags?post=9917"}],"curies":[{"name":"wp","href":"https:\/\/api.w.org\/{rel}","templated":true}]}}