{"id":9923,"date":"2016-08-07T10:52:55","date_gmt":"2016-08-07T09:52:55","guid":{"rendered":"http:\/\/der-goldene-fisch.de\/ping\/?p=9923"},"modified":"2016-08-07T10:53:41","modified_gmt":"2016-08-07T09:53:41","slug":"das-fuenfzigste-jahr-424344","status":"publish","type":"post","link":"https:\/\/der-goldene-fisch.de\/ping\/das-fuenfzigste-jahr-424344\/","title":{"rendered":"Das f\u00fcnfzigste Jahr (42\/43\/44)"},"content":{"rendered":"<p><strong>28. Juli 2015, <\/strong><strong>ein Dienstag<\/strong><\/p>\n<p>Juckende Stellen schon seit Tagen. Wahrscheinlich Ungezieferbisse. Fl\u00f6he? Mein Bett ist ein sozialer Ort.<\/p>\n<p>Heute abend kommen drei Aikidoka zum Essen, ich koche &#8211; wie fremd schon allein der Gedanke! &#8211; ein Drei-G\u00e4nge-Men\u00fc mit Tomatensuppe, Bratkartoffeln, Eis-Himbeer-Baiser. Dessert ist einfach. Schwieriger ist die Tomatensuppe. Schon das Wort &#8222;D\u00fcnsten&#8220; muss ich googeln. Nicht eben haute cuisine, die Tomatensuppe in der Sch\u00fcssel zu lagern, in der sonst der Putzlappen liegt &#8230;<br \/>\n&#8230; Nach Mitternacht: gl\u00fccklich abgespeist. Durch den Schleier m\u00f6glichst l\u00e4ssiger Gesch\u00e4ftigkeit sah ich die Str\u00f6me der Gespr\u00e4che flie\u00dfen und dachte: Ja, so muss Leben sein.<\/p>\n<p><strong>29. Juli, <\/strong><strong>ein Mittwoch<\/strong><\/p>\n<p>Auf einem Bahnsteig telefoniert eine kleine junge Frau. Sie tr\u00e4gt Jogginghosen und sagt sehr energisch, sie sei &#8222;zun\u00e4chst einmal sauer auf die &#8230; Jenny Fotzensch\u00f6n &#8230;&#8220;<\/p>\n<p>Vierter und bitte vorerst letzter Termin bei Heilpraktikerin H. (die sich selbst lieber als Seelenheilerin bezeichnen w\u00fcrde). Sie begegnet meiner Skepsis an der Methode mit Hinweis auf naturwissenschaftlich belegbare Erkenntnisse \u00fcber morphogenetische Felder (ererbtes Wissen innerhalb genetisch verbundener Gemeinschaften) und verweist auf Rupert Sheldrake als wissenschaftliche Referenz. (Das recherchiere ich sp\u00e4ter und sehe: Laut Wikipedia sind Sheldrakes Hypothesen \u00fcber das &#8222;Ged\u00e4chtnis der Natur&#8220; von der etablierten Wissenschaft als pseudowissenschaftlich abgelehnt worden; zu den wenigen Bef\u00fcrwortern z\u00e4hlt Bernd Hellinger, der die Familienaufstellung als psychotherapeutische Methode pr\u00e4gte und seinerseits umstritten ist.) Meine Einw\u00e4nde gegen die j\u00fcngste Auswahl der w\u00e4hrend unserer Behandlung heranzitierten Engel entkr\u00e4ftet Frau H. mit souver\u00e4ner Leichtigkeit: Dies alles seien eigentlich lediglich Energiek\u00f6rper, die ins Totenreich begleiten, je nach Kultur unterschiedlich ausgestaltet. Es h\u00e4tte auch ein B\u00e4r oder ein halb-skelettiertes Wesen sein k\u00f6nnen, aber solche Wesen seien eben eher in anderen Kulturen t\u00e4tig, hier n\u00e4hme man Engel. Frau H. kann auch mit g\u00e4nzlich nicht-scharlatanischer N\u00fcchterneheit von ihrer Erleuchtung und ihren Erleuchtungsmomenten sprechen, inklusive ihrer gro\u00dfen Skepsis an den Mitteln der Sprache, die an solchen Bereichen (im Jenseitigen) nichts mehr greifen k\u00f6nne. \u00dcberdies gelte es auch in meinem Fall, das dauernde Festhalten und Kontrollieren aufzugeben. Es w\u00fcrden noch h\u00e4rtere K\u00e4mpfe auf mich zu kommen als bisher: eine noch \u00e4rgere Gegenwehr von Ego und Pers\u00f6nlichkeit. Da w\u00fcrde ich durch m\u00fcssen.<br \/>\nIm n\u00e4chsten, kinesiologischen Behandlungsschritt h\u00e4lt Frau H., wohl mit R\u00fccksicht auf meine methodischen Zweifel, den &#8222;heiligen Raum&#8220; sehr abstrakt: Er ist nicht bewohnt von Engeln, sondern von Lichtk\u00f6rpern. Mir ist, als w\u00e4re der heilige Raum gerade saniert worden.<\/p>\n<p><strong>30. Juli, <\/strong><strong>ein Donnerstag<\/strong><\/p>\n<p>Wie mich das dr\u00e4ngt, diesen Tag nach dem H.-Tag Revue zu passieren. Morgens eine Mail vom Sensei, einsetzend mit &#8222;Lieber Gerald, ich liebe dich, danke f\u00fcr deine Mail&#8220; &#8211; wann hat es so etwas schon gegeben? Dazu ein \u00fcberaus milder Email-Verkehr mit Kitty, der dann einvernehmlich erm\u00fcdet und einschl\u00e4ft. Zur Eiche. Die war warm.<\/p>\n<p>Lade J., den wilden Siegfried, zum Besuch des J\u00fcdischen Museums und der Ausstellung &#8222;Gehorsam&#8220; ein, siehe: Er willigt ein und h\u00e4lt es aus. Was f\u00fcr ein therapeutischer Tag. Welche Droge hat Frau H. da eingetr\u00e4ufelt? Und wann werden die M\u00fchlsteine wieder ihr Mahlwerk aufnehmen?<\/p>\n","protected":false},"excerpt":{"rendered":"<p>28. Juli 2015, ein Dienstag Juckende Stellen schon seit Tagen. Wahrscheinlich Ungezieferbisse. Fl\u00f6he? Mein Bett ist ein sozialer Ort. Heute abend kommen drei Aikidoka zum Essen, ich koche &#8211; wie fremd schon allein der Gedanke! &#8211; ein Drei-G\u00e4nge-Men\u00fc mit Tomatensuppe, Bratkartoffeln, Eis-Himbeer-Baiser. Dessert ist einfach. Schwieriger ist die Tomatensuppe. Schon das Wort &#8222;D\u00fcnsten&#8220; muss ich [&hellip;]<\/p>\n","protected":false},"author":10,"featured_media":0,"comment_status":"open","ping_status":"open","sticky":false,"template":"","format":"standard","meta":{"jetpack_post_was_ever_published":false,"_jetpack_newsletter_access":"","_jetpack_dont_email_post_to_subs":false,"_jetpack_newsletter_tier_id":0,"_jetpack_memberships_contains_paywalled_content":false,"_jetpack_memberships_contains_paid_content":false,"footnotes":"","jetpack_publicize_message":"","jetpack_publicize_feature_enabled":true,"jetpack_social_post_already_shared":false,"jetpack_social_options":{"image_generator_settings":{"template":"highway","enabled":false},"version":2}},"categories":[85],"tags":[],"class_list":["post-9923","post","type-post","status-publish","format-standard","hentry","category-a"],"jetpack_publicize_connections":[],"yoast_head":"<!-- This site is optimized with the Yoast SEO plugin v24.0 - https:\/\/yoast.com\/wordpress\/plugins\/seo\/ -->\n<title>Das f\u00fcnfzigste Jahr (42\/43\/44) - der goldene fisch<\/title>\n<meta name=\"robots\" content=\"index, follow, max-snippet:-1, max-image-preview:large, max-video-preview:-1\" \/>\n<link rel=\"canonical\" href=\"https:\/\/der-goldene-fisch.de\/ping\/das-fuenfzigste-jahr-424344\/\" \/>\n<meta property=\"og:locale\" content=\"de_DE\" \/>\n<meta property=\"og:type\" content=\"article\" \/>\n<meta property=\"og:title\" content=\"Das f\u00fcnfzigste Jahr (42\/43\/44) - der goldene fisch\" \/>\n<meta property=\"og:description\" content=\"28. Juli 2015, ein Dienstag Juckende Stellen schon seit Tagen. Wahrscheinlich Ungezieferbisse. Fl\u00f6he? Mein Bett ist ein sozialer Ort. Heute abend kommen drei Aikidoka zum Essen, ich koche &#8211; wie fremd schon allein der Gedanke! &#8211; ein Drei-G\u00e4nge-Men\u00fc mit Tomatensuppe, Bratkartoffeln, Eis-Himbeer-Baiser. Dessert ist einfach. Schwieriger ist die Tomatensuppe. Schon das Wort &#8222;D\u00fcnsten&#8220; muss ich [&hellip;]\" \/>\n<meta property=\"og:url\" content=\"https:\/\/der-goldene-fisch.de\/ping\/das-fuenfzigste-jahr-424344\/\" \/>\n<meta property=\"og:site_name\" content=\"der goldene fisch\" \/>\n<meta property=\"article:published_time\" content=\"2016-08-07T09:52:55+00:00\" \/>\n<meta property=\"article:modified_time\" content=\"2016-08-07T09:53:41+00:00\" \/>\n<meta name=\"author\" content=\"Gerald Koll\" \/>\n<meta name=\"twitter:card\" content=\"summary_large_image\" \/>\n<meta name=\"twitter:label1\" content=\"Verfasst von\" \/>\n\t<meta name=\"twitter:data1\" content=\"Gerald Koll\" \/>\n\t<meta name=\"twitter:label2\" content=\"Gesch\u00e4tzte Lesezeit\" \/>\n\t<meta name=\"twitter:data2\" content=\"3 Minuten\" \/>\n<script type=\"application\/ld+json\" class=\"yoast-schema-graph\">{\"@context\":\"https:\/\/schema.org\",\"@graph\":[{\"@type\":\"Article\",\"@id\":\"https:\/\/der-goldene-fisch.de\/ping\/das-fuenfzigste-jahr-424344\/#article\",\"isPartOf\":{\"@id\":\"https:\/\/der-goldene-fisch.de\/ping\/das-fuenfzigste-jahr-424344\/\"},\"author\":{\"name\":\"Gerald Koll\",\"@id\":\"https:\/\/der-goldene-fisch.de\/ping\/#\/schema\/person\/b4cb2b531063dfc4a80c1893365b7faf\"},\"headline\":\"Das f\u00fcnfzigste Jahr (42\/43\/44)\",\"datePublished\":\"2016-08-07T09:52:55+00:00\",\"dateModified\":\"2016-08-07T09:53:41+00:00\",\"mainEntityOfPage\":{\"@id\":\"https:\/\/der-goldene-fisch.de\/ping\/das-fuenfzigste-jahr-424344\/\"},\"wordCount\":539,\"commentCount\":0,\"publisher\":{\"@id\":\"https:\/\/der-goldene-fisch.de\/ping\/#\/schema\/person\/c415140d7348926844a49b29cc105aa4\"},\"articleSection\":[\"a\"],\"inLanguage\":\"de\",\"potentialAction\":[{\"@type\":\"CommentAction\",\"name\":\"Comment\",\"target\":[\"https:\/\/der-goldene-fisch.de\/ping\/das-fuenfzigste-jahr-424344\/#respond\"]}]},{\"@type\":\"WebPage\",\"@id\":\"https:\/\/der-goldene-fisch.de\/ping\/das-fuenfzigste-jahr-424344\/\",\"url\":\"https:\/\/der-goldene-fisch.de\/ping\/das-fuenfzigste-jahr-424344\/\",\"name\":\"Das f\u00fcnfzigste Jahr (42\/43\/44) - der goldene fisch\",\"isPartOf\":{\"@id\":\"https:\/\/der-goldene-fisch.de\/ping\/#website\"},\"datePublished\":\"2016-08-07T09:52:55+00:00\",\"dateModified\":\"2016-08-07T09:53:41+00:00\",\"breadcrumb\":{\"@id\":\"https:\/\/der-goldene-fisch.de\/ping\/das-fuenfzigste-jahr-424344\/#breadcrumb\"},\"inLanguage\":\"de\",\"potentialAction\":[{\"@type\":\"ReadAction\",\"target\":[\"https:\/\/der-goldene-fisch.de\/ping\/das-fuenfzigste-jahr-424344\/\"]}]},{\"@type\":\"BreadcrumbList\",\"@id\":\"https:\/\/der-goldene-fisch.de\/ping\/das-fuenfzigste-jahr-424344\/#breadcrumb\",\"itemListElement\":[{\"@type\":\"ListItem\",\"position\":1,\"name\":\"Startseite\",\"item\":\"https:\/\/der-goldene-fisch.de\/ping\/\"},{\"@type\":\"ListItem\",\"position\":2,\"name\":\"Das f\u00fcnfzigste Jahr (42\/43\/44)\"}]},{\"@type\":\"WebSite\",\"@id\":\"https:\/\/der-goldene-fisch.de\/ping\/#website\",\"url\":\"https:\/\/der-goldene-fisch.de\/ping\/\",\"name\":\"der goldene fisch\",\"description\":\"\",\"publisher\":{\"@id\":\"https:\/\/der-goldene-fisch.de\/ping\/#\/schema\/person\/c415140d7348926844a49b29cc105aa4\"},\"potentialAction\":[{\"@type\":\"SearchAction\",\"target\":{\"@type\":\"EntryPoint\",\"urlTemplate\":\"https:\/\/der-goldene-fisch.de\/ping\/?s={search_term_string}\"},\"query-input\":{\"@type\":\"PropertyValueSpecification\",\"valueRequired\":true,\"valueName\":\"search_term_string\"}}],\"inLanguage\":\"de\"},{\"@type\":[\"Person\",\"Organization\"],\"@id\":\"https:\/\/der-goldene-fisch.de\/ping\/#\/schema\/person\/c415140d7348926844a49b29cc105aa4\",\"name\":\"Andreas Louis Seyerlein\",\"image\":{\"@type\":\"ImageObject\",\"inLanguage\":\"de\",\"@id\":\"https:\/\/der-goldene-fisch.de\/ping\/#\/schema\/person\/image\/\",\"url\":\"https:\/\/secure.gravatar.com\/avatar\/d233a6eb5d99a83abb911b2d89ddf42e?s=96&d=mm&r=g\",\"contentUrl\":\"https:\/\/secure.gravatar.com\/avatar\/d233a6eb5d99a83abb911b2d89ddf42e?s=96&d=mm&r=g\",\"caption\":\"Andreas Louis Seyerlein\"},\"logo\":{\"@id\":\"https:\/\/der-goldene-fisch.de\/ping\/#\/schema\/person\/image\/\"},\"sameAs\":[\"http:\/\/\"]},{\"@type\":\"Person\",\"@id\":\"https:\/\/der-goldene-fisch.de\/ping\/#\/schema\/person\/b4cb2b531063dfc4a80c1893365b7faf\",\"name\":\"Gerald Koll\",\"image\":{\"@type\":\"ImageObject\",\"inLanguage\":\"de\",\"@id\":\"https:\/\/der-goldene-fisch.de\/ping\/#\/schema\/person\/image\/\",\"url\":\"https:\/\/secure.gravatar.com\/avatar\/494c3ef1389ba6e021d9cac11e0c4e81?s=96&d=mm&r=g\",\"contentUrl\":\"https:\/\/secure.gravatar.com\/avatar\/494c3ef1389ba6e021d9cac11e0c4e81?s=96&d=mm&r=g\",\"caption\":\"Gerald Koll\"},\"sameAs\":[\"http:\/\/www.geraldkoll.de\"],\"url\":\"https:\/\/der-goldene-fisch.de\/ping\/author\/gerald667\/\"}]}<\/script>\n<!-- \/ Yoast SEO plugin. -->","yoast_head_json":{"title":"Das f\u00fcnfzigste Jahr (42\/43\/44) - der goldene fisch","robots":{"index":"index","follow":"follow","max-snippet":"max-snippet:-1","max-image-preview":"max-image-preview:large","max-video-preview":"max-video-preview:-1"},"canonical":"https:\/\/der-goldene-fisch.de\/ping\/das-fuenfzigste-jahr-424344\/","og_locale":"de_DE","og_type":"article","og_title":"Das f\u00fcnfzigste Jahr (42\/43\/44) - der goldene fisch","og_description":"28. Juli 2015, ein Dienstag Juckende Stellen schon seit Tagen. Wahrscheinlich Ungezieferbisse. Fl\u00f6he? Mein Bett ist ein sozialer Ort. Heute abend kommen drei Aikidoka zum Essen, ich koche &#8211; wie fremd schon allein der Gedanke! &#8211; ein Drei-G\u00e4nge-Men\u00fc mit Tomatensuppe, Bratkartoffeln, Eis-Himbeer-Baiser. Dessert ist einfach. Schwieriger ist die Tomatensuppe. Schon das Wort &#8222;D\u00fcnsten&#8220; muss ich [&hellip;]","og_url":"https:\/\/der-goldene-fisch.de\/ping\/das-fuenfzigste-jahr-424344\/","og_site_name":"der goldene fisch","article_published_time":"2016-08-07T09:52:55+00:00","article_modified_time":"2016-08-07T09:53:41+00:00","author":"Gerald Koll","twitter_card":"summary_large_image","twitter_misc":{"Verfasst von":"Gerald Koll","Gesch\u00e4tzte Lesezeit":"3 Minuten"},"schema":{"@context":"https:\/\/schema.org","@graph":[{"@type":"Article","@id":"https:\/\/der-goldene-fisch.de\/ping\/das-fuenfzigste-jahr-424344\/#article","isPartOf":{"@id":"https:\/\/der-goldene-fisch.de\/ping\/das-fuenfzigste-jahr-424344\/"},"author":{"name":"Gerald Koll","@id":"https:\/\/der-goldene-fisch.de\/ping\/#\/schema\/person\/b4cb2b531063dfc4a80c1893365b7faf"},"headline":"Das f\u00fcnfzigste Jahr (42\/43\/44)","datePublished":"2016-08-07T09:52:55+00:00","dateModified":"2016-08-07T09:53:41+00:00","mainEntityOfPage":{"@id":"https:\/\/der-goldene-fisch.de\/ping\/das-fuenfzigste-jahr-424344\/"},"wordCount":539,"commentCount":0,"publisher":{"@id":"https:\/\/der-goldene-fisch.de\/ping\/#\/schema\/person\/c415140d7348926844a49b29cc105aa4"},"articleSection":["a"],"inLanguage":"de","potentialAction":[{"@type":"CommentAction","name":"Comment","target":["https:\/\/der-goldene-fisch.de\/ping\/das-fuenfzigste-jahr-424344\/#respond"]}]},{"@type":"WebPage","@id":"https:\/\/der-goldene-fisch.de\/ping\/das-fuenfzigste-jahr-424344\/","url":"https:\/\/der-goldene-fisch.de\/ping\/das-fuenfzigste-jahr-424344\/","name":"Das f\u00fcnfzigste Jahr (42\/43\/44) - der goldene fisch","isPartOf":{"@id":"https:\/\/der-goldene-fisch.de\/ping\/#website"},"datePublished":"2016-08-07T09:52:55+00:00","dateModified":"2016-08-07T09:53:41+00:00","breadcrumb":{"@id":"https:\/\/der-goldene-fisch.de\/ping\/das-fuenfzigste-jahr-424344\/#breadcrumb"},"inLanguage":"de","potentialAction":[{"@type":"ReadAction","target":["https:\/\/der-goldene-fisch.de\/ping\/das-fuenfzigste-jahr-424344\/"]}]},{"@type":"BreadcrumbList","@id":"https:\/\/der-goldene-fisch.de\/ping\/das-fuenfzigste-jahr-424344\/#breadcrumb","itemListElement":[{"@type":"ListItem","position":1,"name":"Startseite","item":"https:\/\/der-goldene-fisch.de\/ping\/"},{"@type":"ListItem","position":2,"name":"Das f\u00fcnfzigste Jahr (42\/43\/44)"}]},{"@type":"WebSite","@id":"https:\/\/der-goldene-fisch.de\/ping\/#website","url":"https:\/\/der-goldene-fisch.de\/ping\/","name":"der goldene fisch","description":"","publisher":{"@id":"https:\/\/der-goldene-fisch.de\/ping\/#\/schema\/person\/c415140d7348926844a49b29cc105aa4"},"potentialAction":[{"@type":"SearchAction","target":{"@type":"EntryPoint","urlTemplate":"https:\/\/der-goldene-fisch.de\/ping\/?s={search_term_string}"},"query-input":{"@type":"PropertyValueSpecification","valueRequired":true,"valueName":"search_term_string"}}],"inLanguage":"de"},{"@type":["Person","Organization"],"@id":"https:\/\/der-goldene-fisch.de\/ping\/#\/schema\/person\/c415140d7348926844a49b29cc105aa4","name":"Andreas Louis Seyerlein","image":{"@type":"ImageObject","inLanguage":"de","@id":"https:\/\/der-goldene-fisch.de\/ping\/#\/schema\/person\/image\/","url":"https:\/\/secure.gravatar.com\/avatar\/d233a6eb5d99a83abb911b2d89ddf42e?s=96&d=mm&r=g","contentUrl":"https:\/\/secure.gravatar.com\/avatar\/d233a6eb5d99a83abb911b2d89ddf42e?s=96&d=mm&r=g","caption":"Andreas Louis Seyerlein"},"logo":{"@id":"https:\/\/der-goldene-fisch.de\/ping\/#\/schema\/person\/image\/"},"sameAs":["http:\/\/"]},{"@type":"Person","@id":"https:\/\/der-goldene-fisch.de\/ping\/#\/schema\/person\/b4cb2b531063dfc4a80c1893365b7faf","name":"Gerald Koll","image":{"@type":"ImageObject","inLanguage":"de","@id":"https:\/\/der-goldene-fisch.de\/ping\/#\/schema\/person\/image\/","url":"https:\/\/secure.gravatar.com\/avatar\/494c3ef1389ba6e021d9cac11e0c4e81?s=96&d=mm&r=g","contentUrl":"https:\/\/secure.gravatar.com\/avatar\/494c3ef1389ba6e021d9cac11e0c4e81?s=96&d=mm&r=g","caption":"Gerald Koll"},"sameAs":["http:\/\/www.geraldkoll.de"],"url":"https:\/\/der-goldene-fisch.de\/ping\/author\/gerald667\/"}]}},"jetpack_featured_media_url":"","jetpack_sharing_enabled":true,"jetpack_shortlink":"https:\/\/wp.me\/pxsFY-2A3","_links":{"self":[{"href":"https:\/\/der-goldene-fisch.de\/ping\/wp-json\/wp\/v2\/posts\/9923","targetHints":{"allow":["GET"]}}],"collection":[{"href":"https:\/\/der-goldene-fisch.de\/ping\/wp-json\/wp\/v2\/posts"}],"about":[{"href":"https:\/\/der-goldene-fisch.de\/ping\/wp-json\/wp\/v2\/types\/post"}],"author":[{"embeddable":true,"href":"https:\/\/der-goldene-fisch.de\/ping\/wp-json\/wp\/v2\/users\/10"}],"replies":[{"embeddable":true,"href":"https:\/\/der-goldene-fisch.de\/ping\/wp-json\/wp\/v2\/comments?post=9923"}],"version-history":[{"count":0,"href":"https:\/\/der-goldene-fisch.de\/ping\/wp-json\/wp\/v2\/posts\/9923\/revisions"}],"wp:attachment":[{"href":"https:\/\/der-goldene-fisch.de\/ping\/wp-json\/wp\/v2\/media?parent=9923"}],"wp:term":[{"taxonomy":"category","embeddable":true,"href":"https:\/\/der-goldene-fisch.de\/ping\/wp-json\/wp\/v2\/categories?post=9923"},{"taxonomy":"post_tag","embeddable":true,"href":"https:\/\/der-goldene-fisch.de\/ping\/wp-json\/wp\/v2\/tags?post=9923"}],"curies":[{"name":"wp","href":"https:\/\/api.w.org\/{rel}","templated":true}]}}