{"id":9928,"date":"2016-08-08T09:27:08","date_gmt":"2016-08-08T08:27:08","guid":{"rendered":"http:\/\/der-goldene-fisch.de\/ping\/?p=9928"},"modified":"2016-08-08T18:22:37","modified_gmt":"2016-08-08T17:22:37","slug":"das-fuenfzigste-jahr-45464748","status":"publish","type":"post","link":"https:\/\/der-goldene-fisch.de\/ping\/das-fuenfzigste-jahr-45464748\/","title":{"rendered":"Das f\u00fcnfzigste Jahr (45\/46\/47\/48)"},"content":{"rendered":"<p><em> <\/em><\/p>\n<p><strong>31. Juli 2015, <\/strong><strong>ein Freitag<\/strong><\/p>\n<p>Jetzt, am Abend, l\u00e4sst die Wirkung jener Tr\u00f6pfchen nach, die mir auf der Zunge zergingen unter der heiligen Pipette von Frau H. und mich mit der Welt vereinten. Vielleicht diente auch Noah Baumbachs <em>Gef\u00fchlt Mitte Zwanzig<\/em> als Ausn\u00fcchterungszelle. Da l\u00e4sst sich ein Paar von Mitte Vierzig auf ein junges Hipster-Paar ein und sieht sehr schnell sehr alt aus. Allerdings wirkt Er (Ben Stiller) vergleichsweise deutlich vitaler als ich: ein zwar gescheiterter Dokumentarfilmer, aber einer mit Ambitionen; ein zwar t\u00f6richter Partner, aber einer mit Ehefrau (und zwar Naomi Watts); ein zwar verworrener Wohner, aber immerhin mit cooler Wohnung etc.<\/p>\n<p><strong>1. August, <\/strong><strong>ein Sonnabend<\/strong><\/p>\n<p>Die Besch\u00e4ftigung mit Vatis Familienchronik ist ein ewiges Stolpern. Mal \u00fcberliest er meine Anmerkungen, dann missversteht er sie, dann misslingt das Versenden &#8211; ein ewiges Nachsetzen, Nachholen, W\u00fcrgen, obwohl es im Grunde mein Wunsch ist, Vati im Produktivdasein zu begleiten. Wir schauen einander in die unendlich aufgef\u00e4cherten Spiegel unserer Renitenzen und Erwartungen. Wenn er am Telefon fragt, was ich heute denn so machen w\u00fcrde, f\u00fchle ich mich sofort wie im Kreuzverh\u00f6r.<\/p>\n<p><strong>2. August, <\/strong><strong>ein Sonntag<\/strong><\/p>\n<p>Heute morgen sitzt beim B\u00e4cker, wie jeden Morgen, der geistig etwas zur\u00fcckgebliebene Mann mit dem vergreisten Kindsgesicht und plappert im Selbstgespr\u00e4ch. Es sind Wallungen. Mal kleinere und gr\u00f6\u00dfere Blasen, die aus dem Morast unh\u00f6rbaren Selbstgespr\u00e4chs an die Oberfl\u00e4che steigen. Er ist die Kehrseite all jener Leute, die \u00fcber unsichtbare Anstecker telefonieren und anmuten wie Gest\u00f6rte im Selbstgespr\u00e4ch. Im Gegensatz zu ihnen wirkt der Mann beim B\u00e4cker wie jemand, der telefoniert. Aber eigentlich macht er das ja auch in seinen im Kreisverkehr verlaufenden Ich-Dialogen.<\/p>\n<p><strong>3. August, <\/strong><strong>ein Montag<\/strong><\/p>\n<p>T\u00e4glich sp\u00fcre ich das rechte Knie und wei\u00df doch, dass es noch einen Monat durchhalten muss. Ich bin ziemlich sicher, dass dort eine Art Splint lose ist, der im besten Fall verleimt werden m\u00fcsste.<\/p>\n<p>Das Soll von drei Kapiteln in Dickens&#8216; <em>Bleak House<\/em> erf\u00fcllt. Was normalerweise die Belohnung vom Tagewerk sein sollte, ist mangels Tagewerk selbst zum Tagewerk erhoben. Das ist mittags erledigt, genauso, wie das Mittagessen um 12:15 Uhr erledigt ist. Was ich mir t\u00e4glich abverlange, ist l\u00e4cherlich wenig. Als w\u00e4re ich mein eigener Psychotherapeut, der seinem Patienten nur das mindeste zutraut.<\/p>\n","protected":false},"excerpt":{"rendered":"<p>31. Juli 2015, ein Freitag Jetzt, am Abend, l\u00e4sst die Wirkung jener Tr\u00f6pfchen nach, die mir auf der Zunge zergingen unter der heiligen Pipette von Frau H. und mich mit der Welt vereinten. Vielleicht diente auch Noah Baumbachs Gef\u00fchlt Mitte Zwanzig als Ausn\u00fcchterungszelle. Da l\u00e4sst sich ein Paar von Mitte Vierzig auf ein junges Hipster-Paar [&hellip;]<\/p>\n","protected":false},"author":10,"featured_media":0,"comment_status":"open","ping_status":"open","sticky":false,"template":"","format":"standard","meta":{"jetpack_post_was_ever_published":false,"_jetpack_newsletter_access":"","_jetpack_dont_email_post_to_subs":false,"_jetpack_newsletter_tier_id":0,"_jetpack_memberships_contains_paywalled_content":false,"_jetpack_memberships_contains_paid_content":false,"footnotes":"","jetpack_publicize_message":"","jetpack_publicize_feature_enabled":true,"jetpack_social_post_already_shared":false,"jetpack_social_options":{"image_generator_settings":{"template":"highway","enabled":false},"version":2}},"categories":[85],"tags":[],"class_list":["post-9928","post","type-post","status-publish","format-standard","hentry","category-a"],"jetpack_publicize_connections":[],"yoast_head":"<!-- This site is optimized with the Yoast SEO plugin v24.0 - https:\/\/yoast.com\/wordpress\/plugins\/seo\/ -->\n<title>Das f\u00fcnfzigste Jahr (45\/46\/47\/48) - der goldene fisch<\/title>\n<meta name=\"robots\" content=\"index, follow, max-snippet:-1, max-image-preview:large, max-video-preview:-1\" \/>\n<link rel=\"canonical\" href=\"https:\/\/der-goldene-fisch.de\/ping\/das-fuenfzigste-jahr-45464748\/\" \/>\n<meta property=\"og:locale\" content=\"de_DE\" \/>\n<meta property=\"og:type\" content=\"article\" \/>\n<meta property=\"og:title\" content=\"Das f\u00fcnfzigste Jahr (45\/46\/47\/48) - der goldene fisch\" \/>\n<meta property=\"og:description\" content=\"31. Juli 2015, ein Freitag Jetzt, am Abend, l\u00e4sst die Wirkung jener Tr\u00f6pfchen nach, die mir auf der Zunge zergingen unter der heiligen Pipette von Frau H. und mich mit der Welt vereinten. Vielleicht diente auch Noah Baumbachs Gef\u00fchlt Mitte Zwanzig als Ausn\u00fcchterungszelle. Da l\u00e4sst sich ein Paar von Mitte Vierzig auf ein junges Hipster-Paar [&hellip;]\" \/>\n<meta property=\"og:url\" content=\"https:\/\/der-goldene-fisch.de\/ping\/das-fuenfzigste-jahr-45464748\/\" \/>\n<meta property=\"og:site_name\" content=\"der goldene fisch\" \/>\n<meta property=\"article:published_time\" content=\"2016-08-08T08:27:08+00:00\" \/>\n<meta property=\"article:modified_time\" content=\"2016-08-08T17:22:37+00:00\" \/>\n<meta name=\"author\" content=\"Gerald Koll\" \/>\n<meta name=\"twitter:card\" content=\"summary_large_image\" \/>\n<meta name=\"twitter:label1\" content=\"Verfasst von\" \/>\n\t<meta name=\"twitter:data1\" content=\"Gerald Koll\" \/>\n\t<meta name=\"twitter:label2\" content=\"Gesch\u00e4tzte Lesezeit\" \/>\n\t<meta name=\"twitter:data2\" content=\"2 Minuten\" \/>\n<script type=\"application\/ld+json\" class=\"yoast-schema-graph\">{\"@context\":\"https:\/\/schema.org\",\"@graph\":[{\"@type\":\"Article\",\"@id\":\"https:\/\/der-goldene-fisch.de\/ping\/das-fuenfzigste-jahr-45464748\/#article\",\"isPartOf\":{\"@id\":\"https:\/\/der-goldene-fisch.de\/ping\/das-fuenfzigste-jahr-45464748\/\"},\"author\":{\"name\":\"Gerald Koll\",\"@id\":\"https:\/\/der-goldene-fisch.de\/ping\/#\/schema\/person\/b4cb2b531063dfc4a80c1893365b7faf\"},\"headline\":\"Das f\u00fcnfzigste Jahr (45\/46\/47\/48)\",\"datePublished\":\"2016-08-08T08:27:08+00:00\",\"dateModified\":\"2016-08-08T17:22:37+00:00\",\"mainEntityOfPage\":{\"@id\":\"https:\/\/der-goldene-fisch.de\/ping\/das-fuenfzigste-jahr-45464748\/\"},\"wordCount\":389,\"commentCount\":0,\"publisher\":{\"@id\":\"https:\/\/der-goldene-fisch.de\/ping\/#\/schema\/person\/c415140d7348926844a49b29cc105aa4\"},\"articleSection\":[\"a\"],\"inLanguage\":\"de\",\"potentialAction\":[{\"@type\":\"CommentAction\",\"name\":\"Comment\",\"target\":[\"https:\/\/der-goldene-fisch.de\/ping\/das-fuenfzigste-jahr-45464748\/#respond\"]}]},{\"@type\":\"WebPage\",\"@id\":\"https:\/\/der-goldene-fisch.de\/ping\/das-fuenfzigste-jahr-45464748\/\",\"url\":\"https:\/\/der-goldene-fisch.de\/ping\/das-fuenfzigste-jahr-45464748\/\",\"name\":\"Das f\u00fcnfzigste Jahr (45\/46\/47\/48) - der goldene fisch\",\"isPartOf\":{\"@id\":\"https:\/\/der-goldene-fisch.de\/ping\/#website\"},\"datePublished\":\"2016-08-08T08:27:08+00:00\",\"dateModified\":\"2016-08-08T17:22:37+00:00\",\"breadcrumb\":{\"@id\":\"https:\/\/der-goldene-fisch.de\/ping\/das-fuenfzigste-jahr-45464748\/#breadcrumb\"},\"inLanguage\":\"de\",\"potentialAction\":[{\"@type\":\"ReadAction\",\"target\":[\"https:\/\/der-goldene-fisch.de\/ping\/das-fuenfzigste-jahr-45464748\/\"]}]},{\"@type\":\"BreadcrumbList\",\"@id\":\"https:\/\/der-goldene-fisch.de\/ping\/das-fuenfzigste-jahr-45464748\/#breadcrumb\",\"itemListElement\":[{\"@type\":\"ListItem\",\"position\":1,\"name\":\"Startseite\",\"item\":\"https:\/\/der-goldene-fisch.de\/ping\/\"},{\"@type\":\"ListItem\",\"position\":2,\"name\":\"Das f\u00fcnfzigste Jahr (45\/46\/47\/48)\"}]},{\"@type\":\"WebSite\",\"@id\":\"https:\/\/der-goldene-fisch.de\/ping\/#website\",\"url\":\"https:\/\/der-goldene-fisch.de\/ping\/\",\"name\":\"der goldene fisch\",\"description\":\"\",\"publisher\":{\"@id\":\"https:\/\/der-goldene-fisch.de\/ping\/#\/schema\/person\/c415140d7348926844a49b29cc105aa4\"},\"potentialAction\":[{\"@type\":\"SearchAction\",\"target\":{\"@type\":\"EntryPoint\",\"urlTemplate\":\"https:\/\/der-goldene-fisch.de\/ping\/?s={search_term_string}\"},\"query-input\":{\"@type\":\"PropertyValueSpecification\",\"valueRequired\":true,\"valueName\":\"search_term_string\"}}],\"inLanguage\":\"de\"},{\"@type\":[\"Person\",\"Organization\"],\"@id\":\"https:\/\/der-goldene-fisch.de\/ping\/#\/schema\/person\/c415140d7348926844a49b29cc105aa4\",\"name\":\"Andreas Louis Seyerlein\",\"image\":{\"@type\":\"ImageObject\",\"inLanguage\":\"de\",\"@id\":\"https:\/\/der-goldene-fisch.de\/ping\/#\/schema\/person\/image\/\",\"url\":\"https:\/\/secure.gravatar.com\/avatar\/d233a6eb5d99a83abb911b2d89ddf42e?s=96&d=mm&r=g\",\"contentUrl\":\"https:\/\/secure.gravatar.com\/avatar\/d233a6eb5d99a83abb911b2d89ddf42e?s=96&d=mm&r=g\",\"caption\":\"Andreas Louis Seyerlein\"},\"logo\":{\"@id\":\"https:\/\/der-goldene-fisch.de\/ping\/#\/schema\/person\/image\/\"},\"sameAs\":[\"http:\/\/\"]},{\"@type\":\"Person\",\"@id\":\"https:\/\/der-goldene-fisch.de\/ping\/#\/schema\/person\/b4cb2b531063dfc4a80c1893365b7faf\",\"name\":\"Gerald Koll\",\"image\":{\"@type\":\"ImageObject\",\"inLanguage\":\"de\",\"@id\":\"https:\/\/der-goldene-fisch.de\/ping\/#\/schema\/person\/image\/\",\"url\":\"https:\/\/secure.gravatar.com\/avatar\/494c3ef1389ba6e021d9cac11e0c4e81?s=96&d=mm&r=g\",\"contentUrl\":\"https:\/\/secure.gravatar.com\/avatar\/494c3ef1389ba6e021d9cac11e0c4e81?s=96&d=mm&r=g\",\"caption\":\"Gerald Koll\"},\"sameAs\":[\"http:\/\/www.geraldkoll.de\"],\"url\":\"https:\/\/der-goldene-fisch.de\/ping\/author\/gerald667\/\"}]}<\/script>\n<!-- \/ Yoast SEO plugin. -->","yoast_head_json":{"title":"Das f\u00fcnfzigste Jahr (45\/46\/47\/48) - der goldene fisch","robots":{"index":"index","follow":"follow","max-snippet":"max-snippet:-1","max-image-preview":"max-image-preview:large","max-video-preview":"max-video-preview:-1"},"canonical":"https:\/\/der-goldene-fisch.de\/ping\/das-fuenfzigste-jahr-45464748\/","og_locale":"de_DE","og_type":"article","og_title":"Das f\u00fcnfzigste Jahr (45\/46\/47\/48) - der goldene fisch","og_description":"31. Juli 2015, ein Freitag Jetzt, am Abend, l\u00e4sst die Wirkung jener Tr\u00f6pfchen nach, die mir auf der Zunge zergingen unter der heiligen Pipette von Frau H. und mich mit der Welt vereinten. Vielleicht diente auch Noah Baumbachs Gef\u00fchlt Mitte Zwanzig als Ausn\u00fcchterungszelle. Da l\u00e4sst sich ein Paar von Mitte Vierzig auf ein junges Hipster-Paar [&hellip;]","og_url":"https:\/\/der-goldene-fisch.de\/ping\/das-fuenfzigste-jahr-45464748\/","og_site_name":"der goldene fisch","article_published_time":"2016-08-08T08:27:08+00:00","article_modified_time":"2016-08-08T17:22:37+00:00","author":"Gerald Koll","twitter_card":"summary_large_image","twitter_misc":{"Verfasst von":"Gerald Koll","Gesch\u00e4tzte Lesezeit":"2 Minuten"},"schema":{"@context":"https:\/\/schema.org","@graph":[{"@type":"Article","@id":"https:\/\/der-goldene-fisch.de\/ping\/das-fuenfzigste-jahr-45464748\/#article","isPartOf":{"@id":"https:\/\/der-goldene-fisch.de\/ping\/das-fuenfzigste-jahr-45464748\/"},"author":{"name":"Gerald Koll","@id":"https:\/\/der-goldene-fisch.de\/ping\/#\/schema\/person\/b4cb2b531063dfc4a80c1893365b7faf"},"headline":"Das f\u00fcnfzigste Jahr (45\/46\/47\/48)","datePublished":"2016-08-08T08:27:08+00:00","dateModified":"2016-08-08T17:22:37+00:00","mainEntityOfPage":{"@id":"https:\/\/der-goldene-fisch.de\/ping\/das-fuenfzigste-jahr-45464748\/"},"wordCount":389,"commentCount":0,"publisher":{"@id":"https:\/\/der-goldene-fisch.de\/ping\/#\/schema\/person\/c415140d7348926844a49b29cc105aa4"},"articleSection":["a"],"inLanguage":"de","potentialAction":[{"@type":"CommentAction","name":"Comment","target":["https:\/\/der-goldene-fisch.de\/ping\/das-fuenfzigste-jahr-45464748\/#respond"]}]},{"@type":"WebPage","@id":"https:\/\/der-goldene-fisch.de\/ping\/das-fuenfzigste-jahr-45464748\/","url":"https:\/\/der-goldene-fisch.de\/ping\/das-fuenfzigste-jahr-45464748\/","name":"Das f\u00fcnfzigste Jahr (45\/46\/47\/48) - der goldene fisch","isPartOf":{"@id":"https:\/\/der-goldene-fisch.de\/ping\/#website"},"datePublished":"2016-08-08T08:27:08+00:00","dateModified":"2016-08-08T17:22:37+00:00","breadcrumb":{"@id":"https:\/\/der-goldene-fisch.de\/ping\/das-fuenfzigste-jahr-45464748\/#breadcrumb"},"inLanguage":"de","potentialAction":[{"@type":"ReadAction","target":["https:\/\/der-goldene-fisch.de\/ping\/das-fuenfzigste-jahr-45464748\/"]}]},{"@type":"BreadcrumbList","@id":"https:\/\/der-goldene-fisch.de\/ping\/das-fuenfzigste-jahr-45464748\/#breadcrumb","itemListElement":[{"@type":"ListItem","position":1,"name":"Startseite","item":"https:\/\/der-goldene-fisch.de\/ping\/"},{"@type":"ListItem","position":2,"name":"Das f\u00fcnfzigste Jahr (45\/46\/47\/48)"}]},{"@type":"WebSite","@id":"https:\/\/der-goldene-fisch.de\/ping\/#website","url":"https:\/\/der-goldene-fisch.de\/ping\/","name":"der goldene fisch","description":"","publisher":{"@id":"https:\/\/der-goldene-fisch.de\/ping\/#\/schema\/person\/c415140d7348926844a49b29cc105aa4"},"potentialAction":[{"@type":"SearchAction","target":{"@type":"EntryPoint","urlTemplate":"https:\/\/der-goldene-fisch.de\/ping\/?s={search_term_string}"},"query-input":{"@type":"PropertyValueSpecification","valueRequired":true,"valueName":"search_term_string"}}],"inLanguage":"de"},{"@type":["Person","Organization"],"@id":"https:\/\/der-goldene-fisch.de\/ping\/#\/schema\/person\/c415140d7348926844a49b29cc105aa4","name":"Andreas Louis Seyerlein","image":{"@type":"ImageObject","inLanguage":"de","@id":"https:\/\/der-goldene-fisch.de\/ping\/#\/schema\/person\/image\/","url":"https:\/\/secure.gravatar.com\/avatar\/d233a6eb5d99a83abb911b2d89ddf42e?s=96&d=mm&r=g","contentUrl":"https:\/\/secure.gravatar.com\/avatar\/d233a6eb5d99a83abb911b2d89ddf42e?s=96&d=mm&r=g","caption":"Andreas Louis Seyerlein"},"logo":{"@id":"https:\/\/der-goldene-fisch.de\/ping\/#\/schema\/person\/image\/"},"sameAs":["http:\/\/"]},{"@type":"Person","@id":"https:\/\/der-goldene-fisch.de\/ping\/#\/schema\/person\/b4cb2b531063dfc4a80c1893365b7faf","name":"Gerald Koll","image":{"@type":"ImageObject","inLanguage":"de","@id":"https:\/\/der-goldene-fisch.de\/ping\/#\/schema\/person\/image\/","url":"https:\/\/secure.gravatar.com\/avatar\/494c3ef1389ba6e021d9cac11e0c4e81?s=96&d=mm&r=g","contentUrl":"https:\/\/secure.gravatar.com\/avatar\/494c3ef1389ba6e021d9cac11e0c4e81?s=96&d=mm&r=g","caption":"Gerald Koll"},"sameAs":["http:\/\/www.geraldkoll.de"],"url":"https:\/\/der-goldene-fisch.de\/ping\/author\/gerald667\/"}]}},"jetpack_featured_media_url":"","jetpack_sharing_enabled":true,"jetpack_shortlink":"https:\/\/wp.me\/pxsFY-2A8","_links":{"self":[{"href":"https:\/\/der-goldene-fisch.de\/ping\/wp-json\/wp\/v2\/posts\/9928","targetHints":{"allow":["GET"]}}],"collection":[{"href":"https:\/\/der-goldene-fisch.de\/ping\/wp-json\/wp\/v2\/posts"}],"about":[{"href":"https:\/\/der-goldene-fisch.de\/ping\/wp-json\/wp\/v2\/types\/post"}],"author":[{"embeddable":true,"href":"https:\/\/der-goldene-fisch.de\/ping\/wp-json\/wp\/v2\/users\/10"}],"replies":[{"embeddable":true,"href":"https:\/\/der-goldene-fisch.de\/ping\/wp-json\/wp\/v2\/comments?post=9928"}],"version-history":[{"count":0,"href":"https:\/\/der-goldene-fisch.de\/ping\/wp-json\/wp\/v2\/posts\/9928\/revisions"}],"wp:attachment":[{"href":"https:\/\/der-goldene-fisch.de\/ping\/wp-json\/wp\/v2\/media?parent=9928"}],"wp:term":[{"taxonomy":"category","embeddable":true,"href":"https:\/\/der-goldene-fisch.de\/ping\/wp-json\/wp\/v2\/categories?post=9928"},{"taxonomy":"post_tag","embeddable":true,"href":"https:\/\/der-goldene-fisch.de\/ping\/wp-json\/wp\/v2\/tags?post=9928"}],"curies":[{"name":"wp","href":"https:\/\/api.w.org\/{rel}","templated":true}]}}