{"id":9944,"date":"2016-08-09T10:57:04","date_gmt":"2016-08-09T09:57:04","guid":{"rendered":"http:\/\/der-goldene-fisch.de\/ping\/?p=9944"},"modified":"2016-08-09T10:57:04","modified_gmt":"2016-08-09T09:57:04","slug":"das-fuenfzigste-jahr-4950","status":"publish","type":"post","link":"https:\/\/der-goldene-fisch.de\/ping\/das-fuenfzigste-jahr-4950\/","title":{"rendered":"Das f\u00fcnfzigste Jahr (49\/50)"},"content":{"rendered":"<p><em> <\/em><\/p>\n<p><strong>4. August 2015, ein Dienstag<\/strong><\/p>\n<p>Ab morgen wird gefastet. Heilgefastet. Besorgung einer Unterkunft am ersten Tag der Wanderung, Schriftverkehr mit Genossenschaft, Ausf\u00fcllen der Krankenversicherungs-Antr\u00e4ge f\u00fcr den Wechsel in die Gesetzliche, Impfung (Zecken), und schon geht&#8217;s dahin.<\/p>\n<p>Heute Abend wieder Mieterversammlung &#8211; die erste nach dem letzten Eklat &#8230;<\/p>\n<p><strong>5. August, ein Mittwoch<\/strong><\/p>\n<p>Die Mieterversammlung verlief glimpflich, zumal ich Frau H.s Rat befolgte, nicht die Laus im Pelz zu sein, sondern still den Dingen zu folgen. Es wird ziemlich resigniert geklungen haben, wie ich sagte, keine Einw\u00e4nde zu erheben. Dieses Resignative wird mir heute Morgen beim Fr\u00fchst\u00fcck sehr klar. Dabei d\u00e4mmert die Vorstellung, mit so einer Resignation aus dem Leben zu scheiden, wenn die Hoffnungen aufgebraucht sind. Also auf eine Weise, dass die Umgebung mit der Schulter zuckt. Die Vorstellung, in dieser Verfassung \u00fcber den f\u00fcnfzigsten Geburtstag zu kriechen und mich mit irgendwelchen Fernreisen von einer Lebensw\u00fcrdigkeit zu \u00fcberzeugen, l\u00e4sst drau\u00dfen am Tisch beim B\u00e4cker meine Augen feucht werden. Ich merke, wie sich der Gedanke einkrallt, dass es eine Option ist, aus dem Leben zu scheiden, und m\u00f6glicherweise bezeichnet genau dieser Gedanke die Schwelle zur Krankheit und Krisis und das, was Frau H. mir f\u00fcr meine Zukunft prophezeite.<\/p>\n<p>Bei Kafka wird es nachzulesen sein: dass die Macht des Opfers darin besteht, seine erlittenen Verletzungen zur Schau zu stellen und die T\u00e4ter damit an ihre Taten zu erinnern. Und au\u00dferdem, dass diese Macht nur eingebildet ist und in der Fantasie des Opfers besteht, da die T\u00e4ter tausend Strategien und Schlichen ersonnen haben, dieser Attacke auszuweichen. Haben die geschundenen Freaks auf Jahrm\u00e4rkten jemals das Publikum zur Einkehr gebracht? Nein, sie haben gejohlt und gezahlt und damit ihr Recht auf Hohn und Verachtung erkaufen k\u00f6nnen. Und Schweinsteiger hat im WM-Finale seine Wunde nur deshalb so glorreich-heroisch pr\u00e4sentieren k\u00f6nnen, weil sein T\u00e4ter in der Minderheit war und Schweinsteiger &#8211; als Sieger des Titels &#8211; im Gewand des Opfers der eigentliche T\u00e4ter blieb.<\/p>\n<p>Es bleibt erb\u00e4rmlich zu glauben, jemanden damit beeindrucken zu k\u00f6nnen, indem man ihm sein &#8222;Das habt ihr aus mir gemacht&#8220;-Antlitz zeigt. Der Andere hat damit nichts zu tun. Er wird &#8211; mit Recht &#8211; entgegnen: Das hast du aus dir gemacht. Wie wirke ich auf Andere mit meinen Minirebellionsanfl\u00fcgen: wie all die Spinner, die ihre Frust-Weltsichten in die Gegend motzen und den Zeitungslesern der B\u00e4ckerei auf den Wecker fallen.<\/p>\n<p>Dies ist der erste von vier Fasten-Tagen. Das Fasten l\u00e4sst sich seltsam an: die mit Glauber-Salz angetriebene Entleerung erfolgt nicht, obwohl ich mittags eine Zusatzportion in mich hineinsch\u00fctte. Erst gegen 18 Uhr entfaltet das Abf\u00fchrmittel seine Wirkung, dann allerdings mit Macht, leider gerade zum Zeitpunkt, als ich zum Aikido-Training will und als lauter Nachbarn im Treppenhaus herumgeistern. Das Klo auf halber Treppe ist in solchen Phasen sehr weit weg.<\/p>\n","protected":false},"excerpt":{"rendered":"<p>4. August 2015, ein Dienstag Ab morgen wird gefastet. Heilgefastet. Besorgung einer Unterkunft am ersten Tag der Wanderung, Schriftverkehr mit Genossenschaft, Ausf\u00fcllen der Krankenversicherungs-Antr\u00e4ge f\u00fcr den Wechsel in die Gesetzliche, Impfung (Zecken), und schon geht&#8217;s dahin. Heute Abend wieder Mieterversammlung &#8211; die erste nach dem letzten Eklat &#8230; 5. August, ein Mittwoch Die Mieterversammlung verlief [&hellip;]<\/p>\n","protected":false},"author":10,"featured_media":0,"comment_status":"open","ping_status":"open","sticky":false,"template":"","format":"standard","meta":{"jetpack_post_was_ever_published":false,"_jetpack_newsletter_access":"","_jetpack_dont_email_post_to_subs":false,"_jetpack_newsletter_tier_id":0,"_jetpack_memberships_contains_paywalled_content":false,"_jetpack_memberships_contains_paid_content":false,"footnotes":"","jetpack_publicize_message":"","jetpack_publicize_feature_enabled":true,"jetpack_social_post_already_shared":false,"jetpack_social_options":{"image_generator_settings":{"template":"highway","enabled":false},"version":2}},"categories":[85],"tags":[],"class_list":["post-9944","post","type-post","status-publish","format-standard","hentry","category-a"],"jetpack_publicize_connections":[],"yoast_head":"<!-- This site is optimized with the Yoast SEO plugin v24.0 - https:\/\/yoast.com\/wordpress\/plugins\/seo\/ -->\n<title>Das f\u00fcnfzigste Jahr (49\/50) - der goldene fisch<\/title>\n<meta name=\"robots\" content=\"index, follow, max-snippet:-1, max-image-preview:large, max-video-preview:-1\" \/>\n<link rel=\"canonical\" href=\"https:\/\/der-goldene-fisch.de\/ping\/das-fuenfzigste-jahr-4950\/\" \/>\n<meta property=\"og:locale\" content=\"de_DE\" \/>\n<meta property=\"og:type\" content=\"article\" \/>\n<meta property=\"og:title\" content=\"Das f\u00fcnfzigste Jahr (49\/50) - der goldene fisch\" \/>\n<meta property=\"og:description\" content=\"4. August 2015, ein Dienstag Ab morgen wird gefastet. Heilgefastet. Besorgung einer Unterkunft am ersten Tag der Wanderung, Schriftverkehr mit Genossenschaft, Ausf\u00fcllen der Krankenversicherungs-Antr\u00e4ge f\u00fcr den Wechsel in die Gesetzliche, Impfung (Zecken), und schon geht&#8217;s dahin. Heute Abend wieder Mieterversammlung &#8211; die erste nach dem letzten Eklat &#8230; 5. August, ein Mittwoch Die Mieterversammlung verlief [&hellip;]\" \/>\n<meta property=\"og:url\" content=\"https:\/\/der-goldene-fisch.de\/ping\/das-fuenfzigste-jahr-4950\/\" \/>\n<meta property=\"og:site_name\" content=\"der goldene fisch\" \/>\n<meta property=\"article:published_time\" content=\"2016-08-09T09:57:04+00:00\" \/>\n<meta name=\"author\" content=\"Gerald Koll\" \/>\n<meta name=\"twitter:card\" content=\"summary_large_image\" \/>\n<meta name=\"twitter:label1\" content=\"Verfasst von\" \/>\n\t<meta name=\"twitter:data1\" content=\"Gerald Koll\" \/>\n\t<meta name=\"twitter:label2\" content=\"Gesch\u00e4tzte Lesezeit\" \/>\n\t<meta name=\"twitter:data2\" content=\"2 Minuten\" \/>\n<script type=\"application\/ld+json\" class=\"yoast-schema-graph\">{\"@context\":\"https:\/\/schema.org\",\"@graph\":[{\"@type\":\"Article\",\"@id\":\"https:\/\/der-goldene-fisch.de\/ping\/das-fuenfzigste-jahr-4950\/#article\",\"isPartOf\":{\"@id\":\"https:\/\/der-goldene-fisch.de\/ping\/das-fuenfzigste-jahr-4950\/\"},\"author\":{\"name\":\"Gerald Koll\",\"@id\":\"https:\/\/der-goldene-fisch.de\/ping\/#\/schema\/person\/b4cb2b531063dfc4a80c1893365b7faf\"},\"headline\":\"Das f\u00fcnfzigste Jahr (49\/50)\",\"datePublished\":\"2016-08-09T09:57:04+00:00\",\"dateModified\":\"2016-08-09T09:57:04+00:00\",\"mainEntityOfPage\":{\"@id\":\"https:\/\/der-goldene-fisch.de\/ping\/das-fuenfzigste-jahr-4950\/\"},\"wordCount\":486,\"commentCount\":0,\"publisher\":{\"@id\":\"https:\/\/der-goldene-fisch.de\/ping\/#\/schema\/person\/c415140d7348926844a49b29cc105aa4\"},\"articleSection\":[\"a\"],\"inLanguage\":\"de\",\"potentialAction\":[{\"@type\":\"CommentAction\",\"name\":\"Comment\",\"target\":[\"https:\/\/der-goldene-fisch.de\/ping\/das-fuenfzigste-jahr-4950\/#respond\"]}]},{\"@type\":\"WebPage\",\"@id\":\"https:\/\/der-goldene-fisch.de\/ping\/das-fuenfzigste-jahr-4950\/\",\"url\":\"https:\/\/der-goldene-fisch.de\/ping\/das-fuenfzigste-jahr-4950\/\",\"name\":\"Das f\u00fcnfzigste Jahr (49\/50) - der goldene fisch\",\"isPartOf\":{\"@id\":\"https:\/\/der-goldene-fisch.de\/ping\/#website\"},\"datePublished\":\"2016-08-09T09:57:04+00:00\",\"dateModified\":\"2016-08-09T09:57:04+00:00\",\"breadcrumb\":{\"@id\":\"https:\/\/der-goldene-fisch.de\/ping\/das-fuenfzigste-jahr-4950\/#breadcrumb\"},\"inLanguage\":\"de\",\"potentialAction\":[{\"@type\":\"ReadAction\",\"target\":[\"https:\/\/der-goldene-fisch.de\/ping\/das-fuenfzigste-jahr-4950\/\"]}]},{\"@type\":\"BreadcrumbList\",\"@id\":\"https:\/\/der-goldene-fisch.de\/ping\/das-fuenfzigste-jahr-4950\/#breadcrumb\",\"itemListElement\":[{\"@type\":\"ListItem\",\"position\":1,\"name\":\"Startseite\",\"item\":\"https:\/\/der-goldene-fisch.de\/ping\/\"},{\"@type\":\"ListItem\",\"position\":2,\"name\":\"Das f\u00fcnfzigste Jahr (49\/50)\"}]},{\"@type\":\"WebSite\",\"@id\":\"https:\/\/der-goldene-fisch.de\/ping\/#website\",\"url\":\"https:\/\/der-goldene-fisch.de\/ping\/\",\"name\":\"der goldene fisch\",\"description\":\"\",\"publisher\":{\"@id\":\"https:\/\/der-goldene-fisch.de\/ping\/#\/schema\/person\/c415140d7348926844a49b29cc105aa4\"},\"potentialAction\":[{\"@type\":\"SearchAction\",\"target\":{\"@type\":\"EntryPoint\",\"urlTemplate\":\"https:\/\/der-goldene-fisch.de\/ping\/?s={search_term_string}\"},\"query-input\":{\"@type\":\"PropertyValueSpecification\",\"valueRequired\":true,\"valueName\":\"search_term_string\"}}],\"inLanguage\":\"de\"},{\"@type\":[\"Person\",\"Organization\"],\"@id\":\"https:\/\/der-goldene-fisch.de\/ping\/#\/schema\/person\/c415140d7348926844a49b29cc105aa4\",\"name\":\"Andreas Louis Seyerlein\",\"image\":{\"@type\":\"ImageObject\",\"inLanguage\":\"de\",\"@id\":\"https:\/\/der-goldene-fisch.de\/ping\/#\/schema\/person\/image\/\",\"url\":\"https:\/\/secure.gravatar.com\/avatar\/d233a6eb5d99a83abb911b2d89ddf42e?s=96&d=mm&r=g\",\"contentUrl\":\"https:\/\/secure.gravatar.com\/avatar\/d233a6eb5d99a83abb911b2d89ddf42e?s=96&d=mm&r=g\",\"caption\":\"Andreas Louis Seyerlein\"},\"logo\":{\"@id\":\"https:\/\/der-goldene-fisch.de\/ping\/#\/schema\/person\/image\/\"},\"sameAs\":[\"http:\/\/\"]},{\"@type\":\"Person\",\"@id\":\"https:\/\/der-goldene-fisch.de\/ping\/#\/schema\/person\/b4cb2b531063dfc4a80c1893365b7faf\",\"name\":\"Gerald Koll\",\"image\":{\"@type\":\"ImageObject\",\"inLanguage\":\"de\",\"@id\":\"https:\/\/der-goldene-fisch.de\/ping\/#\/schema\/person\/image\/\",\"url\":\"https:\/\/secure.gravatar.com\/avatar\/494c3ef1389ba6e021d9cac11e0c4e81?s=96&d=mm&r=g\",\"contentUrl\":\"https:\/\/secure.gravatar.com\/avatar\/494c3ef1389ba6e021d9cac11e0c4e81?s=96&d=mm&r=g\",\"caption\":\"Gerald Koll\"},\"sameAs\":[\"http:\/\/www.geraldkoll.de\"],\"url\":\"https:\/\/der-goldene-fisch.de\/ping\/author\/gerald667\/\"}]}<\/script>\n<!-- \/ Yoast SEO plugin. -->","yoast_head_json":{"title":"Das f\u00fcnfzigste Jahr (49\/50) - der goldene fisch","robots":{"index":"index","follow":"follow","max-snippet":"max-snippet:-1","max-image-preview":"max-image-preview:large","max-video-preview":"max-video-preview:-1"},"canonical":"https:\/\/der-goldene-fisch.de\/ping\/das-fuenfzigste-jahr-4950\/","og_locale":"de_DE","og_type":"article","og_title":"Das f\u00fcnfzigste Jahr (49\/50) - der goldene fisch","og_description":"4. August 2015, ein Dienstag Ab morgen wird gefastet. Heilgefastet. Besorgung einer Unterkunft am ersten Tag der Wanderung, Schriftverkehr mit Genossenschaft, Ausf\u00fcllen der Krankenversicherungs-Antr\u00e4ge f\u00fcr den Wechsel in die Gesetzliche, Impfung (Zecken), und schon geht&#8217;s dahin. Heute Abend wieder Mieterversammlung &#8211; die erste nach dem letzten Eklat &#8230; 5. August, ein Mittwoch Die Mieterversammlung verlief [&hellip;]","og_url":"https:\/\/der-goldene-fisch.de\/ping\/das-fuenfzigste-jahr-4950\/","og_site_name":"der goldene fisch","article_published_time":"2016-08-09T09:57:04+00:00","author":"Gerald Koll","twitter_card":"summary_large_image","twitter_misc":{"Verfasst von":"Gerald Koll","Gesch\u00e4tzte Lesezeit":"2 Minuten"},"schema":{"@context":"https:\/\/schema.org","@graph":[{"@type":"Article","@id":"https:\/\/der-goldene-fisch.de\/ping\/das-fuenfzigste-jahr-4950\/#article","isPartOf":{"@id":"https:\/\/der-goldene-fisch.de\/ping\/das-fuenfzigste-jahr-4950\/"},"author":{"name":"Gerald Koll","@id":"https:\/\/der-goldene-fisch.de\/ping\/#\/schema\/person\/b4cb2b531063dfc4a80c1893365b7faf"},"headline":"Das f\u00fcnfzigste Jahr (49\/50)","datePublished":"2016-08-09T09:57:04+00:00","dateModified":"2016-08-09T09:57:04+00:00","mainEntityOfPage":{"@id":"https:\/\/der-goldene-fisch.de\/ping\/das-fuenfzigste-jahr-4950\/"},"wordCount":486,"commentCount":0,"publisher":{"@id":"https:\/\/der-goldene-fisch.de\/ping\/#\/schema\/person\/c415140d7348926844a49b29cc105aa4"},"articleSection":["a"],"inLanguage":"de","potentialAction":[{"@type":"CommentAction","name":"Comment","target":["https:\/\/der-goldene-fisch.de\/ping\/das-fuenfzigste-jahr-4950\/#respond"]}]},{"@type":"WebPage","@id":"https:\/\/der-goldene-fisch.de\/ping\/das-fuenfzigste-jahr-4950\/","url":"https:\/\/der-goldene-fisch.de\/ping\/das-fuenfzigste-jahr-4950\/","name":"Das f\u00fcnfzigste Jahr (49\/50) - der goldene fisch","isPartOf":{"@id":"https:\/\/der-goldene-fisch.de\/ping\/#website"},"datePublished":"2016-08-09T09:57:04+00:00","dateModified":"2016-08-09T09:57:04+00:00","breadcrumb":{"@id":"https:\/\/der-goldene-fisch.de\/ping\/das-fuenfzigste-jahr-4950\/#breadcrumb"},"inLanguage":"de","potentialAction":[{"@type":"ReadAction","target":["https:\/\/der-goldene-fisch.de\/ping\/das-fuenfzigste-jahr-4950\/"]}]},{"@type":"BreadcrumbList","@id":"https:\/\/der-goldene-fisch.de\/ping\/das-fuenfzigste-jahr-4950\/#breadcrumb","itemListElement":[{"@type":"ListItem","position":1,"name":"Startseite","item":"https:\/\/der-goldene-fisch.de\/ping\/"},{"@type":"ListItem","position":2,"name":"Das f\u00fcnfzigste Jahr (49\/50)"}]},{"@type":"WebSite","@id":"https:\/\/der-goldene-fisch.de\/ping\/#website","url":"https:\/\/der-goldene-fisch.de\/ping\/","name":"der goldene fisch","description":"","publisher":{"@id":"https:\/\/der-goldene-fisch.de\/ping\/#\/schema\/person\/c415140d7348926844a49b29cc105aa4"},"potentialAction":[{"@type":"SearchAction","target":{"@type":"EntryPoint","urlTemplate":"https:\/\/der-goldene-fisch.de\/ping\/?s={search_term_string}"},"query-input":{"@type":"PropertyValueSpecification","valueRequired":true,"valueName":"search_term_string"}}],"inLanguage":"de"},{"@type":["Person","Organization"],"@id":"https:\/\/der-goldene-fisch.de\/ping\/#\/schema\/person\/c415140d7348926844a49b29cc105aa4","name":"Andreas Louis Seyerlein","image":{"@type":"ImageObject","inLanguage":"de","@id":"https:\/\/der-goldene-fisch.de\/ping\/#\/schema\/person\/image\/","url":"https:\/\/secure.gravatar.com\/avatar\/d233a6eb5d99a83abb911b2d89ddf42e?s=96&d=mm&r=g","contentUrl":"https:\/\/secure.gravatar.com\/avatar\/d233a6eb5d99a83abb911b2d89ddf42e?s=96&d=mm&r=g","caption":"Andreas Louis Seyerlein"},"logo":{"@id":"https:\/\/der-goldene-fisch.de\/ping\/#\/schema\/person\/image\/"},"sameAs":["http:\/\/"]},{"@type":"Person","@id":"https:\/\/der-goldene-fisch.de\/ping\/#\/schema\/person\/b4cb2b531063dfc4a80c1893365b7faf","name":"Gerald Koll","image":{"@type":"ImageObject","inLanguage":"de","@id":"https:\/\/der-goldene-fisch.de\/ping\/#\/schema\/person\/image\/","url":"https:\/\/secure.gravatar.com\/avatar\/494c3ef1389ba6e021d9cac11e0c4e81?s=96&d=mm&r=g","contentUrl":"https:\/\/secure.gravatar.com\/avatar\/494c3ef1389ba6e021d9cac11e0c4e81?s=96&d=mm&r=g","caption":"Gerald Koll"},"sameAs":["http:\/\/www.geraldkoll.de"],"url":"https:\/\/der-goldene-fisch.de\/ping\/author\/gerald667\/"}]}},"jetpack_featured_media_url":"","jetpack_sharing_enabled":true,"jetpack_shortlink":"https:\/\/wp.me\/pxsFY-2Ao","_links":{"self":[{"href":"https:\/\/der-goldene-fisch.de\/ping\/wp-json\/wp\/v2\/posts\/9944","targetHints":{"allow":["GET"]}}],"collection":[{"href":"https:\/\/der-goldene-fisch.de\/ping\/wp-json\/wp\/v2\/posts"}],"about":[{"href":"https:\/\/der-goldene-fisch.de\/ping\/wp-json\/wp\/v2\/types\/post"}],"author":[{"embeddable":true,"href":"https:\/\/der-goldene-fisch.de\/ping\/wp-json\/wp\/v2\/users\/10"}],"replies":[{"embeddable":true,"href":"https:\/\/der-goldene-fisch.de\/ping\/wp-json\/wp\/v2\/comments?post=9944"}],"version-history":[{"count":0,"href":"https:\/\/der-goldene-fisch.de\/ping\/wp-json\/wp\/v2\/posts\/9944\/revisions"}],"wp:attachment":[{"href":"https:\/\/der-goldene-fisch.de\/ping\/wp-json\/wp\/v2\/media?parent=9944"}],"wp:term":[{"taxonomy":"category","embeddable":true,"href":"https:\/\/der-goldene-fisch.de\/ping\/wp-json\/wp\/v2\/categories?post=9944"},{"taxonomy":"post_tag","embeddable":true,"href":"https:\/\/der-goldene-fisch.de\/ping\/wp-json\/wp\/v2\/tags?post=9944"}],"curies":[{"name":"wp","href":"https:\/\/api.w.org\/{rel}","templated":true}]}}