{"id":9953,"date":"2016-08-10T11:20:29","date_gmt":"2016-08-10T10:20:29","guid":{"rendered":"http:\/\/der-goldene-fisch.de\/ping\/?p=9953"},"modified":"2016-08-11T08:50:02","modified_gmt":"2016-08-11T07:50:02","slug":"das-fuenfzigste-jahr-515253","status":"publish","type":"post","link":"https:\/\/der-goldene-fisch.de\/ping\/das-fuenfzigste-jahr-515253\/","title":{"rendered":"Das f\u00fcnfzigste Jahr (51\/52\/53)"},"content":{"rendered":"<p><strong>6. August 2015, <\/strong><strong>ein Donnerstag<\/strong><\/p>\n<p>Mit dem Gedanken ins Bett zu gehen, dass man Angst vor Angsttr\u00e4umen hat, ist eine ziemlich gute Garantie f\u00fcr eine schlechte Nacht. In den einen Tr\u00e4umen m\u00f6chte ich nach Krumme Lanke, werde mit dem Auto an einer Gabelung rausgelassen und wei\u00df nicht mehr, wohin. Au\u00dferdem kann ich mich nicht gut bewegen. Und wache ich aus dem Traum auf, sp\u00fcre ich das rechte Knie.<\/p>\n<p>Dieser zweite Fastentag setzt mich v\u00f6llig matt. Ein hartn\u00e4ckiger Kopfschmerz, der sich nachts zwischen Nasenwurzel und Stirnh\u00f6hle eingenistet hat, geht nicht weg. Erst gegen 17 Uhr wird er schw\u00e4cher. Fasten versetzt mich sp\u00fcrbar in einen Mangel- und also Krankheitszustand. Das passt zu meiner Situation: Ich mache mich krank. Ich unterlaufe die Ern\u00e4hrungsvorgaben durch zwei L\u00f6ffel Apfelmus und etwas Saft. Sonst w\u00fcrde ich v\u00f6llig siechen. Ich werde Aikido schw\u00e4nzen.<\/p>\n<p>Nachmittags die ganze Zeit im Bett. Zwei Tr\u00e4ume: Im ersten lebe ich in einer eher gro\u00dfz\u00fcgigen Wohnung mit Balkon. Es klingelt. Kitty und &#8211; ach, was?! &#8211; ihr neuer Freund, der mir irgendwie aus Filmen bekannt vorkommt, stehen vor der T\u00fcr. Ich bewirte sie und spiele den Gastgeber, bis mir in einer ruhigen Minute einf\u00e4llt, dass das d\u00e4mlich ist und ich mich heimlich aus der Wohnung mache. Im zweiten Traum gerate ich trotz wartender Schlangen und uniformierten Wachdiensten durch einige Schliche in einen Lidl-Supermarkt und fische nach Bananen, die dort auf einem Bord \u00fcber einem Bett liegen.<\/p>\n<p>Hitzewelle \u00fcber Berlin. Heute deutlich \u00fcber 30\u00b0C, morgen werden 37\u00b0C erwartet. Das ist nat\u00fcrlich totaler Bl\u00f6dsinn, sich bei dieser Hitze auszumergeln.<\/p>\n<p><strong>7. August, <\/strong><strong>ein Freitag<\/strong><\/p>\n<p>Recht angenehm erwacht. Zwar in einem Traum, in dem ich im Sehnen nach einer Frau das Nachsehen habe, aber das st\u00f6rte nicht allzu sehr.<\/p>\n<p>Das Fr\u00fchst\u00fcck nach dem freien Training ist normalerweise ein Fest. Heute sitze ich mit meinem W\u00e4sserchen dabei. F\u00fcr den Rest des Tages Darben und Trinken auf dem Sofa. Dieser dritte Fastentag sieht Darmentleerung vor. Blo\u00df nicht noch einmal diese Entw\u00e4sserung. Ich werde es mit Kaffee probieren.<br \/>\n&#8212;<br \/>\nDas hat nicht geklappt. Also noch eine Portion Glauber-Salz in banger Erwartung.<\/p>\n<p><strong>9. August, <\/strong><strong>ein Sonntag<\/strong><\/p>\n<p>Gegen 3:30 Uhr erwacht in der Sommerhitze, schlaflos und m\u00fcde. Nachgeschaut im Internet: Ricky Gervais hat sich aus seinem facebook-live-Blog verabschiedet, etwas r\u00fcde sogar.<\/p>\n<p>Kittys Z\u00fcge gehen langsam verloren. Die Projektionen, die ich auf sie lud &#8211; Kinder, Familie, Zukunft, Lebenssinn, Neuanfang, Allesgut &#8211; winden sich um einen Namen, nicht um ein Gesicht oder einen Menschen mit Kontur.<\/p>\n<p>&#8230;<\/p>\n<p>Im Morgenblau nach ersten Tagebucheintr\u00e4gen friedlich entschlummert, sogar mit Traum von etwas Erotischem und vom Essen eines Br\u00f6tchens mit belegtem Ei &#8211; zuletzt also ein erf\u00fcllbarer Traum.<br \/>\n&#8212;<br \/>\n(Fast erf\u00fcllbar: Beim B\u00e4cker stellt sich heraus, dass Schnitt-Ei aus ist.) Fasten beendet. Sofort reingehauen. Alles, auch Eis.<\/p>\n<p>Die Morgenlekt\u00fcre in <em>Bleak House<\/em> liest sich wie ein Kommentar auf meine Situation im Hause. Bei Dickens rankt sich das Geschehen um die unheilvolle M\u00fchle der Justiz, namentlich im Fall Jarndyce contra Jarndyce, einer M\u00fchle, in die sich der sonst arglose Richard ziehen l\u00e4sst und in den Sog von Argwohn, Zweifel und sonstiger Zerm\u00fcrbung ger\u00e4t.<\/p>\n<p><em> <\/em><\/p>\n","protected":false},"excerpt":{"rendered":"<p>6. August 2015, ein Donnerstag Mit dem Gedanken ins Bett zu gehen, dass man Angst vor Angsttr\u00e4umen hat, ist eine ziemlich gute Garantie f\u00fcr eine schlechte Nacht. In den einen Tr\u00e4umen m\u00f6chte ich nach Krumme Lanke, werde mit dem Auto an einer Gabelung rausgelassen und wei\u00df nicht mehr, wohin. Au\u00dferdem kann ich mich nicht gut [&hellip;]<\/p>\n","protected":false},"author":10,"featured_media":0,"comment_status":"open","ping_status":"open","sticky":false,"template":"","format":"standard","meta":{"jetpack_post_was_ever_published":false,"_jetpack_newsletter_access":"","_jetpack_dont_email_post_to_subs":false,"_jetpack_newsletter_tier_id":0,"_jetpack_memberships_contains_paywalled_content":false,"_jetpack_memberships_contains_paid_content":false,"footnotes":"","jetpack_publicize_message":"","jetpack_publicize_feature_enabled":true,"jetpack_social_post_already_shared":false,"jetpack_social_options":{"image_generator_settings":{"template":"highway","enabled":false},"version":2}},"categories":[85],"tags":[],"class_list":["post-9953","post","type-post","status-publish","format-standard","hentry","category-a"],"jetpack_publicize_connections":[],"yoast_head":"<!-- This site is optimized with the Yoast SEO plugin v24.0 - https:\/\/yoast.com\/wordpress\/plugins\/seo\/ -->\n<title>Das f\u00fcnfzigste Jahr (51\/52\/53) - der goldene fisch<\/title>\n<meta name=\"robots\" content=\"index, follow, max-snippet:-1, max-image-preview:large, max-video-preview:-1\" \/>\n<link rel=\"canonical\" href=\"https:\/\/der-goldene-fisch.de\/ping\/das-fuenfzigste-jahr-515253\/\" \/>\n<meta property=\"og:locale\" content=\"de_DE\" \/>\n<meta property=\"og:type\" content=\"article\" \/>\n<meta property=\"og:title\" content=\"Das f\u00fcnfzigste Jahr (51\/52\/53) - der goldene fisch\" \/>\n<meta property=\"og:description\" content=\"6. August 2015, ein Donnerstag Mit dem Gedanken ins Bett zu gehen, dass man Angst vor Angsttr\u00e4umen hat, ist eine ziemlich gute Garantie f\u00fcr eine schlechte Nacht. In den einen Tr\u00e4umen m\u00f6chte ich nach Krumme Lanke, werde mit dem Auto an einer Gabelung rausgelassen und wei\u00df nicht mehr, wohin. Au\u00dferdem kann ich mich nicht gut [&hellip;]\" \/>\n<meta property=\"og:url\" content=\"https:\/\/der-goldene-fisch.de\/ping\/das-fuenfzigste-jahr-515253\/\" \/>\n<meta property=\"og:site_name\" content=\"der goldene fisch\" \/>\n<meta property=\"article:published_time\" content=\"2016-08-10T10:20:29+00:00\" \/>\n<meta property=\"article:modified_time\" content=\"2016-08-11T07:50:02+00:00\" \/>\n<meta name=\"author\" content=\"Gerald Koll\" \/>\n<meta name=\"twitter:card\" content=\"summary_large_image\" \/>\n<meta name=\"twitter:label1\" content=\"Verfasst von\" \/>\n\t<meta name=\"twitter:data1\" content=\"Gerald Koll\" \/>\n\t<meta name=\"twitter:label2\" content=\"Gesch\u00e4tzte Lesezeit\" \/>\n\t<meta name=\"twitter:data2\" content=\"3 Minuten\" \/>\n<script type=\"application\/ld+json\" class=\"yoast-schema-graph\">{\"@context\":\"https:\/\/schema.org\",\"@graph\":[{\"@type\":\"Article\",\"@id\":\"https:\/\/der-goldene-fisch.de\/ping\/das-fuenfzigste-jahr-515253\/#article\",\"isPartOf\":{\"@id\":\"https:\/\/der-goldene-fisch.de\/ping\/das-fuenfzigste-jahr-515253\/\"},\"author\":{\"name\":\"Gerald Koll\",\"@id\":\"https:\/\/der-goldene-fisch.de\/ping\/#\/schema\/person\/b4cb2b531063dfc4a80c1893365b7faf\"},\"headline\":\"Das f\u00fcnfzigste Jahr (51\/52\/53)\",\"datePublished\":\"2016-08-10T10:20:29+00:00\",\"dateModified\":\"2016-08-11T07:50:02+00:00\",\"mainEntityOfPage\":{\"@id\":\"https:\/\/der-goldene-fisch.de\/ping\/das-fuenfzigste-jahr-515253\/\"},\"wordCount\":546,\"commentCount\":0,\"publisher\":{\"@id\":\"https:\/\/der-goldene-fisch.de\/ping\/#\/schema\/person\/c415140d7348926844a49b29cc105aa4\"},\"articleSection\":[\"a\"],\"inLanguage\":\"de\",\"potentialAction\":[{\"@type\":\"CommentAction\",\"name\":\"Comment\",\"target\":[\"https:\/\/der-goldene-fisch.de\/ping\/das-fuenfzigste-jahr-515253\/#respond\"]}]},{\"@type\":\"WebPage\",\"@id\":\"https:\/\/der-goldene-fisch.de\/ping\/das-fuenfzigste-jahr-515253\/\",\"url\":\"https:\/\/der-goldene-fisch.de\/ping\/das-fuenfzigste-jahr-515253\/\",\"name\":\"Das f\u00fcnfzigste Jahr (51\/52\/53) - der goldene fisch\",\"isPartOf\":{\"@id\":\"https:\/\/der-goldene-fisch.de\/ping\/#website\"},\"datePublished\":\"2016-08-10T10:20:29+00:00\",\"dateModified\":\"2016-08-11T07:50:02+00:00\",\"breadcrumb\":{\"@id\":\"https:\/\/der-goldene-fisch.de\/ping\/das-fuenfzigste-jahr-515253\/#breadcrumb\"},\"inLanguage\":\"de\",\"potentialAction\":[{\"@type\":\"ReadAction\",\"target\":[\"https:\/\/der-goldene-fisch.de\/ping\/das-fuenfzigste-jahr-515253\/\"]}]},{\"@type\":\"BreadcrumbList\",\"@id\":\"https:\/\/der-goldene-fisch.de\/ping\/das-fuenfzigste-jahr-515253\/#breadcrumb\",\"itemListElement\":[{\"@type\":\"ListItem\",\"position\":1,\"name\":\"Startseite\",\"item\":\"https:\/\/der-goldene-fisch.de\/ping\/\"},{\"@type\":\"ListItem\",\"position\":2,\"name\":\"Das f\u00fcnfzigste Jahr (51\/52\/53)\"}]},{\"@type\":\"WebSite\",\"@id\":\"https:\/\/der-goldene-fisch.de\/ping\/#website\",\"url\":\"https:\/\/der-goldene-fisch.de\/ping\/\",\"name\":\"der goldene fisch\",\"description\":\"\",\"publisher\":{\"@id\":\"https:\/\/der-goldene-fisch.de\/ping\/#\/schema\/person\/c415140d7348926844a49b29cc105aa4\"},\"potentialAction\":[{\"@type\":\"SearchAction\",\"target\":{\"@type\":\"EntryPoint\",\"urlTemplate\":\"https:\/\/der-goldene-fisch.de\/ping\/?s={search_term_string}\"},\"query-input\":{\"@type\":\"PropertyValueSpecification\",\"valueRequired\":true,\"valueName\":\"search_term_string\"}}],\"inLanguage\":\"de\"},{\"@type\":[\"Person\",\"Organization\"],\"@id\":\"https:\/\/der-goldene-fisch.de\/ping\/#\/schema\/person\/c415140d7348926844a49b29cc105aa4\",\"name\":\"Andreas Louis Seyerlein\",\"image\":{\"@type\":\"ImageObject\",\"inLanguage\":\"de\",\"@id\":\"https:\/\/der-goldene-fisch.de\/ping\/#\/schema\/person\/image\/\",\"url\":\"https:\/\/secure.gravatar.com\/avatar\/d233a6eb5d99a83abb911b2d89ddf42e?s=96&d=mm&r=g\",\"contentUrl\":\"https:\/\/secure.gravatar.com\/avatar\/d233a6eb5d99a83abb911b2d89ddf42e?s=96&d=mm&r=g\",\"caption\":\"Andreas Louis Seyerlein\"},\"logo\":{\"@id\":\"https:\/\/der-goldene-fisch.de\/ping\/#\/schema\/person\/image\/\"},\"sameAs\":[\"http:\/\/\"]},{\"@type\":\"Person\",\"@id\":\"https:\/\/der-goldene-fisch.de\/ping\/#\/schema\/person\/b4cb2b531063dfc4a80c1893365b7faf\",\"name\":\"Gerald Koll\",\"image\":{\"@type\":\"ImageObject\",\"inLanguage\":\"de\",\"@id\":\"https:\/\/der-goldene-fisch.de\/ping\/#\/schema\/person\/image\/\",\"url\":\"https:\/\/secure.gravatar.com\/avatar\/494c3ef1389ba6e021d9cac11e0c4e81?s=96&d=mm&r=g\",\"contentUrl\":\"https:\/\/secure.gravatar.com\/avatar\/494c3ef1389ba6e021d9cac11e0c4e81?s=96&d=mm&r=g\",\"caption\":\"Gerald Koll\"},\"sameAs\":[\"http:\/\/www.geraldkoll.de\"],\"url\":\"https:\/\/der-goldene-fisch.de\/ping\/author\/gerald667\/\"}]}<\/script>\n<!-- \/ Yoast SEO plugin. -->","yoast_head_json":{"title":"Das f\u00fcnfzigste Jahr (51\/52\/53) - der goldene fisch","robots":{"index":"index","follow":"follow","max-snippet":"max-snippet:-1","max-image-preview":"max-image-preview:large","max-video-preview":"max-video-preview:-1"},"canonical":"https:\/\/der-goldene-fisch.de\/ping\/das-fuenfzigste-jahr-515253\/","og_locale":"de_DE","og_type":"article","og_title":"Das f\u00fcnfzigste Jahr (51\/52\/53) - der goldene fisch","og_description":"6. August 2015, ein Donnerstag Mit dem Gedanken ins Bett zu gehen, dass man Angst vor Angsttr\u00e4umen hat, ist eine ziemlich gute Garantie f\u00fcr eine schlechte Nacht. In den einen Tr\u00e4umen m\u00f6chte ich nach Krumme Lanke, werde mit dem Auto an einer Gabelung rausgelassen und wei\u00df nicht mehr, wohin. Au\u00dferdem kann ich mich nicht gut [&hellip;]","og_url":"https:\/\/der-goldene-fisch.de\/ping\/das-fuenfzigste-jahr-515253\/","og_site_name":"der goldene fisch","article_published_time":"2016-08-10T10:20:29+00:00","article_modified_time":"2016-08-11T07:50:02+00:00","author":"Gerald Koll","twitter_card":"summary_large_image","twitter_misc":{"Verfasst von":"Gerald Koll","Gesch\u00e4tzte Lesezeit":"3 Minuten"},"schema":{"@context":"https:\/\/schema.org","@graph":[{"@type":"Article","@id":"https:\/\/der-goldene-fisch.de\/ping\/das-fuenfzigste-jahr-515253\/#article","isPartOf":{"@id":"https:\/\/der-goldene-fisch.de\/ping\/das-fuenfzigste-jahr-515253\/"},"author":{"name":"Gerald Koll","@id":"https:\/\/der-goldene-fisch.de\/ping\/#\/schema\/person\/b4cb2b531063dfc4a80c1893365b7faf"},"headline":"Das f\u00fcnfzigste Jahr (51\/52\/53)","datePublished":"2016-08-10T10:20:29+00:00","dateModified":"2016-08-11T07:50:02+00:00","mainEntityOfPage":{"@id":"https:\/\/der-goldene-fisch.de\/ping\/das-fuenfzigste-jahr-515253\/"},"wordCount":546,"commentCount":0,"publisher":{"@id":"https:\/\/der-goldene-fisch.de\/ping\/#\/schema\/person\/c415140d7348926844a49b29cc105aa4"},"articleSection":["a"],"inLanguage":"de","potentialAction":[{"@type":"CommentAction","name":"Comment","target":["https:\/\/der-goldene-fisch.de\/ping\/das-fuenfzigste-jahr-515253\/#respond"]}]},{"@type":"WebPage","@id":"https:\/\/der-goldene-fisch.de\/ping\/das-fuenfzigste-jahr-515253\/","url":"https:\/\/der-goldene-fisch.de\/ping\/das-fuenfzigste-jahr-515253\/","name":"Das f\u00fcnfzigste Jahr (51\/52\/53) - der goldene fisch","isPartOf":{"@id":"https:\/\/der-goldene-fisch.de\/ping\/#website"},"datePublished":"2016-08-10T10:20:29+00:00","dateModified":"2016-08-11T07:50:02+00:00","breadcrumb":{"@id":"https:\/\/der-goldene-fisch.de\/ping\/das-fuenfzigste-jahr-515253\/#breadcrumb"},"inLanguage":"de","potentialAction":[{"@type":"ReadAction","target":["https:\/\/der-goldene-fisch.de\/ping\/das-fuenfzigste-jahr-515253\/"]}]},{"@type":"BreadcrumbList","@id":"https:\/\/der-goldene-fisch.de\/ping\/das-fuenfzigste-jahr-515253\/#breadcrumb","itemListElement":[{"@type":"ListItem","position":1,"name":"Startseite","item":"https:\/\/der-goldene-fisch.de\/ping\/"},{"@type":"ListItem","position":2,"name":"Das f\u00fcnfzigste Jahr (51\/52\/53)"}]},{"@type":"WebSite","@id":"https:\/\/der-goldene-fisch.de\/ping\/#website","url":"https:\/\/der-goldene-fisch.de\/ping\/","name":"der goldene fisch","description":"","publisher":{"@id":"https:\/\/der-goldene-fisch.de\/ping\/#\/schema\/person\/c415140d7348926844a49b29cc105aa4"},"potentialAction":[{"@type":"SearchAction","target":{"@type":"EntryPoint","urlTemplate":"https:\/\/der-goldene-fisch.de\/ping\/?s={search_term_string}"},"query-input":{"@type":"PropertyValueSpecification","valueRequired":true,"valueName":"search_term_string"}}],"inLanguage":"de"},{"@type":["Person","Organization"],"@id":"https:\/\/der-goldene-fisch.de\/ping\/#\/schema\/person\/c415140d7348926844a49b29cc105aa4","name":"Andreas Louis Seyerlein","image":{"@type":"ImageObject","inLanguage":"de","@id":"https:\/\/der-goldene-fisch.de\/ping\/#\/schema\/person\/image\/","url":"https:\/\/secure.gravatar.com\/avatar\/d233a6eb5d99a83abb911b2d89ddf42e?s=96&d=mm&r=g","contentUrl":"https:\/\/secure.gravatar.com\/avatar\/d233a6eb5d99a83abb911b2d89ddf42e?s=96&d=mm&r=g","caption":"Andreas Louis Seyerlein"},"logo":{"@id":"https:\/\/der-goldene-fisch.de\/ping\/#\/schema\/person\/image\/"},"sameAs":["http:\/\/"]},{"@type":"Person","@id":"https:\/\/der-goldene-fisch.de\/ping\/#\/schema\/person\/b4cb2b531063dfc4a80c1893365b7faf","name":"Gerald Koll","image":{"@type":"ImageObject","inLanguage":"de","@id":"https:\/\/der-goldene-fisch.de\/ping\/#\/schema\/person\/image\/","url":"https:\/\/secure.gravatar.com\/avatar\/494c3ef1389ba6e021d9cac11e0c4e81?s=96&d=mm&r=g","contentUrl":"https:\/\/secure.gravatar.com\/avatar\/494c3ef1389ba6e021d9cac11e0c4e81?s=96&d=mm&r=g","caption":"Gerald Koll"},"sameAs":["http:\/\/www.geraldkoll.de"],"url":"https:\/\/der-goldene-fisch.de\/ping\/author\/gerald667\/"}]}},"jetpack_featured_media_url":"","jetpack_sharing_enabled":true,"jetpack_shortlink":"https:\/\/wp.me\/pxsFY-2Ax","_links":{"self":[{"href":"https:\/\/der-goldene-fisch.de\/ping\/wp-json\/wp\/v2\/posts\/9953","targetHints":{"allow":["GET"]}}],"collection":[{"href":"https:\/\/der-goldene-fisch.de\/ping\/wp-json\/wp\/v2\/posts"}],"about":[{"href":"https:\/\/der-goldene-fisch.de\/ping\/wp-json\/wp\/v2\/types\/post"}],"author":[{"embeddable":true,"href":"https:\/\/der-goldene-fisch.de\/ping\/wp-json\/wp\/v2\/users\/10"}],"replies":[{"embeddable":true,"href":"https:\/\/der-goldene-fisch.de\/ping\/wp-json\/wp\/v2\/comments?post=9953"}],"version-history":[{"count":0,"href":"https:\/\/der-goldene-fisch.de\/ping\/wp-json\/wp\/v2\/posts\/9953\/revisions"}],"wp:attachment":[{"href":"https:\/\/der-goldene-fisch.de\/ping\/wp-json\/wp\/v2\/media?parent=9953"}],"wp:term":[{"taxonomy":"category","embeddable":true,"href":"https:\/\/der-goldene-fisch.de\/ping\/wp-json\/wp\/v2\/categories?post=9953"},{"taxonomy":"post_tag","embeddable":true,"href":"https:\/\/der-goldene-fisch.de\/ping\/wp-json\/wp\/v2\/tags?post=9953"}],"curies":[{"name":"wp","href":"https:\/\/api.w.org\/{rel}","templated":true}]}}